{"id":6393,"date":"2026-03-01T17:56:30","date_gmt":"2026-03-01T17:56:30","guid":{"rendered":"https:\/\/www.diario21.tv\/noticias\/conmovedor-bar-cierra-para-cubrir-de-besos-a-su-madre-mira-el-emotivo-cartel\/"},"modified":"2026-03-01T17:56:31","modified_gmt":"2026-03-01T17:56:31","slug":"conmovedor-bar-cierra-para-cubrir-de-besos-a-su-madre-mira-el-emotivo-cartel","status":"publish","type":"post","link":"https:\/\/www.diario21.tv\/noticias\/conmovedor-bar-cierra-para-cubrir-de-besos-a-su-madre-mira-el-emotivo-cartel\/","title":{"rendered":"\u00a1Conmovedor! Bar cierra para cubrir de besos a su madre, mira el emotivo cartel"},"content":{"rendered":"<h2>Un Cierre Conmovedor: Un Bar Pausa Sus Actividades para Dedicar Tiempo a la Madre del Propietario<\/h2>\n<p>En un gesto que ha tocado los corazones de muchos, un bar local ha colgado un cartel en su persiana anunciando un cierre temporal por una raz\u00f3n muy especial y emotiva. El motivo detr\u00e1s de esta pausa no es otro que dedicar tiempo para cuidar y mimar a la madre del due\u00f1o, demostrando la importancia de los lazos familiares y el amor filial.<\/p>\n<h3>La Raz\u00f3n Detr\u00e1s del Cierre<\/h3>\n<p>El propietario del establecimiento decidi\u00f3 poner un alto a las operaciones comerciales para concentrarse en su madre, quien aparentemente necesita atenci\u00f3n y cari\u00f1o en este momento de su vida. El cartel, simple pero profundamente emotivo, explica que el bar cerrar\u00e1 temporalmente &#8220;para llenar de besos&#8221; a la madre del due\u00f1o. Esta declaraci\u00f3n sincera ha resonado en la comunidad, generando muestras de apoyo y comprensi\u00f3n por parte de los clientes y vecinos.<\/p>\n<h3>Reacciones de la Comunidad<\/h3>\n<p>La noticia del cierre temporal del bar para que el propietario pueda cuidar de su madre ha sido recibida con calidez por parte de la comunidad local. En una \u00e9poca donde el ritmo acelerado de la vida a menudo nos hace olvidar lo que realmente importa, acciones como esta recuerdan a muchos las prioridades fundamentales de la vida, como la familia y el amor. La respuesta general ha sido de admiraci\u00f3n hacia el gesto del due\u00f1o del bar, con muchos expresando sus mejores deseos y esperanzas de que la madre se recupere pronto o disfrute de este tiempo especial con su hijo.<\/p>\n<h3>Impacto en el Negocio<\/h3>\n<p>Aunque cerrar un negocio, aunque sea temporalmente, siempre es una decisi\u00f3n dif\u00edcil que implica ciertos riesgos econ\u00f3micos, en este caso, la decisi\u00f3n parece haber fortalecido la relaci\u00f3n entre el establecimiento y sus clientes. La honestidad y la transparencia del propietario al compartir sus razones para el cierre han generado un respeto y una lealtad a\u00fan mayores entre su clientela, quienes parecen dispuestos a esperar pacientemente la reapertura y continuar apoyando el negocio en el futuro.<\/p>\n<h3>Un Ejemplo de Valores<\/h3>\n<p>Este evento subraya la importancia de los valores familiares y personales en el mundo de los negocios, donde a menudo se percibe que solo el \u00e9xito econ\u00f3mico es lo que cuenta. Al priorizar el bienestar de su madre sobre las operaciones del bar, el propietario ha demostrado que algunos valores trascienden el beneficio financiero. Este acto no solo refuerza los lazos familiares sino que tambi\u00e9n sirve como un poderoso recordatorio de que, en ocasiones, detenerse y reevaluar nuestras prioridades es esencial.<\/p>\n<h3>Conclusi\u00f3n<\/h3>\n<p>El emotivo cartel en la persiana del bar es un testimonio del amor de un hijo hacia su madre y de la comprensi\u00f3n y apoyo de una comunidad que valora profundamente los lazos humanos por encima del comercio. Esta historia nos recuerda que, m\u00e1s all\u00e1 del trabajo y las obligaciones diarias, las relaciones personales y el cuidado de nuestros seres queridos son aspectos cruciales de nuestras vidas que merecen ser atendidos con amor y dedicaci\u00f3n.<\/p>\n\n\n<div class=\"kk-star-ratings kksr-auto kksr-align-left kksr-valign-bottom\"\n    data-payload='{&quot;align&quot;:&quot;left&quot;,&quot;id&quot;:&quot;6393&quot;,&quot;slug&quot;:&quot;default&quot;,&quot;valign&quot;:&quot;bottom&quot;,&quot;ignore&quot;:&quot;&quot;,&quot;reference&quot;:&quot;auto&quot;,&quot;class&quot;:&quot;&quot;,&quot;count&quot;:&quot;0&quot;,&quot;legendonly&quot;:&quot;&quot;,&quot;readonly&quot;:&quot;&quot;,&quot;score&quot;:&quot;0&quot;,&quot;starsonly&quot;:&quot;&quot;,&quot;best&quot;:&quot;5&quot;,&quot;gap&quot;:&quot;5&quot;,&quot;greet&quot;:&quot;Valora este post&quot;,&quot;legend&quot;:&quot;0\\\/5 - (0 votes)&quot;,&quot;size&quot;:&quot;22&quot;,&quot;title&quot;:&quot;\u00a1Conmovedor! Bar cierra para cubrir de besos a su madre, mira el emotivo cartel&quot;,&quot;width&quot;:&quot;0&quot;,&quot;_legend&quot;:&quot;{score}\\\/{best} - ({count} {votes})&quot;,&quot;font_factor&quot;:&quot;1.25&quot;}'>\n            \n<div class=\"kksr-stars\">\n    \n<div class=\"kksr-stars-inactive\">\n            <div class=\"kksr-star\" data-star=\"1\" style=\"padding-right: 5px\">\n            \n\n<div class=\"kksr-icon\" style=\"width: 22px; height: 22px;\"><\/div>\n        <\/div>\n            <div class=\"kksr-star\" data-star=\"2\" style=\"padding-right: 5px\">\n            \n\n<div class=\"kksr-icon\" style=\"width: 22px; height: 22px;\"><\/div>\n        <\/div>\n            <div class=\"kksr-star\" data-star=\"3\" style=\"padding-right: 5px\">\n            \n\n<div class=\"kksr-icon\" style=\"width: 22px; height: 22px;\"><\/div>\n        <\/div>\n            <div class=\"kksr-star\" data-star=\"4\" style=\"padding-right: 5px\">\n            \n\n<div class=\"kksr-icon\" style=\"width: 22px; height: 22px;\"><\/div>\n        <\/div>\n            <div class=\"kksr-star\" data-star=\"5\" style=\"padding-right: 5px\">\n            \n\n<div class=\"kksr-icon\" style=\"width: 22px; height: 22px;\"><\/div>\n        <\/div>\n    <\/div>\n    \n<div class=\"kksr-stars-active\" style=\"width: 0px;\">\n            <div class=\"kksr-star\" style=\"padding-right: 5px\">\n            \n\n<div class=\"kksr-icon\" style=\"width: 22px; height: 22px;\"><\/div>\n        <\/div>\n            <div class=\"kksr-star\" style=\"padding-right: 5px\">\n            \n\n<div class=\"kksr-icon\" style=\"width: 22px; height: 22px;\"><\/div>\n        <\/div>\n            <div class=\"kksr-star\" style=\"padding-right: 5px\">\n            \n\n<div class=\"kksr-icon\" style=\"width: 22px; height: 22px;\"><\/div>\n        <\/div>\n            <div class=\"kksr-star\" style=\"padding-right: 5px\">\n            \n\n<div class=\"kksr-icon\" style=\"width: 22px; height: 22px;\"><\/div>\n        <\/div>\n            <div class=\"kksr-star\" style=\"padding-right: 5px\">\n            \n\n<div class=\"kksr-icon\" style=\"width: 22px; height: 22px;\"><\/div>\n        <\/div>\n    <\/div>\n<\/div>\n                \n\n<div class=\"kksr-legend\" style=\"font-size: 17.6px;\">\n            <span class=\"kksr-muted\">Valora este post<\/span>\n    <\/div>\n    <\/div>\n","protected":false},"excerpt":{"rendered":"<p>Un Cierre Conmovedor: Un Bar Pausa Sus Actividades para Dedicar Tiempo a la Madre del Propietario En un gesto que ha tocado los corazones de muchos, &#8230; <a title=\"\u00a1Conmovedor! Bar cierra para cubrir de besos a su madre, mira el emotivo cartel\" class=\"read-more\" href=\"https:\/\/www.diario21.tv\/noticias\/conmovedor-bar-cierra-para-cubrir-de-besos-a-su-madre-mira-el-emotivo-cartel\/\" aria-label=\"Leer m\u00e1s sobre \u00a1Conmovedor! Bar cierra para cubrir de besos a su madre, mira el emotivo cartel\">Seguir leyendo &rarr;<\/a><\/p>\n","protected":false},"author":20,"featured_media":6394,"comment_status":"open","ping_status":"open","sticky":false,"template":"","format":"standard","meta":{"footnotes":""},"categories":[13],"tags":[],"class_list":["post-6393","post","type-post","status-publish","format-standard","has-post-thumbnail","hentry","category-portada"],"yoast_head":"<!-- This site is optimized with the Yoast SEO plugin v25.6 - https:\/\/yoast.com\/wordpress\/plugins\/seo\/ -->\n<title>\u00a1Conmovedor! Bar cierra para cubrir de besos a su madre, mira el emotivo cartel - Diario 21<\/title>\n<meta name=\"robots\" content=\"index, follow, max-snippet:-1, max-image-preview:large, max-video-preview:-1\" \/>\n<link rel=\"canonical\" href=\"https:\/\/www.diario21.tv\/noticias\/conmovedor-bar-cierra-para-cubrir-de-besos-a-su-madre-mira-el-emotivo-cartel\/\" \/>\n<meta property=\"og:locale\" content=\"es_ES\" \/>\n<meta property=\"og:type\" content=\"article\" \/>\n<meta property=\"og:title\" content=\"\u00a1Conmovedor! Bar cierra para cubrir de besos a su madre, mira el emotivo cartel - Diario 21\" \/>\n<meta property=\"og:description\" content=\"Un Cierre Conmovedor: Un Bar Pausa Sus Actividades para Dedicar Tiempo a la Madre del Propietario En un gesto que ha tocado los corazones de muchos, ... Seguir leyendo &rarr;\" \/>\n<meta property=\"og:url\" content=\"https:\/\/www.diario21.tv\/noticias\/conmovedor-bar-cierra-para-cubrir-de-besos-a-su-madre-mira-el-emotivo-cartel\/\" \/>\n<meta property=\"og:site_name\" content=\"Diario 21\" \/>\n<meta property=\"article:published_time\" content=\"2026-03-01T17:56:30+00:00\" \/>\n<meta property=\"article:modified_time\" content=\"2026-03-01T17:56:31+00:00\" \/>\n<meta property=\"og:image\" content=\"https:\/\/www.diario21.tv\/noticias\/wp-content\/uploads\/2026\/03\/\u00a1Conmovedor-Bar-cierra-para-cubrir-de-besos-a-su-madre.jpg\" \/>\n\t<meta property=\"og:image:width\" content=\"1200\" \/>\n\t<meta property=\"og:image:height\" content=\"840\" \/>\n\t<meta property=\"og:image:type\" content=\"image\/jpeg\" \/>\n<meta name=\"author\" content=\"Juan P\u00e9rez\" \/>\n<meta name=\"twitter:card\" content=\"summary_large_image\" \/>\n<meta name=\"twitter:label1\" content=\"Escrito por\" \/>\n\t<meta name=\"twitter:data1\" content=\"Juan P\u00e9rez\" \/>\n\t<meta name=\"twitter:label2\" content=\"Tiempo de lectura\" \/>\n\t<meta name=\"twitter:data2\" content=\"3 minutos\" \/>\n<script type=\"application\/ld+json\" class=\"yoast-schema-graph\">{\"@context\":\"https:\/\/schema.org\",\"@graph\":[{\"@type\":\"WebPage\",\"@id\":\"https:\/\/www.diario21.tv\/noticias\/conmovedor-bar-cierra-para-cubrir-de-besos-a-su-madre-mira-el-emotivo-cartel\/\",\"url\":\"https:\/\/www.diario21.tv\/noticias\/conmovedor-bar-cierra-para-cubrir-de-besos-a-su-madre-mira-el-emotivo-cartel\/\",\"name\":\"\u00a1Conmovedor! Bar cierra para cubrir de besos a su madre, mira el emotivo cartel - Diario 21\",\"isPartOf\":{\"@id\":\"https:\/\/www.diario21.tv\/noticias\/#website\"},\"primaryImageOfPage\":{\"@id\":\"https:\/\/www.diario21.tv\/noticias\/conmovedor-bar-cierra-para-cubrir-de-besos-a-su-madre-mira-el-emotivo-cartel\/#primaryimage\"},\"image\":{\"@id\":\"https:\/\/www.diario21.tv\/noticias\/conmovedor-bar-cierra-para-cubrir-de-besos-a-su-madre-mira-el-emotivo-cartel\/#primaryimage\"},\"thumbnailUrl\":\"https:\/\/www.diario21.tv\/noticias\/wp-content\/uploads\/2026\/03\/\u00a1Conmovedor-Bar-cierra-para-cubrir-de-besos-a-su-madre.jpg\",\"datePublished\":\"2026-03-01T17:56:30+00:00\",\"dateModified\":\"2026-03-01T17:56:31+00:00\",\"author\":{\"@id\":\"https:\/\/www.diario21.tv\/noticias\/#\/schema\/person\/dfb778f73814d8f09f302618446a526b\"},\"breadcrumb\":{\"@id\":\"https:\/\/www.diario21.tv\/noticias\/conmovedor-bar-cierra-para-cubrir-de-besos-a-su-madre-mira-el-emotivo-cartel\/#breadcrumb\"},\"inLanguage\":\"es-AR\",\"potentialAction\":[{\"@type\":\"ReadAction\",\"target\":[\"https:\/\/www.diario21.tv\/noticias\/conmovedor-bar-cierra-para-cubrir-de-besos-a-su-madre-mira-el-emotivo-cartel\/\"]}]},{\"@type\":\"ImageObject\",\"inLanguage\":\"es-AR\",\"@id\":\"https:\/\/www.diario21.tv\/noticias\/conmovedor-bar-cierra-para-cubrir-de-besos-a-su-madre-mira-el-emotivo-cartel\/#primaryimage\",\"url\":\"https:\/\/www.diario21.tv\/noticias\/wp-content\/uploads\/2026\/03\/\u00a1Conmovedor-Bar-cierra-para-cubrir-de-besos-a-su-madre.jpg\",\"contentUrl\":\"https:\/\/www.diario21.tv\/noticias\/wp-content\/uploads\/2026\/03\/\u00a1Conmovedor-Bar-cierra-para-cubrir-de-besos-a-su-madre.jpg\",\"width\":1200,\"height\":840,\"caption\":\"Cierra \u00abpara llenar de besos\u00bb a su madre: el emotivo cartel que luce la persiana de este bar\"},{\"@type\":\"BreadcrumbList\",\"@id\":\"https:\/\/www.diario21.tv\/noticias\/conmovedor-bar-cierra-para-cubrir-de-besos-a-su-madre-mira-el-emotivo-cartel\/#breadcrumb\",\"itemListElement\":[{\"@type\":\"ListItem\",\"position\":1,\"name\":\"Accueil\",\"item\":\"https:\/\/www.diario21.tv\/noticias\/\"},{\"@type\":\"ListItem\",\"position\":2,\"name\":\"\u00a1Conmovedor! Bar cierra para cubrir de besos a su madre, mira el emotivo cartel\"}]},{\"@type\":\"WebSite\",\"@id\":\"https:\/\/www.diario21.tv\/noticias\/#website\",\"url\":\"https:\/\/www.diario21.tv\/noticias\/\",\"name\":\"Diario 21\",\"description\":\"\",\"potentialAction\":[{\"@type\":\"SearchAction\",\"target\":{\"@type\":\"EntryPoint\",\"urlTemplate\":\"https:\/\/www.diario21.tv\/noticias\/?s={search_term_string}\"},\"query-input\":{\"@type\":\"PropertyValueSpecification\",\"valueRequired\":true,\"valueName\":\"search_term_string\"}}],\"inLanguage\":\"es-AR\"},{\"@type\":\"Person\",\"@id\":\"https:\/\/www.diario21.tv\/noticias\/#\/schema\/person\/dfb778f73814d8f09f302618446a526b\",\"name\":\"Juan P\u00e9rez\",\"image\":{\"@type\":\"ImageObject\",\"inLanguage\":\"es-AR\",\"@id\":\"https:\/\/www.diario21.tv\/noticias\/#\/schema\/person\/image\/\",\"url\":\"https:\/\/secure.gravatar.com\/avatar\/c478a405bd10621167f4c3167cc770f5?s=96&d=mm&r=g\",\"contentUrl\":\"https:\/\/secure.gravatar.com\/avatar\/c478a405bd10621167f4c3167cc770f5?s=96&d=mm&r=g\",\"caption\":\"Juan P\u00e9rez\"},\"description\":\"Juan P\u00e9rez es el redactor en jefe de Diario 21. Con m\u00e1s de 10 a\u00f1os de experiencia en el periodismo, se especializa en pol\u00edtica nacional y an\u00e1lisis socioecon\u00f3mico. Su enfoque cr\u00edtico y riguroso aporta una perspectiva \u00fanica a cada art\u00edculo.\",\"sameAs\":[\"https:\/\/www.diario21.tv\/noticias\/\"],\"url\":\"https:\/\/www.diario21.tv\/noticias\/author\/juan-perez\/\"}]}<\/script>\n<!-- \/ Yoast SEO plugin. -->","yoast_head_json":{"title":"\u00a1Conmovedor! Bar cierra para cubrir de besos a su madre, mira el emotivo cartel - Diario 21","robots":{"index":"index","follow":"follow","max-snippet":"max-snippet:-1","max-image-preview":"max-image-preview:large","max-video-preview":"max-video-preview:-1"},"canonical":"https:\/\/www.diario21.tv\/noticias\/conmovedor-bar-cierra-para-cubrir-de-besos-a-su-madre-mira-el-emotivo-cartel\/","og_locale":"es_ES","og_type":"article","og_title":"\u00a1Conmovedor! Bar cierra para cubrir de besos a su madre, mira el emotivo cartel - Diario 21","og_description":"Un Cierre Conmovedor: Un Bar Pausa Sus Actividades para Dedicar Tiempo a la Madre del Propietario En un gesto que ha tocado los corazones de muchos, ... Seguir leyendo &rarr;","og_url":"https:\/\/www.diario21.tv\/noticias\/conmovedor-bar-cierra-para-cubrir-de-besos-a-su-madre-mira-el-emotivo-cartel\/","og_site_name":"Diario 21","article_published_time":"2026-03-01T17:56:30+00:00","article_modified_time":"2026-03-01T17:56:31+00:00","og_image":[{"width":1200,"height":840,"url":"https:\/\/www.diario21.tv\/noticias\/wp-content\/uploads\/2026\/03\/\u00a1Conmovedor-Bar-cierra-para-cubrir-de-besos-a-su-madre.jpg","type":"image\/jpeg"}],"author":"Juan P\u00e9rez","twitter_card":"summary_large_image","twitter_misc":{"Escrito por":"Juan P\u00e9rez","Tiempo de lectura":"3 minutos"},"schema":{"@context":"https:\/\/schema.org","@graph":[{"@type":"WebPage","@id":"https:\/\/www.diario21.tv\/noticias\/conmovedor-bar-cierra-para-cubrir-de-besos-a-su-madre-mira-el-emotivo-cartel\/","url":"https:\/\/www.diario21.tv\/noticias\/conmovedor-bar-cierra-para-cubrir-de-besos-a-su-madre-mira-el-emotivo-cartel\/","name":"\u00a1Conmovedor! Bar cierra para cubrir de besos a su madre, mira el emotivo cartel - Diario 21","isPartOf":{"@id":"https:\/\/www.diario21.tv\/noticias\/#website"},"primaryImageOfPage":{"@id":"https:\/\/www.diario21.tv\/noticias\/conmovedor-bar-cierra-para-cubrir-de-besos-a-su-madre-mira-el-emotivo-cartel\/#primaryimage"},"image":{"@id":"https:\/\/www.diario21.tv\/noticias\/conmovedor-bar-cierra-para-cubrir-de-besos-a-su-madre-mira-el-emotivo-cartel\/#primaryimage"},"thumbnailUrl":"https:\/\/www.diario21.tv\/noticias\/wp-content\/uploads\/2026\/03\/\u00a1Conmovedor-Bar-cierra-para-cubrir-de-besos-a-su-madre.jpg","datePublished":"2026-03-01T17:56:30+00:00","dateModified":"2026-03-01T17:56:31+00:00","author":{"@id":"https:\/\/www.diario21.tv\/noticias\/#\/schema\/person\/dfb778f73814d8f09f302618446a526b"},"breadcrumb":{"@id":"https:\/\/www.diario21.tv\/noticias\/conmovedor-bar-cierra-para-cubrir-de-besos-a-su-madre-mira-el-emotivo-cartel\/#breadcrumb"},"inLanguage":"es-AR","potentialAction":[{"@type":"ReadAction","target":["https:\/\/www.diario21.tv\/noticias\/conmovedor-bar-cierra-para-cubrir-de-besos-a-su-madre-mira-el-emotivo-cartel\/"]}]},{"@type":"ImageObject","inLanguage":"es-AR","@id":"https:\/\/www.diario21.tv\/noticias\/conmovedor-bar-cierra-para-cubrir-de-besos-a-su-madre-mira-el-emotivo-cartel\/#primaryimage","url":"https:\/\/www.diario21.tv\/noticias\/wp-content\/uploads\/2026\/03\/\u00a1Conmovedor-Bar-cierra-para-cubrir-de-besos-a-su-madre.jpg","contentUrl":"https:\/\/www.diario21.tv\/noticias\/wp-content\/uploads\/2026\/03\/\u00a1Conmovedor-Bar-cierra-para-cubrir-de-besos-a-su-madre.jpg","width":1200,"height":840,"caption":"Cierra \u00abpara llenar de besos\u00bb a su madre: el emotivo cartel que luce la persiana de este bar"},{"@type":"BreadcrumbList","@id":"https:\/\/www.diario21.tv\/noticias\/conmovedor-bar-cierra-para-cubrir-de-besos-a-su-madre-mira-el-emotivo-cartel\/#breadcrumb","itemListElement":[{"@type":"ListItem","position":1,"name":"Accueil","item":"https:\/\/www.diario21.tv\/noticias\/"},{"@type":"ListItem","position":2,"name":"\u00a1Conmovedor! Bar cierra para cubrir de besos a su madre, mira el emotivo cartel"}]},{"@type":"WebSite","@id":"https:\/\/www.diario21.tv\/noticias\/#website","url":"https:\/\/www.diario21.tv\/noticias\/","name":"Diario 21","description":"","potentialAction":[{"@type":"SearchAction","target":{"@type":"EntryPoint","urlTemplate":"https:\/\/www.diario21.tv\/noticias\/?s={search_term_string}"},"query-input":{"@type":"PropertyValueSpecification","valueRequired":true,"valueName":"search_term_string"}}],"inLanguage":"es-AR"},{"@type":"Person","@id":"https:\/\/www.diario21.tv\/noticias\/#\/schema\/person\/dfb778f73814d8f09f302618446a526b","name":"Juan P\u00e9rez","image":{"@type":"ImageObject","inLanguage":"es-AR","@id":"https:\/\/www.diario21.tv\/noticias\/#\/schema\/person\/image\/","url":"https:\/\/secure.gravatar.com\/avatar\/c478a405bd10621167f4c3167cc770f5?s=96&d=mm&r=g","contentUrl":"https:\/\/secure.gravatar.com\/avatar\/c478a405bd10621167f4c3167cc770f5?s=96&d=mm&r=g","caption":"Juan P\u00e9rez"},"description":"Juan P\u00e9rez es el redactor en jefe de Diario 21. Con m\u00e1s de 10 a\u00f1os de experiencia en el periodismo, se especializa en pol\u00edtica nacional y an\u00e1lisis socioecon\u00f3mico. Su enfoque cr\u00edtico y riguroso aporta una perspectiva \u00fanica a cada art\u00edculo.","sameAs":["https:\/\/www.diario21.tv\/noticias\/"],"url":"https:\/\/www.diario21.tv\/noticias\/author\/juan-perez\/"}]}},"_links":{"self":[{"href":"https:\/\/www.diario21.tv\/noticias\/wp-json\/wp\/v2\/posts\/6393"}],"collection":[{"href":"https:\/\/www.diario21.tv\/noticias\/wp-json\/wp\/v2\/posts"}],"about":[{"href":"https:\/\/www.diario21.tv\/noticias\/wp-json\/wp\/v2\/types\/post"}],"author":[{"embeddable":true,"href":"https:\/\/www.diario21.tv\/noticias\/wp-json\/wp\/v2\/users\/20"}],"replies":[{"embeddable":true,"href":"https:\/\/www.diario21.tv\/noticias\/wp-json\/wp\/v2\/comments?post=6393"}],"version-history":[{"count":1,"href":"https:\/\/www.diario21.tv\/noticias\/wp-json\/wp\/v2\/posts\/6393\/revisions"}],"predecessor-version":[{"id":6395,"href":"https:\/\/www.diario21.tv\/noticias\/wp-json\/wp\/v2\/posts\/6393\/revisions\/6395"}],"wp:featuredmedia":[{"embeddable":true,"href":"https:\/\/www.diario21.tv\/noticias\/wp-json\/wp\/v2\/media\/6394"}],"wp:attachment":[{"href":"https:\/\/www.diario21.tv\/noticias\/wp-json\/wp\/v2\/media?parent=6393"}],"wp:term":[{"taxonomy":"category","embeddable":true,"href":"https:\/\/www.diario21.tv\/noticias\/wp-json\/wp\/v2\/categories?post=6393"},{"taxonomy":"post_tag","embeddable":true,"href":"https:\/\/www.diario21.tv\/noticias\/wp-json\/wp\/v2\/tags?post=6393"}],"curies":[{"name":"wp","href":"https:\/\/api.w.org\/{rel}","templated":true}]}}