{"id":6360,"date":"2026-02-26T23:40:46","date_gmt":"2026-02-26T23:40:46","guid":{"rendered":"https:\/\/www.diario21.tv\/noticias\/detenido-en-valencia-graba-violacion-grupal-como-recuerdo-de-su-primera-vez\/"},"modified":"2026-02-26T23:40:48","modified_gmt":"2026-02-26T23:40:48","slug":"detenido-en-valencia-graba-violacion-grupal-como-recuerdo-de-su-primera-vez","status":"publish","type":"post","link":"https:\/\/www.diario21.tv\/noticias\/detenido-en-valencia-graba-violacion-grupal-como-recuerdo-de-su-primera-vez\/","title":{"rendered":"Detenido en Valencia graba violaci\u00f3n grupal como &#8220;recuerdo&#8221; de su primera vez"},"content":{"rendered":"<h2>Arrestado en Valencia Confiesa Haber Grabado Agresi\u00f3n Sexual Grupal Como &#8220;Recuerdo&#8221; de Su Primera Vez<\/h2>\n<p>Un joven detenido en relaci\u00f3n con un caso de violaci\u00f3n grupal en Valencia ha confesado durante su declaraci\u00f3n ante las autoridades que efectu\u00f3 la grabaci\u00f3n del acto como un &#8220;recuerdo&#8221; de su primera experiencia sexual. Este suceso, que ha conmocionado a la comunidad local, involucra a varios individuos acusados de participar en la agresi\u00f3n sexual de una mujer.<\/p>\n<h3>La Confesi\u00f3n del Detenido<\/h3>\n<p>El implicado, cuya identidad se mantiene en reserva debido a las leyes de protecci\u00f3n, admiti\u00f3 abiertamente ante la polic\u00eda que su intenci\u00f3n al grabar el acto era conservar un registro de c\u00f3mo perdi\u00f3 su virginidad. Esta perturbadora revelaci\u00f3n surgi\u00f3 durante las investigaciones realizadas por las autoridades locales, quienes est\u00e1n tratando de esclarecer todos los detalles relacionados con el incidente.<\/p>\n<h3>Detalles del Caso<\/h3>\n<p>El caso se destap\u00f3 cuando la v\u00edctima, cuya identidad tambi\u00e9n se ha mantenido en confidencialidad, present\u00f3 una denuncia alegando haber sido agredida sexualmente por varios hombres. Tras la denuncia, la polic\u00eda inici\u00f3 una operaci\u00f3n que llev\u00f3 al arresto de los sospechosos, incluido el joven que grab\u00f3 la agresi\u00f3n.<\/p>\n<p>Durante los interrogatorios, los investigadores pudieron obtener informaci\u00f3n crucial que vincula a los detenidos con el delito. Adem\u00e1s, el video grabado por el acusado se ha convertido en una pieza clave de evidencia en el proceso judicial en curso.<\/p>\n<h3>Reacciones y Consecuencias<\/h3>\n<p>La comunidad de Valencia ha reaccionado con indignaci\u00f3n y consternaci\u00f3n ante el suceso. Activistas y grupos defensores de los derechos humanos han convocado a manifestaciones para exigir justicia y medidas m\u00e1s severas contra la violencia sexual. Este caso ha reavivado el debate sobre la seguridad y la protecci\u00f3n de las mujeres en la regi\u00f3n.<\/p>\n<p>Las autoridades han prometido llevar a cabo una investigaci\u00f3n exhaustiva y asegurar que todos los involucrados sean juzgados con el m\u00e1ximo rigor de la ley. Mientras tanto, el sistema judicial se prepara para afrontar un caso que ha capturado la atenci\u00f3n p\u00fablica y generado un clamor general por reformas en las pol\u00edticas de protecci\u00f3n a las v\u00edctimas de agresiones sexuales.<\/p>\n\n\n<div class=\"kk-star-ratings kksr-auto kksr-align-left kksr-valign-bottom\"\n    data-payload='{&quot;align&quot;:&quot;left&quot;,&quot;id&quot;:&quot;6360&quot;,&quot;slug&quot;:&quot;default&quot;,&quot;valign&quot;:&quot;bottom&quot;,&quot;ignore&quot;:&quot;&quot;,&quot;reference&quot;:&quot;auto&quot;,&quot;class&quot;:&quot;&quot;,&quot;count&quot;:&quot;0&quot;,&quot;legendonly&quot;:&quot;&quot;,&quot;readonly&quot;:&quot;&quot;,&quot;score&quot;:&quot;0&quot;,&quot;starsonly&quot;:&quot;&quot;,&quot;best&quot;:&quot;5&quot;,&quot;gap&quot;:&quot;5&quot;,&quot;greet&quot;:&quot;Valora este post&quot;,&quot;legend&quot;:&quot;0\\\/5 - (0 votes)&quot;,&quot;size&quot;:&quot;22&quot;,&quot;title&quot;:&quot;Detenido en Valencia graba violaci\u00f3n grupal como \\u0026quot;recuerdo\\u0026quot; de su primera vez&quot;,&quot;width&quot;:&quot;0&quot;,&quot;_legend&quot;:&quot;{score}\\\/{best} - ({count} {votes})&quot;,&quot;font_factor&quot;:&quot;1.25&quot;}'>\n            \n<div class=\"kksr-stars\">\n    \n<div class=\"kksr-stars-inactive\">\n            <div class=\"kksr-star\" data-star=\"1\" style=\"padding-right: 5px\">\n            \n\n<div class=\"kksr-icon\" style=\"width: 22px; height: 22px;\"><\/div>\n        <\/div>\n            <div class=\"kksr-star\" data-star=\"2\" style=\"padding-right: 5px\">\n            \n\n<div class=\"kksr-icon\" style=\"width: 22px; height: 22px;\"><\/div>\n        <\/div>\n            <div class=\"kksr-star\" data-star=\"3\" style=\"padding-right: 5px\">\n            \n\n<div class=\"kksr-icon\" style=\"width: 22px; height: 22px;\"><\/div>\n        <\/div>\n            <div class=\"kksr-star\" data-star=\"4\" style=\"padding-right: 5px\">\n            \n\n<div class=\"kksr-icon\" style=\"width: 22px; height: 22px;\"><\/div>\n        <\/div>\n            <div class=\"kksr-star\" data-star=\"5\" style=\"padding-right: 5px\">\n            \n\n<div class=\"kksr-icon\" style=\"width: 22px; height: 22px;\"><\/div>\n        <\/div>\n    <\/div>\n    \n<div class=\"kksr-stars-active\" style=\"width: 0px;\">\n            <div class=\"kksr-star\" style=\"padding-right: 5px\">\n            \n\n<div class=\"kksr-icon\" style=\"width: 22px; height: 22px;\"><\/div>\n        <\/div>\n            <div class=\"kksr-star\" style=\"padding-right: 5px\">\n            \n\n<div class=\"kksr-icon\" style=\"width: 22px; height: 22px;\"><\/div>\n        <\/div>\n            <div class=\"kksr-star\" style=\"padding-right: 5px\">\n            \n\n<div class=\"kksr-icon\" style=\"width: 22px; height: 22px;\"><\/div>\n        <\/div>\n            <div class=\"kksr-star\" style=\"padding-right: 5px\">\n            \n\n<div class=\"kksr-icon\" style=\"width: 22px; height: 22px;\"><\/div>\n        <\/div>\n            <div class=\"kksr-star\" style=\"padding-right: 5px\">\n            \n\n<div class=\"kksr-icon\" style=\"width: 22px; height: 22px;\"><\/div>\n        <\/div>\n    <\/div>\n<\/div>\n                \n\n<div class=\"kksr-legend\" style=\"font-size: 17.6px;\">\n            <span class=\"kksr-muted\">Valora este post<\/span>\n    <\/div>\n    <\/div>\n","protected":false},"excerpt":{"rendered":"<p>Arrestado en Valencia Confiesa Haber Grabado Agresi\u00f3n Sexual Grupal Como &#8220;Recuerdo&#8221; de Su Primera Vez Un joven detenido en relaci\u00f3n con un caso de violaci\u00f3n grupal &#8230; <a title=\"Detenido en Valencia graba violaci\u00f3n grupal como &#8220;recuerdo&#8221; de su primera vez\" class=\"read-more\" href=\"https:\/\/www.diario21.tv\/noticias\/detenido-en-valencia-graba-violacion-grupal-como-recuerdo-de-su-primera-vez\/\" aria-label=\"Leer m\u00e1s sobre Detenido en Valencia graba violaci\u00f3n grupal como &#8220;recuerdo&#8221; de su primera vez\">Seguir leyendo &rarr;<\/a><\/p>\n","protected":false},"author":20,"featured_media":6361,"comment_status":"open","ping_status":"open","sticky":false,"template":"","format":"standard","meta":{"footnotes":""},"categories":[13],"tags":[],"class_list":["post-6360","post","type-post","status-publish","format-standard","has-post-thumbnail","hentry","category-portada"],"yoast_head":"<!-- This site is optimized with the Yoast SEO plugin v25.6 - https:\/\/yoast.com\/wordpress\/plugins\/seo\/ -->\n<title>Detenido en Valencia graba violaci\u00f3n grupal como &quot;recuerdo&quot; de su primera vez - Diario 21<\/title>\n<meta name=\"robots\" content=\"index, follow, max-snippet:-1, max-image-preview:large, max-video-preview:-1\" \/>\n<link rel=\"canonical\" href=\"https:\/\/www.diario21.tv\/noticias\/detenido-en-valencia-graba-violacion-grupal-como-recuerdo-de-su-primera-vez\/\" \/>\n<meta property=\"og:locale\" content=\"es_ES\" \/>\n<meta property=\"og:type\" content=\"article\" \/>\n<meta property=\"og:title\" content=\"Detenido en Valencia graba violaci\u00f3n grupal como &quot;recuerdo&quot; de su primera vez - Diario 21\" \/>\n<meta property=\"og:description\" content=\"Arrestado en Valencia Confiesa Haber Grabado Agresi\u00f3n Sexual Grupal Como &#8220;Recuerdo&#8221; de Su Primera Vez Un joven detenido en relaci\u00f3n con un caso de violaci\u00f3n grupal ... Seguir leyendo &rarr;\" \/>\n<meta property=\"og:url\" content=\"https:\/\/www.diario21.tv\/noticias\/detenido-en-valencia-graba-violacion-grupal-como-recuerdo-de-su-primera-vez\/\" \/>\n<meta property=\"og:site_name\" content=\"Diario 21\" \/>\n<meta property=\"article:published_time\" content=\"2026-02-26T23:40:46+00:00\" \/>\n<meta property=\"article:modified_time\" content=\"2026-02-26T23:40:48+00:00\" \/>\n<meta property=\"og:image\" content=\"https:\/\/www.diario21.tv\/noticias\/wp-content\/uploads\/2026\/02\/Detenido-en-Valencia-graba-violacion-grupal-como-recuerdo-de-su.jpg\" \/>\n\t<meta property=\"og:image:width\" content=\"1200\" \/>\n\t<meta property=\"og:image:height\" content=\"840\" \/>\n\t<meta property=\"og:image:type\" content=\"image\/jpeg\" \/>\n<meta name=\"author\" content=\"Juan P\u00e9rez\" \/>\n<meta name=\"twitter:card\" content=\"summary_large_image\" \/>\n<meta name=\"twitter:label1\" content=\"Escrito por\" \/>\n\t<meta name=\"twitter:data1\" content=\"Juan P\u00e9rez\" \/>\n\t<meta name=\"twitter:label2\" content=\"Tiempo de lectura\" \/>\n\t<meta name=\"twitter:data2\" content=\"2 minutos\" \/>\n<script type=\"application\/ld+json\" class=\"yoast-schema-graph\">{\"@context\":\"https:\/\/schema.org\",\"@graph\":[{\"@type\":\"WebPage\",\"@id\":\"https:\/\/www.diario21.tv\/noticias\/detenido-en-valencia-graba-violacion-grupal-como-recuerdo-de-su-primera-vez\/\",\"url\":\"https:\/\/www.diario21.tv\/noticias\/detenido-en-valencia-graba-violacion-grupal-como-recuerdo-de-su-primera-vez\/\",\"name\":\"Detenido en Valencia graba violaci\u00f3n grupal como \\\"recuerdo\\\" de su primera vez - Diario 21\",\"isPartOf\":{\"@id\":\"https:\/\/www.diario21.tv\/noticias\/#website\"},\"primaryImageOfPage\":{\"@id\":\"https:\/\/www.diario21.tv\/noticias\/detenido-en-valencia-graba-violacion-grupal-como-recuerdo-de-su-primera-vez\/#primaryimage\"},\"image\":{\"@id\":\"https:\/\/www.diario21.tv\/noticias\/detenido-en-valencia-graba-violacion-grupal-como-recuerdo-de-su-primera-vez\/#primaryimage\"},\"thumbnailUrl\":\"https:\/\/www.diario21.tv\/noticias\/wp-content\/uploads\/2026\/02\/Detenido-en-Valencia-graba-violacion-grupal-como-recuerdo-de-su.jpg\",\"datePublished\":\"2026-02-26T23:40:46+00:00\",\"dateModified\":\"2026-02-26T23:40:48+00:00\",\"author\":{\"@id\":\"https:\/\/www.diario21.tv\/noticias\/#\/schema\/person\/dfb778f73814d8f09f302618446a526b\"},\"breadcrumb\":{\"@id\":\"https:\/\/www.diario21.tv\/noticias\/detenido-en-valencia-graba-violacion-grupal-como-recuerdo-de-su-primera-vez\/#breadcrumb\"},\"inLanguage\":\"es-AR\",\"potentialAction\":[{\"@type\":\"ReadAction\",\"target\":[\"https:\/\/www.diario21.tv\/noticias\/detenido-en-valencia-graba-violacion-grupal-como-recuerdo-de-su-primera-vez\/\"]}]},{\"@type\":\"ImageObject\",\"inLanguage\":\"es-AR\",\"@id\":\"https:\/\/www.diario21.tv\/noticias\/detenido-en-valencia-graba-violacion-grupal-como-recuerdo-de-su-primera-vez\/#primaryimage\",\"url\":\"https:\/\/www.diario21.tv\/noticias\/wp-content\/uploads\/2026\/02\/Detenido-en-Valencia-graba-violacion-grupal-como-recuerdo-de-su.jpg\",\"contentUrl\":\"https:\/\/www.diario21.tv\/noticias\/wp-content\/uploads\/2026\/02\/Detenido-en-Valencia-graba-violacion-grupal-como-recuerdo-de-su.jpg\",\"width\":1200,\"height\":840,\"caption\":\"Un detenido por la violaci\u00f3n grupal en Valencia admite que lo grab\u00f3 para tener un \u00abrecuerdo\u00bb de c\u00f3mo perdi\u00f3 la virginidad\"},{\"@type\":\"BreadcrumbList\",\"@id\":\"https:\/\/www.diario21.tv\/noticias\/detenido-en-valencia-graba-violacion-grupal-como-recuerdo-de-su-primera-vez\/#breadcrumb\",\"itemListElement\":[{\"@type\":\"ListItem\",\"position\":1,\"name\":\"Accueil\",\"item\":\"https:\/\/www.diario21.tv\/noticias\/\"},{\"@type\":\"ListItem\",\"position\":2,\"name\":\"Detenido en Valencia graba violaci\u00f3n grupal como &#8220;recuerdo&#8221; de su primera vez\"}]},{\"@type\":\"WebSite\",\"@id\":\"https:\/\/www.diario21.tv\/noticias\/#website\",\"url\":\"https:\/\/www.diario21.tv\/noticias\/\",\"name\":\"Diario 21\",\"description\":\"\",\"potentialAction\":[{\"@type\":\"SearchAction\",\"target\":{\"@type\":\"EntryPoint\",\"urlTemplate\":\"https:\/\/www.diario21.tv\/noticias\/?s={search_term_string}\"},\"query-input\":{\"@type\":\"PropertyValueSpecification\",\"valueRequired\":true,\"valueName\":\"search_term_string\"}}],\"inLanguage\":\"es-AR\"},{\"@type\":\"Person\",\"@id\":\"https:\/\/www.diario21.tv\/noticias\/#\/schema\/person\/dfb778f73814d8f09f302618446a526b\",\"name\":\"Juan P\u00e9rez\",\"image\":{\"@type\":\"ImageObject\",\"inLanguage\":\"es-AR\",\"@id\":\"https:\/\/www.diario21.tv\/noticias\/#\/schema\/person\/image\/\",\"url\":\"https:\/\/secure.gravatar.com\/avatar\/c478a405bd10621167f4c3167cc770f5?s=96&d=mm&r=g\",\"contentUrl\":\"https:\/\/secure.gravatar.com\/avatar\/c478a405bd10621167f4c3167cc770f5?s=96&d=mm&r=g\",\"caption\":\"Juan P\u00e9rez\"},\"description\":\"Juan P\u00e9rez es el redactor en jefe de Diario 21. Con m\u00e1s de 10 a\u00f1os de experiencia en el periodismo, se especializa en pol\u00edtica nacional y an\u00e1lisis socioecon\u00f3mico. Su enfoque cr\u00edtico y riguroso aporta una perspectiva \u00fanica a cada art\u00edculo.\",\"sameAs\":[\"https:\/\/www.diario21.tv\/noticias\/\"],\"url\":\"https:\/\/www.diario21.tv\/noticias\/author\/juan-perez\/\"}]}<\/script>\n<!-- \/ Yoast SEO plugin. -->","yoast_head_json":{"title":"Detenido en Valencia graba violaci\u00f3n grupal como \"recuerdo\" de su primera vez - Diario 21","robots":{"index":"index","follow":"follow","max-snippet":"max-snippet:-1","max-image-preview":"max-image-preview:large","max-video-preview":"max-video-preview:-1"},"canonical":"https:\/\/www.diario21.tv\/noticias\/detenido-en-valencia-graba-violacion-grupal-como-recuerdo-de-su-primera-vez\/","og_locale":"es_ES","og_type":"article","og_title":"Detenido en Valencia graba violaci\u00f3n grupal como \"recuerdo\" de su primera vez - Diario 21","og_description":"Arrestado en Valencia Confiesa Haber Grabado Agresi\u00f3n Sexual Grupal Como &#8220;Recuerdo&#8221; de Su Primera Vez Un joven detenido en relaci\u00f3n con un caso de violaci\u00f3n grupal ... Seguir leyendo &rarr;","og_url":"https:\/\/www.diario21.tv\/noticias\/detenido-en-valencia-graba-violacion-grupal-como-recuerdo-de-su-primera-vez\/","og_site_name":"Diario 21","article_published_time":"2026-02-26T23:40:46+00:00","article_modified_time":"2026-02-26T23:40:48+00:00","og_image":[{"width":1200,"height":840,"url":"https:\/\/www.diario21.tv\/noticias\/wp-content\/uploads\/2026\/02\/Detenido-en-Valencia-graba-violacion-grupal-como-recuerdo-de-su.jpg","type":"image\/jpeg"}],"author":"Juan P\u00e9rez","twitter_card":"summary_large_image","twitter_misc":{"Escrito por":"Juan P\u00e9rez","Tiempo de lectura":"2 minutos"},"schema":{"@context":"https:\/\/schema.org","@graph":[{"@type":"WebPage","@id":"https:\/\/www.diario21.tv\/noticias\/detenido-en-valencia-graba-violacion-grupal-como-recuerdo-de-su-primera-vez\/","url":"https:\/\/www.diario21.tv\/noticias\/detenido-en-valencia-graba-violacion-grupal-como-recuerdo-de-su-primera-vez\/","name":"Detenido en Valencia graba violaci\u00f3n grupal como \"recuerdo\" de su primera vez - Diario 21","isPartOf":{"@id":"https:\/\/www.diario21.tv\/noticias\/#website"},"primaryImageOfPage":{"@id":"https:\/\/www.diario21.tv\/noticias\/detenido-en-valencia-graba-violacion-grupal-como-recuerdo-de-su-primera-vez\/#primaryimage"},"image":{"@id":"https:\/\/www.diario21.tv\/noticias\/detenido-en-valencia-graba-violacion-grupal-como-recuerdo-de-su-primera-vez\/#primaryimage"},"thumbnailUrl":"https:\/\/www.diario21.tv\/noticias\/wp-content\/uploads\/2026\/02\/Detenido-en-Valencia-graba-violacion-grupal-como-recuerdo-de-su.jpg","datePublished":"2026-02-26T23:40:46+00:00","dateModified":"2026-02-26T23:40:48+00:00","author":{"@id":"https:\/\/www.diario21.tv\/noticias\/#\/schema\/person\/dfb778f73814d8f09f302618446a526b"},"breadcrumb":{"@id":"https:\/\/www.diario21.tv\/noticias\/detenido-en-valencia-graba-violacion-grupal-como-recuerdo-de-su-primera-vez\/#breadcrumb"},"inLanguage":"es-AR","potentialAction":[{"@type":"ReadAction","target":["https:\/\/www.diario21.tv\/noticias\/detenido-en-valencia-graba-violacion-grupal-como-recuerdo-de-su-primera-vez\/"]}]},{"@type":"ImageObject","inLanguage":"es-AR","@id":"https:\/\/www.diario21.tv\/noticias\/detenido-en-valencia-graba-violacion-grupal-como-recuerdo-de-su-primera-vez\/#primaryimage","url":"https:\/\/www.diario21.tv\/noticias\/wp-content\/uploads\/2026\/02\/Detenido-en-Valencia-graba-violacion-grupal-como-recuerdo-de-su.jpg","contentUrl":"https:\/\/www.diario21.tv\/noticias\/wp-content\/uploads\/2026\/02\/Detenido-en-Valencia-graba-violacion-grupal-como-recuerdo-de-su.jpg","width":1200,"height":840,"caption":"Un detenido por la violaci\u00f3n grupal en Valencia admite que lo grab\u00f3 para tener un \u00abrecuerdo\u00bb de c\u00f3mo perdi\u00f3 la virginidad"},{"@type":"BreadcrumbList","@id":"https:\/\/www.diario21.tv\/noticias\/detenido-en-valencia-graba-violacion-grupal-como-recuerdo-de-su-primera-vez\/#breadcrumb","itemListElement":[{"@type":"ListItem","position":1,"name":"Accueil","item":"https:\/\/www.diario21.tv\/noticias\/"},{"@type":"ListItem","position":2,"name":"Detenido en Valencia graba violaci\u00f3n grupal como &#8220;recuerdo&#8221; de su primera vez"}]},{"@type":"WebSite","@id":"https:\/\/www.diario21.tv\/noticias\/#website","url":"https:\/\/www.diario21.tv\/noticias\/","name":"Diario 21","description":"","potentialAction":[{"@type":"SearchAction","target":{"@type":"EntryPoint","urlTemplate":"https:\/\/www.diario21.tv\/noticias\/?s={search_term_string}"},"query-input":{"@type":"PropertyValueSpecification","valueRequired":true,"valueName":"search_term_string"}}],"inLanguage":"es-AR"},{"@type":"Person","@id":"https:\/\/www.diario21.tv\/noticias\/#\/schema\/person\/dfb778f73814d8f09f302618446a526b","name":"Juan P\u00e9rez","image":{"@type":"ImageObject","inLanguage":"es-AR","@id":"https:\/\/www.diario21.tv\/noticias\/#\/schema\/person\/image\/","url":"https:\/\/secure.gravatar.com\/avatar\/c478a405bd10621167f4c3167cc770f5?s=96&d=mm&r=g","contentUrl":"https:\/\/secure.gravatar.com\/avatar\/c478a405bd10621167f4c3167cc770f5?s=96&d=mm&r=g","caption":"Juan P\u00e9rez"},"description":"Juan P\u00e9rez es el redactor en jefe de Diario 21. Con m\u00e1s de 10 a\u00f1os de experiencia en el periodismo, se especializa en pol\u00edtica nacional y an\u00e1lisis socioecon\u00f3mico. Su enfoque cr\u00edtico y riguroso aporta una perspectiva \u00fanica a cada art\u00edculo.","sameAs":["https:\/\/www.diario21.tv\/noticias\/"],"url":"https:\/\/www.diario21.tv\/noticias\/author\/juan-perez\/"}]}},"_links":{"self":[{"href":"https:\/\/www.diario21.tv\/noticias\/wp-json\/wp\/v2\/posts\/6360"}],"collection":[{"href":"https:\/\/www.diario21.tv\/noticias\/wp-json\/wp\/v2\/posts"}],"about":[{"href":"https:\/\/www.diario21.tv\/noticias\/wp-json\/wp\/v2\/types\/post"}],"author":[{"embeddable":true,"href":"https:\/\/www.diario21.tv\/noticias\/wp-json\/wp\/v2\/users\/20"}],"replies":[{"embeddable":true,"href":"https:\/\/www.diario21.tv\/noticias\/wp-json\/wp\/v2\/comments?post=6360"}],"version-history":[{"count":1,"href":"https:\/\/www.diario21.tv\/noticias\/wp-json\/wp\/v2\/posts\/6360\/revisions"}],"predecessor-version":[{"id":6362,"href":"https:\/\/www.diario21.tv\/noticias\/wp-json\/wp\/v2\/posts\/6360\/revisions\/6362"}],"wp:featuredmedia":[{"embeddable":true,"href":"https:\/\/www.diario21.tv\/noticias\/wp-json\/wp\/v2\/media\/6361"}],"wp:attachment":[{"href":"https:\/\/www.diario21.tv\/noticias\/wp-json\/wp\/v2\/media?parent=6360"}],"wp:term":[{"taxonomy":"category","embeddable":true,"href":"https:\/\/www.diario21.tv\/noticias\/wp-json\/wp\/v2\/categories?post=6360"},{"taxonomy":"post_tag","embeddable":true,"href":"https:\/\/www.diario21.tv\/noticias\/wp-json\/wp\/v2\/tags?post=6360"}],"curies":[{"name":"wp","href":"https:\/\/api.w.org\/{rel}","templated":true}]}}