{"id":6336,"date":"2026-02-24T17:27:38","date_gmt":"2026-02-24T17:27:38","guid":{"rendered":"https:\/\/www.diario21.tv\/noticias\/joven-apunala-a-su-abuelo-y-padre-en-palma-detalles-impactantes-del-suceso\/"},"modified":"2026-02-24T17:27:40","modified_gmt":"2026-02-24T17:27:40","slug":"joven-apunala-a-su-abuelo-y-padre-en-palma-detalles-impactantes-del-suceso","status":"publish","type":"post","link":"https:\/\/www.diario21.tv\/noticias\/joven-apunala-a-su-abuelo-y-padre-en-palma-detalles-impactantes-del-suceso\/","title":{"rendered":"Joven apu\u00f1ala a su abuelo y padre en Palma: \u00a1detalles impactantes del suceso!"},"content":{"rendered":"<h2>Arresto de un joven en Palma tras agredir a su padre y abuelo con arma blanca<\/h2>\n<p>En un preocupante suceso ocurrido en Palma, un joven ha sido detenido despu\u00e9s de haber atacado con un cuchillo a dos miembros de su familia, espec\u00edficamente a su padre y a su abuelo. Este violento incidente ha conmocionado a la comunidad local, poniendo de manifiesto una vez m\u00e1s los desaf\u00edos relacionados con la violencia dom\u00e9stica.<\/p>\n<h3>Detalles del incidente<\/h3>\n<p>El evento tuvo lugar en una vivienda familiar ubicada en Palma. Seg\u00fan los informes preliminares de las autoridades, el joven, cuya identidad no ha sido revelada, entr\u00f3 en un estado de agresividad y procedi\u00f3 a atacar a su padre y a su abuelo utilizando un cuchillo. Los motivos detr\u00e1s de este acto violento a\u00fan est\u00e1n siendo investigados por la polic\u00eda, que busca esclarecer las circunstancias que llevaron a tan lamentable evento.<\/p>\n<p>Las v\u00edctimas, el padre y el abuelo del agresor, sufrieron heridas de gravedad y fueron r\u00e1pidamente trasladados a un hospital cercano para recibir atenci\u00f3n m\u00e9dica urgente. Afortunadamente, seg\u00fan los \u00faltimos reportes, ambos se encuentran estables y est\u00e1n siendo atendidos por especialistas que se esfuerzan por garantizar su recuperaci\u00f3n.<\/p>\n<h3>Respuesta de las autoridades<\/h3>\n<p>Inmediatamente despu\u00e9s del ataque, las fuerzas de seguridad fueron alertadas y se presentaron en el lugar de los hechos. El joven fue detenido sin mayores incidentes y ahora se encuentra bajo custodia policial. Se ha iniciado una investigaci\u00f3n completa para entender las razones detr\u00e1s del comportamiento del joven y para determinar los pasos legales a seguir.<\/p>\n<p>Este caso ha resaltado la importancia de abordar las cuestiones de violencia familiar y de asegurar que se disponga de recursos adecuados para la prevenci\u00f3n de estos tr\u00e1gicos sucesos. Las autoridades est\u00e1n haciendo un llamado a la comunidad para que cualquier signo de violencia sea reportado inmediatamente, buscando as\u00ed prevenir futuras tragedias.<\/p>\n<h3>Reacciones de la comunidad<\/h3>\n<p>La comunidad de Palma ha reaccionado con shock y tristeza ante este suceso. Muchos residentes expresaron su preocupaci\u00f3n por el aumento de incidentes de violencia dom\u00e9stica y est\u00e1n pidiendo medidas m\u00e1s efectivas para proteger a las familias de este tipo de agresiones. Tambi\u00e9n se ha visto un incremento en el apoyo y solidaridad hacia las v\u00edctimas de violencia, con varios grupos comunitarios ofreciendo recursos y apoyo psicol\u00f3gico.<\/p>\n<p>Este incidente sirve como un doloroso recordatorio de los problemas de violencia que a\u00fan persisten en la sociedad y de la necesidad de trabajar conjuntamente para crear un ambiente m\u00e1s seguro para todos.<\/p>\n\n\n<div class=\"kk-star-ratings kksr-auto kksr-align-left kksr-valign-bottom\"\n    data-payload='{&quot;align&quot;:&quot;left&quot;,&quot;id&quot;:&quot;6336&quot;,&quot;slug&quot;:&quot;default&quot;,&quot;valign&quot;:&quot;bottom&quot;,&quot;ignore&quot;:&quot;&quot;,&quot;reference&quot;:&quot;auto&quot;,&quot;class&quot;:&quot;&quot;,&quot;count&quot;:&quot;0&quot;,&quot;legendonly&quot;:&quot;&quot;,&quot;readonly&quot;:&quot;&quot;,&quot;score&quot;:&quot;0&quot;,&quot;starsonly&quot;:&quot;&quot;,&quot;best&quot;:&quot;5&quot;,&quot;gap&quot;:&quot;5&quot;,&quot;greet&quot;:&quot;Valora este post&quot;,&quot;legend&quot;:&quot;0\\\/5 - (0 votes)&quot;,&quot;size&quot;:&quot;22&quot;,&quot;title&quot;:&quot;Joven apu\u00f1ala a su abuelo y padre en Palma: \u00a1detalles impactantes del suceso!&quot;,&quot;width&quot;:&quot;0&quot;,&quot;_legend&quot;:&quot;{score}\\\/{best} - ({count} {votes})&quot;,&quot;font_factor&quot;:&quot;1.25&quot;}'>\n            \n<div class=\"kksr-stars\">\n    \n<div class=\"kksr-stars-inactive\">\n            <div class=\"kksr-star\" data-star=\"1\" style=\"padding-right: 5px\">\n            \n\n<div class=\"kksr-icon\" style=\"width: 22px; height: 22px;\"><\/div>\n        <\/div>\n            <div class=\"kksr-star\" data-star=\"2\" style=\"padding-right: 5px\">\n            \n\n<div class=\"kksr-icon\" style=\"width: 22px; height: 22px;\"><\/div>\n        <\/div>\n            <div class=\"kksr-star\" data-star=\"3\" style=\"padding-right: 5px\">\n            \n\n<div class=\"kksr-icon\" style=\"width: 22px; height: 22px;\"><\/div>\n        <\/div>\n            <div class=\"kksr-star\" data-star=\"4\" style=\"padding-right: 5px\">\n            \n\n<div class=\"kksr-icon\" style=\"width: 22px; height: 22px;\"><\/div>\n        <\/div>\n            <div class=\"kksr-star\" data-star=\"5\" style=\"padding-right: 5px\">\n            \n\n<div class=\"kksr-icon\" style=\"width: 22px; height: 22px;\"><\/div>\n        <\/div>\n    <\/div>\n    \n<div class=\"kksr-stars-active\" style=\"width: 0px;\">\n            <div class=\"kksr-star\" style=\"padding-right: 5px\">\n            \n\n<div class=\"kksr-icon\" style=\"width: 22px; height: 22px;\"><\/div>\n        <\/div>\n            <div class=\"kksr-star\" style=\"padding-right: 5px\">\n            \n\n<div class=\"kksr-icon\" style=\"width: 22px; height: 22px;\"><\/div>\n        <\/div>\n            <div class=\"kksr-star\" style=\"padding-right: 5px\">\n            \n\n<div class=\"kksr-icon\" style=\"width: 22px; height: 22px;\"><\/div>\n        <\/div>\n            <div class=\"kksr-star\" style=\"padding-right: 5px\">\n            \n\n<div class=\"kksr-icon\" style=\"width: 22px; height: 22px;\"><\/div>\n        <\/div>\n            <div class=\"kksr-star\" style=\"padding-right: 5px\">\n            \n\n<div class=\"kksr-icon\" style=\"width: 22px; height: 22px;\"><\/div>\n        <\/div>\n    <\/div>\n<\/div>\n                \n\n<div class=\"kksr-legend\" style=\"font-size: 17.6px;\">\n            <span class=\"kksr-muted\">Valora este post<\/span>\n    <\/div>\n    <\/div>\n","protected":false},"excerpt":{"rendered":"<p>Arresto de un joven en Palma tras agredir a su padre y abuelo con arma blanca En un preocupante suceso ocurrido en Palma, un joven ha &#8230; <a title=\"Joven apu\u00f1ala a su abuelo y padre en Palma: \u00a1detalles impactantes del suceso!\" class=\"read-more\" href=\"https:\/\/www.diario21.tv\/noticias\/joven-apunala-a-su-abuelo-y-padre-en-palma-detalles-impactantes-del-suceso\/\" aria-label=\"Leer m\u00e1s sobre Joven apu\u00f1ala a su abuelo y padre en Palma: \u00a1detalles impactantes del suceso!\">Seguir leyendo &rarr;<\/a><\/p>\n","protected":false},"author":20,"featured_media":6337,"comment_status":"open","ping_status":"open","sticky":false,"template":"","format":"standard","meta":{"footnotes":""},"categories":[13],"tags":[],"class_list":["post-6336","post","type-post","status-publish","format-standard","has-post-thumbnail","hentry","category-portada"],"yoast_head":"<!-- This site is optimized with the Yoast SEO plugin v25.6 - https:\/\/yoast.com\/wordpress\/plugins\/seo\/ -->\n<title>Joven apu\u00f1ala a su abuelo y padre en Palma: \u00a1detalles impactantes del suceso! - Diario 21<\/title>\n<meta name=\"robots\" content=\"index, follow, max-snippet:-1, max-image-preview:large, max-video-preview:-1\" \/>\n<link rel=\"canonical\" href=\"https:\/\/www.diario21.tv\/noticias\/joven-apunala-a-su-abuelo-y-padre-en-palma-detalles-impactantes-del-suceso\/\" \/>\n<meta property=\"og:locale\" content=\"es_ES\" \/>\n<meta property=\"og:type\" content=\"article\" \/>\n<meta property=\"og:title\" content=\"Joven apu\u00f1ala a su abuelo y padre en Palma: \u00a1detalles impactantes del suceso! - Diario 21\" \/>\n<meta property=\"og:description\" content=\"Arresto de un joven en Palma tras agredir a su padre y abuelo con arma blanca En un preocupante suceso ocurrido en Palma, un joven ha ... Seguir leyendo &rarr;\" \/>\n<meta property=\"og:url\" content=\"https:\/\/www.diario21.tv\/noticias\/joven-apunala-a-su-abuelo-y-padre-en-palma-detalles-impactantes-del-suceso\/\" \/>\n<meta property=\"og:site_name\" content=\"Diario 21\" \/>\n<meta property=\"article:published_time\" content=\"2026-02-24T17:27:38+00:00\" \/>\n<meta property=\"article:modified_time\" content=\"2026-02-24T17:27:40+00:00\" \/>\n<meta property=\"og:image\" content=\"https:\/\/www.diario21.tv\/noticias\/wp-content\/uploads\/2026\/02\/Joven-apunala-a-su-abuelo-y-padre-en-Palma-\u00a1detalles.png\" \/>\n\t<meta property=\"og:image:width\" content=\"1200\" \/>\n\t<meta property=\"og:image:height\" content=\"840\" \/>\n\t<meta property=\"og:image:type\" content=\"image\/png\" \/>\n<meta name=\"author\" content=\"Juan P\u00e9rez\" \/>\n<meta name=\"twitter:card\" content=\"summary_large_image\" \/>\n<meta name=\"twitter:label1\" content=\"Escrito por\" \/>\n\t<meta name=\"twitter:data1\" content=\"Juan P\u00e9rez\" \/>\n\t<meta name=\"twitter:label2\" content=\"Tiempo de lectura\" \/>\n\t<meta name=\"twitter:data2\" content=\"2 minutos\" \/>\n<script type=\"application\/ld+json\" class=\"yoast-schema-graph\">{\"@context\":\"https:\/\/schema.org\",\"@graph\":[{\"@type\":\"WebPage\",\"@id\":\"https:\/\/www.diario21.tv\/noticias\/joven-apunala-a-su-abuelo-y-padre-en-palma-detalles-impactantes-del-suceso\/\",\"url\":\"https:\/\/www.diario21.tv\/noticias\/joven-apunala-a-su-abuelo-y-padre-en-palma-detalles-impactantes-del-suceso\/\",\"name\":\"Joven apu\u00f1ala a su abuelo y padre en Palma: \u00a1detalles impactantes del suceso! - Diario 21\",\"isPartOf\":{\"@id\":\"https:\/\/www.diario21.tv\/noticias\/#website\"},\"primaryImageOfPage\":{\"@id\":\"https:\/\/www.diario21.tv\/noticias\/joven-apunala-a-su-abuelo-y-padre-en-palma-detalles-impactantes-del-suceso\/#primaryimage\"},\"image\":{\"@id\":\"https:\/\/www.diario21.tv\/noticias\/joven-apunala-a-su-abuelo-y-padre-en-palma-detalles-impactantes-del-suceso\/#primaryimage\"},\"thumbnailUrl\":\"https:\/\/www.diario21.tv\/noticias\/wp-content\/uploads\/2026\/02\/Joven-apunala-a-su-abuelo-y-padre-en-Palma-\u00a1detalles.png\",\"datePublished\":\"2026-02-24T17:27:38+00:00\",\"dateModified\":\"2026-02-24T17:27:40+00:00\",\"author\":{\"@id\":\"https:\/\/www.diario21.tv\/noticias\/#\/schema\/person\/dfb778f73814d8f09f302618446a526b\"},\"breadcrumb\":{\"@id\":\"https:\/\/www.diario21.tv\/noticias\/joven-apunala-a-su-abuelo-y-padre-en-palma-detalles-impactantes-del-suceso\/#breadcrumb\"},\"inLanguage\":\"es-AR\",\"potentialAction\":[{\"@type\":\"ReadAction\",\"target\":[\"https:\/\/www.diario21.tv\/noticias\/joven-apunala-a-su-abuelo-y-padre-en-palma-detalles-impactantes-del-suceso\/\"]}]},{\"@type\":\"ImageObject\",\"inLanguage\":\"es-AR\",\"@id\":\"https:\/\/www.diario21.tv\/noticias\/joven-apunala-a-su-abuelo-y-padre-en-palma-detalles-impactantes-del-suceso\/#primaryimage\",\"url\":\"https:\/\/www.diario21.tv\/noticias\/wp-content\/uploads\/2026\/02\/Joven-apunala-a-su-abuelo-y-padre-en-Palma-\u00a1detalles.png\",\"contentUrl\":\"https:\/\/www.diario21.tv\/noticias\/wp-content\/uploads\/2026\/02\/Joven-apunala-a-su-abuelo-y-padre-en-Palma-\u00a1detalles.png\",\"width\":1200,\"height\":840,\"caption\":\"Detenido un joven por apu\u00f1alar con un cuchillo a su abuelo y a su padre en Palma\"},{\"@type\":\"BreadcrumbList\",\"@id\":\"https:\/\/www.diario21.tv\/noticias\/joven-apunala-a-su-abuelo-y-padre-en-palma-detalles-impactantes-del-suceso\/#breadcrumb\",\"itemListElement\":[{\"@type\":\"ListItem\",\"position\":1,\"name\":\"Accueil\",\"item\":\"https:\/\/www.diario21.tv\/noticias\/\"},{\"@type\":\"ListItem\",\"position\":2,\"name\":\"Joven apu\u00f1ala a su abuelo y padre en Palma: \u00a1detalles impactantes del suceso!\"}]},{\"@type\":\"WebSite\",\"@id\":\"https:\/\/www.diario21.tv\/noticias\/#website\",\"url\":\"https:\/\/www.diario21.tv\/noticias\/\",\"name\":\"Diario 21\",\"description\":\"\",\"potentialAction\":[{\"@type\":\"SearchAction\",\"target\":{\"@type\":\"EntryPoint\",\"urlTemplate\":\"https:\/\/www.diario21.tv\/noticias\/?s={search_term_string}\"},\"query-input\":{\"@type\":\"PropertyValueSpecification\",\"valueRequired\":true,\"valueName\":\"search_term_string\"}}],\"inLanguage\":\"es-AR\"},{\"@type\":\"Person\",\"@id\":\"https:\/\/www.diario21.tv\/noticias\/#\/schema\/person\/dfb778f73814d8f09f302618446a526b\",\"name\":\"Juan P\u00e9rez\",\"image\":{\"@type\":\"ImageObject\",\"inLanguage\":\"es-AR\",\"@id\":\"https:\/\/www.diario21.tv\/noticias\/#\/schema\/person\/image\/\",\"url\":\"https:\/\/secure.gravatar.com\/avatar\/c478a405bd10621167f4c3167cc770f5?s=96&d=mm&r=g\",\"contentUrl\":\"https:\/\/secure.gravatar.com\/avatar\/c478a405bd10621167f4c3167cc770f5?s=96&d=mm&r=g\",\"caption\":\"Juan P\u00e9rez\"},\"description\":\"Juan P\u00e9rez es el redactor en jefe de Diario 21. Con m\u00e1s de 10 a\u00f1os de experiencia en el periodismo, se especializa en pol\u00edtica nacional y an\u00e1lisis socioecon\u00f3mico. Su enfoque cr\u00edtico y riguroso aporta una perspectiva \u00fanica a cada art\u00edculo.\",\"sameAs\":[\"https:\/\/www.diario21.tv\/noticias\/\"],\"url\":\"https:\/\/www.diario21.tv\/noticias\/author\/juan-perez\/\"}]}<\/script>\n<!-- \/ Yoast SEO plugin. -->","yoast_head_json":{"title":"Joven apu\u00f1ala a su abuelo y padre en Palma: \u00a1detalles impactantes del suceso! - Diario 21","robots":{"index":"index","follow":"follow","max-snippet":"max-snippet:-1","max-image-preview":"max-image-preview:large","max-video-preview":"max-video-preview:-1"},"canonical":"https:\/\/www.diario21.tv\/noticias\/joven-apunala-a-su-abuelo-y-padre-en-palma-detalles-impactantes-del-suceso\/","og_locale":"es_ES","og_type":"article","og_title":"Joven apu\u00f1ala a su abuelo y padre en Palma: \u00a1detalles impactantes del suceso! - Diario 21","og_description":"Arresto de un joven en Palma tras agredir a su padre y abuelo con arma blanca En un preocupante suceso ocurrido en Palma, un joven ha ... Seguir leyendo &rarr;","og_url":"https:\/\/www.diario21.tv\/noticias\/joven-apunala-a-su-abuelo-y-padre-en-palma-detalles-impactantes-del-suceso\/","og_site_name":"Diario 21","article_published_time":"2026-02-24T17:27:38+00:00","article_modified_time":"2026-02-24T17:27:40+00:00","og_image":[{"width":1200,"height":840,"url":"https:\/\/www.diario21.tv\/noticias\/wp-content\/uploads\/2026\/02\/Joven-apunala-a-su-abuelo-y-padre-en-Palma-\u00a1detalles.png","type":"image\/png"}],"author":"Juan P\u00e9rez","twitter_card":"summary_large_image","twitter_misc":{"Escrito por":"Juan P\u00e9rez","Tiempo de lectura":"2 minutos"},"schema":{"@context":"https:\/\/schema.org","@graph":[{"@type":"WebPage","@id":"https:\/\/www.diario21.tv\/noticias\/joven-apunala-a-su-abuelo-y-padre-en-palma-detalles-impactantes-del-suceso\/","url":"https:\/\/www.diario21.tv\/noticias\/joven-apunala-a-su-abuelo-y-padre-en-palma-detalles-impactantes-del-suceso\/","name":"Joven apu\u00f1ala a su abuelo y padre en Palma: \u00a1detalles impactantes del suceso! - Diario 21","isPartOf":{"@id":"https:\/\/www.diario21.tv\/noticias\/#website"},"primaryImageOfPage":{"@id":"https:\/\/www.diario21.tv\/noticias\/joven-apunala-a-su-abuelo-y-padre-en-palma-detalles-impactantes-del-suceso\/#primaryimage"},"image":{"@id":"https:\/\/www.diario21.tv\/noticias\/joven-apunala-a-su-abuelo-y-padre-en-palma-detalles-impactantes-del-suceso\/#primaryimage"},"thumbnailUrl":"https:\/\/www.diario21.tv\/noticias\/wp-content\/uploads\/2026\/02\/Joven-apunala-a-su-abuelo-y-padre-en-Palma-\u00a1detalles.png","datePublished":"2026-02-24T17:27:38+00:00","dateModified":"2026-02-24T17:27:40+00:00","author":{"@id":"https:\/\/www.diario21.tv\/noticias\/#\/schema\/person\/dfb778f73814d8f09f302618446a526b"},"breadcrumb":{"@id":"https:\/\/www.diario21.tv\/noticias\/joven-apunala-a-su-abuelo-y-padre-en-palma-detalles-impactantes-del-suceso\/#breadcrumb"},"inLanguage":"es-AR","potentialAction":[{"@type":"ReadAction","target":["https:\/\/www.diario21.tv\/noticias\/joven-apunala-a-su-abuelo-y-padre-en-palma-detalles-impactantes-del-suceso\/"]}]},{"@type":"ImageObject","inLanguage":"es-AR","@id":"https:\/\/www.diario21.tv\/noticias\/joven-apunala-a-su-abuelo-y-padre-en-palma-detalles-impactantes-del-suceso\/#primaryimage","url":"https:\/\/www.diario21.tv\/noticias\/wp-content\/uploads\/2026\/02\/Joven-apunala-a-su-abuelo-y-padre-en-Palma-\u00a1detalles.png","contentUrl":"https:\/\/www.diario21.tv\/noticias\/wp-content\/uploads\/2026\/02\/Joven-apunala-a-su-abuelo-y-padre-en-Palma-\u00a1detalles.png","width":1200,"height":840,"caption":"Detenido un joven por apu\u00f1alar con un cuchillo a su abuelo y a su padre en Palma"},{"@type":"BreadcrumbList","@id":"https:\/\/www.diario21.tv\/noticias\/joven-apunala-a-su-abuelo-y-padre-en-palma-detalles-impactantes-del-suceso\/#breadcrumb","itemListElement":[{"@type":"ListItem","position":1,"name":"Accueil","item":"https:\/\/www.diario21.tv\/noticias\/"},{"@type":"ListItem","position":2,"name":"Joven apu\u00f1ala a su abuelo y padre en Palma: \u00a1detalles impactantes del suceso!"}]},{"@type":"WebSite","@id":"https:\/\/www.diario21.tv\/noticias\/#website","url":"https:\/\/www.diario21.tv\/noticias\/","name":"Diario 21","description":"","potentialAction":[{"@type":"SearchAction","target":{"@type":"EntryPoint","urlTemplate":"https:\/\/www.diario21.tv\/noticias\/?s={search_term_string}"},"query-input":{"@type":"PropertyValueSpecification","valueRequired":true,"valueName":"search_term_string"}}],"inLanguage":"es-AR"},{"@type":"Person","@id":"https:\/\/www.diario21.tv\/noticias\/#\/schema\/person\/dfb778f73814d8f09f302618446a526b","name":"Juan P\u00e9rez","image":{"@type":"ImageObject","inLanguage":"es-AR","@id":"https:\/\/www.diario21.tv\/noticias\/#\/schema\/person\/image\/","url":"https:\/\/secure.gravatar.com\/avatar\/c478a405bd10621167f4c3167cc770f5?s=96&d=mm&r=g","contentUrl":"https:\/\/secure.gravatar.com\/avatar\/c478a405bd10621167f4c3167cc770f5?s=96&d=mm&r=g","caption":"Juan P\u00e9rez"},"description":"Juan P\u00e9rez es el redactor en jefe de Diario 21. Con m\u00e1s de 10 a\u00f1os de experiencia en el periodismo, se especializa en pol\u00edtica nacional y an\u00e1lisis socioecon\u00f3mico. Su enfoque cr\u00edtico y riguroso aporta una perspectiva \u00fanica a cada art\u00edculo.","sameAs":["https:\/\/www.diario21.tv\/noticias\/"],"url":"https:\/\/www.diario21.tv\/noticias\/author\/juan-perez\/"}]}},"_links":{"self":[{"href":"https:\/\/www.diario21.tv\/noticias\/wp-json\/wp\/v2\/posts\/6336"}],"collection":[{"href":"https:\/\/www.diario21.tv\/noticias\/wp-json\/wp\/v2\/posts"}],"about":[{"href":"https:\/\/www.diario21.tv\/noticias\/wp-json\/wp\/v2\/types\/post"}],"author":[{"embeddable":true,"href":"https:\/\/www.diario21.tv\/noticias\/wp-json\/wp\/v2\/users\/20"}],"replies":[{"embeddable":true,"href":"https:\/\/www.diario21.tv\/noticias\/wp-json\/wp\/v2\/comments?post=6336"}],"version-history":[{"count":1,"href":"https:\/\/www.diario21.tv\/noticias\/wp-json\/wp\/v2\/posts\/6336\/revisions"}],"predecessor-version":[{"id":6338,"href":"https:\/\/www.diario21.tv\/noticias\/wp-json\/wp\/v2\/posts\/6336\/revisions\/6338"}],"wp:featuredmedia":[{"embeddable":true,"href":"https:\/\/www.diario21.tv\/noticias\/wp-json\/wp\/v2\/media\/6337"}],"wp:attachment":[{"href":"https:\/\/www.diario21.tv\/noticias\/wp-json\/wp\/v2\/media?parent=6336"}],"wp:term":[{"taxonomy":"category","embeddable":true,"href":"https:\/\/www.diario21.tv\/noticias\/wp-json\/wp\/v2\/categories?post=6336"},{"taxonomy":"post_tag","embeddable":true,"href":"https:\/\/www.diario21.tv\/noticias\/wp-json\/wp\/v2\/tags?post=6336"}],"curies":[{"name":"wp","href":"https:\/\/api.w.org\/{rel}","templated":true}]}}