{"id":6324,"date":"2026-02-23T17:21:51","date_gmt":"2026-02-23T17:21:51","guid":{"rendered":"https:\/\/www.diario21.tv\/noticias\/impactante-hombre-en-sarriguren-detenido-por-asesinar-a-su-esposa-y-herir-a-su-madre\/"},"modified":"2026-02-23T17:21:52","modified_gmt":"2026-02-23T17:21:52","slug":"impactante-hombre-en-sarriguren-detenido-por-asesinar-a-su-esposa-y-herir-a-su-madre","status":"publish","type":"post","link":"https:\/\/www.diario21.tv\/noticias\/impactante-hombre-en-sarriguren-detenido-por-asesinar-a-su-esposa-y-herir-a-su-madre\/","title":{"rendered":"\u00a1Impactante! Hombre en Sarriguren detenido por asesinar a su esposa y herir a su madre"},"content":{"rendered":"<h2>Arresto por Homicidio y Tentativa de Asesinato en Sarriguren<\/h2>\n<p>En un suceso alarmante en Sarriguren, Navarra, un hombre ha sido arrestado bajo la acusaci\u00f3n de haber acabado con la vida de su esposa y herir gravemente a su propia madre. La comunidad de Sarriguren se encuentra conmocionada ante este acto de violencia que rompe la tranquilidad habitual de esta localidad.<\/p>\n<h3>Detalles del Incidente<\/h3>\n<p>El tr\u00e1gico evento tuvo lugar en el domicilio familiar, donde seg\u00fan informes preliminares, tras una discusi\u00f3n, el hombre atac\u00f3 a las dos mujeres. La esposa del sospechoso fue encontrada sin vida por las autoridades, mientras que su madre fue trasladada de urgencia al hospital m\u00e1s cercano debido a las heridas recibidas, que se reportan como graves.<\/p>\n<h3>Respuesta de las Autoridades<\/h3>\n<p>La polic\u00eda lleg\u00f3 al lugar despu\u00e9s de recibir una llamada de emergencia alertando sobre el incidente. El presunto agresor fue detenido en la escena sin resistencia. Actualmente se encuentra bajo custodia policial, a la espera de m\u00e1s investigaciones y su eventual juicio.<\/p>\n<p>Este lamentable suceso ha causado una gran conmoci\u00f3n en la comunidad de Sarriguren, una zona que no es conocida por episodios de esta magnitud. Las autoridades han asegurado que est\u00e1n llevando a cabo una investigaci\u00f3n exhaustiva para esclarecer los detalles y motivaciones detr\u00e1s de este acto de violencia dom\u00e9stica.<\/p>\n<h3>Reacciones de la Comunidad<\/h3>\n<p>La comunidad de Sarriguren ha mostrado su consternaci\u00f3n y tristeza ante el suceso. Muchos vecinos han expresado su apoyo a la familia de las v\u00edctimas, organizando vigilias y ofreciendo ayuda como muestra de solidaridad. Este evento ha reavivado el debate sobre la violencia dom\u00e9stica y la necesidad de medidas m\u00e1s efectivas para su prevenci\u00f3n y tratamiento.<\/p>\n<h3>Pr\u00f3ximos Pasos en la Investigaci\u00f3n<\/h3>\n<p>La polic\u00eda contin\u00faa recolectando pruebas y testimonios para establecer la cronolog\u00eda exacta de los hechos y determinar las posibles causas que llevaron al acusado a cometer tan atroces actos. El caso sigue en desarrollo, y se espera que m\u00e1s detalles surjan a medida que avanza la investigaci\u00f3n.<\/p>\n<p>Este tr\u00e1gico incidente subraya la importancia de la vigilancia y la intervenci\u00f3n comunitaria en la prevenci\u00f3n de la violencia, y pone de relieve la necesidad de recursos y apoyo para las v\u00edctimas de violencia dom\u00e9stica.<\/p>\n\n\n<div class=\"kk-star-ratings kksr-auto kksr-align-left kksr-valign-bottom\"\n    data-payload='{&quot;align&quot;:&quot;left&quot;,&quot;id&quot;:&quot;6324&quot;,&quot;slug&quot;:&quot;default&quot;,&quot;valign&quot;:&quot;bottom&quot;,&quot;ignore&quot;:&quot;&quot;,&quot;reference&quot;:&quot;auto&quot;,&quot;class&quot;:&quot;&quot;,&quot;count&quot;:&quot;0&quot;,&quot;legendonly&quot;:&quot;&quot;,&quot;readonly&quot;:&quot;&quot;,&quot;score&quot;:&quot;0&quot;,&quot;starsonly&quot;:&quot;&quot;,&quot;best&quot;:&quot;5&quot;,&quot;gap&quot;:&quot;5&quot;,&quot;greet&quot;:&quot;Valora este post&quot;,&quot;legend&quot;:&quot;0\\\/5 - (0 votes)&quot;,&quot;size&quot;:&quot;22&quot;,&quot;title&quot;:&quot;\u00a1Impactante! Hombre en Sarriguren detenido por asesinar a su esposa y herir a su madre&quot;,&quot;width&quot;:&quot;0&quot;,&quot;_legend&quot;:&quot;{score}\\\/{best} - ({count} {votes})&quot;,&quot;font_factor&quot;:&quot;1.25&quot;}'>\n            \n<div class=\"kksr-stars\">\n    \n<div class=\"kksr-stars-inactive\">\n            <div class=\"kksr-star\" data-star=\"1\" style=\"padding-right: 5px\">\n            \n\n<div class=\"kksr-icon\" style=\"width: 22px; height: 22px;\"><\/div>\n        <\/div>\n            <div class=\"kksr-star\" data-star=\"2\" style=\"padding-right: 5px\">\n            \n\n<div class=\"kksr-icon\" style=\"width: 22px; height: 22px;\"><\/div>\n        <\/div>\n            <div class=\"kksr-star\" data-star=\"3\" style=\"padding-right: 5px\">\n            \n\n<div class=\"kksr-icon\" style=\"width: 22px; height: 22px;\"><\/div>\n        <\/div>\n            <div class=\"kksr-star\" data-star=\"4\" style=\"padding-right: 5px\">\n            \n\n<div class=\"kksr-icon\" style=\"width: 22px; height: 22px;\"><\/div>\n        <\/div>\n            <div class=\"kksr-star\" data-star=\"5\" style=\"padding-right: 5px\">\n            \n\n<div class=\"kksr-icon\" style=\"width: 22px; height: 22px;\"><\/div>\n        <\/div>\n    <\/div>\n    \n<div class=\"kksr-stars-active\" style=\"width: 0px;\">\n            <div class=\"kksr-star\" style=\"padding-right: 5px\">\n            \n\n<div class=\"kksr-icon\" style=\"width: 22px; height: 22px;\"><\/div>\n        <\/div>\n            <div class=\"kksr-star\" style=\"padding-right: 5px\">\n            \n\n<div class=\"kksr-icon\" style=\"width: 22px; height: 22px;\"><\/div>\n        <\/div>\n            <div class=\"kksr-star\" style=\"padding-right: 5px\">\n            \n\n<div class=\"kksr-icon\" style=\"width: 22px; height: 22px;\"><\/div>\n        <\/div>\n            <div class=\"kksr-star\" style=\"padding-right: 5px\">\n            \n\n<div class=\"kksr-icon\" style=\"width: 22px; height: 22px;\"><\/div>\n        <\/div>\n            <div class=\"kksr-star\" style=\"padding-right: 5px\">\n            \n\n<div class=\"kksr-icon\" style=\"width: 22px; height: 22px;\"><\/div>\n        <\/div>\n    <\/div>\n<\/div>\n                \n\n<div class=\"kksr-legend\" style=\"font-size: 17.6px;\">\n            <span class=\"kksr-muted\">Valora este post<\/span>\n    <\/div>\n    <\/div>\n","protected":false},"excerpt":{"rendered":"<p>Arresto por Homicidio y Tentativa de Asesinato en Sarriguren En un suceso alarmante en Sarriguren, Navarra, un hombre ha sido arrestado bajo la acusaci\u00f3n de haber &#8230; <a title=\"\u00a1Impactante! Hombre en Sarriguren detenido por asesinar a su esposa y herir a su madre\" class=\"read-more\" href=\"https:\/\/www.diario21.tv\/noticias\/impactante-hombre-en-sarriguren-detenido-por-asesinar-a-su-esposa-y-herir-a-su-madre\/\" aria-label=\"Leer m\u00e1s sobre \u00a1Impactante! Hombre en Sarriguren detenido por asesinar a su esposa y herir a su madre\">Seguir leyendo &rarr;<\/a><\/p>\n","protected":false},"author":20,"featured_media":6325,"comment_status":"open","ping_status":"open","sticky":false,"template":"","format":"standard","meta":{"footnotes":""},"categories":[13],"tags":[],"class_list":["post-6324","post","type-post","status-publish","format-standard","has-post-thumbnail","hentry","category-portada"],"yoast_head":"<!-- This site is optimized with the Yoast SEO plugin v25.6 - https:\/\/yoast.com\/wordpress\/plugins\/seo\/ -->\n<title>\u00a1Impactante! Hombre en Sarriguren detenido por asesinar a su esposa y herir a su madre - Diario 21<\/title>\n<meta name=\"robots\" content=\"index, follow, max-snippet:-1, max-image-preview:large, max-video-preview:-1\" \/>\n<link rel=\"canonical\" href=\"https:\/\/www.diario21.tv\/noticias\/impactante-hombre-en-sarriguren-detenido-por-asesinar-a-su-esposa-y-herir-a-su-madre\/\" \/>\n<meta property=\"og:locale\" content=\"es_ES\" \/>\n<meta property=\"og:type\" content=\"article\" \/>\n<meta property=\"og:title\" content=\"\u00a1Impactante! Hombre en Sarriguren detenido por asesinar a su esposa y herir a su madre - Diario 21\" \/>\n<meta property=\"og:description\" content=\"Arresto por Homicidio y Tentativa de Asesinato en Sarriguren En un suceso alarmante en Sarriguren, Navarra, un hombre ha sido arrestado bajo la acusaci\u00f3n de haber ... Seguir leyendo &rarr;\" \/>\n<meta property=\"og:url\" content=\"https:\/\/www.diario21.tv\/noticias\/impactante-hombre-en-sarriguren-detenido-por-asesinar-a-su-esposa-y-herir-a-su-madre\/\" \/>\n<meta property=\"og:site_name\" content=\"Diario 21\" \/>\n<meta property=\"article:published_time\" content=\"2026-02-23T17:21:51+00:00\" \/>\n<meta property=\"article:modified_time\" content=\"2026-02-23T17:21:52+00:00\" \/>\n<meta property=\"og:image\" content=\"https:\/\/www.diario21.tv\/noticias\/wp-content\/uploads\/2026\/02\/\u00a1Impactante-Hombre-en-Sarriguren-detenido-por-asesinar-a-su-esposa.jpg\" \/>\n\t<meta property=\"og:image:width\" content=\"1200\" \/>\n\t<meta property=\"og:image:height\" content=\"840\" \/>\n\t<meta property=\"og:image:type\" content=\"image\/jpeg\" \/>\n<meta name=\"author\" content=\"Juan P\u00e9rez\" \/>\n<meta name=\"twitter:card\" content=\"summary_large_image\" \/>\n<meta name=\"twitter:label1\" content=\"Escrito por\" \/>\n\t<meta name=\"twitter:data1\" content=\"Juan P\u00e9rez\" \/>\n\t<meta name=\"twitter:label2\" content=\"Tiempo de lectura\" \/>\n\t<meta name=\"twitter:data2\" content=\"2 minutos\" \/>\n<script type=\"application\/ld+json\" class=\"yoast-schema-graph\">{\"@context\":\"https:\/\/schema.org\",\"@graph\":[{\"@type\":\"WebPage\",\"@id\":\"https:\/\/www.diario21.tv\/noticias\/impactante-hombre-en-sarriguren-detenido-por-asesinar-a-su-esposa-y-herir-a-su-madre\/\",\"url\":\"https:\/\/www.diario21.tv\/noticias\/impactante-hombre-en-sarriguren-detenido-por-asesinar-a-su-esposa-y-herir-a-su-madre\/\",\"name\":\"\u00a1Impactante! Hombre en Sarriguren detenido por asesinar a su esposa y herir a su madre - Diario 21\",\"isPartOf\":{\"@id\":\"https:\/\/www.diario21.tv\/noticias\/#website\"},\"primaryImageOfPage\":{\"@id\":\"https:\/\/www.diario21.tv\/noticias\/impactante-hombre-en-sarriguren-detenido-por-asesinar-a-su-esposa-y-herir-a-su-madre\/#primaryimage\"},\"image\":{\"@id\":\"https:\/\/www.diario21.tv\/noticias\/impactante-hombre-en-sarriguren-detenido-por-asesinar-a-su-esposa-y-herir-a-su-madre\/#primaryimage\"},\"thumbnailUrl\":\"https:\/\/www.diario21.tv\/noticias\/wp-content\/uploads\/2026\/02\/\u00a1Impactante-Hombre-en-Sarriguren-detenido-por-asesinar-a-su-esposa.jpg\",\"datePublished\":\"2026-02-23T17:21:51+00:00\",\"dateModified\":\"2026-02-23T17:21:52+00:00\",\"author\":{\"@id\":\"https:\/\/www.diario21.tv\/noticias\/#\/schema\/person\/dfb778f73814d8f09f302618446a526b\"},\"breadcrumb\":{\"@id\":\"https:\/\/www.diario21.tv\/noticias\/impactante-hombre-en-sarriguren-detenido-por-asesinar-a-su-esposa-y-herir-a-su-madre\/#breadcrumb\"},\"inLanguage\":\"es-AR\",\"potentialAction\":[{\"@type\":\"ReadAction\",\"target\":[\"https:\/\/www.diario21.tv\/noticias\/impactante-hombre-en-sarriguren-detenido-por-asesinar-a-su-esposa-y-herir-a-su-madre\/\"]}]},{\"@type\":\"ImageObject\",\"inLanguage\":\"es-AR\",\"@id\":\"https:\/\/www.diario21.tv\/noticias\/impactante-hombre-en-sarriguren-detenido-por-asesinar-a-su-esposa-y-herir-a-su-madre\/#primaryimage\",\"url\":\"https:\/\/www.diario21.tv\/noticias\/wp-content\/uploads\/2026\/02\/\u00a1Impactante-Hombre-en-Sarriguren-detenido-por-asesinar-a-su-esposa.jpg\",\"contentUrl\":\"https:\/\/www.diario21.tv\/noticias\/wp-content\/uploads\/2026\/02\/\u00a1Impactante-Hombre-en-Sarriguren-detenido-por-asesinar-a-su-esposa.jpg\",\"width\":1200,\"height\":840,\"caption\":\"Detenido acusado de asesinar a su mujer y herir a su madre en Sarriguren (Navarra)\"},{\"@type\":\"BreadcrumbList\",\"@id\":\"https:\/\/www.diario21.tv\/noticias\/impactante-hombre-en-sarriguren-detenido-por-asesinar-a-su-esposa-y-herir-a-su-madre\/#breadcrumb\",\"itemListElement\":[{\"@type\":\"ListItem\",\"position\":1,\"name\":\"Accueil\",\"item\":\"https:\/\/www.diario21.tv\/noticias\/\"},{\"@type\":\"ListItem\",\"position\":2,\"name\":\"\u00a1Impactante! Hombre en Sarriguren detenido por asesinar a su esposa y herir a su madre\"}]},{\"@type\":\"WebSite\",\"@id\":\"https:\/\/www.diario21.tv\/noticias\/#website\",\"url\":\"https:\/\/www.diario21.tv\/noticias\/\",\"name\":\"Diario 21\",\"description\":\"\",\"potentialAction\":[{\"@type\":\"SearchAction\",\"target\":{\"@type\":\"EntryPoint\",\"urlTemplate\":\"https:\/\/www.diario21.tv\/noticias\/?s={search_term_string}\"},\"query-input\":{\"@type\":\"PropertyValueSpecification\",\"valueRequired\":true,\"valueName\":\"search_term_string\"}}],\"inLanguage\":\"es-AR\"},{\"@type\":\"Person\",\"@id\":\"https:\/\/www.diario21.tv\/noticias\/#\/schema\/person\/dfb778f73814d8f09f302618446a526b\",\"name\":\"Juan P\u00e9rez\",\"image\":{\"@type\":\"ImageObject\",\"inLanguage\":\"es-AR\",\"@id\":\"https:\/\/www.diario21.tv\/noticias\/#\/schema\/person\/image\/\",\"url\":\"https:\/\/secure.gravatar.com\/avatar\/c478a405bd10621167f4c3167cc770f5?s=96&d=mm&r=g\",\"contentUrl\":\"https:\/\/secure.gravatar.com\/avatar\/c478a405bd10621167f4c3167cc770f5?s=96&d=mm&r=g\",\"caption\":\"Juan P\u00e9rez\"},\"description\":\"Juan P\u00e9rez es el redactor en jefe de Diario 21. Con m\u00e1s de 10 a\u00f1os de experiencia en el periodismo, se especializa en pol\u00edtica nacional y an\u00e1lisis socioecon\u00f3mico. Su enfoque cr\u00edtico y riguroso aporta una perspectiva \u00fanica a cada art\u00edculo.\",\"sameAs\":[\"https:\/\/www.diario21.tv\/noticias\/\"],\"url\":\"https:\/\/www.diario21.tv\/noticias\/author\/juan-perez\/\"}]}<\/script>\n<!-- \/ Yoast SEO plugin. -->","yoast_head_json":{"title":"\u00a1Impactante! Hombre en Sarriguren detenido por asesinar a su esposa y herir a su madre - Diario 21","robots":{"index":"index","follow":"follow","max-snippet":"max-snippet:-1","max-image-preview":"max-image-preview:large","max-video-preview":"max-video-preview:-1"},"canonical":"https:\/\/www.diario21.tv\/noticias\/impactante-hombre-en-sarriguren-detenido-por-asesinar-a-su-esposa-y-herir-a-su-madre\/","og_locale":"es_ES","og_type":"article","og_title":"\u00a1Impactante! Hombre en Sarriguren detenido por asesinar a su esposa y herir a su madre - Diario 21","og_description":"Arresto por Homicidio y Tentativa de Asesinato en Sarriguren En un suceso alarmante en Sarriguren, Navarra, un hombre ha sido arrestado bajo la acusaci\u00f3n de haber ... Seguir leyendo &rarr;","og_url":"https:\/\/www.diario21.tv\/noticias\/impactante-hombre-en-sarriguren-detenido-por-asesinar-a-su-esposa-y-herir-a-su-madre\/","og_site_name":"Diario 21","article_published_time":"2026-02-23T17:21:51+00:00","article_modified_time":"2026-02-23T17:21:52+00:00","og_image":[{"width":1200,"height":840,"url":"https:\/\/www.diario21.tv\/noticias\/wp-content\/uploads\/2026\/02\/\u00a1Impactante-Hombre-en-Sarriguren-detenido-por-asesinar-a-su-esposa.jpg","type":"image\/jpeg"}],"author":"Juan P\u00e9rez","twitter_card":"summary_large_image","twitter_misc":{"Escrito por":"Juan P\u00e9rez","Tiempo de lectura":"2 minutos"},"schema":{"@context":"https:\/\/schema.org","@graph":[{"@type":"WebPage","@id":"https:\/\/www.diario21.tv\/noticias\/impactante-hombre-en-sarriguren-detenido-por-asesinar-a-su-esposa-y-herir-a-su-madre\/","url":"https:\/\/www.diario21.tv\/noticias\/impactante-hombre-en-sarriguren-detenido-por-asesinar-a-su-esposa-y-herir-a-su-madre\/","name":"\u00a1Impactante! Hombre en Sarriguren detenido por asesinar a su esposa y herir a su madre - Diario 21","isPartOf":{"@id":"https:\/\/www.diario21.tv\/noticias\/#website"},"primaryImageOfPage":{"@id":"https:\/\/www.diario21.tv\/noticias\/impactante-hombre-en-sarriguren-detenido-por-asesinar-a-su-esposa-y-herir-a-su-madre\/#primaryimage"},"image":{"@id":"https:\/\/www.diario21.tv\/noticias\/impactante-hombre-en-sarriguren-detenido-por-asesinar-a-su-esposa-y-herir-a-su-madre\/#primaryimage"},"thumbnailUrl":"https:\/\/www.diario21.tv\/noticias\/wp-content\/uploads\/2026\/02\/\u00a1Impactante-Hombre-en-Sarriguren-detenido-por-asesinar-a-su-esposa.jpg","datePublished":"2026-02-23T17:21:51+00:00","dateModified":"2026-02-23T17:21:52+00:00","author":{"@id":"https:\/\/www.diario21.tv\/noticias\/#\/schema\/person\/dfb778f73814d8f09f302618446a526b"},"breadcrumb":{"@id":"https:\/\/www.diario21.tv\/noticias\/impactante-hombre-en-sarriguren-detenido-por-asesinar-a-su-esposa-y-herir-a-su-madre\/#breadcrumb"},"inLanguage":"es-AR","potentialAction":[{"@type":"ReadAction","target":["https:\/\/www.diario21.tv\/noticias\/impactante-hombre-en-sarriguren-detenido-por-asesinar-a-su-esposa-y-herir-a-su-madre\/"]}]},{"@type":"ImageObject","inLanguage":"es-AR","@id":"https:\/\/www.diario21.tv\/noticias\/impactante-hombre-en-sarriguren-detenido-por-asesinar-a-su-esposa-y-herir-a-su-madre\/#primaryimage","url":"https:\/\/www.diario21.tv\/noticias\/wp-content\/uploads\/2026\/02\/\u00a1Impactante-Hombre-en-Sarriguren-detenido-por-asesinar-a-su-esposa.jpg","contentUrl":"https:\/\/www.diario21.tv\/noticias\/wp-content\/uploads\/2026\/02\/\u00a1Impactante-Hombre-en-Sarriguren-detenido-por-asesinar-a-su-esposa.jpg","width":1200,"height":840,"caption":"Detenido acusado de asesinar a su mujer y herir a su madre en Sarriguren (Navarra)"},{"@type":"BreadcrumbList","@id":"https:\/\/www.diario21.tv\/noticias\/impactante-hombre-en-sarriguren-detenido-por-asesinar-a-su-esposa-y-herir-a-su-madre\/#breadcrumb","itemListElement":[{"@type":"ListItem","position":1,"name":"Accueil","item":"https:\/\/www.diario21.tv\/noticias\/"},{"@type":"ListItem","position":2,"name":"\u00a1Impactante! Hombre en Sarriguren detenido por asesinar a su esposa y herir a su madre"}]},{"@type":"WebSite","@id":"https:\/\/www.diario21.tv\/noticias\/#website","url":"https:\/\/www.diario21.tv\/noticias\/","name":"Diario 21","description":"","potentialAction":[{"@type":"SearchAction","target":{"@type":"EntryPoint","urlTemplate":"https:\/\/www.diario21.tv\/noticias\/?s={search_term_string}"},"query-input":{"@type":"PropertyValueSpecification","valueRequired":true,"valueName":"search_term_string"}}],"inLanguage":"es-AR"},{"@type":"Person","@id":"https:\/\/www.diario21.tv\/noticias\/#\/schema\/person\/dfb778f73814d8f09f302618446a526b","name":"Juan P\u00e9rez","image":{"@type":"ImageObject","inLanguage":"es-AR","@id":"https:\/\/www.diario21.tv\/noticias\/#\/schema\/person\/image\/","url":"https:\/\/secure.gravatar.com\/avatar\/c478a405bd10621167f4c3167cc770f5?s=96&d=mm&r=g","contentUrl":"https:\/\/secure.gravatar.com\/avatar\/c478a405bd10621167f4c3167cc770f5?s=96&d=mm&r=g","caption":"Juan P\u00e9rez"},"description":"Juan P\u00e9rez es el redactor en jefe de Diario 21. Con m\u00e1s de 10 a\u00f1os de experiencia en el periodismo, se especializa en pol\u00edtica nacional y an\u00e1lisis socioecon\u00f3mico. Su enfoque cr\u00edtico y riguroso aporta una perspectiva \u00fanica a cada art\u00edculo.","sameAs":["https:\/\/www.diario21.tv\/noticias\/"],"url":"https:\/\/www.diario21.tv\/noticias\/author\/juan-perez\/"}]}},"_links":{"self":[{"href":"https:\/\/www.diario21.tv\/noticias\/wp-json\/wp\/v2\/posts\/6324"}],"collection":[{"href":"https:\/\/www.diario21.tv\/noticias\/wp-json\/wp\/v2\/posts"}],"about":[{"href":"https:\/\/www.diario21.tv\/noticias\/wp-json\/wp\/v2\/types\/post"}],"author":[{"embeddable":true,"href":"https:\/\/www.diario21.tv\/noticias\/wp-json\/wp\/v2\/users\/20"}],"replies":[{"embeddable":true,"href":"https:\/\/www.diario21.tv\/noticias\/wp-json\/wp\/v2\/comments?post=6324"}],"version-history":[{"count":1,"href":"https:\/\/www.diario21.tv\/noticias\/wp-json\/wp\/v2\/posts\/6324\/revisions"}],"predecessor-version":[{"id":6326,"href":"https:\/\/www.diario21.tv\/noticias\/wp-json\/wp\/v2\/posts\/6324\/revisions\/6326"}],"wp:featuredmedia":[{"embeddable":true,"href":"https:\/\/www.diario21.tv\/noticias\/wp-json\/wp\/v2\/media\/6325"}],"wp:attachment":[{"href":"https:\/\/www.diario21.tv\/noticias\/wp-json\/wp\/v2\/media?parent=6324"}],"wp:term":[{"taxonomy":"category","embeddable":true,"href":"https:\/\/www.diario21.tv\/noticias\/wp-json\/wp\/v2\/categories?post=6324"},{"taxonomy":"post_tag","embeddable":true,"href":"https:\/\/www.diario21.tv\/noticias\/wp-json\/wp\/v2\/tags?post=6324"}],"curies":[{"name":"wp","href":"https:\/\/api.w.org\/{rel}","templated":true}]}}