{"id":6315,"date":"2026-02-22T23:17:50","date_gmt":"2026-02-22T23:17:50","guid":{"rendered":"https:\/\/www.diario21.tv\/noticias\/escandalo-en-valencia-de-alcantara-denuncian-uso-de-carnero-en-carnaval\/"},"modified":"2026-02-22T23:17:51","modified_gmt":"2026-02-22T23:17:51","slug":"escandalo-en-valencia-de-alcantara-denuncian-uso-de-carnero-en-carnaval","status":"publish","type":"post","link":"https:\/\/www.diario21.tv\/noticias\/escandalo-en-valencia-de-alcantara-denuncian-uso-de-carnero-en-carnaval\/","title":{"rendered":"\u00abEsc\u00e1ndalo en Valencia de Alc\u00e1ntara: Denuncian uso de carnero en Carnaval\u00bb"},"content":{"rendered":"<h2>Pol\u00e9mica en el Carnaval: Acusan al Ayuntamiento de Valencia de Alc\u00e1ntara por Involucrar a un Carnero<\/h2>\n<p>Una asociaci\u00f3n ha expresado su descontento y ha calificado de \u00abvergonzoso\u00bb el uso de un carnero durante las festividades del Carnaval en Valencia de Alc\u00e1ntara. El grupo, que defiende los derechos de los animales, ha apuntado directamente al Ayuntamiento por permitir y fomentar una pr\u00e1ctica que consideran inadecuada y \u00e9ticamente cuestionable.<\/p>\n<h3>Detalles del Incidente<\/h3>\n<p>Seg\u00fan la denuncia presentada por la asociaci\u00f3n, el carnero fue utilizado en uno de los eventos m\u00e1s concurridos del Carnaval, lo que gener\u00f3 una gran preocupaci\u00f3n por el bienestar del animal. El uso de animales en este tipo de festividades no es nuevo, pero la asociaci\u00f3n argumenta que expone a los animales a un estr\u00e9s innecesario y puede ser perjudicial para su salud.<\/p>\n<h3>Reacciones y Respuestas<\/h3>\n<p>La controversia ha provocado un debate en la comunidad sobre la \u00e9tica del uso de animales en eventos p\u00fablicos. Mientras algunos defienden la tradici\u00f3n y el folclore local, otros abogan por una revisi\u00f3n de estas pr\u00e1cticas, promoviendo alternativas que no involucren animales.<\/p>\n<p>El Ayuntamiento de Valencia de Alc\u00e1ntara, por su parte, ha recibido m\u00faltiples solicitudes de comentarios sobre el incidente, pero hasta el momento no ha emitido una respuesta oficial. La presi\u00f3n p\u00fablica por una declaraci\u00f3n aumenta a medida que la noticia se difunde.<\/p>\n<h3>Impacto en la Comunidad y Pr\u00f3ximos Pasos<\/h3>\n<p>La asociaci\u00f3n que ha realizado la denuncia est\u00e1 organizando campa\u00f1as para sensibilizar sobre el trato \u00e9tico de los animales y planea presentar una propuesta formal para cambiar las normativas municipales respecto al uso de animales en festividades. Adem\u00e1s, han iniciado una recogida de firmas para apoyar esta causa.<\/p>\n<p>Este incidente ha servido para abrir un di\u00e1logo necesario sobre las tradiciones y c\u00f3mo estas se alinean con los valores modernos de respeto y cuidado hacia todos los seres vivos. A medida que la comunidad reflexiona sobre estos temas, el futuro de las festividades como el Carnaval podr\u00eda ver cambios significativos que equilibren la cultura local con el respeto hacia los animales.<\/p>\n\n\n<div class=\"kk-star-ratings kksr-auto kksr-align-left kksr-valign-bottom\"\n    data-payload='{&quot;align&quot;:&quot;left&quot;,&quot;id&quot;:&quot;6315&quot;,&quot;slug&quot;:&quot;default&quot;,&quot;valign&quot;:&quot;bottom&quot;,&quot;ignore&quot;:&quot;&quot;,&quot;reference&quot;:&quot;auto&quot;,&quot;class&quot;:&quot;&quot;,&quot;count&quot;:&quot;0&quot;,&quot;legendonly&quot;:&quot;&quot;,&quot;readonly&quot;:&quot;&quot;,&quot;score&quot;:&quot;0&quot;,&quot;starsonly&quot;:&quot;&quot;,&quot;best&quot;:&quot;5&quot;,&quot;gap&quot;:&quot;5&quot;,&quot;greet&quot;:&quot;Valora este post&quot;,&quot;legend&quot;:&quot;0\\\/5 - (0 votes)&quot;,&quot;size&quot;:&quot;22&quot;,&quot;title&quot;:&quot;\u00abEsc\u00e1ndalo en Valencia de Alc\u00e1ntara: Denuncian uso de carnero en Carnaval\u00bb&quot;,&quot;width&quot;:&quot;0&quot;,&quot;_legend&quot;:&quot;{score}\\\/{best} - ({count} {votes})&quot;,&quot;font_factor&quot;:&quot;1.25&quot;}'>\n            \n<div class=\"kksr-stars\">\n    \n<div class=\"kksr-stars-inactive\">\n            <div class=\"kksr-star\" data-star=\"1\" style=\"padding-right: 5px\">\n            \n\n<div class=\"kksr-icon\" style=\"width: 22px; height: 22px;\"><\/div>\n        <\/div>\n            <div class=\"kksr-star\" data-star=\"2\" style=\"padding-right: 5px\">\n            \n\n<div class=\"kksr-icon\" style=\"width: 22px; height: 22px;\"><\/div>\n        <\/div>\n            <div class=\"kksr-star\" data-star=\"3\" style=\"padding-right: 5px\">\n            \n\n<div class=\"kksr-icon\" style=\"width: 22px; height: 22px;\"><\/div>\n        <\/div>\n            <div class=\"kksr-star\" data-star=\"4\" style=\"padding-right: 5px\">\n            \n\n<div class=\"kksr-icon\" style=\"width: 22px; height: 22px;\"><\/div>\n        <\/div>\n            <div class=\"kksr-star\" data-star=\"5\" style=\"padding-right: 5px\">\n            \n\n<div class=\"kksr-icon\" style=\"width: 22px; height: 22px;\"><\/div>\n        <\/div>\n    <\/div>\n    \n<div class=\"kksr-stars-active\" style=\"width: 0px;\">\n            <div class=\"kksr-star\" style=\"padding-right: 5px\">\n            \n\n<div class=\"kksr-icon\" style=\"width: 22px; height: 22px;\"><\/div>\n        <\/div>\n            <div class=\"kksr-star\" style=\"padding-right: 5px\">\n            \n\n<div class=\"kksr-icon\" style=\"width: 22px; height: 22px;\"><\/div>\n        <\/div>\n            <div class=\"kksr-star\" style=\"padding-right: 5px\">\n            \n\n<div class=\"kksr-icon\" style=\"width: 22px; height: 22px;\"><\/div>\n        <\/div>\n            <div class=\"kksr-star\" style=\"padding-right: 5px\">\n            \n\n<div class=\"kksr-icon\" style=\"width: 22px; height: 22px;\"><\/div>\n        <\/div>\n            <div class=\"kksr-star\" style=\"padding-right: 5px\">\n            \n\n<div class=\"kksr-icon\" style=\"width: 22px; height: 22px;\"><\/div>\n        <\/div>\n    <\/div>\n<\/div>\n                \n\n<div class=\"kksr-legend\" style=\"font-size: 17.6px;\">\n            <span class=\"kksr-muted\">Valora este post<\/span>\n    <\/div>\n    <\/div>\n","protected":false},"excerpt":{"rendered":"<p>Pol\u00e9mica en el Carnaval: Acusan al Ayuntamiento de Valencia de Alc\u00e1ntara por Involucrar a un Carnero Una asociaci\u00f3n ha expresado su descontento y ha calificado de &#8230; <a title=\"\u00abEsc\u00e1ndalo en Valencia de Alc\u00e1ntara: Denuncian uso de carnero en Carnaval\u00bb\" class=\"read-more\" href=\"https:\/\/www.diario21.tv\/noticias\/escandalo-en-valencia-de-alcantara-denuncian-uso-de-carnero-en-carnaval\/\" aria-label=\"Leer m\u00e1s sobre \u00abEsc\u00e1ndalo en Valencia de Alc\u00e1ntara: Denuncian uso de carnero en Carnaval\u00bb\">Seguir leyendo &rarr;<\/a><\/p>\n","protected":false},"author":20,"featured_media":6316,"comment_status":"open","ping_status":"open","sticky":false,"template":"","format":"standard","meta":{"footnotes":""},"categories":[13],"tags":[],"class_list":["post-6315","post","type-post","status-publish","format-standard","has-post-thumbnail","hentry","category-portada"],"yoast_head":"<!-- This site is optimized with the Yoast SEO plugin v25.6 - https:\/\/yoast.com\/wordpress\/plugins\/seo\/ -->\n<title>\u00abEsc\u00e1ndalo en Valencia de Alc\u00e1ntara: Denuncian uso de carnero en Carnaval\u00bb - Diario 21<\/title>\n<meta name=\"robots\" content=\"index, follow, max-snippet:-1, max-image-preview:large, max-video-preview:-1\" \/>\n<link rel=\"canonical\" href=\"https:\/\/www.diario21.tv\/noticias\/escandalo-en-valencia-de-alcantara-denuncian-uso-de-carnero-en-carnaval\/\" \/>\n<meta property=\"og:locale\" content=\"es_ES\" \/>\n<meta property=\"og:type\" content=\"article\" \/>\n<meta property=\"og:title\" content=\"\u00abEsc\u00e1ndalo en Valencia de Alc\u00e1ntara: Denuncian uso de carnero en Carnaval\u00bb - Diario 21\" \/>\n<meta property=\"og:description\" content=\"Pol\u00e9mica en el Carnaval: Acusan al Ayuntamiento de Valencia de Alc\u00e1ntara por Involucrar a un Carnero Una asociaci\u00f3n ha expresado su descontento y ha calificado de ... Seguir leyendo &rarr;\" \/>\n<meta property=\"og:url\" content=\"https:\/\/www.diario21.tv\/noticias\/escandalo-en-valencia-de-alcantara-denuncian-uso-de-carnero-en-carnaval\/\" \/>\n<meta property=\"og:site_name\" content=\"Diario 21\" \/>\n<meta property=\"article:published_time\" content=\"2026-02-22T23:17:50+00:00\" \/>\n<meta property=\"article:modified_time\" content=\"2026-02-22T23:17:51+00:00\" \/>\n<meta property=\"og:image\" content=\"https:\/\/www.diario21.tv\/noticias\/wp-content\/uploads\/2026\/02\/Escandalo-en-Valencia-de-Alcantara-Denuncian-uso-de-carnero-en.jpg\" \/>\n\t<meta property=\"og:image:width\" content=\"1200\" \/>\n\t<meta property=\"og:image:height\" content=\"840\" \/>\n\t<meta property=\"og:image:type\" content=\"image\/jpeg\" \/>\n<meta name=\"author\" content=\"Juan P\u00e9rez\" \/>\n<meta name=\"twitter:card\" content=\"summary_large_image\" \/>\n<meta name=\"twitter:label1\" content=\"Escrito por\" \/>\n\t<meta name=\"twitter:data1\" content=\"Juan P\u00e9rez\" \/>\n\t<meta name=\"twitter:label2\" content=\"Tiempo de lectura\" \/>\n\t<meta name=\"twitter:data2\" content=\"2 minutos\" \/>\n<script type=\"application\/ld+json\" class=\"yoast-schema-graph\">{\"@context\":\"https:\/\/schema.org\",\"@graph\":[{\"@type\":\"WebPage\",\"@id\":\"https:\/\/www.diario21.tv\/noticias\/escandalo-en-valencia-de-alcantara-denuncian-uso-de-carnero-en-carnaval\/\",\"url\":\"https:\/\/www.diario21.tv\/noticias\/escandalo-en-valencia-de-alcantara-denuncian-uso-de-carnero-en-carnaval\/\",\"name\":\"\u00abEsc\u00e1ndalo en Valencia de Alc\u00e1ntara: Denuncian uso de carnero en Carnaval\u00bb - Diario 21\",\"isPartOf\":{\"@id\":\"https:\/\/www.diario21.tv\/noticias\/#website\"},\"primaryImageOfPage\":{\"@id\":\"https:\/\/www.diario21.tv\/noticias\/escandalo-en-valencia-de-alcantara-denuncian-uso-de-carnero-en-carnaval\/#primaryimage\"},\"image\":{\"@id\":\"https:\/\/www.diario21.tv\/noticias\/escandalo-en-valencia-de-alcantara-denuncian-uso-de-carnero-en-carnaval\/#primaryimage\"},\"thumbnailUrl\":\"https:\/\/www.diario21.tv\/noticias\/wp-content\/uploads\/2026\/02\/Escandalo-en-Valencia-de-Alcantara-Denuncian-uso-de-carnero-en.jpg\",\"datePublished\":\"2026-02-22T23:17:50+00:00\",\"dateModified\":\"2026-02-22T23:17:51+00:00\",\"author\":{\"@id\":\"https:\/\/www.diario21.tv\/noticias\/#\/schema\/person\/dfb778f73814d8f09f302618446a526b\"},\"breadcrumb\":{\"@id\":\"https:\/\/www.diario21.tv\/noticias\/escandalo-en-valencia-de-alcantara-denuncian-uso-de-carnero-en-carnaval\/#breadcrumb\"},\"inLanguage\":\"es-AR\",\"potentialAction\":[{\"@type\":\"ReadAction\",\"target\":[\"https:\/\/www.diario21.tv\/noticias\/escandalo-en-valencia-de-alcantara-denuncian-uso-de-carnero-en-carnaval\/\"]}]},{\"@type\":\"ImageObject\",\"inLanguage\":\"es-AR\",\"@id\":\"https:\/\/www.diario21.tv\/noticias\/escandalo-en-valencia-de-alcantara-denuncian-uso-de-carnero-en-carnaval\/#primaryimage\",\"url\":\"https:\/\/www.diario21.tv\/noticias\/wp-content\/uploads\/2026\/02\/Escandalo-en-Valencia-de-Alcantara-Denuncian-uso-de-carnero-en.jpg\",\"contentUrl\":\"https:\/\/www.diario21.tv\/noticias\/wp-content\/uploads\/2026\/02\/Escandalo-en-Valencia-de-Alcantara-Denuncian-uso-de-carnero-en.jpg\",\"width\":1200,\"height\":840,\"caption\":\"\u00abBochornoso\u00bb: una asociaci\u00f3n denuncia el uso de un carnero en el Carnaval y se\u00f1ala al Ayuntamiento de Valencia de Alc\u00e1ntara\"},{\"@type\":\"BreadcrumbList\",\"@id\":\"https:\/\/www.diario21.tv\/noticias\/escandalo-en-valencia-de-alcantara-denuncian-uso-de-carnero-en-carnaval\/#breadcrumb\",\"itemListElement\":[{\"@type\":\"ListItem\",\"position\":1,\"name\":\"Accueil\",\"item\":\"https:\/\/www.diario21.tv\/noticias\/\"},{\"@type\":\"ListItem\",\"position\":2,\"name\":\"\u00abEsc\u00e1ndalo en Valencia de Alc\u00e1ntara: Denuncian uso de carnero en Carnaval\u00bb\"}]},{\"@type\":\"WebSite\",\"@id\":\"https:\/\/www.diario21.tv\/noticias\/#website\",\"url\":\"https:\/\/www.diario21.tv\/noticias\/\",\"name\":\"Diario 21\",\"description\":\"\",\"potentialAction\":[{\"@type\":\"SearchAction\",\"target\":{\"@type\":\"EntryPoint\",\"urlTemplate\":\"https:\/\/www.diario21.tv\/noticias\/?s={search_term_string}\"},\"query-input\":{\"@type\":\"PropertyValueSpecification\",\"valueRequired\":true,\"valueName\":\"search_term_string\"}}],\"inLanguage\":\"es-AR\"},{\"@type\":\"Person\",\"@id\":\"https:\/\/www.diario21.tv\/noticias\/#\/schema\/person\/dfb778f73814d8f09f302618446a526b\",\"name\":\"Juan P\u00e9rez\",\"image\":{\"@type\":\"ImageObject\",\"inLanguage\":\"es-AR\",\"@id\":\"https:\/\/www.diario21.tv\/noticias\/#\/schema\/person\/image\/\",\"url\":\"https:\/\/secure.gravatar.com\/avatar\/c478a405bd10621167f4c3167cc770f5?s=96&d=mm&r=g\",\"contentUrl\":\"https:\/\/secure.gravatar.com\/avatar\/c478a405bd10621167f4c3167cc770f5?s=96&d=mm&r=g\",\"caption\":\"Juan P\u00e9rez\"},\"description\":\"Juan P\u00e9rez es el redactor en jefe de Diario 21. Con m\u00e1s de 10 a\u00f1os de experiencia en el periodismo, se especializa en pol\u00edtica nacional y an\u00e1lisis socioecon\u00f3mico. Su enfoque cr\u00edtico y riguroso aporta una perspectiva \u00fanica a cada art\u00edculo.\",\"sameAs\":[\"https:\/\/www.diario21.tv\/noticias\/\"],\"url\":\"https:\/\/www.diario21.tv\/noticias\/author\/juan-perez\/\"}]}<\/script>\n<!-- \/ Yoast SEO plugin. -->","yoast_head_json":{"title":"\u00abEsc\u00e1ndalo en Valencia de Alc\u00e1ntara: Denuncian uso de carnero en Carnaval\u00bb - Diario 21","robots":{"index":"index","follow":"follow","max-snippet":"max-snippet:-1","max-image-preview":"max-image-preview:large","max-video-preview":"max-video-preview:-1"},"canonical":"https:\/\/www.diario21.tv\/noticias\/escandalo-en-valencia-de-alcantara-denuncian-uso-de-carnero-en-carnaval\/","og_locale":"es_ES","og_type":"article","og_title":"\u00abEsc\u00e1ndalo en Valencia de Alc\u00e1ntara: Denuncian uso de carnero en Carnaval\u00bb - Diario 21","og_description":"Pol\u00e9mica en el Carnaval: Acusan al Ayuntamiento de Valencia de Alc\u00e1ntara por Involucrar a un Carnero Una asociaci\u00f3n ha expresado su descontento y ha calificado de ... Seguir leyendo &rarr;","og_url":"https:\/\/www.diario21.tv\/noticias\/escandalo-en-valencia-de-alcantara-denuncian-uso-de-carnero-en-carnaval\/","og_site_name":"Diario 21","article_published_time":"2026-02-22T23:17:50+00:00","article_modified_time":"2026-02-22T23:17:51+00:00","og_image":[{"width":1200,"height":840,"url":"https:\/\/www.diario21.tv\/noticias\/wp-content\/uploads\/2026\/02\/Escandalo-en-Valencia-de-Alcantara-Denuncian-uso-de-carnero-en.jpg","type":"image\/jpeg"}],"author":"Juan P\u00e9rez","twitter_card":"summary_large_image","twitter_misc":{"Escrito por":"Juan P\u00e9rez","Tiempo de lectura":"2 minutos"},"schema":{"@context":"https:\/\/schema.org","@graph":[{"@type":"WebPage","@id":"https:\/\/www.diario21.tv\/noticias\/escandalo-en-valencia-de-alcantara-denuncian-uso-de-carnero-en-carnaval\/","url":"https:\/\/www.diario21.tv\/noticias\/escandalo-en-valencia-de-alcantara-denuncian-uso-de-carnero-en-carnaval\/","name":"\u00abEsc\u00e1ndalo en Valencia de Alc\u00e1ntara: Denuncian uso de carnero en Carnaval\u00bb - Diario 21","isPartOf":{"@id":"https:\/\/www.diario21.tv\/noticias\/#website"},"primaryImageOfPage":{"@id":"https:\/\/www.diario21.tv\/noticias\/escandalo-en-valencia-de-alcantara-denuncian-uso-de-carnero-en-carnaval\/#primaryimage"},"image":{"@id":"https:\/\/www.diario21.tv\/noticias\/escandalo-en-valencia-de-alcantara-denuncian-uso-de-carnero-en-carnaval\/#primaryimage"},"thumbnailUrl":"https:\/\/www.diario21.tv\/noticias\/wp-content\/uploads\/2026\/02\/Escandalo-en-Valencia-de-Alcantara-Denuncian-uso-de-carnero-en.jpg","datePublished":"2026-02-22T23:17:50+00:00","dateModified":"2026-02-22T23:17:51+00:00","author":{"@id":"https:\/\/www.diario21.tv\/noticias\/#\/schema\/person\/dfb778f73814d8f09f302618446a526b"},"breadcrumb":{"@id":"https:\/\/www.diario21.tv\/noticias\/escandalo-en-valencia-de-alcantara-denuncian-uso-de-carnero-en-carnaval\/#breadcrumb"},"inLanguage":"es-AR","potentialAction":[{"@type":"ReadAction","target":["https:\/\/www.diario21.tv\/noticias\/escandalo-en-valencia-de-alcantara-denuncian-uso-de-carnero-en-carnaval\/"]}]},{"@type":"ImageObject","inLanguage":"es-AR","@id":"https:\/\/www.diario21.tv\/noticias\/escandalo-en-valencia-de-alcantara-denuncian-uso-de-carnero-en-carnaval\/#primaryimage","url":"https:\/\/www.diario21.tv\/noticias\/wp-content\/uploads\/2026\/02\/Escandalo-en-Valencia-de-Alcantara-Denuncian-uso-de-carnero-en.jpg","contentUrl":"https:\/\/www.diario21.tv\/noticias\/wp-content\/uploads\/2026\/02\/Escandalo-en-Valencia-de-Alcantara-Denuncian-uso-de-carnero-en.jpg","width":1200,"height":840,"caption":"\u00abBochornoso\u00bb: una asociaci\u00f3n denuncia el uso de un carnero en el Carnaval y se\u00f1ala al Ayuntamiento de Valencia de Alc\u00e1ntara"},{"@type":"BreadcrumbList","@id":"https:\/\/www.diario21.tv\/noticias\/escandalo-en-valencia-de-alcantara-denuncian-uso-de-carnero-en-carnaval\/#breadcrumb","itemListElement":[{"@type":"ListItem","position":1,"name":"Accueil","item":"https:\/\/www.diario21.tv\/noticias\/"},{"@type":"ListItem","position":2,"name":"\u00abEsc\u00e1ndalo en Valencia de Alc\u00e1ntara: Denuncian uso de carnero en Carnaval\u00bb"}]},{"@type":"WebSite","@id":"https:\/\/www.diario21.tv\/noticias\/#website","url":"https:\/\/www.diario21.tv\/noticias\/","name":"Diario 21","description":"","potentialAction":[{"@type":"SearchAction","target":{"@type":"EntryPoint","urlTemplate":"https:\/\/www.diario21.tv\/noticias\/?s={search_term_string}"},"query-input":{"@type":"PropertyValueSpecification","valueRequired":true,"valueName":"search_term_string"}}],"inLanguage":"es-AR"},{"@type":"Person","@id":"https:\/\/www.diario21.tv\/noticias\/#\/schema\/person\/dfb778f73814d8f09f302618446a526b","name":"Juan P\u00e9rez","image":{"@type":"ImageObject","inLanguage":"es-AR","@id":"https:\/\/www.diario21.tv\/noticias\/#\/schema\/person\/image\/","url":"https:\/\/secure.gravatar.com\/avatar\/c478a405bd10621167f4c3167cc770f5?s=96&d=mm&r=g","contentUrl":"https:\/\/secure.gravatar.com\/avatar\/c478a405bd10621167f4c3167cc770f5?s=96&d=mm&r=g","caption":"Juan P\u00e9rez"},"description":"Juan P\u00e9rez es el redactor en jefe de Diario 21. Con m\u00e1s de 10 a\u00f1os de experiencia en el periodismo, se especializa en pol\u00edtica nacional y an\u00e1lisis socioecon\u00f3mico. Su enfoque cr\u00edtico y riguroso aporta una perspectiva \u00fanica a cada art\u00edculo.","sameAs":["https:\/\/www.diario21.tv\/noticias\/"],"url":"https:\/\/www.diario21.tv\/noticias\/author\/juan-perez\/"}]}},"_links":{"self":[{"href":"https:\/\/www.diario21.tv\/noticias\/wp-json\/wp\/v2\/posts\/6315"}],"collection":[{"href":"https:\/\/www.diario21.tv\/noticias\/wp-json\/wp\/v2\/posts"}],"about":[{"href":"https:\/\/www.diario21.tv\/noticias\/wp-json\/wp\/v2\/types\/post"}],"author":[{"embeddable":true,"href":"https:\/\/www.diario21.tv\/noticias\/wp-json\/wp\/v2\/users\/20"}],"replies":[{"embeddable":true,"href":"https:\/\/www.diario21.tv\/noticias\/wp-json\/wp\/v2\/comments?post=6315"}],"version-history":[{"count":1,"href":"https:\/\/www.diario21.tv\/noticias\/wp-json\/wp\/v2\/posts\/6315\/revisions"}],"predecessor-version":[{"id":6317,"href":"https:\/\/www.diario21.tv\/noticias\/wp-json\/wp\/v2\/posts\/6315\/revisions\/6317"}],"wp:featuredmedia":[{"embeddable":true,"href":"https:\/\/www.diario21.tv\/noticias\/wp-json\/wp\/v2\/media\/6316"}],"wp:attachment":[{"href":"https:\/\/www.diario21.tv\/noticias\/wp-json\/wp\/v2\/media?parent=6315"}],"wp:term":[{"taxonomy":"category","embeddable":true,"href":"https:\/\/www.diario21.tv\/noticias\/wp-json\/wp\/v2\/categories?post=6315"},{"taxonomy":"post_tag","embeddable":true,"href":"https:\/\/www.diario21.tv\/noticias\/wp-json\/wp\/v2\/tags?post=6315"}],"curies":[{"name":"wp","href":"https:\/\/api.w.org\/{rel}","templated":true}]}}