{"id":6291,"date":"2026-02-20T16:58:03","date_gmt":"2026-02-20T16:58:03","guid":{"rendered":"https:\/\/www.diario21.tv\/noticias\/impactante-grave-ajuste-de-cuentas-en-granada-un-herido-con-cuatro-disparos-en-el-hospital\/"},"modified":"2026-02-20T16:58:04","modified_gmt":"2026-02-20T16:58:04","slug":"impactante-grave-ajuste-de-cuentas-en-granada-un-herido-con-cuatro-disparos-en-el-hospital","status":"publish","type":"post","link":"https:\/\/www.diario21.tv\/noticias\/impactante-grave-ajuste-de-cuentas-en-granada-un-herido-con-cuatro-disparos-en-el-hospital\/","title":{"rendered":"\u00a1Impactante! Grave ajuste de cuentas en Granada: un herido con cuatro disparos en el hospital"},"content":{"rendered":"<h2>Confrontaci\u00f3n en Granada Resulta en un Herido Cr\u00edtico por Impactos de Bala<\/h2>\n<p>En un grave incidente en Granada, un hombre ha resultado seriamente herido tras recibir cuatro disparos, lo que lo ha dejado en estado cr\u00edtico en el hospital. Este suceso, que parece ser un ajuste de cuentas, ha conmocionado a la comunidad local.<\/p>\n<h3>Detalles del Incidente<\/h3>\n<p>Los hechos ocurrieron durante la tarde del jueves, cuando, seg\u00fan testigos, se oyeron disparos en una de las calles m\u00e1s concurridas de la ciudad. R\u00e1pidamente, los servicios de emergencia fueron alertados y se desplazaron al lugar de los hechos. Al llegar, encontraron a un hombre gravemente herido por arma de fuego.<\/p>\n<p>La v\u00edctima, cuya identidad no ha sido revelada por razones de seguridad, fue trasladada de urgencia al hospital m\u00e1s cercano. Seg\u00fan los informes m\u00e9dicos, recibi\u00f3 cuatro disparos que lo han dejado en estado muy grave.<\/p>\n<h3>Investigaci\u00f3n en Curso<\/h3>\n<p>Las autoridades han iniciado una investigaci\u00f3n para esclarecer los detalles y motivos detr\u00e1s de este violento acto. Aunque todo apunta a un ajuste de cuentas, a\u00fan se est\u00e1n recopilando evidencias y testimonios que puedan arrojar luz sobre el incidente.<\/p>\n<p>La polic\u00eda ha hecho un llamado a cualquier persona que tenga informaci\u00f3n que pueda ser relevante para que se acerque y colabore con la investigaci\u00f3n. Hasta el momento, no se han reportado arrestos, pero las fuerzas de seguridad est\u00e1n trabajando intensamente para dar con los responsables.<\/p>\n<h3>Reacciones de la Comunidad<\/h3>\n<p>La comunidad de Granada ha reaccionado con consternaci\u00f3n ante este suceso. Muchos ciudadanos expresan su preocupaci\u00f3n por la seguridad en la ciudad y claman por acciones concretas para prevenir este tipo de violencia en el futuro.<\/p>\n<p>Las autoridades locales han asegurado que se est\u00e1n tomando todas las medidas necesarias para garantizar la seguridad de los ciudadanos y han reforzado la presencia policial en las zonas m\u00e1s sensibles de la ciudad.<\/p>\n<p>Este incidente ha puesto de relieve la urgencia de abordar la violencia y encontrar soluciones que aseguren la paz y la seguridad en la comunidad. La esperanza es que a trav\u00e9s de la cooperaci\u00f3n entre ciudadanos y fuerzas de seguridad, Granada pueda superar este tr\u00e1gico evento y trabajar hacia un futuro m\u00e1s seguro y tranquilo.<\/p>\n\n\n<div class=\"kk-star-ratings kksr-auto kksr-align-left kksr-valign-bottom\"\n    data-payload='{&quot;align&quot;:&quot;left&quot;,&quot;id&quot;:&quot;6291&quot;,&quot;slug&quot;:&quot;default&quot;,&quot;valign&quot;:&quot;bottom&quot;,&quot;ignore&quot;:&quot;&quot;,&quot;reference&quot;:&quot;auto&quot;,&quot;class&quot;:&quot;&quot;,&quot;count&quot;:&quot;0&quot;,&quot;legendonly&quot;:&quot;&quot;,&quot;readonly&quot;:&quot;&quot;,&quot;score&quot;:&quot;0&quot;,&quot;starsonly&quot;:&quot;&quot;,&quot;best&quot;:&quot;5&quot;,&quot;gap&quot;:&quot;5&quot;,&quot;greet&quot;:&quot;Valora este post&quot;,&quot;legend&quot;:&quot;0\\\/5 - (0 votes)&quot;,&quot;size&quot;:&quot;22&quot;,&quot;title&quot;:&quot;\u00a1Impactante! Grave ajuste de cuentas en Granada: un herido con cuatro disparos en el hospital&quot;,&quot;width&quot;:&quot;0&quot;,&quot;_legend&quot;:&quot;{score}\\\/{best} - ({count} {votes})&quot;,&quot;font_factor&quot;:&quot;1.25&quot;}'>\n            \n<div class=\"kksr-stars\">\n    \n<div class=\"kksr-stars-inactive\">\n            <div class=\"kksr-star\" data-star=\"1\" style=\"padding-right: 5px\">\n            \n\n<div class=\"kksr-icon\" style=\"width: 22px; height: 22px;\"><\/div>\n        <\/div>\n            <div class=\"kksr-star\" data-star=\"2\" style=\"padding-right: 5px\">\n            \n\n<div class=\"kksr-icon\" style=\"width: 22px; height: 22px;\"><\/div>\n        <\/div>\n            <div class=\"kksr-star\" data-star=\"3\" style=\"padding-right: 5px\">\n            \n\n<div class=\"kksr-icon\" style=\"width: 22px; height: 22px;\"><\/div>\n        <\/div>\n            <div class=\"kksr-star\" data-star=\"4\" style=\"padding-right: 5px\">\n            \n\n<div class=\"kksr-icon\" style=\"width: 22px; height: 22px;\"><\/div>\n        <\/div>\n            <div class=\"kksr-star\" data-star=\"5\" style=\"padding-right: 5px\">\n            \n\n<div class=\"kksr-icon\" style=\"width: 22px; height: 22px;\"><\/div>\n        <\/div>\n    <\/div>\n    \n<div class=\"kksr-stars-active\" style=\"width: 0px;\">\n            <div class=\"kksr-star\" style=\"padding-right: 5px\">\n            \n\n<div class=\"kksr-icon\" style=\"width: 22px; height: 22px;\"><\/div>\n        <\/div>\n            <div class=\"kksr-star\" style=\"padding-right: 5px\">\n            \n\n<div class=\"kksr-icon\" style=\"width: 22px; height: 22px;\"><\/div>\n        <\/div>\n            <div class=\"kksr-star\" style=\"padding-right: 5px\">\n            \n\n<div class=\"kksr-icon\" style=\"width: 22px; height: 22px;\"><\/div>\n        <\/div>\n            <div class=\"kksr-star\" style=\"padding-right: 5px\">\n            \n\n<div class=\"kksr-icon\" style=\"width: 22px; height: 22px;\"><\/div>\n        <\/div>\n            <div class=\"kksr-star\" style=\"padding-right: 5px\">\n            \n\n<div class=\"kksr-icon\" style=\"width: 22px; height: 22px;\"><\/div>\n        <\/div>\n    <\/div>\n<\/div>\n                \n\n<div class=\"kksr-legend\" style=\"font-size: 17.6px;\">\n            <span class=\"kksr-muted\">Valora este post<\/span>\n    <\/div>\n    <\/div>\n","protected":false},"excerpt":{"rendered":"<p>Confrontaci\u00f3n en Granada Resulta en un Herido Cr\u00edtico por Impactos de Bala En un grave incidente en Granada, un hombre ha resultado seriamente herido tras recibir &#8230; <a title=\"\u00a1Impactante! Grave ajuste de cuentas en Granada: un herido con cuatro disparos en el hospital\" class=\"read-more\" href=\"https:\/\/www.diario21.tv\/noticias\/impactante-grave-ajuste-de-cuentas-en-granada-un-herido-con-cuatro-disparos-en-el-hospital\/\" aria-label=\"Leer m\u00e1s sobre \u00a1Impactante! Grave ajuste de cuentas en Granada: un herido con cuatro disparos en el hospital\">Seguir leyendo &rarr;<\/a><\/p>\n","protected":false},"author":20,"featured_media":6292,"comment_status":"open","ping_status":"open","sticky":false,"template":"","format":"standard","meta":{"footnotes":""},"categories":[13],"tags":[],"class_list":["post-6291","post","type-post","status-publish","format-standard","has-post-thumbnail","hentry","category-portada"],"yoast_head":"<!-- This site is optimized with the Yoast SEO plugin v25.6 - https:\/\/yoast.com\/wordpress\/plugins\/seo\/ -->\n<title>\u00a1Impactante! Grave ajuste de cuentas en Granada: un herido con cuatro disparos en el hospital - Diario 21<\/title>\n<meta name=\"robots\" content=\"index, follow, max-snippet:-1, max-image-preview:large, max-video-preview:-1\" \/>\n<link rel=\"canonical\" href=\"https:\/\/www.diario21.tv\/noticias\/impactante-grave-ajuste-de-cuentas-en-granada-un-herido-con-cuatro-disparos-en-el-hospital\/\" \/>\n<meta property=\"og:locale\" content=\"es_ES\" \/>\n<meta property=\"og:type\" content=\"article\" \/>\n<meta property=\"og:title\" content=\"\u00a1Impactante! Grave ajuste de cuentas en Granada: un herido con cuatro disparos en el hospital - Diario 21\" \/>\n<meta property=\"og:description\" content=\"Confrontaci\u00f3n en Granada Resulta en un Herido Cr\u00edtico por Impactos de Bala En un grave incidente en Granada, un hombre ha resultado seriamente herido tras recibir ... Seguir leyendo &rarr;\" \/>\n<meta property=\"og:url\" content=\"https:\/\/www.diario21.tv\/noticias\/impactante-grave-ajuste-de-cuentas-en-granada-un-herido-con-cuatro-disparos-en-el-hospital\/\" \/>\n<meta property=\"og:site_name\" content=\"Diario 21\" \/>\n<meta property=\"article:published_time\" content=\"2026-02-20T16:58:03+00:00\" \/>\n<meta property=\"article:modified_time\" content=\"2026-02-20T16:58:04+00:00\" \/>\n<meta property=\"og:image\" content=\"https:\/\/www.diario21.tv\/noticias\/wp-content\/uploads\/2026\/02\/\u00a1Impactante-Grave-ajuste-de-cuentas-en-Granada-un-herido-con.jpg\" \/>\n\t<meta property=\"og:image:width\" content=\"1200\" \/>\n\t<meta property=\"og:image:height\" content=\"840\" \/>\n\t<meta property=\"og:image:type\" content=\"image\/jpeg\" \/>\n<meta name=\"author\" content=\"Juan P\u00e9rez\" \/>\n<meta name=\"twitter:card\" content=\"summary_large_image\" \/>\n<meta name=\"twitter:label1\" content=\"Escrito por\" \/>\n\t<meta name=\"twitter:data1\" content=\"Juan P\u00e9rez\" \/>\n\t<meta name=\"twitter:label2\" content=\"Tiempo de lectura\" \/>\n\t<meta name=\"twitter:data2\" content=\"2 minutos\" \/>\n<script type=\"application\/ld+json\" class=\"yoast-schema-graph\">{\"@context\":\"https:\/\/schema.org\",\"@graph\":[{\"@type\":\"WebPage\",\"@id\":\"https:\/\/www.diario21.tv\/noticias\/impactante-grave-ajuste-de-cuentas-en-granada-un-herido-con-cuatro-disparos-en-el-hospital\/\",\"url\":\"https:\/\/www.diario21.tv\/noticias\/impactante-grave-ajuste-de-cuentas-en-granada-un-herido-con-cuatro-disparos-en-el-hospital\/\",\"name\":\"\u00a1Impactante! Grave ajuste de cuentas en Granada: un herido con cuatro disparos en el hospital - Diario 21\",\"isPartOf\":{\"@id\":\"https:\/\/www.diario21.tv\/noticias\/#website\"},\"primaryImageOfPage\":{\"@id\":\"https:\/\/www.diario21.tv\/noticias\/impactante-grave-ajuste-de-cuentas-en-granada-un-herido-con-cuatro-disparos-en-el-hospital\/#primaryimage\"},\"image\":{\"@id\":\"https:\/\/www.diario21.tv\/noticias\/impactante-grave-ajuste-de-cuentas-en-granada-un-herido-con-cuatro-disparos-en-el-hospital\/#primaryimage\"},\"thumbnailUrl\":\"https:\/\/www.diario21.tv\/noticias\/wp-content\/uploads\/2026\/02\/\u00a1Impactante-Grave-ajuste-de-cuentas-en-Granada-un-herido-con.jpg\",\"datePublished\":\"2026-02-20T16:58:03+00:00\",\"dateModified\":\"2026-02-20T16:58:04+00:00\",\"author\":{\"@id\":\"https:\/\/www.diario21.tv\/noticias\/#\/schema\/person\/dfb778f73814d8f09f302618446a526b\"},\"breadcrumb\":{\"@id\":\"https:\/\/www.diario21.tv\/noticias\/impactante-grave-ajuste-de-cuentas-en-granada-un-herido-con-cuatro-disparos-en-el-hospital\/#breadcrumb\"},\"inLanguage\":\"es-AR\",\"potentialAction\":[{\"@type\":\"ReadAction\",\"target\":[\"https:\/\/www.diario21.tv\/noticias\/impactante-grave-ajuste-de-cuentas-en-granada-un-herido-con-cuatro-disparos-en-el-hospital\/\"]}]},{\"@type\":\"ImageObject\",\"inLanguage\":\"es-AR\",\"@id\":\"https:\/\/www.diario21.tv\/noticias\/impactante-grave-ajuste-de-cuentas-en-granada-un-herido-con-cuatro-disparos-en-el-hospital\/#primaryimage\",\"url\":\"https:\/\/www.diario21.tv\/noticias\/wp-content\/uploads\/2026\/02\/\u00a1Impactante-Grave-ajuste-de-cuentas-en-Granada-un-herido-con.jpg\",\"contentUrl\":\"https:\/\/www.diario21.tv\/noticias\/wp-content\/uploads\/2026\/02\/\u00a1Impactante-Grave-ajuste-de-cuentas-en-Granada-un-herido-con.jpg\",\"width\":1200,\"height\":840,\"caption\":\"Un ajuste de cuentas en Granada acaba con un herido muy grave en el hospital con cuatro disparos\"},{\"@type\":\"BreadcrumbList\",\"@id\":\"https:\/\/www.diario21.tv\/noticias\/impactante-grave-ajuste-de-cuentas-en-granada-un-herido-con-cuatro-disparos-en-el-hospital\/#breadcrumb\",\"itemListElement\":[{\"@type\":\"ListItem\",\"position\":1,\"name\":\"Accueil\",\"item\":\"https:\/\/www.diario21.tv\/noticias\/\"},{\"@type\":\"ListItem\",\"position\":2,\"name\":\"\u00a1Impactante! Grave ajuste de cuentas en Granada: un herido con cuatro disparos en el hospital\"}]},{\"@type\":\"WebSite\",\"@id\":\"https:\/\/www.diario21.tv\/noticias\/#website\",\"url\":\"https:\/\/www.diario21.tv\/noticias\/\",\"name\":\"Diario 21\",\"description\":\"\",\"potentialAction\":[{\"@type\":\"SearchAction\",\"target\":{\"@type\":\"EntryPoint\",\"urlTemplate\":\"https:\/\/www.diario21.tv\/noticias\/?s={search_term_string}\"},\"query-input\":{\"@type\":\"PropertyValueSpecification\",\"valueRequired\":true,\"valueName\":\"search_term_string\"}}],\"inLanguage\":\"es-AR\"},{\"@type\":\"Person\",\"@id\":\"https:\/\/www.diario21.tv\/noticias\/#\/schema\/person\/dfb778f73814d8f09f302618446a526b\",\"name\":\"Juan P\u00e9rez\",\"image\":{\"@type\":\"ImageObject\",\"inLanguage\":\"es-AR\",\"@id\":\"https:\/\/www.diario21.tv\/noticias\/#\/schema\/person\/image\/\",\"url\":\"https:\/\/secure.gravatar.com\/avatar\/c478a405bd10621167f4c3167cc770f5?s=96&d=mm&r=g\",\"contentUrl\":\"https:\/\/secure.gravatar.com\/avatar\/c478a405bd10621167f4c3167cc770f5?s=96&d=mm&r=g\",\"caption\":\"Juan P\u00e9rez\"},\"description\":\"Juan P\u00e9rez es el redactor en jefe de Diario 21. Con m\u00e1s de 10 a\u00f1os de experiencia en el periodismo, se especializa en pol\u00edtica nacional y an\u00e1lisis socioecon\u00f3mico. Su enfoque cr\u00edtico y riguroso aporta una perspectiva \u00fanica a cada art\u00edculo.\",\"sameAs\":[\"https:\/\/www.diario21.tv\/noticias\/\"],\"url\":\"https:\/\/www.diario21.tv\/noticias\/author\/juan-perez\/\"}]}<\/script>\n<!-- \/ Yoast SEO plugin. -->","yoast_head_json":{"title":"\u00a1Impactante! Grave ajuste de cuentas en Granada: un herido con cuatro disparos en el hospital - Diario 21","robots":{"index":"index","follow":"follow","max-snippet":"max-snippet:-1","max-image-preview":"max-image-preview:large","max-video-preview":"max-video-preview:-1"},"canonical":"https:\/\/www.diario21.tv\/noticias\/impactante-grave-ajuste-de-cuentas-en-granada-un-herido-con-cuatro-disparos-en-el-hospital\/","og_locale":"es_ES","og_type":"article","og_title":"\u00a1Impactante! Grave ajuste de cuentas en Granada: un herido con cuatro disparos en el hospital - Diario 21","og_description":"Confrontaci\u00f3n en Granada Resulta en un Herido Cr\u00edtico por Impactos de Bala En un grave incidente en Granada, un hombre ha resultado seriamente herido tras recibir ... Seguir leyendo &rarr;","og_url":"https:\/\/www.diario21.tv\/noticias\/impactante-grave-ajuste-de-cuentas-en-granada-un-herido-con-cuatro-disparos-en-el-hospital\/","og_site_name":"Diario 21","article_published_time":"2026-02-20T16:58:03+00:00","article_modified_time":"2026-02-20T16:58:04+00:00","og_image":[{"width":1200,"height":840,"url":"https:\/\/www.diario21.tv\/noticias\/wp-content\/uploads\/2026\/02\/\u00a1Impactante-Grave-ajuste-de-cuentas-en-Granada-un-herido-con.jpg","type":"image\/jpeg"}],"author":"Juan P\u00e9rez","twitter_card":"summary_large_image","twitter_misc":{"Escrito por":"Juan P\u00e9rez","Tiempo de lectura":"2 minutos"},"schema":{"@context":"https:\/\/schema.org","@graph":[{"@type":"WebPage","@id":"https:\/\/www.diario21.tv\/noticias\/impactante-grave-ajuste-de-cuentas-en-granada-un-herido-con-cuatro-disparos-en-el-hospital\/","url":"https:\/\/www.diario21.tv\/noticias\/impactante-grave-ajuste-de-cuentas-en-granada-un-herido-con-cuatro-disparos-en-el-hospital\/","name":"\u00a1Impactante! Grave ajuste de cuentas en Granada: un herido con cuatro disparos en el hospital - Diario 21","isPartOf":{"@id":"https:\/\/www.diario21.tv\/noticias\/#website"},"primaryImageOfPage":{"@id":"https:\/\/www.diario21.tv\/noticias\/impactante-grave-ajuste-de-cuentas-en-granada-un-herido-con-cuatro-disparos-en-el-hospital\/#primaryimage"},"image":{"@id":"https:\/\/www.diario21.tv\/noticias\/impactante-grave-ajuste-de-cuentas-en-granada-un-herido-con-cuatro-disparos-en-el-hospital\/#primaryimage"},"thumbnailUrl":"https:\/\/www.diario21.tv\/noticias\/wp-content\/uploads\/2026\/02\/\u00a1Impactante-Grave-ajuste-de-cuentas-en-Granada-un-herido-con.jpg","datePublished":"2026-02-20T16:58:03+00:00","dateModified":"2026-02-20T16:58:04+00:00","author":{"@id":"https:\/\/www.diario21.tv\/noticias\/#\/schema\/person\/dfb778f73814d8f09f302618446a526b"},"breadcrumb":{"@id":"https:\/\/www.diario21.tv\/noticias\/impactante-grave-ajuste-de-cuentas-en-granada-un-herido-con-cuatro-disparos-en-el-hospital\/#breadcrumb"},"inLanguage":"es-AR","potentialAction":[{"@type":"ReadAction","target":["https:\/\/www.diario21.tv\/noticias\/impactante-grave-ajuste-de-cuentas-en-granada-un-herido-con-cuatro-disparos-en-el-hospital\/"]}]},{"@type":"ImageObject","inLanguage":"es-AR","@id":"https:\/\/www.diario21.tv\/noticias\/impactante-grave-ajuste-de-cuentas-en-granada-un-herido-con-cuatro-disparos-en-el-hospital\/#primaryimage","url":"https:\/\/www.diario21.tv\/noticias\/wp-content\/uploads\/2026\/02\/\u00a1Impactante-Grave-ajuste-de-cuentas-en-Granada-un-herido-con.jpg","contentUrl":"https:\/\/www.diario21.tv\/noticias\/wp-content\/uploads\/2026\/02\/\u00a1Impactante-Grave-ajuste-de-cuentas-en-Granada-un-herido-con.jpg","width":1200,"height":840,"caption":"Un ajuste de cuentas en Granada acaba con un herido muy grave en el hospital con cuatro disparos"},{"@type":"BreadcrumbList","@id":"https:\/\/www.diario21.tv\/noticias\/impactante-grave-ajuste-de-cuentas-en-granada-un-herido-con-cuatro-disparos-en-el-hospital\/#breadcrumb","itemListElement":[{"@type":"ListItem","position":1,"name":"Accueil","item":"https:\/\/www.diario21.tv\/noticias\/"},{"@type":"ListItem","position":2,"name":"\u00a1Impactante! Grave ajuste de cuentas en Granada: un herido con cuatro disparos en el hospital"}]},{"@type":"WebSite","@id":"https:\/\/www.diario21.tv\/noticias\/#website","url":"https:\/\/www.diario21.tv\/noticias\/","name":"Diario 21","description":"","potentialAction":[{"@type":"SearchAction","target":{"@type":"EntryPoint","urlTemplate":"https:\/\/www.diario21.tv\/noticias\/?s={search_term_string}"},"query-input":{"@type":"PropertyValueSpecification","valueRequired":true,"valueName":"search_term_string"}}],"inLanguage":"es-AR"},{"@type":"Person","@id":"https:\/\/www.diario21.tv\/noticias\/#\/schema\/person\/dfb778f73814d8f09f302618446a526b","name":"Juan P\u00e9rez","image":{"@type":"ImageObject","inLanguage":"es-AR","@id":"https:\/\/www.diario21.tv\/noticias\/#\/schema\/person\/image\/","url":"https:\/\/secure.gravatar.com\/avatar\/c478a405bd10621167f4c3167cc770f5?s=96&d=mm&r=g","contentUrl":"https:\/\/secure.gravatar.com\/avatar\/c478a405bd10621167f4c3167cc770f5?s=96&d=mm&r=g","caption":"Juan P\u00e9rez"},"description":"Juan P\u00e9rez es el redactor en jefe de Diario 21. Con m\u00e1s de 10 a\u00f1os de experiencia en el periodismo, se especializa en pol\u00edtica nacional y an\u00e1lisis socioecon\u00f3mico. Su enfoque cr\u00edtico y riguroso aporta una perspectiva \u00fanica a cada art\u00edculo.","sameAs":["https:\/\/www.diario21.tv\/noticias\/"],"url":"https:\/\/www.diario21.tv\/noticias\/author\/juan-perez\/"}]}},"_links":{"self":[{"href":"https:\/\/www.diario21.tv\/noticias\/wp-json\/wp\/v2\/posts\/6291"}],"collection":[{"href":"https:\/\/www.diario21.tv\/noticias\/wp-json\/wp\/v2\/posts"}],"about":[{"href":"https:\/\/www.diario21.tv\/noticias\/wp-json\/wp\/v2\/types\/post"}],"author":[{"embeddable":true,"href":"https:\/\/www.diario21.tv\/noticias\/wp-json\/wp\/v2\/users\/20"}],"replies":[{"embeddable":true,"href":"https:\/\/www.diario21.tv\/noticias\/wp-json\/wp\/v2\/comments?post=6291"}],"version-history":[{"count":1,"href":"https:\/\/www.diario21.tv\/noticias\/wp-json\/wp\/v2\/posts\/6291\/revisions"}],"predecessor-version":[{"id":6293,"href":"https:\/\/www.diario21.tv\/noticias\/wp-json\/wp\/v2\/posts\/6291\/revisions\/6293"}],"wp:featuredmedia":[{"embeddable":true,"href":"https:\/\/www.diario21.tv\/noticias\/wp-json\/wp\/v2\/media\/6292"}],"wp:attachment":[{"href":"https:\/\/www.diario21.tv\/noticias\/wp-json\/wp\/v2\/media?parent=6291"}],"wp:term":[{"taxonomy":"category","embeddable":true,"href":"https:\/\/www.diario21.tv\/noticias\/wp-json\/wp\/v2\/categories?post=6291"},{"taxonomy":"post_tag","embeddable":true,"href":"https:\/\/www.diario21.tv\/noticias\/wp-json\/wp\/v2\/tags?post=6291"}],"curies":[{"name":"wp","href":"https:\/\/api.w.org\/{rel}","templated":true}]}}