{"id":6288,"date":"2026-02-20T10:55:58","date_gmt":"2026-02-20T10:55:58","guid":{"rendered":"https:\/\/www.diario21.tv\/noticias\/inundacion-record-en-las-tablas-de-daimiel-por-las-borrascas-kristin-leonardo-y-marta\/"},"modified":"2026-02-20T10:55:59","modified_gmt":"2026-02-20T10:55:59","slug":"inundacion-record-en-las-tablas-de-daimiel-por-las-borrascas-kristin-leonardo-y-marta","status":"publish","type":"post","link":"https:\/\/www.diario21.tv\/noticias\/inundacion-record-en-las-tablas-de-daimiel-por-las-borrascas-kristin-leonardo-y-marta\/","title":{"rendered":"Inundaci\u00f3n r\u00e9cord en Las Tablas de Daimiel por las borrascas Kristin, Leonardo y Marta"},"content":{"rendered":"<h2>Inundaciones sin precedentes en Las Tablas de Daimiel tras las tormentas Kristin, Leonardo y Marta<\/h2>\n<p>Las Tablas de Daimiel, un conocido humedal situado en la provincia de Ciudad Real, Espa\u00f1a, ha experimentado recientemente una inundaci\u00f3n hist\u00f3rica. Este fen\u00f3meno natural, que ha llevado el parque a uno de sus mejores momentos en t\u00e9rminos de cantidad de agua acumulada, fue provocado por las consecutivas tormentas nombradas Kristin, Leonardo y Marta.<\/p>\n<h3>Impacto de las tormentas en el ecosistema<\/h3>\n<p>Las continuas y fuertes lluvias aportadas por estas borrascas han tenido un efecto notable en el entorno natural de las Tablas de Daimiel. Este parque nacional, que durante a\u00f1os ha sufrido debido a la escasez de agua y a los problemas derivados de la agricultura intensiva en sus alrededores, se ha visto beneficiado de manera significativa por estas precipitaciones.<\/p>\n<p>El agua acumulada no solo ha ayudado a restaurar el nivel del agua en el humedal, sino que tambi\u00e9n ha contribuido a la revitalizaci\u00f3n de la flora y fauna del \u00e1rea. Especies acu\u00e1ticas y aves que dependen del humedal para su supervivencia ahora gozan de un h\u00e1bitat mucho m\u00e1s saludable y propicio para su desarrollo.<\/p>\n<h3>Reacciones de la comunidad y expertos<\/h3>\n<p>La comunidad local y los expertos en medio ambiente han recibido estas noticias con gran entusiasmo. Muchos consideran que esta inundaci\u00f3n podr\u00eda ser un punto de inflexi\u00f3n para la recuperaci\u00f3n a largo plazo de Las Tablas de Daimiel. Sin embargo, tambi\u00e9n hay preocupaciones sobre c\u00f3mo gestionar de manera sostenible este recurso natural.<\/p>\n<p>Las autoridades y organismos encargados de la conservaci\u00f3n del parque est\u00e1n evaluando las mejores estrategias para asegurar que el agua se mantenga en el humedal, evitando que se repitan los periodos de sequ\u00eda que tanto han da\u00f1ado este ecosistema en el pasado.<\/p>\n<h3>Conclusiones y expectativas futuras<\/h3>\n<p>Aunque la situaci\u00f3n actual es muy favorable, los especialistas advierten que es esencial mantener una gesti\u00f3n cuidadosa y considerada del agua y del entorno natural. La esperanza es que este evento sirva como un recordatorio de la importancia de Las Tablas de Daimiel, no solo como un santuario para la biodiversidad, sino tambi\u00e9n como un s\u00edmbolo de la interacci\u00f3n entre la naturaleza y la actividad humana.<\/p>\n<p>En resumen, las recientes inundaciones han tra\u00eddo un respiro muy necesario a Las Tablas de Daimiel, ofreciendo una oportunidad para que el parque se recupere y florezca nuevamente. La comunidad cient\u00edfica y los residentes locales permanecen atentos y optimistas ante las perspectivas de un futuro m\u00e1s verde y sustentable para este valioso ecosistema.<\/p>\n\n\n<div class=\"kk-star-ratings kksr-auto kksr-align-left kksr-valign-bottom\"\n    data-payload='{&quot;align&quot;:&quot;left&quot;,&quot;id&quot;:&quot;6288&quot;,&quot;slug&quot;:&quot;default&quot;,&quot;valign&quot;:&quot;bottom&quot;,&quot;ignore&quot;:&quot;&quot;,&quot;reference&quot;:&quot;auto&quot;,&quot;class&quot;:&quot;&quot;,&quot;count&quot;:&quot;0&quot;,&quot;legendonly&quot;:&quot;&quot;,&quot;readonly&quot;:&quot;&quot;,&quot;score&quot;:&quot;0&quot;,&quot;starsonly&quot;:&quot;&quot;,&quot;best&quot;:&quot;5&quot;,&quot;gap&quot;:&quot;5&quot;,&quot;greet&quot;:&quot;Valora este post&quot;,&quot;legend&quot;:&quot;0\\\/5 - (0 votes)&quot;,&quot;size&quot;:&quot;22&quot;,&quot;title&quot;:&quot;Inundaci\u00f3n r\u00e9cord en Las Tablas de Daimiel por las borrascas Kristin, Leonardo y Marta&quot;,&quot;width&quot;:&quot;0&quot;,&quot;_legend&quot;:&quot;{score}\\\/{best} - ({count} {votes})&quot;,&quot;font_factor&quot;:&quot;1.25&quot;}'>\n            \n<div class=\"kksr-stars\">\n    \n<div class=\"kksr-stars-inactive\">\n            <div class=\"kksr-star\" data-star=\"1\" style=\"padding-right: 5px\">\n            \n\n<div class=\"kksr-icon\" style=\"width: 22px; height: 22px;\"><\/div>\n        <\/div>\n            <div class=\"kksr-star\" data-star=\"2\" style=\"padding-right: 5px\">\n            \n\n<div class=\"kksr-icon\" style=\"width: 22px; height: 22px;\"><\/div>\n        <\/div>\n            <div class=\"kksr-star\" data-star=\"3\" style=\"padding-right: 5px\">\n            \n\n<div class=\"kksr-icon\" style=\"width: 22px; height: 22px;\"><\/div>\n        <\/div>\n            <div class=\"kksr-star\" data-star=\"4\" style=\"padding-right: 5px\">\n            \n\n<div class=\"kksr-icon\" style=\"width: 22px; height: 22px;\"><\/div>\n        <\/div>\n            <div class=\"kksr-star\" data-star=\"5\" style=\"padding-right: 5px\">\n            \n\n<div class=\"kksr-icon\" style=\"width: 22px; height: 22px;\"><\/div>\n        <\/div>\n    <\/div>\n    \n<div class=\"kksr-stars-active\" style=\"width: 0px;\">\n            <div class=\"kksr-star\" style=\"padding-right: 5px\">\n            \n\n<div class=\"kksr-icon\" style=\"width: 22px; height: 22px;\"><\/div>\n        <\/div>\n            <div class=\"kksr-star\" style=\"padding-right: 5px\">\n            \n\n<div class=\"kksr-icon\" style=\"width: 22px; height: 22px;\"><\/div>\n        <\/div>\n            <div class=\"kksr-star\" style=\"padding-right: 5px\">\n            \n\n<div class=\"kksr-icon\" style=\"width: 22px; height: 22px;\"><\/div>\n        <\/div>\n            <div class=\"kksr-star\" style=\"padding-right: 5px\">\n            \n\n<div class=\"kksr-icon\" style=\"width: 22px; height: 22px;\"><\/div>\n        <\/div>\n            <div class=\"kksr-star\" style=\"padding-right: 5px\">\n            \n\n<div class=\"kksr-icon\" style=\"width: 22px; height: 22px;\"><\/div>\n        <\/div>\n    <\/div>\n<\/div>\n                \n\n<div class=\"kksr-legend\" style=\"font-size: 17.6px;\">\n            <span class=\"kksr-muted\">Valora este post<\/span>\n    <\/div>\n    <\/div>\n","protected":false},"excerpt":{"rendered":"<p>Inundaciones sin precedentes en Las Tablas de Daimiel tras las tormentas Kristin, Leonardo y Marta Las Tablas de Daimiel, un conocido humedal situado en la provincia &#8230; <a title=\"Inundaci\u00f3n r\u00e9cord en Las Tablas de Daimiel por las borrascas Kristin, Leonardo y Marta\" class=\"read-more\" href=\"https:\/\/www.diario21.tv\/noticias\/inundacion-record-en-las-tablas-de-daimiel-por-las-borrascas-kristin-leonardo-y-marta\/\" aria-label=\"Leer m\u00e1s sobre Inundaci\u00f3n r\u00e9cord en Las Tablas de Daimiel por las borrascas Kristin, Leonardo y Marta\">Seguir leyendo &rarr;<\/a><\/p>\n","protected":false},"author":20,"featured_media":6289,"comment_status":"open","ping_status":"open","sticky":false,"template":"","format":"standard","meta":{"footnotes":""},"categories":[13],"tags":[],"class_list":["post-6288","post","type-post","status-publish","format-standard","has-post-thumbnail","hentry","category-portada"],"yoast_head":"<!-- This site is optimized with the Yoast SEO plugin v25.6 - https:\/\/yoast.com\/wordpress\/plugins\/seo\/ -->\n<title>Inundaci\u00f3n r\u00e9cord en Las Tablas de Daimiel por las borrascas Kristin, Leonardo y Marta - Diario 21<\/title>\n<meta name=\"robots\" content=\"index, follow, max-snippet:-1, max-image-preview:large, max-video-preview:-1\" \/>\n<link rel=\"canonical\" href=\"https:\/\/www.diario21.tv\/noticias\/inundacion-record-en-las-tablas-de-daimiel-por-las-borrascas-kristin-leonardo-y-marta\/\" \/>\n<meta property=\"og:locale\" content=\"es_ES\" \/>\n<meta property=\"og:type\" content=\"article\" \/>\n<meta property=\"og:title\" content=\"Inundaci\u00f3n r\u00e9cord en Las Tablas de Daimiel por las borrascas Kristin, Leonardo y Marta - Diario 21\" \/>\n<meta property=\"og:description\" content=\"Inundaciones sin precedentes en Las Tablas de Daimiel tras las tormentas Kristin, Leonardo y Marta Las Tablas de Daimiel, un conocido humedal situado en la provincia ... Seguir leyendo &rarr;\" \/>\n<meta property=\"og:url\" content=\"https:\/\/www.diario21.tv\/noticias\/inundacion-record-en-las-tablas-de-daimiel-por-las-borrascas-kristin-leonardo-y-marta\/\" \/>\n<meta property=\"og:site_name\" content=\"Diario 21\" \/>\n<meta property=\"article:published_time\" content=\"2026-02-20T10:55:58+00:00\" \/>\n<meta property=\"article:modified_time\" content=\"2026-02-20T10:55:59+00:00\" \/>\n<meta property=\"og:image\" content=\"https:\/\/www.diario21.tv\/noticias\/wp-content\/uploads\/2026\/02\/Inundacion-record-en-Las-Tablas-de-Daimiel-por-las-borrascas.jpg\" \/>\n\t<meta property=\"og:image:width\" content=\"1200\" \/>\n\t<meta property=\"og:image:height\" content=\"840\" \/>\n\t<meta property=\"og:image:type\" content=\"image\/jpeg\" \/>\n<meta name=\"author\" content=\"Juan P\u00e9rez\" \/>\n<meta name=\"twitter:card\" content=\"summary_large_image\" \/>\n<meta name=\"twitter:label1\" content=\"Escrito por\" \/>\n\t<meta name=\"twitter:data1\" content=\"Juan P\u00e9rez\" \/>\n\t<meta name=\"twitter:label2\" content=\"Tiempo de lectura\" \/>\n\t<meta name=\"twitter:data2\" content=\"2 minutos\" \/>\n<script type=\"application\/ld+json\" class=\"yoast-schema-graph\">{\"@context\":\"https:\/\/schema.org\",\"@graph\":[{\"@type\":\"WebPage\",\"@id\":\"https:\/\/www.diario21.tv\/noticias\/inundacion-record-en-las-tablas-de-daimiel-por-las-borrascas-kristin-leonardo-y-marta\/\",\"url\":\"https:\/\/www.diario21.tv\/noticias\/inundacion-record-en-las-tablas-de-daimiel-por-las-borrascas-kristin-leonardo-y-marta\/\",\"name\":\"Inundaci\u00f3n r\u00e9cord en Las Tablas de Daimiel por las borrascas Kristin, Leonardo y Marta - Diario 21\",\"isPartOf\":{\"@id\":\"https:\/\/www.diario21.tv\/noticias\/#website\"},\"primaryImageOfPage\":{\"@id\":\"https:\/\/www.diario21.tv\/noticias\/inundacion-record-en-las-tablas-de-daimiel-por-las-borrascas-kristin-leonardo-y-marta\/#primaryimage\"},\"image\":{\"@id\":\"https:\/\/www.diario21.tv\/noticias\/inundacion-record-en-las-tablas-de-daimiel-por-las-borrascas-kristin-leonardo-y-marta\/#primaryimage\"},\"thumbnailUrl\":\"https:\/\/www.diario21.tv\/noticias\/wp-content\/uploads\/2026\/02\/Inundacion-record-en-Las-Tablas-de-Daimiel-por-las-borrascas.jpg\",\"datePublished\":\"2026-02-20T10:55:58+00:00\",\"dateModified\":\"2026-02-20T10:55:59+00:00\",\"author\":{\"@id\":\"https:\/\/www.diario21.tv\/noticias\/#\/schema\/person\/dfb778f73814d8f09f302618446a526b\"},\"breadcrumb\":{\"@id\":\"https:\/\/www.diario21.tv\/noticias\/inundacion-record-en-las-tablas-de-daimiel-por-las-borrascas-kristin-leonardo-y-marta\/#breadcrumb\"},\"inLanguage\":\"es-AR\",\"potentialAction\":[{\"@type\":\"ReadAction\",\"target\":[\"https:\/\/www.diario21.tv\/noticias\/inundacion-record-en-las-tablas-de-daimiel-por-las-borrascas-kristin-leonardo-y-marta\/\"]}]},{\"@type\":\"ImageObject\",\"inLanguage\":\"es-AR\",\"@id\":\"https:\/\/www.diario21.tv\/noticias\/inundacion-record-en-las-tablas-de-daimiel-por-las-borrascas-kristin-leonardo-y-marta\/#primaryimage\",\"url\":\"https:\/\/www.diario21.tv\/noticias\/wp-content\/uploads\/2026\/02\/Inundacion-record-en-Las-Tablas-de-Daimiel-por-las-borrascas.jpg\",\"contentUrl\":\"https:\/\/www.diario21.tv\/noticias\/wp-content\/uploads\/2026\/02\/Inundacion-record-en-Las-Tablas-de-Daimiel-por-las-borrascas.jpg\",\"width\":1200,\"height\":840,\"caption\":\"Inundaci\u00f3n hist\u00f3rica de Las Tablas de Daimiel gracias a las borrascas Kristin, Leonardo y Marta\"},{\"@type\":\"BreadcrumbList\",\"@id\":\"https:\/\/www.diario21.tv\/noticias\/inundacion-record-en-las-tablas-de-daimiel-por-las-borrascas-kristin-leonardo-y-marta\/#breadcrumb\",\"itemListElement\":[{\"@type\":\"ListItem\",\"position\":1,\"name\":\"Accueil\",\"item\":\"https:\/\/www.diario21.tv\/noticias\/\"},{\"@type\":\"ListItem\",\"position\":2,\"name\":\"Inundaci\u00f3n r\u00e9cord en Las Tablas de Daimiel por las borrascas Kristin, Leonardo y Marta\"}]},{\"@type\":\"WebSite\",\"@id\":\"https:\/\/www.diario21.tv\/noticias\/#website\",\"url\":\"https:\/\/www.diario21.tv\/noticias\/\",\"name\":\"Diario 21\",\"description\":\"\",\"potentialAction\":[{\"@type\":\"SearchAction\",\"target\":{\"@type\":\"EntryPoint\",\"urlTemplate\":\"https:\/\/www.diario21.tv\/noticias\/?s={search_term_string}\"},\"query-input\":{\"@type\":\"PropertyValueSpecification\",\"valueRequired\":true,\"valueName\":\"search_term_string\"}}],\"inLanguage\":\"es-AR\"},{\"@type\":\"Person\",\"@id\":\"https:\/\/www.diario21.tv\/noticias\/#\/schema\/person\/dfb778f73814d8f09f302618446a526b\",\"name\":\"Juan P\u00e9rez\",\"image\":{\"@type\":\"ImageObject\",\"inLanguage\":\"es-AR\",\"@id\":\"https:\/\/www.diario21.tv\/noticias\/#\/schema\/person\/image\/\",\"url\":\"https:\/\/secure.gravatar.com\/avatar\/c478a405bd10621167f4c3167cc770f5?s=96&d=mm&r=g\",\"contentUrl\":\"https:\/\/secure.gravatar.com\/avatar\/c478a405bd10621167f4c3167cc770f5?s=96&d=mm&r=g\",\"caption\":\"Juan P\u00e9rez\"},\"description\":\"Juan P\u00e9rez es el redactor en jefe de Diario 21. Con m\u00e1s de 10 a\u00f1os de experiencia en el periodismo, se especializa en pol\u00edtica nacional y an\u00e1lisis socioecon\u00f3mico. Su enfoque cr\u00edtico y riguroso aporta una perspectiva \u00fanica a cada art\u00edculo.\",\"sameAs\":[\"https:\/\/www.diario21.tv\/noticias\/\"],\"url\":\"https:\/\/www.diario21.tv\/noticias\/author\/juan-perez\/\"}]}<\/script>\n<!-- \/ Yoast SEO plugin. -->","yoast_head_json":{"title":"Inundaci\u00f3n r\u00e9cord en Las Tablas de Daimiel por las borrascas Kristin, Leonardo y Marta - Diario 21","robots":{"index":"index","follow":"follow","max-snippet":"max-snippet:-1","max-image-preview":"max-image-preview:large","max-video-preview":"max-video-preview:-1"},"canonical":"https:\/\/www.diario21.tv\/noticias\/inundacion-record-en-las-tablas-de-daimiel-por-las-borrascas-kristin-leonardo-y-marta\/","og_locale":"es_ES","og_type":"article","og_title":"Inundaci\u00f3n r\u00e9cord en Las Tablas de Daimiel por las borrascas Kristin, Leonardo y Marta - Diario 21","og_description":"Inundaciones sin precedentes en Las Tablas de Daimiel tras las tormentas Kristin, Leonardo y Marta Las Tablas de Daimiel, un conocido humedal situado en la provincia ... Seguir leyendo &rarr;","og_url":"https:\/\/www.diario21.tv\/noticias\/inundacion-record-en-las-tablas-de-daimiel-por-las-borrascas-kristin-leonardo-y-marta\/","og_site_name":"Diario 21","article_published_time":"2026-02-20T10:55:58+00:00","article_modified_time":"2026-02-20T10:55:59+00:00","og_image":[{"width":1200,"height":840,"url":"https:\/\/www.diario21.tv\/noticias\/wp-content\/uploads\/2026\/02\/Inundacion-record-en-Las-Tablas-de-Daimiel-por-las-borrascas.jpg","type":"image\/jpeg"}],"author":"Juan P\u00e9rez","twitter_card":"summary_large_image","twitter_misc":{"Escrito por":"Juan P\u00e9rez","Tiempo de lectura":"2 minutos"},"schema":{"@context":"https:\/\/schema.org","@graph":[{"@type":"WebPage","@id":"https:\/\/www.diario21.tv\/noticias\/inundacion-record-en-las-tablas-de-daimiel-por-las-borrascas-kristin-leonardo-y-marta\/","url":"https:\/\/www.diario21.tv\/noticias\/inundacion-record-en-las-tablas-de-daimiel-por-las-borrascas-kristin-leonardo-y-marta\/","name":"Inundaci\u00f3n r\u00e9cord en Las Tablas de Daimiel por las borrascas Kristin, Leonardo y Marta - Diario 21","isPartOf":{"@id":"https:\/\/www.diario21.tv\/noticias\/#website"},"primaryImageOfPage":{"@id":"https:\/\/www.diario21.tv\/noticias\/inundacion-record-en-las-tablas-de-daimiel-por-las-borrascas-kristin-leonardo-y-marta\/#primaryimage"},"image":{"@id":"https:\/\/www.diario21.tv\/noticias\/inundacion-record-en-las-tablas-de-daimiel-por-las-borrascas-kristin-leonardo-y-marta\/#primaryimage"},"thumbnailUrl":"https:\/\/www.diario21.tv\/noticias\/wp-content\/uploads\/2026\/02\/Inundacion-record-en-Las-Tablas-de-Daimiel-por-las-borrascas.jpg","datePublished":"2026-02-20T10:55:58+00:00","dateModified":"2026-02-20T10:55:59+00:00","author":{"@id":"https:\/\/www.diario21.tv\/noticias\/#\/schema\/person\/dfb778f73814d8f09f302618446a526b"},"breadcrumb":{"@id":"https:\/\/www.diario21.tv\/noticias\/inundacion-record-en-las-tablas-de-daimiel-por-las-borrascas-kristin-leonardo-y-marta\/#breadcrumb"},"inLanguage":"es-AR","potentialAction":[{"@type":"ReadAction","target":["https:\/\/www.diario21.tv\/noticias\/inundacion-record-en-las-tablas-de-daimiel-por-las-borrascas-kristin-leonardo-y-marta\/"]}]},{"@type":"ImageObject","inLanguage":"es-AR","@id":"https:\/\/www.diario21.tv\/noticias\/inundacion-record-en-las-tablas-de-daimiel-por-las-borrascas-kristin-leonardo-y-marta\/#primaryimage","url":"https:\/\/www.diario21.tv\/noticias\/wp-content\/uploads\/2026\/02\/Inundacion-record-en-Las-Tablas-de-Daimiel-por-las-borrascas.jpg","contentUrl":"https:\/\/www.diario21.tv\/noticias\/wp-content\/uploads\/2026\/02\/Inundacion-record-en-Las-Tablas-de-Daimiel-por-las-borrascas.jpg","width":1200,"height":840,"caption":"Inundaci\u00f3n hist\u00f3rica de Las Tablas de Daimiel gracias a las borrascas Kristin, Leonardo y Marta"},{"@type":"BreadcrumbList","@id":"https:\/\/www.diario21.tv\/noticias\/inundacion-record-en-las-tablas-de-daimiel-por-las-borrascas-kristin-leonardo-y-marta\/#breadcrumb","itemListElement":[{"@type":"ListItem","position":1,"name":"Accueil","item":"https:\/\/www.diario21.tv\/noticias\/"},{"@type":"ListItem","position":2,"name":"Inundaci\u00f3n r\u00e9cord en Las Tablas de Daimiel por las borrascas Kristin, Leonardo y Marta"}]},{"@type":"WebSite","@id":"https:\/\/www.diario21.tv\/noticias\/#website","url":"https:\/\/www.diario21.tv\/noticias\/","name":"Diario 21","description":"","potentialAction":[{"@type":"SearchAction","target":{"@type":"EntryPoint","urlTemplate":"https:\/\/www.diario21.tv\/noticias\/?s={search_term_string}"},"query-input":{"@type":"PropertyValueSpecification","valueRequired":true,"valueName":"search_term_string"}}],"inLanguage":"es-AR"},{"@type":"Person","@id":"https:\/\/www.diario21.tv\/noticias\/#\/schema\/person\/dfb778f73814d8f09f302618446a526b","name":"Juan P\u00e9rez","image":{"@type":"ImageObject","inLanguage":"es-AR","@id":"https:\/\/www.diario21.tv\/noticias\/#\/schema\/person\/image\/","url":"https:\/\/secure.gravatar.com\/avatar\/c478a405bd10621167f4c3167cc770f5?s=96&d=mm&r=g","contentUrl":"https:\/\/secure.gravatar.com\/avatar\/c478a405bd10621167f4c3167cc770f5?s=96&d=mm&r=g","caption":"Juan P\u00e9rez"},"description":"Juan P\u00e9rez es el redactor en jefe de Diario 21. Con m\u00e1s de 10 a\u00f1os de experiencia en el periodismo, se especializa en pol\u00edtica nacional y an\u00e1lisis socioecon\u00f3mico. Su enfoque cr\u00edtico y riguroso aporta una perspectiva \u00fanica a cada art\u00edculo.","sameAs":["https:\/\/www.diario21.tv\/noticias\/"],"url":"https:\/\/www.diario21.tv\/noticias\/author\/juan-perez\/"}]}},"_links":{"self":[{"href":"https:\/\/www.diario21.tv\/noticias\/wp-json\/wp\/v2\/posts\/6288"}],"collection":[{"href":"https:\/\/www.diario21.tv\/noticias\/wp-json\/wp\/v2\/posts"}],"about":[{"href":"https:\/\/www.diario21.tv\/noticias\/wp-json\/wp\/v2\/types\/post"}],"author":[{"embeddable":true,"href":"https:\/\/www.diario21.tv\/noticias\/wp-json\/wp\/v2\/users\/20"}],"replies":[{"embeddable":true,"href":"https:\/\/www.diario21.tv\/noticias\/wp-json\/wp\/v2\/comments?post=6288"}],"version-history":[{"count":1,"href":"https:\/\/www.diario21.tv\/noticias\/wp-json\/wp\/v2\/posts\/6288\/revisions"}],"predecessor-version":[{"id":6290,"href":"https:\/\/www.diario21.tv\/noticias\/wp-json\/wp\/v2\/posts\/6288\/revisions\/6290"}],"wp:featuredmedia":[{"embeddable":true,"href":"https:\/\/www.diario21.tv\/noticias\/wp-json\/wp\/v2\/media\/6289"}],"wp:attachment":[{"href":"https:\/\/www.diario21.tv\/noticias\/wp-json\/wp\/v2\/media?parent=6288"}],"wp:term":[{"taxonomy":"category","embeddable":true,"href":"https:\/\/www.diario21.tv\/noticias\/wp-json\/wp\/v2\/categories?post=6288"},{"taxonomy":"post_tag","embeddable":true,"href":"https:\/\/www.diario21.tv\/noticias\/wp-json\/wp\/v2\/tags?post=6288"}],"curies":[{"name":"wp","href":"https:\/\/api.w.org\/{rel}","templated":true}]}}