{"id":6279,"date":"2026-02-19T16:51:37","date_gmt":"2026-02-19T16:51:37","guid":{"rendered":"https:\/\/www.diario21.tv\/noticias\/antonio-aceituno-revela-precio-de-luz-en-espana-podria-caer-bajo-10e-en-abril\/"},"modified":"2026-02-19T16:51:38","modified_gmt":"2026-02-19T16:51:38","slug":"antonio-aceituno-revela-precio-de-luz-en-espana-podria-caer-bajo-10e-en-abril","status":"publish","type":"post","link":"https:\/\/www.diario21.tv\/noticias\/antonio-aceituno-revela-precio-de-luz-en-espana-podria-caer-bajo-10e-en-abril\/","title":{"rendered":"Antonio Aceituno revela: Precio de luz en Espa\u00f1a podr\u00eda caer bajo 10\u20ac en abril"},"content":{"rendered":"<h2>Antonio Aceituno Analiza el Mercado Energ\u00e9tico<\/h2>\n<p>Antonio Aceituno, conocido analista en el sector energ\u00e9tico, ha compartido recientemente sus perspectivas respecto a los precios de la electricidad en Espa\u00f1a. Seg\u00fan Aceituno, existe una posibilidad significativa de que los costos de la luz experimenten una notable reducci\u00f3n, llegando a situarse por debajo de los diez euros durante el mes de abril, lo que representar\u00eda un m\u00ednimo hist\u00f3rico para este per\u00edodo del a\u00f1o.<\/p>\n<h3>Predicciones Optimistas para el Mercado Energ\u00e9tico<\/h3>\n<p>Aceituno basa su optimismo en varios factores clave que est\u00e1n influyendo en el mercado actual. Uno de los principales es la integraci\u00f3n creciente de fuentes de energ\u00eda renovable en el sistema energ\u00e9tico nacional. Este aumento en la generaci\u00f3n de energ\u00eda a partir de recursos como el sol y el viento reduce la dependencia de combustibles f\u00f3siles, cuyos precios son m\u00e1s vol\u00e1tiles y suelen incrementar el costo de la electricidad.<\/p>\n<p>Adem\u00e1s, Antonio menciona la mejora en la eficiencia de la red el\u00e9ctrica y las pol\u00edticas gubernamentales que favorecen una mayor competencia en el mercado. Estas medidas est\u00e1n dise\u00f1adas para fomentar una reducci\u00f3n en los precios al consumidor final, promoviendo al mismo tiempo una econom\u00eda m\u00e1s verde y sustentable.<\/p>\n<h3>Impacto en los Consumidores y la Econom\u00eda<\/h3>\n<p>La posible disminuci\u00f3n en el precio de la luz no solo ser\u00eda una buena noticia para los hogares espa\u00f1oles, sino tambi\u00e9n para la econom\u00eda en general. Un costo menor en la electricidad puede traducirse en ahorros significativos para las familias y empresas, lo que a su vez podr\u00eda incentivar el consumo y la inversi\u00f3n en otros sectores.<\/p>\n<p>Aceituno tambi\u00e9n se\u00f1ala que esta tendencia hacia precios m\u00e1s bajos en la energ\u00eda el\u00e9ctrica es un reflejo del compromiso del pa\u00eds con la transici\u00f3n energ\u00e9tica hacia fuentes m\u00e1s limpias y eficientes. Este cambio no solo tiene implicaciones econ\u00f3micas, sino tambi\u00e9n ambientales, contribuyendo a la lucha contra el cambio clim\u00e1tico al reducir las emisiones de carbono.<\/p>\n<p>En conclusi\u00f3n, las declaraciones de Antonio Aceituno sugieren un futuro prometedor para el mercado energ\u00e9tico espa\u00f1ol, donde los avances tecnol\u00f3gicos y las pol\u00edticas adecuadas podr\u00edan continuar presionando los precios hacia abajo. Esto no solo aliviar\u00eda la carga financiera de muchos consumidores, sino que tambi\u00e9n marcar\u00eda un avance significativo en los esfuerzos del pa\u00eds por adoptar un modelo energ\u00e9tico m\u00e1s sostenible.<\/p>\n\n\n<div class=\"kk-star-ratings kksr-auto kksr-align-left kksr-valign-bottom\"\n    data-payload='{&quot;align&quot;:&quot;left&quot;,&quot;id&quot;:&quot;6279&quot;,&quot;slug&quot;:&quot;default&quot;,&quot;valign&quot;:&quot;bottom&quot;,&quot;ignore&quot;:&quot;&quot;,&quot;reference&quot;:&quot;auto&quot;,&quot;class&quot;:&quot;&quot;,&quot;count&quot;:&quot;0&quot;,&quot;legendonly&quot;:&quot;&quot;,&quot;readonly&quot;:&quot;&quot;,&quot;score&quot;:&quot;0&quot;,&quot;starsonly&quot;:&quot;&quot;,&quot;best&quot;:&quot;5&quot;,&quot;gap&quot;:&quot;5&quot;,&quot;greet&quot;:&quot;Valora este post&quot;,&quot;legend&quot;:&quot;0\\\/5 - (0 votes)&quot;,&quot;size&quot;:&quot;22&quot;,&quot;title&quot;:&quot;Antonio Aceituno revela: Precio de luz en Espa\u00f1a podr\u00eda caer bajo 10\u20ac en abril&quot;,&quot;width&quot;:&quot;0&quot;,&quot;_legend&quot;:&quot;{score}\\\/{best} - ({count} {votes})&quot;,&quot;font_factor&quot;:&quot;1.25&quot;}'>\n            \n<div class=\"kksr-stars\">\n    \n<div class=\"kksr-stars-inactive\">\n            <div class=\"kksr-star\" data-star=\"1\" style=\"padding-right: 5px\">\n            \n\n<div class=\"kksr-icon\" style=\"width: 22px; height: 22px;\"><\/div>\n        <\/div>\n            <div class=\"kksr-star\" data-star=\"2\" style=\"padding-right: 5px\">\n            \n\n<div class=\"kksr-icon\" style=\"width: 22px; height: 22px;\"><\/div>\n        <\/div>\n            <div class=\"kksr-star\" data-star=\"3\" style=\"padding-right: 5px\">\n            \n\n<div class=\"kksr-icon\" style=\"width: 22px; height: 22px;\"><\/div>\n        <\/div>\n            <div class=\"kksr-star\" data-star=\"4\" style=\"padding-right: 5px\">\n            \n\n<div class=\"kksr-icon\" style=\"width: 22px; height: 22px;\"><\/div>\n        <\/div>\n            <div class=\"kksr-star\" data-star=\"5\" style=\"padding-right: 5px\">\n            \n\n<div class=\"kksr-icon\" style=\"width: 22px; height: 22px;\"><\/div>\n        <\/div>\n    <\/div>\n    \n<div class=\"kksr-stars-active\" style=\"width: 0px;\">\n            <div class=\"kksr-star\" style=\"padding-right: 5px\">\n            \n\n<div class=\"kksr-icon\" style=\"width: 22px; height: 22px;\"><\/div>\n        <\/div>\n            <div class=\"kksr-star\" style=\"padding-right: 5px\">\n            \n\n<div class=\"kksr-icon\" style=\"width: 22px; height: 22px;\"><\/div>\n        <\/div>\n            <div class=\"kksr-star\" style=\"padding-right: 5px\">\n            \n\n<div class=\"kksr-icon\" style=\"width: 22px; height: 22px;\"><\/div>\n        <\/div>\n            <div class=\"kksr-star\" style=\"padding-right: 5px\">\n            \n\n<div class=\"kksr-icon\" style=\"width: 22px; height: 22px;\"><\/div>\n        <\/div>\n            <div class=\"kksr-star\" style=\"padding-right: 5px\">\n            \n\n<div class=\"kksr-icon\" style=\"width: 22px; height: 22px;\"><\/div>\n        <\/div>\n    <\/div>\n<\/div>\n                \n\n<div class=\"kksr-legend\" style=\"font-size: 17.6px;\">\n            <span class=\"kksr-muted\">Valora este post<\/span>\n    <\/div>\n    <\/div>\n","protected":false},"excerpt":{"rendered":"<p>Antonio Aceituno Analiza el Mercado Energ\u00e9tico Antonio Aceituno, conocido analista en el sector energ\u00e9tico, ha compartido recientemente sus perspectivas respecto a los precios de la electricidad &#8230; <a title=\"Antonio Aceituno revela: Precio de luz en Espa\u00f1a podr\u00eda caer bajo 10\u20ac en abril\" class=\"read-more\" href=\"https:\/\/www.diario21.tv\/noticias\/antonio-aceituno-revela-precio-de-luz-en-espana-podria-caer-bajo-10e-en-abril\/\" aria-label=\"Leer m\u00e1s sobre Antonio Aceituno revela: Precio de luz en Espa\u00f1a podr\u00eda caer bajo 10\u20ac en abril\">Seguir leyendo &rarr;<\/a><\/p>\n","protected":false},"author":20,"featured_media":6280,"comment_status":"open","ping_status":"open","sticky":false,"template":"","format":"standard","meta":{"footnotes":""},"categories":[13],"tags":[],"class_list":["post-6279","post","type-post","status-publish","format-standard","has-post-thumbnail","hentry","category-portada"],"yoast_head":"<!-- This site is optimized with the Yoast SEO plugin v25.6 - https:\/\/yoast.com\/wordpress\/plugins\/seo\/ -->\n<title>Antonio Aceituno revela: Precio de luz en Espa\u00f1a podr\u00eda caer bajo 10\u20ac en abril - Diario 21<\/title>\n<meta name=\"robots\" content=\"index, follow, max-snippet:-1, max-image-preview:large, max-video-preview:-1\" \/>\n<link rel=\"canonical\" href=\"https:\/\/www.diario21.tv\/noticias\/antonio-aceituno-revela-precio-de-luz-en-espana-podria-caer-bajo-10e-en-abril\/\" \/>\n<meta property=\"og:locale\" content=\"es_ES\" \/>\n<meta property=\"og:type\" content=\"article\" \/>\n<meta property=\"og:title\" content=\"Antonio Aceituno revela: Precio de luz en Espa\u00f1a podr\u00eda caer bajo 10\u20ac en abril - Diario 21\" \/>\n<meta property=\"og:description\" content=\"Antonio Aceituno Analiza el Mercado Energ\u00e9tico Antonio Aceituno, conocido analista en el sector energ\u00e9tico, ha compartido recientemente sus perspectivas respecto a los precios de la electricidad ... Seguir leyendo &rarr;\" \/>\n<meta property=\"og:url\" content=\"https:\/\/www.diario21.tv\/noticias\/antonio-aceituno-revela-precio-de-luz-en-espana-podria-caer-bajo-10e-en-abril\/\" \/>\n<meta property=\"og:site_name\" content=\"Diario 21\" \/>\n<meta property=\"article:published_time\" content=\"2026-02-19T16:51:37+00:00\" \/>\n<meta property=\"article:modified_time\" content=\"2026-02-19T16:51:38+00:00\" \/>\n<meta property=\"og:image\" content=\"https:\/\/www.diario21.tv\/noticias\/wp-content\/uploads\/2026\/02\/Antonio-Aceituno-revela-Precio-de-luz-en-Espana-podria-caer.jpg\" \/>\n\t<meta property=\"og:image:width\" content=\"1200\" \/>\n\t<meta property=\"og:image:height\" content=\"840\" \/>\n\t<meta property=\"og:image:type\" content=\"image\/jpeg\" \/>\n<meta name=\"author\" content=\"Juan P\u00e9rez\" \/>\n<meta name=\"twitter:card\" content=\"summary_large_image\" \/>\n<meta name=\"twitter:label1\" content=\"Escrito por\" \/>\n\t<meta name=\"twitter:data1\" content=\"Juan P\u00e9rez\" \/>\n\t<meta name=\"twitter:label2\" content=\"Tiempo de lectura\" \/>\n\t<meta name=\"twitter:data2\" content=\"2 minutos\" \/>\n<script type=\"application\/ld+json\" class=\"yoast-schema-graph\">{\"@context\":\"https:\/\/schema.org\",\"@graph\":[{\"@type\":\"WebPage\",\"@id\":\"https:\/\/www.diario21.tv\/noticias\/antonio-aceituno-revela-precio-de-luz-en-espana-podria-caer-bajo-10e-en-abril\/\",\"url\":\"https:\/\/www.diario21.tv\/noticias\/antonio-aceituno-revela-precio-de-luz-en-espana-podria-caer-bajo-10e-en-abril\/\",\"name\":\"Antonio Aceituno revela: Precio de luz en Espa\u00f1a podr\u00eda caer bajo 10\u20ac en abril - Diario 21\",\"isPartOf\":{\"@id\":\"https:\/\/www.diario21.tv\/noticias\/#website\"},\"primaryImageOfPage\":{\"@id\":\"https:\/\/www.diario21.tv\/noticias\/antonio-aceituno-revela-precio-de-luz-en-espana-podria-caer-bajo-10e-en-abril\/#primaryimage\"},\"image\":{\"@id\":\"https:\/\/www.diario21.tv\/noticias\/antonio-aceituno-revela-precio-de-luz-en-espana-podria-caer-bajo-10e-en-abril\/#primaryimage\"},\"thumbnailUrl\":\"https:\/\/www.diario21.tv\/noticias\/wp-content\/uploads\/2026\/02\/Antonio-Aceituno-revela-Precio-de-luz-en-Espana-podria-caer.jpg\",\"datePublished\":\"2026-02-19T16:51:37+00:00\",\"dateModified\":\"2026-02-19T16:51:38+00:00\",\"author\":{\"@id\":\"https:\/\/www.diario21.tv\/noticias\/#\/schema\/person\/dfb778f73814d8f09f302618446a526b\"},\"breadcrumb\":{\"@id\":\"https:\/\/www.diario21.tv\/noticias\/antonio-aceituno-revela-precio-de-luz-en-espana-podria-caer-bajo-10e-en-abril\/#breadcrumb\"},\"inLanguage\":\"es-AR\",\"potentialAction\":[{\"@type\":\"ReadAction\",\"target\":[\"https:\/\/www.diario21.tv\/noticias\/antonio-aceituno-revela-precio-de-luz-en-espana-podria-caer-bajo-10e-en-abril\/\"]}]},{\"@type\":\"ImageObject\",\"inLanguage\":\"es-AR\",\"@id\":\"https:\/\/www.diario21.tv\/noticias\/antonio-aceituno-revela-precio-de-luz-en-espana-podria-caer-bajo-10e-en-abril\/#primaryimage\",\"url\":\"https:\/\/www.diario21.tv\/noticias\/wp-content\/uploads\/2026\/02\/Antonio-Aceituno-revela-Precio-de-luz-en-Espana-podria-caer.jpg\",\"contentUrl\":\"https:\/\/www.diario21.tv\/noticias\/wp-content\/uploads\/2026\/02\/Antonio-Aceituno-revela-Precio-de-luz-en-Espana-podria-caer.jpg\",\"width\":1200,\"height\":840,\"caption\":\"Antonio Aceituno, analista de mercados energ\u00e9ticos: \u00abEl precio de la luz en Espa\u00f1a podr\u00eda firmar el mes de abril m\u00e1s barato por debajo de diez euros\u00bb\"},{\"@type\":\"BreadcrumbList\",\"@id\":\"https:\/\/www.diario21.tv\/noticias\/antonio-aceituno-revela-precio-de-luz-en-espana-podria-caer-bajo-10e-en-abril\/#breadcrumb\",\"itemListElement\":[{\"@type\":\"ListItem\",\"position\":1,\"name\":\"Accueil\",\"item\":\"https:\/\/www.diario21.tv\/noticias\/\"},{\"@type\":\"ListItem\",\"position\":2,\"name\":\"Antonio Aceituno revela: Precio de luz en Espa\u00f1a podr\u00eda caer bajo 10\u20ac en abril\"}]},{\"@type\":\"WebSite\",\"@id\":\"https:\/\/www.diario21.tv\/noticias\/#website\",\"url\":\"https:\/\/www.diario21.tv\/noticias\/\",\"name\":\"Diario 21\",\"description\":\"\",\"potentialAction\":[{\"@type\":\"SearchAction\",\"target\":{\"@type\":\"EntryPoint\",\"urlTemplate\":\"https:\/\/www.diario21.tv\/noticias\/?s={search_term_string}\"},\"query-input\":{\"@type\":\"PropertyValueSpecification\",\"valueRequired\":true,\"valueName\":\"search_term_string\"}}],\"inLanguage\":\"es-AR\"},{\"@type\":\"Person\",\"@id\":\"https:\/\/www.diario21.tv\/noticias\/#\/schema\/person\/dfb778f73814d8f09f302618446a526b\",\"name\":\"Juan P\u00e9rez\",\"image\":{\"@type\":\"ImageObject\",\"inLanguage\":\"es-AR\",\"@id\":\"https:\/\/www.diario21.tv\/noticias\/#\/schema\/person\/image\/\",\"url\":\"https:\/\/secure.gravatar.com\/avatar\/c478a405bd10621167f4c3167cc770f5?s=96&d=mm&r=g\",\"contentUrl\":\"https:\/\/secure.gravatar.com\/avatar\/c478a405bd10621167f4c3167cc770f5?s=96&d=mm&r=g\",\"caption\":\"Juan P\u00e9rez\"},\"description\":\"Juan P\u00e9rez es el redactor en jefe de Diario 21. Con m\u00e1s de 10 a\u00f1os de experiencia en el periodismo, se especializa en pol\u00edtica nacional y an\u00e1lisis socioecon\u00f3mico. Su enfoque cr\u00edtico y riguroso aporta una perspectiva \u00fanica a cada art\u00edculo.\",\"sameAs\":[\"https:\/\/www.diario21.tv\/noticias\/\"],\"url\":\"https:\/\/www.diario21.tv\/noticias\/author\/juan-perez\/\"}]}<\/script>\n<!-- \/ Yoast SEO plugin. -->","yoast_head_json":{"title":"Antonio Aceituno revela: Precio de luz en Espa\u00f1a podr\u00eda caer bajo 10\u20ac en abril - Diario 21","robots":{"index":"index","follow":"follow","max-snippet":"max-snippet:-1","max-image-preview":"max-image-preview:large","max-video-preview":"max-video-preview:-1"},"canonical":"https:\/\/www.diario21.tv\/noticias\/antonio-aceituno-revela-precio-de-luz-en-espana-podria-caer-bajo-10e-en-abril\/","og_locale":"es_ES","og_type":"article","og_title":"Antonio Aceituno revela: Precio de luz en Espa\u00f1a podr\u00eda caer bajo 10\u20ac en abril - Diario 21","og_description":"Antonio Aceituno Analiza el Mercado Energ\u00e9tico Antonio Aceituno, conocido analista en el sector energ\u00e9tico, ha compartido recientemente sus perspectivas respecto a los precios de la electricidad ... Seguir leyendo &rarr;","og_url":"https:\/\/www.diario21.tv\/noticias\/antonio-aceituno-revela-precio-de-luz-en-espana-podria-caer-bajo-10e-en-abril\/","og_site_name":"Diario 21","article_published_time":"2026-02-19T16:51:37+00:00","article_modified_time":"2026-02-19T16:51:38+00:00","og_image":[{"width":1200,"height":840,"url":"https:\/\/www.diario21.tv\/noticias\/wp-content\/uploads\/2026\/02\/Antonio-Aceituno-revela-Precio-de-luz-en-Espana-podria-caer.jpg","type":"image\/jpeg"}],"author":"Juan P\u00e9rez","twitter_card":"summary_large_image","twitter_misc":{"Escrito por":"Juan P\u00e9rez","Tiempo de lectura":"2 minutos"},"schema":{"@context":"https:\/\/schema.org","@graph":[{"@type":"WebPage","@id":"https:\/\/www.diario21.tv\/noticias\/antonio-aceituno-revela-precio-de-luz-en-espana-podria-caer-bajo-10e-en-abril\/","url":"https:\/\/www.diario21.tv\/noticias\/antonio-aceituno-revela-precio-de-luz-en-espana-podria-caer-bajo-10e-en-abril\/","name":"Antonio Aceituno revela: Precio de luz en Espa\u00f1a podr\u00eda caer bajo 10\u20ac en abril - Diario 21","isPartOf":{"@id":"https:\/\/www.diario21.tv\/noticias\/#website"},"primaryImageOfPage":{"@id":"https:\/\/www.diario21.tv\/noticias\/antonio-aceituno-revela-precio-de-luz-en-espana-podria-caer-bajo-10e-en-abril\/#primaryimage"},"image":{"@id":"https:\/\/www.diario21.tv\/noticias\/antonio-aceituno-revela-precio-de-luz-en-espana-podria-caer-bajo-10e-en-abril\/#primaryimage"},"thumbnailUrl":"https:\/\/www.diario21.tv\/noticias\/wp-content\/uploads\/2026\/02\/Antonio-Aceituno-revela-Precio-de-luz-en-Espana-podria-caer.jpg","datePublished":"2026-02-19T16:51:37+00:00","dateModified":"2026-02-19T16:51:38+00:00","author":{"@id":"https:\/\/www.diario21.tv\/noticias\/#\/schema\/person\/dfb778f73814d8f09f302618446a526b"},"breadcrumb":{"@id":"https:\/\/www.diario21.tv\/noticias\/antonio-aceituno-revela-precio-de-luz-en-espana-podria-caer-bajo-10e-en-abril\/#breadcrumb"},"inLanguage":"es-AR","potentialAction":[{"@type":"ReadAction","target":["https:\/\/www.diario21.tv\/noticias\/antonio-aceituno-revela-precio-de-luz-en-espana-podria-caer-bajo-10e-en-abril\/"]}]},{"@type":"ImageObject","inLanguage":"es-AR","@id":"https:\/\/www.diario21.tv\/noticias\/antonio-aceituno-revela-precio-de-luz-en-espana-podria-caer-bajo-10e-en-abril\/#primaryimage","url":"https:\/\/www.diario21.tv\/noticias\/wp-content\/uploads\/2026\/02\/Antonio-Aceituno-revela-Precio-de-luz-en-Espana-podria-caer.jpg","contentUrl":"https:\/\/www.diario21.tv\/noticias\/wp-content\/uploads\/2026\/02\/Antonio-Aceituno-revela-Precio-de-luz-en-Espana-podria-caer.jpg","width":1200,"height":840,"caption":"Antonio Aceituno, analista de mercados energ\u00e9ticos: \u00abEl precio de la luz en Espa\u00f1a podr\u00eda firmar el mes de abril m\u00e1s barato por debajo de diez euros\u00bb"},{"@type":"BreadcrumbList","@id":"https:\/\/www.diario21.tv\/noticias\/antonio-aceituno-revela-precio-de-luz-en-espana-podria-caer-bajo-10e-en-abril\/#breadcrumb","itemListElement":[{"@type":"ListItem","position":1,"name":"Accueil","item":"https:\/\/www.diario21.tv\/noticias\/"},{"@type":"ListItem","position":2,"name":"Antonio Aceituno revela: Precio de luz en Espa\u00f1a podr\u00eda caer bajo 10\u20ac en abril"}]},{"@type":"WebSite","@id":"https:\/\/www.diario21.tv\/noticias\/#website","url":"https:\/\/www.diario21.tv\/noticias\/","name":"Diario 21","description":"","potentialAction":[{"@type":"SearchAction","target":{"@type":"EntryPoint","urlTemplate":"https:\/\/www.diario21.tv\/noticias\/?s={search_term_string}"},"query-input":{"@type":"PropertyValueSpecification","valueRequired":true,"valueName":"search_term_string"}}],"inLanguage":"es-AR"},{"@type":"Person","@id":"https:\/\/www.diario21.tv\/noticias\/#\/schema\/person\/dfb778f73814d8f09f302618446a526b","name":"Juan P\u00e9rez","image":{"@type":"ImageObject","inLanguage":"es-AR","@id":"https:\/\/www.diario21.tv\/noticias\/#\/schema\/person\/image\/","url":"https:\/\/secure.gravatar.com\/avatar\/c478a405bd10621167f4c3167cc770f5?s=96&d=mm&r=g","contentUrl":"https:\/\/secure.gravatar.com\/avatar\/c478a405bd10621167f4c3167cc770f5?s=96&d=mm&r=g","caption":"Juan P\u00e9rez"},"description":"Juan P\u00e9rez es el redactor en jefe de Diario 21. Con m\u00e1s de 10 a\u00f1os de experiencia en el periodismo, se especializa en pol\u00edtica nacional y an\u00e1lisis socioecon\u00f3mico. Su enfoque cr\u00edtico y riguroso aporta una perspectiva \u00fanica a cada art\u00edculo.","sameAs":["https:\/\/www.diario21.tv\/noticias\/"],"url":"https:\/\/www.diario21.tv\/noticias\/author\/juan-perez\/"}]}},"_links":{"self":[{"href":"https:\/\/www.diario21.tv\/noticias\/wp-json\/wp\/v2\/posts\/6279"}],"collection":[{"href":"https:\/\/www.diario21.tv\/noticias\/wp-json\/wp\/v2\/posts"}],"about":[{"href":"https:\/\/www.diario21.tv\/noticias\/wp-json\/wp\/v2\/types\/post"}],"author":[{"embeddable":true,"href":"https:\/\/www.diario21.tv\/noticias\/wp-json\/wp\/v2\/users\/20"}],"replies":[{"embeddable":true,"href":"https:\/\/www.diario21.tv\/noticias\/wp-json\/wp\/v2\/comments?post=6279"}],"version-history":[{"count":1,"href":"https:\/\/www.diario21.tv\/noticias\/wp-json\/wp\/v2\/posts\/6279\/revisions"}],"predecessor-version":[{"id":6281,"href":"https:\/\/www.diario21.tv\/noticias\/wp-json\/wp\/v2\/posts\/6279\/revisions\/6281"}],"wp:featuredmedia":[{"embeddable":true,"href":"https:\/\/www.diario21.tv\/noticias\/wp-json\/wp\/v2\/media\/6280"}],"wp:attachment":[{"href":"https:\/\/www.diario21.tv\/noticias\/wp-json\/wp\/v2\/media?parent=6279"}],"wp:term":[{"taxonomy":"category","embeddable":true,"href":"https:\/\/www.diario21.tv\/noticias\/wp-json\/wp\/v2\/categories?post=6279"},{"taxonomy":"post_tag","embeddable":true,"href":"https:\/\/www.diario21.tv\/noticias\/wp-json\/wp\/v2\/tags?post=6279"}],"curies":[{"name":"wp","href":"https:\/\/api.w.org\/{rel}","templated":true}]}}