{"id":6273,"date":"2026-02-19T04:47:44","date_gmt":"2026-02-19T04:47:44","guid":{"rendered":"https:\/\/www.diario21.tv\/noticias\/ecoembes-revela-el-exito-de-la-economia-circular-depende-de-la-colaboracion-nadie-puede-solo\/"},"modified":"2026-02-19T04:47:45","modified_gmt":"2026-02-19T04:47:45","slug":"ecoembes-revela-el-exito-de-la-economia-circular-depende-de-la-colaboracion-nadie-puede-solo","status":"publish","type":"post","link":"https:\/\/www.diario21.tv\/noticias\/ecoembes-revela-el-exito-de-la-economia-circular-depende-de-la-colaboracion-nadie-puede-solo\/","title":{"rendered":"Ecoembes revela: El \u00e9xito de la econom\u00eda circular depende de la colaboraci\u00f3n \u00a1Nadie puede solo!"},"content":{"rendered":"<h2>Ecoembes subraya la importancia de la colaboraci\u00f3n en el avance hacia la econom\u00eda circular<\/h2>\n<p>Ecoembes, la organizaci\u00f3n que promueve el reciclaje de envases en Espa\u00f1a, ha enfatizado la necesidad de colaboraci\u00f3n entre diversos actores para lograr una transici\u00f3n efectiva hacia la econom\u00eda circular. Durante una reciente conferencia, el portavoz de Ecoembes declar\u00f3 que para avanzar en este modelo econ\u00f3mico sostenible, es esencial reconocer que ning\u00fan individuo o entidad puede lograrlo por s\u00ed solo.<\/p>\n<h3>La uni\u00f3n hace la fuerza en la econom\u00eda circular<\/h3>\n<p>Seg\u00fan Ecoembes, alcanzar una verdadera econom\u00eda circular requiere de un esfuerzo conjunto que incluya a empresas, consumidores, administraciones y otras organizaciones. La cooperaci\u00f3n entre estos grupos permitir\u00e1 desarrollar estrategias m\u00e1s eficientes y efectivas para la gesti\u00f3n de residuos y la reutilizaci\u00f3n de materiales.<\/p>\n<p>El enfoque de Ecoembes se centra en la idea de que todos los sectores de la sociedad deben participar activamente en este cambio. Por ejemplo, las empresas deben innovar en el dise\u00f1o de envases que sean m\u00e1s f\u00e1ciles de reciclar, mientras que los consumidores deben adoptar h\u00e1bitos de reciclaje m\u00e1s rigurosos.<\/p>\n<h3>Desaf\u00edos y oportunidades de la econom\u00eda circular<\/h3>\n<p>La transici\u00f3n hacia una econom\u00eda circular presenta tanto desaf\u00edos como oportunidades. Uno de los principales retos es cambiar la percepci\u00f3n p\u00fablica y empresarial sobre el reciclaje y la gesti\u00f3n de residuos. A menudo, estos temas se ven como una obligaci\u00f3n m\u00e1s que como una oportunidad para mejorar la sostenibilidad y generar beneficios econ\u00f3micos.<\/p>\n<p>Por otro lado, la econom\u00eda circular ofrece la oportunidad de crear nuevos puestos de trabajo y de innovar en tecnolog\u00edas que permitan un mayor aprovechamiento de los recursos. Ecoembes apunta que este modelo econ\u00f3mico no solo contribuye a la protecci\u00f3n del medio ambiente, sino que tambi\u00e9n promueve la eficiencia y la competitividad en el mercado.<\/p>\n<h3>El papel de Ecoembes en la promoci\u00f3n de la econom\u00eda circular<\/h3>\n<p>Ecoembes juega un papel crucial en la promoci\u00f3n de la econom\u00eda circular en Espa\u00f1a a trav\u00e9s de diversas iniciativas. Estas incluyen campa\u00f1as de concienciaci\u00f3n, colaboraciones con entidades locales y programas educativos que buscan fomentar una mayor conciencia sobre la importancia del reciclaje y la gesti\u00f3n sostenible de los recursos.<\/p>\n<p>La organizaci\u00f3n tambi\u00e9n trabaja en el desarrollo de infraestructuras que faciliten el reciclaje y la reutilizaci\u00f3n de envases, as\u00ed como en la mejora de los procesos que permitan una mayor recuperaci\u00f3n de materiales. Estas acciones son esenciales para reducir el impacto ambiental y avanzar hacia un futuro m\u00e1s sostenible.<\/p>\n<p>En conclusi\u00f3n, Ecoembes reitera que el \u00e9xito de la econom\u00eda circular depende de la colaboraci\u00f3n y el compromiso de todos los sectores de la sociedad. Solo trabajando juntos podremos enfrentar los desaf\u00edos ambientales actuales y asegurar un futuro m\u00e1s verde para las pr\u00f3ximas generaciones.<\/p>\n\n\n<div class=\"kk-star-ratings kksr-auto kksr-align-left kksr-valign-bottom\"\n    data-payload='{&quot;align&quot;:&quot;left&quot;,&quot;id&quot;:&quot;6273&quot;,&quot;slug&quot;:&quot;default&quot;,&quot;valign&quot;:&quot;bottom&quot;,&quot;ignore&quot;:&quot;&quot;,&quot;reference&quot;:&quot;auto&quot;,&quot;class&quot;:&quot;&quot;,&quot;count&quot;:&quot;0&quot;,&quot;legendonly&quot;:&quot;&quot;,&quot;readonly&quot;:&quot;&quot;,&quot;score&quot;:&quot;0&quot;,&quot;starsonly&quot;:&quot;&quot;,&quot;best&quot;:&quot;5&quot;,&quot;gap&quot;:&quot;5&quot;,&quot;greet&quot;:&quot;Valora este post&quot;,&quot;legend&quot;:&quot;0\\\/5 - (0 votes)&quot;,&quot;size&quot;:&quot;22&quot;,&quot;title&quot;:&quot;Ecoembes revela: El \u00e9xito de la econom\u00eda circular depende de la colaboraci\u00f3n \u00a1Nadie puede solo!&quot;,&quot;width&quot;:&quot;0&quot;,&quot;_legend&quot;:&quot;{score}\\\/{best} - ({count} {votes})&quot;,&quot;font_factor&quot;:&quot;1.25&quot;}'>\n            \n<div class=\"kksr-stars\">\n    \n<div class=\"kksr-stars-inactive\">\n            <div class=\"kksr-star\" data-star=\"1\" style=\"padding-right: 5px\">\n            \n\n<div class=\"kksr-icon\" style=\"width: 22px; height: 22px;\"><\/div>\n        <\/div>\n            <div class=\"kksr-star\" data-star=\"2\" style=\"padding-right: 5px\">\n            \n\n<div class=\"kksr-icon\" style=\"width: 22px; height: 22px;\"><\/div>\n        <\/div>\n            <div class=\"kksr-star\" data-star=\"3\" style=\"padding-right: 5px\">\n            \n\n<div class=\"kksr-icon\" style=\"width: 22px; height: 22px;\"><\/div>\n        <\/div>\n            <div class=\"kksr-star\" data-star=\"4\" style=\"padding-right: 5px\">\n            \n\n<div class=\"kksr-icon\" style=\"width: 22px; height: 22px;\"><\/div>\n        <\/div>\n            <div class=\"kksr-star\" data-star=\"5\" style=\"padding-right: 5px\">\n            \n\n<div class=\"kksr-icon\" style=\"width: 22px; height: 22px;\"><\/div>\n        <\/div>\n    <\/div>\n    \n<div class=\"kksr-stars-active\" style=\"width: 0px;\">\n            <div class=\"kksr-star\" style=\"padding-right: 5px\">\n            \n\n<div class=\"kksr-icon\" style=\"width: 22px; height: 22px;\"><\/div>\n        <\/div>\n            <div class=\"kksr-star\" style=\"padding-right: 5px\">\n            \n\n<div class=\"kksr-icon\" style=\"width: 22px; height: 22px;\"><\/div>\n        <\/div>\n            <div class=\"kksr-star\" style=\"padding-right: 5px\">\n            \n\n<div class=\"kksr-icon\" style=\"width: 22px; height: 22px;\"><\/div>\n        <\/div>\n            <div class=\"kksr-star\" style=\"padding-right: 5px\">\n            \n\n<div class=\"kksr-icon\" style=\"width: 22px; height: 22px;\"><\/div>\n        <\/div>\n            <div class=\"kksr-star\" style=\"padding-right: 5px\">\n            \n\n<div class=\"kksr-icon\" style=\"width: 22px; height: 22px;\"><\/div>\n        <\/div>\n    <\/div>\n<\/div>\n                \n\n<div class=\"kksr-legend\" style=\"font-size: 17.6px;\">\n            <span class=\"kksr-muted\">Valora este post<\/span>\n    <\/div>\n    <\/div>\n","protected":false},"excerpt":{"rendered":"<p>Ecoembes subraya la importancia de la colaboraci\u00f3n en el avance hacia la econom\u00eda circular Ecoembes, la organizaci\u00f3n que promueve el reciclaje de envases en Espa\u00f1a, ha &#8230; <a title=\"Ecoembes revela: El \u00e9xito de la econom\u00eda circular depende de la colaboraci\u00f3n \u00a1Nadie puede solo!\" class=\"read-more\" href=\"https:\/\/www.diario21.tv\/noticias\/ecoembes-revela-el-exito-de-la-economia-circular-depende-de-la-colaboracion-nadie-puede-solo\/\" aria-label=\"Leer m\u00e1s sobre Ecoembes revela: El \u00e9xito de la econom\u00eda circular depende de la colaboraci\u00f3n \u00a1Nadie puede solo!\">Seguir leyendo &rarr;<\/a><\/p>\n","protected":false},"author":20,"featured_media":6274,"comment_status":"open","ping_status":"open","sticky":false,"template":"","format":"standard","meta":{"footnotes":""},"categories":[13],"tags":[],"class_list":["post-6273","post","type-post","status-publish","format-standard","has-post-thumbnail","hentry","category-portada"],"yoast_head":"<!-- This site is optimized with the Yoast SEO plugin v25.6 - https:\/\/yoast.com\/wordpress\/plugins\/seo\/ -->\n<title>Ecoembes revela: El \u00e9xito de la econom\u00eda circular depende de la colaboraci\u00f3n \u00a1Nadie puede solo! - Diario 21<\/title>\n<meta name=\"robots\" content=\"index, follow, max-snippet:-1, max-image-preview:large, max-video-preview:-1\" \/>\n<link rel=\"canonical\" href=\"https:\/\/www.diario21.tv\/noticias\/ecoembes-revela-el-exito-de-la-economia-circular-depende-de-la-colaboracion-nadie-puede-solo\/\" \/>\n<meta property=\"og:locale\" content=\"es_ES\" \/>\n<meta property=\"og:type\" content=\"article\" \/>\n<meta property=\"og:title\" content=\"Ecoembes revela: El \u00e9xito de la econom\u00eda circular depende de la colaboraci\u00f3n \u00a1Nadie puede solo! - Diario 21\" \/>\n<meta property=\"og:description\" content=\"Ecoembes subraya la importancia de la colaboraci\u00f3n en el avance hacia la econom\u00eda circular Ecoembes, la organizaci\u00f3n que promueve el reciclaje de envases en Espa\u00f1a, ha ... Seguir leyendo &rarr;\" \/>\n<meta property=\"og:url\" content=\"https:\/\/www.diario21.tv\/noticias\/ecoembes-revela-el-exito-de-la-economia-circular-depende-de-la-colaboracion-nadie-puede-solo\/\" \/>\n<meta property=\"og:site_name\" content=\"Diario 21\" \/>\n<meta property=\"article:published_time\" content=\"2026-02-19T04:47:44+00:00\" \/>\n<meta property=\"article:modified_time\" content=\"2026-02-19T04:47:45+00:00\" \/>\n<meta property=\"og:image\" content=\"https:\/\/www.diario21.tv\/noticias\/wp-content\/uploads\/2026\/02\/Ecoembes-revela-El-exito-de-la-economia-circular-depende-de.jpg\" \/>\n\t<meta property=\"og:image:width\" content=\"1200\" \/>\n\t<meta property=\"og:image:height\" content=\"840\" \/>\n\t<meta property=\"og:image:type\" content=\"image\/jpeg\" \/>\n<meta name=\"author\" content=\"Juan P\u00e9rez\" \/>\n<meta name=\"twitter:card\" content=\"summary_large_image\" \/>\n<meta name=\"twitter:label1\" content=\"Escrito por\" \/>\n\t<meta name=\"twitter:data1\" content=\"Juan P\u00e9rez\" \/>\n\t<meta name=\"twitter:label2\" content=\"Tiempo de lectura\" \/>\n\t<meta name=\"twitter:data2\" content=\"3 minutos\" \/>\n<script type=\"application\/ld+json\" class=\"yoast-schema-graph\">{\"@context\":\"https:\/\/schema.org\",\"@graph\":[{\"@type\":\"WebPage\",\"@id\":\"https:\/\/www.diario21.tv\/noticias\/ecoembes-revela-el-exito-de-la-economia-circular-depende-de-la-colaboracion-nadie-puede-solo\/\",\"url\":\"https:\/\/www.diario21.tv\/noticias\/ecoembes-revela-el-exito-de-la-economia-circular-depende-de-la-colaboracion-nadie-puede-solo\/\",\"name\":\"Ecoembes revela: El \u00e9xito de la econom\u00eda circular depende de la colaboraci\u00f3n \u00a1Nadie puede solo! - Diario 21\",\"isPartOf\":{\"@id\":\"https:\/\/www.diario21.tv\/noticias\/#website\"},\"primaryImageOfPage\":{\"@id\":\"https:\/\/www.diario21.tv\/noticias\/ecoembes-revela-el-exito-de-la-economia-circular-depende-de-la-colaboracion-nadie-puede-solo\/#primaryimage\"},\"image\":{\"@id\":\"https:\/\/www.diario21.tv\/noticias\/ecoembes-revela-el-exito-de-la-economia-circular-depende-de-la-colaboracion-nadie-puede-solo\/#primaryimage\"},\"thumbnailUrl\":\"https:\/\/www.diario21.tv\/noticias\/wp-content\/uploads\/2026\/02\/Ecoembes-revela-El-exito-de-la-economia-circular-depende-de.jpg\",\"datePublished\":\"2026-02-19T04:47:44+00:00\",\"dateModified\":\"2026-02-19T04:47:45+00:00\",\"author\":{\"@id\":\"https:\/\/www.diario21.tv\/noticias\/#\/schema\/person\/dfb778f73814d8f09f302618446a526b\"},\"breadcrumb\":{\"@id\":\"https:\/\/www.diario21.tv\/noticias\/ecoembes-revela-el-exito-de-la-economia-circular-depende-de-la-colaboracion-nadie-puede-solo\/#breadcrumb\"},\"inLanguage\":\"es-AR\",\"potentialAction\":[{\"@type\":\"ReadAction\",\"target\":[\"https:\/\/www.diario21.tv\/noticias\/ecoembes-revela-el-exito-de-la-economia-circular-depende-de-la-colaboracion-nadie-puede-solo\/\"]}]},{\"@type\":\"ImageObject\",\"inLanguage\":\"es-AR\",\"@id\":\"https:\/\/www.diario21.tv\/noticias\/ecoembes-revela-el-exito-de-la-economia-circular-depende-de-la-colaboracion-nadie-puede-solo\/#primaryimage\",\"url\":\"https:\/\/www.diario21.tv\/noticias\/wp-content\/uploads\/2026\/02\/Ecoembes-revela-El-exito-de-la-economia-circular-depende-de.jpg\",\"contentUrl\":\"https:\/\/www.diario21.tv\/noticias\/wp-content\/uploads\/2026\/02\/Ecoembes-revela-El-exito-de-la-economia-circular-depende-de.jpg\",\"width\":1200,\"height\":840,\"caption\":\"Ecoembes insiste en que avanzar hacia la econom\u00eda circular \u00abexige reconocer que nadie puede hacerlo solo\u00bb\"},{\"@type\":\"BreadcrumbList\",\"@id\":\"https:\/\/www.diario21.tv\/noticias\/ecoembes-revela-el-exito-de-la-economia-circular-depende-de-la-colaboracion-nadie-puede-solo\/#breadcrumb\",\"itemListElement\":[{\"@type\":\"ListItem\",\"position\":1,\"name\":\"Accueil\",\"item\":\"https:\/\/www.diario21.tv\/noticias\/\"},{\"@type\":\"ListItem\",\"position\":2,\"name\":\"Ecoembes revela: El \u00e9xito de la econom\u00eda circular depende de la colaboraci\u00f3n \u00a1Nadie puede solo!\"}]},{\"@type\":\"WebSite\",\"@id\":\"https:\/\/www.diario21.tv\/noticias\/#website\",\"url\":\"https:\/\/www.diario21.tv\/noticias\/\",\"name\":\"Diario 21\",\"description\":\"\",\"potentialAction\":[{\"@type\":\"SearchAction\",\"target\":{\"@type\":\"EntryPoint\",\"urlTemplate\":\"https:\/\/www.diario21.tv\/noticias\/?s={search_term_string}\"},\"query-input\":{\"@type\":\"PropertyValueSpecification\",\"valueRequired\":true,\"valueName\":\"search_term_string\"}}],\"inLanguage\":\"es-AR\"},{\"@type\":\"Person\",\"@id\":\"https:\/\/www.diario21.tv\/noticias\/#\/schema\/person\/dfb778f73814d8f09f302618446a526b\",\"name\":\"Juan P\u00e9rez\",\"image\":{\"@type\":\"ImageObject\",\"inLanguage\":\"es-AR\",\"@id\":\"https:\/\/www.diario21.tv\/noticias\/#\/schema\/person\/image\/\",\"url\":\"https:\/\/secure.gravatar.com\/avatar\/c478a405bd10621167f4c3167cc770f5?s=96&d=mm&r=g\",\"contentUrl\":\"https:\/\/secure.gravatar.com\/avatar\/c478a405bd10621167f4c3167cc770f5?s=96&d=mm&r=g\",\"caption\":\"Juan P\u00e9rez\"},\"description\":\"Juan P\u00e9rez es el redactor en jefe de Diario 21. Con m\u00e1s de 10 a\u00f1os de experiencia en el periodismo, se especializa en pol\u00edtica nacional y an\u00e1lisis socioecon\u00f3mico. Su enfoque cr\u00edtico y riguroso aporta una perspectiva \u00fanica a cada art\u00edculo.\",\"sameAs\":[\"https:\/\/www.diario21.tv\/noticias\/\"],\"url\":\"https:\/\/www.diario21.tv\/noticias\/author\/juan-perez\/\"}]}<\/script>\n<!-- \/ Yoast SEO plugin. -->","yoast_head_json":{"title":"Ecoembes revela: El \u00e9xito de la econom\u00eda circular depende de la colaboraci\u00f3n \u00a1Nadie puede solo! - Diario 21","robots":{"index":"index","follow":"follow","max-snippet":"max-snippet:-1","max-image-preview":"max-image-preview:large","max-video-preview":"max-video-preview:-1"},"canonical":"https:\/\/www.diario21.tv\/noticias\/ecoembes-revela-el-exito-de-la-economia-circular-depende-de-la-colaboracion-nadie-puede-solo\/","og_locale":"es_ES","og_type":"article","og_title":"Ecoembes revela: El \u00e9xito de la econom\u00eda circular depende de la colaboraci\u00f3n \u00a1Nadie puede solo! - Diario 21","og_description":"Ecoembes subraya la importancia de la colaboraci\u00f3n en el avance hacia la econom\u00eda circular Ecoembes, la organizaci\u00f3n que promueve el reciclaje de envases en Espa\u00f1a, ha ... Seguir leyendo &rarr;","og_url":"https:\/\/www.diario21.tv\/noticias\/ecoembes-revela-el-exito-de-la-economia-circular-depende-de-la-colaboracion-nadie-puede-solo\/","og_site_name":"Diario 21","article_published_time":"2026-02-19T04:47:44+00:00","article_modified_time":"2026-02-19T04:47:45+00:00","og_image":[{"width":1200,"height":840,"url":"https:\/\/www.diario21.tv\/noticias\/wp-content\/uploads\/2026\/02\/Ecoembes-revela-El-exito-de-la-economia-circular-depende-de.jpg","type":"image\/jpeg"}],"author":"Juan P\u00e9rez","twitter_card":"summary_large_image","twitter_misc":{"Escrito por":"Juan P\u00e9rez","Tiempo de lectura":"3 minutos"},"schema":{"@context":"https:\/\/schema.org","@graph":[{"@type":"WebPage","@id":"https:\/\/www.diario21.tv\/noticias\/ecoembes-revela-el-exito-de-la-economia-circular-depende-de-la-colaboracion-nadie-puede-solo\/","url":"https:\/\/www.diario21.tv\/noticias\/ecoembes-revela-el-exito-de-la-economia-circular-depende-de-la-colaboracion-nadie-puede-solo\/","name":"Ecoembes revela: El \u00e9xito de la econom\u00eda circular depende de la colaboraci\u00f3n \u00a1Nadie puede solo! - Diario 21","isPartOf":{"@id":"https:\/\/www.diario21.tv\/noticias\/#website"},"primaryImageOfPage":{"@id":"https:\/\/www.diario21.tv\/noticias\/ecoembes-revela-el-exito-de-la-economia-circular-depende-de-la-colaboracion-nadie-puede-solo\/#primaryimage"},"image":{"@id":"https:\/\/www.diario21.tv\/noticias\/ecoembes-revela-el-exito-de-la-economia-circular-depende-de-la-colaboracion-nadie-puede-solo\/#primaryimage"},"thumbnailUrl":"https:\/\/www.diario21.tv\/noticias\/wp-content\/uploads\/2026\/02\/Ecoembes-revela-El-exito-de-la-economia-circular-depende-de.jpg","datePublished":"2026-02-19T04:47:44+00:00","dateModified":"2026-02-19T04:47:45+00:00","author":{"@id":"https:\/\/www.diario21.tv\/noticias\/#\/schema\/person\/dfb778f73814d8f09f302618446a526b"},"breadcrumb":{"@id":"https:\/\/www.diario21.tv\/noticias\/ecoembes-revela-el-exito-de-la-economia-circular-depende-de-la-colaboracion-nadie-puede-solo\/#breadcrumb"},"inLanguage":"es-AR","potentialAction":[{"@type":"ReadAction","target":["https:\/\/www.diario21.tv\/noticias\/ecoembes-revela-el-exito-de-la-economia-circular-depende-de-la-colaboracion-nadie-puede-solo\/"]}]},{"@type":"ImageObject","inLanguage":"es-AR","@id":"https:\/\/www.diario21.tv\/noticias\/ecoembes-revela-el-exito-de-la-economia-circular-depende-de-la-colaboracion-nadie-puede-solo\/#primaryimage","url":"https:\/\/www.diario21.tv\/noticias\/wp-content\/uploads\/2026\/02\/Ecoembes-revela-El-exito-de-la-economia-circular-depende-de.jpg","contentUrl":"https:\/\/www.diario21.tv\/noticias\/wp-content\/uploads\/2026\/02\/Ecoembes-revela-El-exito-de-la-economia-circular-depende-de.jpg","width":1200,"height":840,"caption":"Ecoembes insiste en que avanzar hacia la econom\u00eda circular \u00abexige reconocer que nadie puede hacerlo solo\u00bb"},{"@type":"BreadcrumbList","@id":"https:\/\/www.diario21.tv\/noticias\/ecoembes-revela-el-exito-de-la-economia-circular-depende-de-la-colaboracion-nadie-puede-solo\/#breadcrumb","itemListElement":[{"@type":"ListItem","position":1,"name":"Accueil","item":"https:\/\/www.diario21.tv\/noticias\/"},{"@type":"ListItem","position":2,"name":"Ecoembes revela: El \u00e9xito de la econom\u00eda circular depende de la colaboraci\u00f3n \u00a1Nadie puede solo!"}]},{"@type":"WebSite","@id":"https:\/\/www.diario21.tv\/noticias\/#website","url":"https:\/\/www.diario21.tv\/noticias\/","name":"Diario 21","description":"","potentialAction":[{"@type":"SearchAction","target":{"@type":"EntryPoint","urlTemplate":"https:\/\/www.diario21.tv\/noticias\/?s={search_term_string}"},"query-input":{"@type":"PropertyValueSpecification","valueRequired":true,"valueName":"search_term_string"}}],"inLanguage":"es-AR"},{"@type":"Person","@id":"https:\/\/www.diario21.tv\/noticias\/#\/schema\/person\/dfb778f73814d8f09f302618446a526b","name":"Juan P\u00e9rez","image":{"@type":"ImageObject","inLanguage":"es-AR","@id":"https:\/\/www.diario21.tv\/noticias\/#\/schema\/person\/image\/","url":"https:\/\/secure.gravatar.com\/avatar\/c478a405bd10621167f4c3167cc770f5?s=96&d=mm&r=g","contentUrl":"https:\/\/secure.gravatar.com\/avatar\/c478a405bd10621167f4c3167cc770f5?s=96&d=mm&r=g","caption":"Juan P\u00e9rez"},"description":"Juan P\u00e9rez es el redactor en jefe de Diario 21. Con m\u00e1s de 10 a\u00f1os de experiencia en el periodismo, se especializa en pol\u00edtica nacional y an\u00e1lisis socioecon\u00f3mico. Su enfoque cr\u00edtico y riguroso aporta una perspectiva \u00fanica a cada art\u00edculo.","sameAs":["https:\/\/www.diario21.tv\/noticias\/"],"url":"https:\/\/www.diario21.tv\/noticias\/author\/juan-perez\/"}]}},"_links":{"self":[{"href":"https:\/\/www.diario21.tv\/noticias\/wp-json\/wp\/v2\/posts\/6273"}],"collection":[{"href":"https:\/\/www.diario21.tv\/noticias\/wp-json\/wp\/v2\/posts"}],"about":[{"href":"https:\/\/www.diario21.tv\/noticias\/wp-json\/wp\/v2\/types\/post"}],"author":[{"embeddable":true,"href":"https:\/\/www.diario21.tv\/noticias\/wp-json\/wp\/v2\/users\/20"}],"replies":[{"embeddable":true,"href":"https:\/\/www.diario21.tv\/noticias\/wp-json\/wp\/v2\/comments?post=6273"}],"version-history":[{"count":1,"href":"https:\/\/www.diario21.tv\/noticias\/wp-json\/wp\/v2\/posts\/6273\/revisions"}],"predecessor-version":[{"id":6275,"href":"https:\/\/www.diario21.tv\/noticias\/wp-json\/wp\/v2\/posts\/6273\/revisions\/6275"}],"wp:featuredmedia":[{"embeddable":true,"href":"https:\/\/www.diario21.tv\/noticias\/wp-json\/wp\/v2\/media\/6274"}],"wp:attachment":[{"href":"https:\/\/www.diario21.tv\/noticias\/wp-json\/wp\/v2\/media?parent=6273"}],"wp:term":[{"taxonomy":"category","embeddable":true,"href":"https:\/\/www.diario21.tv\/noticias\/wp-json\/wp\/v2\/categories?post=6273"},{"taxonomy":"post_tag","embeddable":true,"href":"https:\/\/www.diario21.tv\/noticias\/wp-json\/wp\/v2\/tags?post=6273"}],"curies":[{"name":"wp","href":"https:\/\/api.w.org\/{rel}","templated":true}]}}