{"id":6270,"date":"2026-02-18T22:46:41","date_gmt":"2026-02-18T22:46:41","guid":{"rendered":"https:\/\/www.diario21.tv\/noticias\/increible-embalses-al-825-tras-semana-lluviosa-un-record-para-la-fecha\/"},"modified":"2026-02-18T22:46:42","modified_gmt":"2026-02-18T22:46:42","slug":"increible-embalses-al-825-tras-semana-lluviosa-un-record-para-la-fecha","status":"publish","type":"post","link":"https:\/\/www.diario21.tv\/noticias\/increible-embalses-al-825-tras-semana-lluviosa-un-record-para-la-fecha\/","title":{"rendered":"\u00a1Incre\u00edble! Embalses al 82,5% tras semana lluviosa, un r\u00e9cord para la fecha"},"content":{"rendered":"<h2>Los Reservorios Acumulan Casi 2.900 hm3 Tras Semanas de Precipitaciones<\/h2>\n<p>En un giro impresionante debido a continuas semanas de lluvia, los reservorios en la regi\u00f3n han experimentado un aumento significativo en sus niveles de agua. Esta semana, se ha registrado una subida casi sin precedentes de casi 2.900 hect\u00f3metros c\u00fabicos (hm3), alcanzando as\u00ed el 82,5% de su capacidad total. Este nivel de almacenamiento no se hab\u00eda observado anteriormente en estas fechas, marcando un momento hist\u00f3rico para la gesti\u00f3n de recursos h\u00eddricos.<\/p>\n<h3>Un Fen\u00f3meno Hidrol\u00f3gico Notable<\/h3>\n<p>La acumulaci\u00f3n de agua en los embalses ha sido notablemente r\u00e1pida, gracias a las persistentes lluvias que han azotado la regi\u00f3n. Esta situaci\u00f3n ha cambiado dr\u00e1sticamente el panorama de los embalses, que hasta hace poco luchaban por mantener niveles adecuados debido a periodos prolongados de sequ\u00eda. Con los embalses ahora rebosantes, las autoridades hidrol\u00f3gicas est\u00e1n observando con cautela y optimismo este inesperado cambio.<\/p>\n<h3>Implicaciones para el Uso del Agua<\/h3>\n<p>El considerable aumento en los niveles de los reservorios no solo es una buena noticia para la agricultura y la provisi\u00f3n de agua potable, sino que tambi\u00e9n tiene importantes repercusiones para la gesti\u00f3n de recursos acu\u00e1ticos en general. Con m\u00e1s agua disponible, las restricciones previas pueden ser reconsideradas, y se pueden planificar mejor las estrategias de uso y conservaci\u00f3n del agua para los pr\u00f3ximos meses.<\/p>\n<p>Este incremento en la capacidad de los embalses tambi\u00e9n ofrece un respiro para los ecosistemas acu\u00e1ticos que dependen directamente del nivel del agua para su supervivencia y desarrollo. Adem\u00e1s, con los reservorios a niveles tan altos, se fortalece la capacidad de respuesta frente a posibles periodos de sequ\u00eda en el futuro cercano.<\/p>\n<p>En conclusi\u00f3n, las recientes lluvias han tra\u00eddo consigo un cambio significativo y muy necesario en los niveles de los embalses, situ\u00e1ndolos en un 82,5% de su capacidad total, una cifra hist\u00f3rica para la fecha. Este acontecimiento no solo mejora la gesti\u00f3n del agua a corto plazo, sino que tambi\u00e9n plantea un futuro m\u00e1s prometedor en t\u00e9rminos de recursos h\u00eddricos. Las autoridades contin\u00faan monitoreando la situaci\u00f3n, mientras celebran este alentador desarrollo en la gesti\u00f3n del agua.<\/p>\n\n\n<div class=\"kk-star-ratings kksr-auto kksr-align-left kksr-valign-bottom\"\n    data-payload='{&quot;align&quot;:&quot;left&quot;,&quot;id&quot;:&quot;6270&quot;,&quot;slug&quot;:&quot;default&quot;,&quot;valign&quot;:&quot;bottom&quot;,&quot;ignore&quot;:&quot;&quot;,&quot;reference&quot;:&quot;auto&quot;,&quot;class&quot;:&quot;&quot;,&quot;count&quot;:&quot;0&quot;,&quot;legendonly&quot;:&quot;&quot;,&quot;readonly&quot;:&quot;&quot;,&quot;score&quot;:&quot;0&quot;,&quot;starsonly&quot;:&quot;&quot;,&quot;best&quot;:&quot;5&quot;,&quot;gap&quot;:&quot;5&quot;,&quot;greet&quot;:&quot;Valora este post&quot;,&quot;legend&quot;:&quot;0\\\/5 - (0 votes)&quot;,&quot;size&quot;:&quot;22&quot;,&quot;title&quot;:&quot;\u00a1Incre\u00edble! Embalses al 82,5% tras semana lluviosa, un r\u00e9cord para la fecha&quot;,&quot;width&quot;:&quot;0&quot;,&quot;_legend&quot;:&quot;{score}\\\/{best} - ({count} {votes})&quot;,&quot;font_factor&quot;:&quot;1.25&quot;}'>\n            \n<div class=\"kksr-stars\">\n    \n<div class=\"kksr-stars-inactive\">\n            <div class=\"kksr-star\" data-star=\"1\" style=\"padding-right: 5px\">\n            \n\n<div class=\"kksr-icon\" style=\"width: 22px; height: 22px;\"><\/div>\n        <\/div>\n            <div class=\"kksr-star\" data-star=\"2\" style=\"padding-right: 5px\">\n            \n\n<div class=\"kksr-icon\" style=\"width: 22px; height: 22px;\"><\/div>\n        <\/div>\n            <div class=\"kksr-star\" data-star=\"3\" style=\"padding-right: 5px\">\n            \n\n<div class=\"kksr-icon\" style=\"width: 22px; height: 22px;\"><\/div>\n        <\/div>\n            <div class=\"kksr-star\" data-star=\"4\" style=\"padding-right: 5px\">\n            \n\n<div class=\"kksr-icon\" style=\"width: 22px; height: 22px;\"><\/div>\n        <\/div>\n            <div class=\"kksr-star\" data-star=\"5\" style=\"padding-right: 5px\">\n            \n\n<div class=\"kksr-icon\" style=\"width: 22px; height: 22px;\"><\/div>\n        <\/div>\n    <\/div>\n    \n<div class=\"kksr-stars-active\" style=\"width: 0px;\">\n            <div class=\"kksr-star\" style=\"padding-right: 5px\">\n            \n\n<div class=\"kksr-icon\" style=\"width: 22px; height: 22px;\"><\/div>\n        <\/div>\n            <div class=\"kksr-star\" style=\"padding-right: 5px\">\n            \n\n<div class=\"kksr-icon\" style=\"width: 22px; height: 22px;\"><\/div>\n        <\/div>\n            <div class=\"kksr-star\" style=\"padding-right: 5px\">\n            \n\n<div class=\"kksr-icon\" style=\"width: 22px; height: 22px;\"><\/div>\n        <\/div>\n            <div class=\"kksr-star\" style=\"padding-right: 5px\">\n            \n\n<div class=\"kksr-icon\" style=\"width: 22px; height: 22px;\"><\/div>\n        <\/div>\n            <div class=\"kksr-star\" style=\"padding-right: 5px\">\n            \n\n<div class=\"kksr-icon\" style=\"width: 22px; height: 22px;\"><\/div>\n        <\/div>\n    <\/div>\n<\/div>\n                \n\n<div class=\"kksr-legend\" style=\"font-size: 17.6px;\">\n            <span class=\"kksr-muted\">Valora este post<\/span>\n    <\/div>\n    <\/div>\n","protected":false},"excerpt":{"rendered":"<p>Los Reservorios Acumulan Casi 2.900 hm3 Tras Semanas de Precipitaciones En un giro impresionante debido a continuas semanas de lluvia, los reservorios en la regi\u00f3n han &#8230; <a title=\"\u00a1Incre\u00edble! Embalses al 82,5% tras semana lluviosa, un r\u00e9cord para la fecha\" class=\"read-more\" href=\"https:\/\/www.diario21.tv\/noticias\/increible-embalses-al-825-tras-semana-lluviosa-un-record-para-la-fecha\/\" aria-label=\"Leer m\u00e1s sobre \u00a1Incre\u00edble! Embalses al 82,5% tras semana lluviosa, un r\u00e9cord para la fecha\">Seguir leyendo &rarr;<\/a><\/p>\n","protected":false},"author":20,"featured_media":6271,"comment_status":"open","ping_status":"open","sticky":false,"template":"","format":"standard","meta":{"footnotes":""},"categories":[13],"tags":[],"class_list":["post-6270","post","type-post","status-publish","format-standard","has-post-thumbnail","hentry","category-portada"],"yoast_head":"<!-- This site is optimized with the Yoast SEO plugin v25.6 - https:\/\/yoast.com\/wordpress\/plugins\/seo\/ -->\n<title>\u00a1Incre\u00edble! Embalses al 82,5% tras semana lluviosa, un r\u00e9cord para la fecha - Diario 21<\/title>\n<meta name=\"robots\" content=\"index, follow, max-snippet:-1, max-image-preview:large, max-video-preview:-1\" \/>\n<link rel=\"canonical\" href=\"https:\/\/www.diario21.tv\/noticias\/increible-embalses-al-825-tras-semana-lluviosa-un-record-para-la-fecha\/\" \/>\n<meta property=\"og:locale\" content=\"es_ES\" \/>\n<meta property=\"og:type\" content=\"article\" \/>\n<meta property=\"og:title\" content=\"\u00a1Incre\u00edble! Embalses al 82,5% tras semana lluviosa, un r\u00e9cord para la fecha - Diario 21\" \/>\n<meta property=\"og:description\" content=\"Los Reservorios Acumulan Casi 2.900 hm3 Tras Semanas de Precipitaciones En un giro impresionante debido a continuas semanas de lluvia, los reservorios en la regi\u00f3n han ... Seguir leyendo &rarr;\" \/>\n<meta property=\"og:url\" content=\"https:\/\/www.diario21.tv\/noticias\/increible-embalses-al-825-tras-semana-lluviosa-un-record-para-la-fecha\/\" \/>\n<meta property=\"og:site_name\" content=\"Diario 21\" \/>\n<meta property=\"article:published_time\" content=\"2026-02-18T22:46:41+00:00\" \/>\n<meta property=\"article:modified_time\" content=\"2026-02-18T22:46:42+00:00\" \/>\n<meta property=\"og:image\" content=\"https:\/\/www.diario21.tv\/noticias\/wp-content\/uploads\/2026\/02\/\u00a1Increible-Embalses-al-825-tras-semana-lluviosa-un-record-para.JPG\" \/>\n\t<meta property=\"og:image:width\" content=\"1200\" \/>\n\t<meta property=\"og:image:height\" content=\"840\" \/>\n\t<meta property=\"og:image:type\" content=\"image\/jpeg\" \/>\n<meta name=\"author\" content=\"Juan P\u00e9rez\" \/>\n<meta name=\"twitter:card\" content=\"summary_large_image\" \/>\n<meta name=\"twitter:label1\" content=\"Escrito por\" \/>\n\t<meta name=\"twitter:data1\" content=\"Juan P\u00e9rez\" \/>\n\t<meta name=\"twitter:label2\" content=\"Tiempo de lectura\" \/>\n\t<meta name=\"twitter:data2\" content=\"2 minutos\" \/>\n<script type=\"application\/ld+json\" class=\"yoast-schema-graph\">{\"@context\":\"https:\/\/schema.org\",\"@graph\":[{\"@type\":\"WebPage\",\"@id\":\"https:\/\/www.diario21.tv\/noticias\/increible-embalses-al-825-tras-semana-lluviosa-un-record-para-la-fecha\/\",\"url\":\"https:\/\/www.diario21.tv\/noticias\/increible-embalses-al-825-tras-semana-lluviosa-un-record-para-la-fecha\/\",\"name\":\"\u00a1Incre\u00edble! Embalses al 82,5% tras semana lluviosa, un r\u00e9cord para la fecha - Diario 21\",\"isPartOf\":{\"@id\":\"https:\/\/www.diario21.tv\/noticias\/#website\"},\"primaryImageOfPage\":{\"@id\":\"https:\/\/www.diario21.tv\/noticias\/increible-embalses-al-825-tras-semana-lluviosa-un-record-para-la-fecha\/#primaryimage\"},\"image\":{\"@id\":\"https:\/\/www.diario21.tv\/noticias\/increible-embalses-al-825-tras-semana-lluviosa-un-record-para-la-fecha\/#primaryimage\"},\"thumbnailUrl\":\"https:\/\/www.diario21.tv\/noticias\/wp-content\/uploads\/2026\/02\/\u00a1Increible-Embalses-al-825-tras-semana-lluviosa-un-record-para.JPG\",\"datePublished\":\"2026-02-18T22:46:41+00:00\",\"dateModified\":\"2026-02-18T22:46:42+00:00\",\"author\":{\"@id\":\"https:\/\/www.diario21.tv\/noticias\/#\/schema\/person\/dfb778f73814d8f09f302618446a526b\"},\"breadcrumb\":{\"@id\":\"https:\/\/www.diario21.tv\/noticias\/increible-embalses-al-825-tras-semana-lluviosa-un-record-para-la-fecha\/#breadcrumb\"},\"inLanguage\":\"es-AR\",\"potentialAction\":[{\"@type\":\"ReadAction\",\"target\":[\"https:\/\/www.diario21.tv\/noticias\/increible-embalses-al-825-tras-semana-lluviosa-un-record-para-la-fecha\/\"]}]},{\"@type\":\"ImageObject\",\"inLanguage\":\"es-AR\",\"@id\":\"https:\/\/www.diario21.tv\/noticias\/increible-embalses-al-825-tras-semana-lluviosa-un-record-para-la-fecha\/#primaryimage\",\"url\":\"https:\/\/www.diario21.tv\/noticias\/wp-content\/uploads\/2026\/02\/\u00a1Increible-Embalses-al-825-tras-semana-lluviosa-un-record-para.JPG\",\"contentUrl\":\"https:\/\/www.diario21.tv\/noticias\/wp-content\/uploads\/2026\/02\/\u00a1Increible-Embalses-al-825-tras-semana-lluviosa-un-record-para.JPG\",\"width\":1200,\"height\":840,\"caption\":\"Los embalses ganan casi 2.900 hm3 en otra semana lluviosa y se ponen al 82,5% de su capacidad, algo nunca visto en estas fechas\"},{\"@type\":\"BreadcrumbList\",\"@id\":\"https:\/\/www.diario21.tv\/noticias\/increible-embalses-al-825-tras-semana-lluviosa-un-record-para-la-fecha\/#breadcrumb\",\"itemListElement\":[{\"@type\":\"ListItem\",\"position\":1,\"name\":\"Accueil\",\"item\":\"https:\/\/www.diario21.tv\/noticias\/\"},{\"@type\":\"ListItem\",\"position\":2,\"name\":\"\u00a1Incre\u00edble! Embalses al 82,5% tras semana lluviosa, un r\u00e9cord para la fecha\"}]},{\"@type\":\"WebSite\",\"@id\":\"https:\/\/www.diario21.tv\/noticias\/#website\",\"url\":\"https:\/\/www.diario21.tv\/noticias\/\",\"name\":\"Diario 21\",\"description\":\"\",\"potentialAction\":[{\"@type\":\"SearchAction\",\"target\":{\"@type\":\"EntryPoint\",\"urlTemplate\":\"https:\/\/www.diario21.tv\/noticias\/?s={search_term_string}\"},\"query-input\":{\"@type\":\"PropertyValueSpecification\",\"valueRequired\":true,\"valueName\":\"search_term_string\"}}],\"inLanguage\":\"es-AR\"},{\"@type\":\"Person\",\"@id\":\"https:\/\/www.diario21.tv\/noticias\/#\/schema\/person\/dfb778f73814d8f09f302618446a526b\",\"name\":\"Juan P\u00e9rez\",\"image\":{\"@type\":\"ImageObject\",\"inLanguage\":\"es-AR\",\"@id\":\"https:\/\/www.diario21.tv\/noticias\/#\/schema\/person\/image\/\",\"url\":\"https:\/\/secure.gravatar.com\/avatar\/c478a405bd10621167f4c3167cc770f5?s=96&d=mm&r=g\",\"contentUrl\":\"https:\/\/secure.gravatar.com\/avatar\/c478a405bd10621167f4c3167cc770f5?s=96&d=mm&r=g\",\"caption\":\"Juan P\u00e9rez\"},\"description\":\"Juan P\u00e9rez es el redactor en jefe de Diario 21. Con m\u00e1s de 10 a\u00f1os de experiencia en el periodismo, se especializa en pol\u00edtica nacional y an\u00e1lisis socioecon\u00f3mico. Su enfoque cr\u00edtico y riguroso aporta una perspectiva \u00fanica a cada art\u00edculo.\",\"sameAs\":[\"https:\/\/www.diario21.tv\/noticias\/\"],\"url\":\"https:\/\/www.diario21.tv\/noticias\/author\/juan-perez\/\"}]}<\/script>\n<!-- \/ Yoast SEO plugin. -->","yoast_head_json":{"title":"\u00a1Incre\u00edble! Embalses al 82,5% tras semana lluviosa, un r\u00e9cord para la fecha - Diario 21","robots":{"index":"index","follow":"follow","max-snippet":"max-snippet:-1","max-image-preview":"max-image-preview:large","max-video-preview":"max-video-preview:-1"},"canonical":"https:\/\/www.diario21.tv\/noticias\/increible-embalses-al-825-tras-semana-lluviosa-un-record-para-la-fecha\/","og_locale":"es_ES","og_type":"article","og_title":"\u00a1Incre\u00edble! Embalses al 82,5% tras semana lluviosa, un r\u00e9cord para la fecha - Diario 21","og_description":"Los Reservorios Acumulan Casi 2.900 hm3 Tras Semanas de Precipitaciones En un giro impresionante debido a continuas semanas de lluvia, los reservorios en la regi\u00f3n han ... Seguir leyendo &rarr;","og_url":"https:\/\/www.diario21.tv\/noticias\/increible-embalses-al-825-tras-semana-lluviosa-un-record-para-la-fecha\/","og_site_name":"Diario 21","article_published_time":"2026-02-18T22:46:41+00:00","article_modified_time":"2026-02-18T22:46:42+00:00","og_image":[{"width":1200,"height":840,"url":"https:\/\/www.diario21.tv\/noticias\/wp-content\/uploads\/2026\/02\/\u00a1Increible-Embalses-al-825-tras-semana-lluviosa-un-record-para.JPG","type":"image\/jpeg"}],"author":"Juan P\u00e9rez","twitter_card":"summary_large_image","twitter_misc":{"Escrito por":"Juan P\u00e9rez","Tiempo de lectura":"2 minutos"},"schema":{"@context":"https:\/\/schema.org","@graph":[{"@type":"WebPage","@id":"https:\/\/www.diario21.tv\/noticias\/increible-embalses-al-825-tras-semana-lluviosa-un-record-para-la-fecha\/","url":"https:\/\/www.diario21.tv\/noticias\/increible-embalses-al-825-tras-semana-lluviosa-un-record-para-la-fecha\/","name":"\u00a1Incre\u00edble! Embalses al 82,5% tras semana lluviosa, un r\u00e9cord para la fecha - Diario 21","isPartOf":{"@id":"https:\/\/www.diario21.tv\/noticias\/#website"},"primaryImageOfPage":{"@id":"https:\/\/www.diario21.tv\/noticias\/increible-embalses-al-825-tras-semana-lluviosa-un-record-para-la-fecha\/#primaryimage"},"image":{"@id":"https:\/\/www.diario21.tv\/noticias\/increible-embalses-al-825-tras-semana-lluviosa-un-record-para-la-fecha\/#primaryimage"},"thumbnailUrl":"https:\/\/www.diario21.tv\/noticias\/wp-content\/uploads\/2026\/02\/\u00a1Increible-Embalses-al-825-tras-semana-lluviosa-un-record-para.JPG","datePublished":"2026-02-18T22:46:41+00:00","dateModified":"2026-02-18T22:46:42+00:00","author":{"@id":"https:\/\/www.diario21.tv\/noticias\/#\/schema\/person\/dfb778f73814d8f09f302618446a526b"},"breadcrumb":{"@id":"https:\/\/www.diario21.tv\/noticias\/increible-embalses-al-825-tras-semana-lluviosa-un-record-para-la-fecha\/#breadcrumb"},"inLanguage":"es-AR","potentialAction":[{"@type":"ReadAction","target":["https:\/\/www.diario21.tv\/noticias\/increible-embalses-al-825-tras-semana-lluviosa-un-record-para-la-fecha\/"]}]},{"@type":"ImageObject","inLanguage":"es-AR","@id":"https:\/\/www.diario21.tv\/noticias\/increible-embalses-al-825-tras-semana-lluviosa-un-record-para-la-fecha\/#primaryimage","url":"https:\/\/www.diario21.tv\/noticias\/wp-content\/uploads\/2026\/02\/\u00a1Increible-Embalses-al-825-tras-semana-lluviosa-un-record-para.JPG","contentUrl":"https:\/\/www.diario21.tv\/noticias\/wp-content\/uploads\/2026\/02\/\u00a1Increible-Embalses-al-825-tras-semana-lluviosa-un-record-para.JPG","width":1200,"height":840,"caption":"Los embalses ganan casi 2.900 hm3 en otra semana lluviosa y se ponen al 82,5% de su capacidad, algo nunca visto en estas fechas"},{"@type":"BreadcrumbList","@id":"https:\/\/www.diario21.tv\/noticias\/increible-embalses-al-825-tras-semana-lluviosa-un-record-para-la-fecha\/#breadcrumb","itemListElement":[{"@type":"ListItem","position":1,"name":"Accueil","item":"https:\/\/www.diario21.tv\/noticias\/"},{"@type":"ListItem","position":2,"name":"\u00a1Incre\u00edble! Embalses al 82,5% tras semana lluviosa, un r\u00e9cord para la fecha"}]},{"@type":"WebSite","@id":"https:\/\/www.diario21.tv\/noticias\/#website","url":"https:\/\/www.diario21.tv\/noticias\/","name":"Diario 21","description":"","potentialAction":[{"@type":"SearchAction","target":{"@type":"EntryPoint","urlTemplate":"https:\/\/www.diario21.tv\/noticias\/?s={search_term_string}"},"query-input":{"@type":"PropertyValueSpecification","valueRequired":true,"valueName":"search_term_string"}}],"inLanguage":"es-AR"},{"@type":"Person","@id":"https:\/\/www.diario21.tv\/noticias\/#\/schema\/person\/dfb778f73814d8f09f302618446a526b","name":"Juan P\u00e9rez","image":{"@type":"ImageObject","inLanguage":"es-AR","@id":"https:\/\/www.diario21.tv\/noticias\/#\/schema\/person\/image\/","url":"https:\/\/secure.gravatar.com\/avatar\/c478a405bd10621167f4c3167cc770f5?s=96&d=mm&r=g","contentUrl":"https:\/\/secure.gravatar.com\/avatar\/c478a405bd10621167f4c3167cc770f5?s=96&d=mm&r=g","caption":"Juan P\u00e9rez"},"description":"Juan P\u00e9rez es el redactor en jefe de Diario 21. Con m\u00e1s de 10 a\u00f1os de experiencia en el periodismo, se especializa en pol\u00edtica nacional y an\u00e1lisis socioecon\u00f3mico. Su enfoque cr\u00edtico y riguroso aporta una perspectiva \u00fanica a cada art\u00edculo.","sameAs":["https:\/\/www.diario21.tv\/noticias\/"],"url":"https:\/\/www.diario21.tv\/noticias\/author\/juan-perez\/"}]}},"_links":{"self":[{"href":"https:\/\/www.diario21.tv\/noticias\/wp-json\/wp\/v2\/posts\/6270"}],"collection":[{"href":"https:\/\/www.diario21.tv\/noticias\/wp-json\/wp\/v2\/posts"}],"about":[{"href":"https:\/\/www.diario21.tv\/noticias\/wp-json\/wp\/v2\/types\/post"}],"author":[{"embeddable":true,"href":"https:\/\/www.diario21.tv\/noticias\/wp-json\/wp\/v2\/users\/20"}],"replies":[{"embeddable":true,"href":"https:\/\/www.diario21.tv\/noticias\/wp-json\/wp\/v2\/comments?post=6270"}],"version-history":[{"count":1,"href":"https:\/\/www.diario21.tv\/noticias\/wp-json\/wp\/v2\/posts\/6270\/revisions"}],"predecessor-version":[{"id":6272,"href":"https:\/\/www.diario21.tv\/noticias\/wp-json\/wp\/v2\/posts\/6270\/revisions\/6272"}],"wp:featuredmedia":[{"embeddable":true,"href":"https:\/\/www.diario21.tv\/noticias\/wp-json\/wp\/v2\/media\/6271"}],"wp:attachment":[{"href":"https:\/\/www.diario21.tv\/noticias\/wp-json\/wp\/v2\/media?parent=6270"}],"wp:term":[{"taxonomy":"category","embeddable":true,"href":"https:\/\/www.diario21.tv\/noticias\/wp-json\/wp\/v2\/categories?post=6270"},{"taxonomy":"post_tag","embeddable":true,"href":"https:\/\/www.diario21.tv\/noticias\/wp-json\/wp\/v2\/tags?post=6270"}],"curies":[{"name":"wp","href":"https:\/\/api.w.org\/{rel}","templated":true}]}}