{"id":6255,"date":"2026-02-17T10:37:45","date_gmt":"2026-02-17T10:37:45","guid":{"rendered":"https:\/\/www.diario21.tv\/noticias\/alerta-en-soria-desbordamiento-del-duero-obliga-a-desalojos-y-confinamientos\/"},"modified":"2026-02-17T10:37:46","modified_gmt":"2026-02-17T10:37:46","slug":"alerta-en-soria-desbordamiento-del-duero-obliga-a-desalojos-y-confinamientos","status":"publish","type":"post","link":"https:\/\/www.diario21.tv\/noticias\/alerta-en-soria-desbordamiento-del-duero-obliga-a-desalojos-y-confinamientos\/","title":{"rendered":"\u00a1Alerta en Soria! Desbordamiento del Duero obliga a desalojos y confinamientos"},"content":{"rendered":"<h2>La crecida del r\u00edo Duero provoca confinamientos y evacuaciones en Soria<\/h2>\n<p>En un reciente y preocupante evento, la crecida del r\u00edo Duero ha llevado a la adopci\u00f3n de medidas de emergencia en la ciudad de Soria. Las autoridades locales han tenido que proceder al confinamiento y evacuaci\u00f3n de numerosas viviendas como respuesta directa al incremento alarmante del nivel del agua. Este suceso ha puesto en alerta a toda la comunidad y ha desencadenado una serie de acciones para garantizar la seguridad de los habitantes.<\/p>\n<h3>Detalles sobre la evacuaci\u00f3n y el confinamiento<\/h3>\n<p>Debido al desbordamiento, las autoridades sorianas han implementado una operaci\u00f3n de evacuaci\u00f3n en las \u00e1reas m\u00e1s afectadas por la crecida. Residentes de varias zonas pr\u00f3ximas al r\u00edo han sido obligados a abandonar sus hogares y buscar refugio en lugares seguros, proporcionados por el municipio y otras organizaciones colaboradoras. Adem\u00e1s, se ha aconsejado a los ciudadanos que permanezcan en sus casas si estas se encuentran en \u00e1reas menos afectadas pero a\u00fan as\u00ed bajo riesgo de inundaci\u00f3n, con la recomendaci\u00f3n de seguir atentos a las actualizaciones de las autoridades.<\/p>\n<h3>Respuesta de emergencia y medidas preventivas<\/h3>\n<p>Las autoridades locales, junto con los servicios de emergencia, han puesto en marcha un plan de acci\u00f3n para responder eficazmente a la situaci\u00f3n. Esto incluye la vigilancia constante del nivel del r\u00edo, la emisi\u00f3n de avisos y alertas a la poblaci\u00f3n, y la coordinaci\u00f3n de esfuerzos entre diferentes agencias gubernamentales y organizaciones no gubernamentales. Se han establecido tambi\u00e9n centros de evacuaci\u00f3n temporal que est\u00e1n equipados con los recursos necesarios para atender a los afectados.<\/p>\n<h3>Impacto en la comunidad local<\/h3>\n<p>La crecida del r\u00edo Duero ha tenido un impacto significativo en la vida diaria de los residentes de Soria. Muchas personas han tenido que dejar atr\u00e1s sus hogares, preocupadas no solo por su seguridad, sino tambi\u00e9n por la de sus bienes. El comercio local tambi\u00e9n se ha visto afectado, con varios negocios teniendo que cerrar temporalmente debido al riesgo de inundaciones. La comunidad se ha unido, no obstante, mostrando un esp\u00edritu de solidaridad y apoyo mutuo en estos momentos dif\u00edciles.<\/p>\n<h3>Recomendaciones para la poblaci\u00f3n<\/h3>\n<p>Las autoridades contin\u00faan instando a los ciudadanos a mantenerse informados a trav\u00e9s de los canales oficiales y a seguir todas las recomendaciones y directrices de seguridad. Es crucial que las personas eviten acercarse a las zonas inundadas y que sigan las instrucciones de los servicios de emergencia para proteger sus vidas y las de los dem\u00e1s. Adem\u00e1s, se aconseja a los residentes que preparen un kit de emergencia que incluya alimentos no perecederos, agua, medicamentos esenciales, y documentos importantes, para estar preparados ante cualquier eventualidad.<\/p>\n<p>Este evento subraya la importancia de la preparaci\u00f3n y la respuesta r\u00e1pida en situaciones de emergencia natural. La crecida del r\u00edo Duero en Soria es un recordatorio de la fuerza de la naturaleza y de la necesidad de mantener siempre la prudencia y la preparaci\u00f3n ante fen\u00f3menos imprevisibles.<\/p>\n\n\n<div class=\"kk-star-ratings kksr-auto kksr-align-left kksr-valign-bottom\"\n    data-payload='{&quot;align&quot;:&quot;left&quot;,&quot;id&quot;:&quot;6255&quot;,&quot;slug&quot;:&quot;default&quot;,&quot;valign&quot;:&quot;bottom&quot;,&quot;ignore&quot;:&quot;&quot;,&quot;reference&quot;:&quot;auto&quot;,&quot;class&quot;:&quot;&quot;,&quot;count&quot;:&quot;0&quot;,&quot;legendonly&quot;:&quot;&quot;,&quot;readonly&quot;:&quot;&quot;,&quot;score&quot;:&quot;0&quot;,&quot;starsonly&quot;:&quot;&quot;,&quot;best&quot;:&quot;5&quot;,&quot;gap&quot;:&quot;5&quot;,&quot;greet&quot;:&quot;Valora este post&quot;,&quot;legend&quot;:&quot;0\\\/5 - (0 votes)&quot;,&quot;size&quot;:&quot;22&quot;,&quot;title&quot;:&quot;\u00a1Alerta en Soria! Desbordamiento del Duero obliga a desalojos y confinamientos&quot;,&quot;width&quot;:&quot;0&quot;,&quot;_legend&quot;:&quot;{score}\\\/{best} - ({count} {votes})&quot;,&quot;font_factor&quot;:&quot;1.25&quot;}'>\n            \n<div class=\"kksr-stars\">\n    \n<div class=\"kksr-stars-inactive\">\n            <div class=\"kksr-star\" data-star=\"1\" style=\"padding-right: 5px\">\n            \n\n<div class=\"kksr-icon\" style=\"width: 22px; height: 22px;\"><\/div>\n        <\/div>\n            <div class=\"kksr-star\" data-star=\"2\" style=\"padding-right: 5px\">\n            \n\n<div class=\"kksr-icon\" style=\"width: 22px; height: 22px;\"><\/div>\n        <\/div>\n            <div class=\"kksr-star\" data-star=\"3\" style=\"padding-right: 5px\">\n            \n\n<div class=\"kksr-icon\" style=\"width: 22px; height: 22px;\"><\/div>\n        <\/div>\n            <div class=\"kksr-star\" data-star=\"4\" style=\"padding-right: 5px\">\n            \n\n<div class=\"kksr-icon\" style=\"width: 22px; height: 22px;\"><\/div>\n        <\/div>\n            <div class=\"kksr-star\" data-star=\"5\" style=\"padding-right: 5px\">\n            \n\n<div class=\"kksr-icon\" style=\"width: 22px; height: 22px;\"><\/div>\n        <\/div>\n    <\/div>\n    \n<div class=\"kksr-stars-active\" style=\"width: 0px;\">\n            <div class=\"kksr-star\" style=\"padding-right: 5px\">\n            \n\n<div class=\"kksr-icon\" style=\"width: 22px; height: 22px;\"><\/div>\n        <\/div>\n            <div class=\"kksr-star\" style=\"padding-right: 5px\">\n            \n\n<div class=\"kksr-icon\" style=\"width: 22px; height: 22px;\"><\/div>\n        <\/div>\n            <div class=\"kksr-star\" style=\"padding-right: 5px\">\n            \n\n<div class=\"kksr-icon\" style=\"width: 22px; height: 22px;\"><\/div>\n        <\/div>\n            <div class=\"kksr-star\" style=\"padding-right: 5px\">\n            \n\n<div class=\"kksr-icon\" style=\"width: 22px; height: 22px;\"><\/div>\n        <\/div>\n            <div class=\"kksr-star\" style=\"padding-right: 5px\">\n            \n\n<div class=\"kksr-icon\" style=\"width: 22px; height: 22px;\"><\/div>\n        <\/div>\n    <\/div>\n<\/div>\n                \n\n<div class=\"kksr-legend\" style=\"font-size: 17.6px;\">\n            <span class=\"kksr-muted\">Valora este post<\/span>\n    <\/div>\n    <\/div>\n","protected":false},"excerpt":{"rendered":"<p>La crecida del r\u00edo Duero provoca confinamientos y evacuaciones en Soria En un reciente y preocupante evento, la crecida del r\u00edo Duero ha llevado a la &#8230; <a title=\"\u00a1Alerta en Soria! Desbordamiento del Duero obliga a desalojos y confinamientos\" class=\"read-more\" href=\"https:\/\/www.diario21.tv\/noticias\/alerta-en-soria-desbordamiento-del-duero-obliga-a-desalojos-y-confinamientos\/\" aria-label=\"Leer m\u00e1s sobre \u00a1Alerta en Soria! Desbordamiento del Duero obliga a desalojos y confinamientos\">Seguir leyendo &rarr;<\/a><\/p>\n","protected":false},"author":20,"featured_media":6256,"comment_status":"open","ping_status":"open","sticky":false,"template":"","format":"standard","meta":{"footnotes":""},"categories":[13],"tags":[],"class_list":["post-6255","post","type-post","status-publish","format-standard","has-post-thumbnail","hentry","category-portada"],"yoast_head":"<!-- This site is optimized with the Yoast SEO plugin v25.6 - https:\/\/yoast.com\/wordpress\/plugins\/seo\/ -->\n<title>\u00a1Alerta en Soria! Desbordamiento del Duero obliga a desalojos y confinamientos - Diario 21<\/title>\n<meta name=\"robots\" content=\"index, follow, max-snippet:-1, max-image-preview:large, max-video-preview:-1\" \/>\n<link rel=\"canonical\" href=\"https:\/\/www.diario21.tv\/noticias\/alerta-en-soria-desbordamiento-del-duero-obliga-a-desalojos-y-confinamientos\/\" \/>\n<meta property=\"og:locale\" content=\"es_ES\" \/>\n<meta property=\"og:type\" content=\"article\" \/>\n<meta property=\"og:title\" content=\"\u00a1Alerta en Soria! Desbordamiento del Duero obliga a desalojos y confinamientos - Diario 21\" \/>\n<meta property=\"og:description\" content=\"La crecida del r\u00edo Duero provoca confinamientos y evacuaciones en Soria En un reciente y preocupante evento, la crecida del r\u00edo Duero ha llevado a la ... Seguir leyendo &rarr;\" \/>\n<meta property=\"og:url\" content=\"https:\/\/www.diario21.tv\/noticias\/alerta-en-soria-desbordamiento-del-duero-obliga-a-desalojos-y-confinamientos\/\" \/>\n<meta property=\"og:site_name\" content=\"Diario 21\" \/>\n<meta property=\"article:published_time\" content=\"2026-02-17T10:37:45+00:00\" \/>\n<meta property=\"article:modified_time\" content=\"2026-02-17T10:37:46+00:00\" \/>\n<meta property=\"og:image\" content=\"https:\/\/www.diario21.tv\/noticias\/wp-content\/uploads\/2026\/02\/\u00a1Alerta-en-Soria-Desbordamiento-del-Duero-obliga-a-desalojos-y.jpg\" \/>\n\t<meta property=\"og:image:width\" content=\"1200\" \/>\n\t<meta property=\"og:image:height\" content=\"840\" \/>\n\t<meta property=\"og:image:type\" content=\"image\/jpeg\" \/>\n<meta name=\"author\" content=\"Juan P\u00e9rez\" \/>\n<meta name=\"twitter:card\" content=\"summary_large_image\" \/>\n<meta name=\"twitter:label1\" content=\"Escrito por\" \/>\n\t<meta name=\"twitter:data1\" content=\"Juan P\u00e9rez\" \/>\n\t<meta name=\"twitter:label2\" content=\"Tiempo de lectura\" \/>\n\t<meta name=\"twitter:data2\" content=\"3 minutos\" \/>\n<script type=\"application\/ld+json\" class=\"yoast-schema-graph\">{\"@context\":\"https:\/\/schema.org\",\"@graph\":[{\"@type\":\"WebPage\",\"@id\":\"https:\/\/www.diario21.tv\/noticias\/alerta-en-soria-desbordamiento-del-duero-obliga-a-desalojos-y-confinamientos\/\",\"url\":\"https:\/\/www.diario21.tv\/noticias\/alerta-en-soria-desbordamiento-del-duero-obliga-a-desalojos-y-confinamientos\/\",\"name\":\"\u00a1Alerta en Soria! Desbordamiento del Duero obliga a desalojos y confinamientos - Diario 21\",\"isPartOf\":{\"@id\":\"https:\/\/www.diario21.tv\/noticias\/#website\"},\"primaryImageOfPage\":{\"@id\":\"https:\/\/www.diario21.tv\/noticias\/alerta-en-soria-desbordamiento-del-duero-obliga-a-desalojos-y-confinamientos\/#primaryimage\"},\"image\":{\"@id\":\"https:\/\/www.diario21.tv\/noticias\/alerta-en-soria-desbordamiento-del-duero-obliga-a-desalojos-y-confinamientos\/#primaryimage\"},\"thumbnailUrl\":\"https:\/\/www.diario21.tv\/noticias\/wp-content\/uploads\/2026\/02\/\u00a1Alerta-en-Soria-Desbordamiento-del-Duero-obliga-a-desalojos-y.jpg\",\"datePublished\":\"2026-02-17T10:37:45+00:00\",\"dateModified\":\"2026-02-17T10:37:46+00:00\",\"author\":{\"@id\":\"https:\/\/www.diario21.tv\/noticias\/#\/schema\/person\/dfb778f73814d8f09f302618446a526b\"},\"breadcrumb\":{\"@id\":\"https:\/\/www.diario21.tv\/noticias\/alerta-en-soria-desbordamiento-del-duero-obliga-a-desalojos-y-confinamientos\/#breadcrumb\"},\"inLanguage\":\"es-AR\",\"potentialAction\":[{\"@type\":\"ReadAction\",\"target\":[\"https:\/\/www.diario21.tv\/noticias\/alerta-en-soria-desbordamiento-del-duero-obliga-a-desalojos-y-confinamientos\/\"]}]},{\"@type\":\"ImageObject\",\"inLanguage\":\"es-AR\",\"@id\":\"https:\/\/www.diario21.tv\/noticias\/alerta-en-soria-desbordamiento-del-duero-obliga-a-desalojos-y-confinamientos\/#primaryimage\",\"url\":\"https:\/\/www.diario21.tv\/noticias\/wp-content\/uploads\/2026\/02\/\u00a1Alerta-en-Soria-Desbordamiento-del-Duero-obliga-a-desalojos-y.jpg\",\"contentUrl\":\"https:\/\/www.diario21.tv\/noticias\/wp-content\/uploads\/2026\/02\/\u00a1Alerta-en-Soria-Desbordamiento-del-Duero-obliga-a-desalojos-y.jpg\",\"width\":1200,\"height\":840,\"caption\":\"El desbordamiento del Duero obliga a confinar y desalojar viviendas en Soria\"},{\"@type\":\"BreadcrumbList\",\"@id\":\"https:\/\/www.diario21.tv\/noticias\/alerta-en-soria-desbordamiento-del-duero-obliga-a-desalojos-y-confinamientos\/#breadcrumb\",\"itemListElement\":[{\"@type\":\"ListItem\",\"position\":1,\"name\":\"Accueil\",\"item\":\"https:\/\/www.diario21.tv\/noticias\/\"},{\"@type\":\"ListItem\",\"position\":2,\"name\":\"\u00a1Alerta en Soria! Desbordamiento del Duero obliga a desalojos y confinamientos\"}]},{\"@type\":\"WebSite\",\"@id\":\"https:\/\/www.diario21.tv\/noticias\/#website\",\"url\":\"https:\/\/www.diario21.tv\/noticias\/\",\"name\":\"Diario 21\",\"description\":\"\",\"potentialAction\":[{\"@type\":\"SearchAction\",\"target\":{\"@type\":\"EntryPoint\",\"urlTemplate\":\"https:\/\/www.diario21.tv\/noticias\/?s={search_term_string}\"},\"query-input\":{\"@type\":\"PropertyValueSpecification\",\"valueRequired\":true,\"valueName\":\"search_term_string\"}}],\"inLanguage\":\"es-AR\"},{\"@type\":\"Person\",\"@id\":\"https:\/\/www.diario21.tv\/noticias\/#\/schema\/person\/dfb778f73814d8f09f302618446a526b\",\"name\":\"Juan P\u00e9rez\",\"image\":{\"@type\":\"ImageObject\",\"inLanguage\":\"es-AR\",\"@id\":\"https:\/\/www.diario21.tv\/noticias\/#\/schema\/person\/image\/\",\"url\":\"https:\/\/secure.gravatar.com\/avatar\/c478a405bd10621167f4c3167cc770f5?s=96&d=mm&r=g\",\"contentUrl\":\"https:\/\/secure.gravatar.com\/avatar\/c478a405bd10621167f4c3167cc770f5?s=96&d=mm&r=g\",\"caption\":\"Juan P\u00e9rez\"},\"description\":\"Juan P\u00e9rez es el redactor en jefe de Diario 21. Con m\u00e1s de 10 a\u00f1os de experiencia en el periodismo, se especializa en pol\u00edtica nacional y an\u00e1lisis socioecon\u00f3mico. Su enfoque cr\u00edtico y riguroso aporta una perspectiva \u00fanica a cada art\u00edculo.\",\"sameAs\":[\"https:\/\/www.diario21.tv\/noticias\/\"],\"url\":\"https:\/\/www.diario21.tv\/noticias\/author\/juan-perez\/\"}]}<\/script>\n<!-- \/ Yoast SEO plugin. -->","yoast_head_json":{"title":"\u00a1Alerta en Soria! Desbordamiento del Duero obliga a desalojos y confinamientos - Diario 21","robots":{"index":"index","follow":"follow","max-snippet":"max-snippet:-1","max-image-preview":"max-image-preview:large","max-video-preview":"max-video-preview:-1"},"canonical":"https:\/\/www.diario21.tv\/noticias\/alerta-en-soria-desbordamiento-del-duero-obliga-a-desalojos-y-confinamientos\/","og_locale":"es_ES","og_type":"article","og_title":"\u00a1Alerta en Soria! Desbordamiento del Duero obliga a desalojos y confinamientos - Diario 21","og_description":"La crecida del r\u00edo Duero provoca confinamientos y evacuaciones en Soria En un reciente y preocupante evento, la crecida del r\u00edo Duero ha llevado a la ... Seguir leyendo &rarr;","og_url":"https:\/\/www.diario21.tv\/noticias\/alerta-en-soria-desbordamiento-del-duero-obliga-a-desalojos-y-confinamientos\/","og_site_name":"Diario 21","article_published_time":"2026-02-17T10:37:45+00:00","article_modified_time":"2026-02-17T10:37:46+00:00","og_image":[{"width":1200,"height":840,"url":"https:\/\/www.diario21.tv\/noticias\/wp-content\/uploads\/2026\/02\/\u00a1Alerta-en-Soria-Desbordamiento-del-Duero-obliga-a-desalojos-y.jpg","type":"image\/jpeg"}],"author":"Juan P\u00e9rez","twitter_card":"summary_large_image","twitter_misc":{"Escrito por":"Juan P\u00e9rez","Tiempo de lectura":"3 minutos"},"schema":{"@context":"https:\/\/schema.org","@graph":[{"@type":"WebPage","@id":"https:\/\/www.diario21.tv\/noticias\/alerta-en-soria-desbordamiento-del-duero-obliga-a-desalojos-y-confinamientos\/","url":"https:\/\/www.diario21.tv\/noticias\/alerta-en-soria-desbordamiento-del-duero-obliga-a-desalojos-y-confinamientos\/","name":"\u00a1Alerta en Soria! Desbordamiento del Duero obliga a desalojos y confinamientos - Diario 21","isPartOf":{"@id":"https:\/\/www.diario21.tv\/noticias\/#website"},"primaryImageOfPage":{"@id":"https:\/\/www.diario21.tv\/noticias\/alerta-en-soria-desbordamiento-del-duero-obliga-a-desalojos-y-confinamientos\/#primaryimage"},"image":{"@id":"https:\/\/www.diario21.tv\/noticias\/alerta-en-soria-desbordamiento-del-duero-obliga-a-desalojos-y-confinamientos\/#primaryimage"},"thumbnailUrl":"https:\/\/www.diario21.tv\/noticias\/wp-content\/uploads\/2026\/02\/\u00a1Alerta-en-Soria-Desbordamiento-del-Duero-obliga-a-desalojos-y.jpg","datePublished":"2026-02-17T10:37:45+00:00","dateModified":"2026-02-17T10:37:46+00:00","author":{"@id":"https:\/\/www.diario21.tv\/noticias\/#\/schema\/person\/dfb778f73814d8f09f302618446a526b"},"breadcrumb":{"@id":"https:\/\/www.diario21.tv\/noticias\/alerta-en-soria-desbordamiento-del-duero-obliga-a-desalojos-y-confinamientos\/#breadcrumb"},"inLanguage":"es-AR","potentialAction":[{"@type":"ReadAction","target":["https:\/\/www.diario21.tv\/noticias\/alerta-en-soria-desbordamiento-del-duero-obliga-a-desalojos-y-confinamientos\/"]}]},{"@type":"ImageObject","inLanguage":"es-AR","@id":"https:\/\/www.diario21.tv\/noticias\/alerta-en-soria-desbordamiento-del-duero-obliga-a-desalojos-y-confinamientos\/#primaryimage","url":"https:\/\/www.diario21.tv\/noticias\/wp-content\/uploads\/2026\/02\/\u00a1Alerta-en-Soria-Desbordamiento-del-Duero-obliga-a-desalojos-y.jpg","contentUrl":"https:\/\/www.diario21.tv\/noticias\/wp-content\/uploads\/2026\/02\/\u00a1Alerta-en-Soria-Desbordamiento-del-Duero-obliga-a-desalojos-y.jpg","width":1200,"height":840,"caption":"El desbordamiento del Duero obliga a confinar y desalojar viviendas en Soria"},{"@type":"BreadcrumbList","@id":"https:\/\/www.diario21.tv\/noticias\/alerta-en-soria-desbordamiento-del-duero-obliga-a-desalojos-y-confinamientos\/#breadcrumb","itemListElement":[{"@type":"ListItem","position":1,"name":"Accueil","item":"https:\/\/www.diario21.tv\/noticias\/"},{"@type":"ListItem","position":2,"name":"\u00a1Alerta en Soria! Desbordamiento del Duero obliga a desalojos y confinamientos"}]},{"@type":"WebSite","@id":"https:\/\/www.diario21.tv\/noticias\/#website","url":"https:\/\/www.diario21.tv\/noticias\/","name":"Diario 21","description":"","potentialAction":[{"@type":"SearchAction","target":{"@type":"EntryPoint","urlTemplate":"https:\/\/www.diario21.tv\/noticias\/?s={search_term_string}"},"query-input":{"@type":"PropertyValueSpecification","valueRequired":true,"valueName":"search_term_string"}}],"inLanguage":"es-AR"},{"@type":"Person","@id":"https:\/\/www.diario21.tv\/noticias\/#\/schema\/person\/dfb778f73814d8f09f302618446a526b","name":"Juan P\u00e9rez","image":{"@type":"ImageObject","inLanguage":"es-AR","@id":"https:\/\/www.diario21.tv\/noticias\/#\/schema\/person\/image\/","url":"https:\/\/secure.gravatar.com\/avatar\/c478a405bd10621167f4c3167cc770f5?s=96&d=mm&r=g","contentUrl":"https:\/\/secure.gravatar.com\/avatar\/c478a405bd10621167f4c3167cc770f5?s=96&d=mm&r=g","caption":"Juan P\u00e9rez"},"description":"Juan P\u00e9rez es el redactor en jefe de Diario 21. Con m\u00e1s de 10 a\u00f1os de experiencia en el periodismo, se especializa en pol\u00edtica nacional y an\u00e1lisis socioecon\u00f3mico. Su enfoque cr\u00edtico y riguroso aporta una perspectiva \u00fanica a cada art\u00edculo.","sameAs":["https:\/\/www.diario21.tv\/noticias\/"],"url":"https:\/\/www.diario21.tv\/noticias\/author\/juan-perez\/"}]}},"_links":{"self":[{"href":"https:\/\/www.diario21.tv\/noticias\/wp-json\/wp\/v2\/posts\/6255"}],"collection":[{"href":"https:\/\/www.diario21.tv\/noticias\/wp-json\/wp\/v2\/posts"}],"about":[{"href":"https:\/\/www.diario21.tv\/noticias\/wp-json\/wp\/v2\/types\/post"}],"author":[{"embeddable":true,"href":"https:\/\/www.diario21.tv\/noticias\/wp-json\/wp\/v2\/users\/20"}],"replies":[{"embeddable":true,"href":"https:\/\/www.diario21.tv\/noticias\/wp-json\/wp\/v2\/comments?post=6255"}],"version-history":[{"count":1,"href":"https:\/\/www.diario21.tv\/noticias\/wp-json\/wp\/v2\/posts\/6255\/revisions"}],"predecessor-version":[{"id":6257,"href":"https:\/\/www.diario21.tv\/noticias\/wp-json\/wp\/v2\/posts\/6255\/revisions\/6257"}],"wp:featuredmedia":[{"embeddable":true,"href":"https:\/\/www.diario21.tv\/noticias\/wp-json\/wp\/v2\/media\/6256"}],"wp:attachment":[{"href":"https:\/\/www.diario21.tv\/noticias\/wp-json\/wp\/v2\/media?parent=6255"}],"wp:term":[{"taxonomy":"category","embeddable":true,"href":"https:\/\/www.diario21.tv\/noticias\/wp-json\/wp\/v2\/categories?post=6255"},{"taxonomy":"post_tag","embeddable":true,"href":"https:\/\/www.diario21.tv\/noticias\/wp-json\/wp\/v2\/tags?post=6255"}],"curies":[{"name":"wp","href":"https:\/\/api.w.org\/{rel}","templated":true}]}}