{"id":6237,"date":"2026-02-15T22:31:37","date_gmt":"2026-02-15T22:31:37","guid":{"rendered":"https:\/\/www.diario21.tv\/noticias\/condenan-a-8-anos-por-agresion-homofobica-que-dejo-a-un-hombre-casi-ciego-en-murcia\/"},"modified":"2026-02-15T22:31:45","modified_gmt":"2026-02-15T22:31:45","slug":"condenan-a-8-anos-por-agresion-homofobica-que-dejo-a-un-hombre-casi-ciego-en-murcia","status":"publish","type":"post","link":"https:\/\/www.diario21.tv\/noticias\/condenan-a-8-anos-por-agresion-homofobica-que-dejo-a-un-hombre-casi-ciego-en-murcia\/","title":{"rendered":"Condenan a 8 a\u00f1os por agresi\u00f3n homof\u00f3bica que dej\u00f3 a un hombre casi ciego en Murcia"},"content":{"rendered":"<h2>Condena de Ocho A\u00f1os por Agresi\u00f3n Homof\u00f3bica en Murcia<\/h2>\n<p>En un lamentable incidente ocurrido en Murcia, un hombre ha sido condenado a ocho a\u00f1os de prisi\u00f3n despu\u00e9s de agredir brutalmente a otro, provoc\u00e1ndole una casi total p\u00e9rdida de visi\u00f3n en uno de sus ojos. El ataque, que estuvo marcado por insultos homof\u00f3bicos, resalta la gravedad de la violencia basada en la orientaci\u00f3n sexual.<\/p>\n<h3>Detalles del Ataque<\/h3>\n<p>El suceso tuvo lugar en un contexto de violencia desmedida cuando el agresor, al identificar a su v\u00edctima en la calle, comenz\u00f3 a insultarlo con t\u00e9rminos denigrantes como \u00abmaric\u00f3n de mierda\u00bb. Acto seguido, el atacante procedi\u00f3 a golpear al hombre en la cara, espec\u00edficamente en el \u00e1rea del ojo, con tal fuerza que le caus\u00f3 da\u00f1os permanentes en la visi\u00f3n.<\/p>\n<h3>Repercusiones Legales<\/h3>\n<p>El juicio revel\u00f3 no solo la brutalidad del ataque sino tambi\u00e9n el claro componente de odio que motiv\u00f3 el acto. La justicia, al tomar en cuenta la naturaleza homof\u00f3bica del asalto, dictamin\u00f3 una pena de ocho a\u00f1os de c\u00e1rcel para el agresor. Este caso subraya la importancia de considerar el odio como agravante en delitos de esta \u00edndole.<\/p>\n<p>La sentencia busca enviar un mensaje claro sobre la intolerancia del sistema judicial espa\u00f1ol hacia cualquier forma de violencia de odio. Se espera que este fallo contribuya a una mayor conciencia sobre la gravedad de los cr\u00edmenes homof\u00f3bicos y la necesidad de abordarlos con el m\u00e1ximo rigor legal.<\/p>\n<p>Este incidente y su correspondiente resoluci\u00f3n judicial recalcan la necesidad de seguir luchando contra la discriminaci\u00f3n y promover una sociedad m\u00e1s inclusiva y respetuosa de todas las orientaciones e identidades sexuales.<\/p>\n\n\n<div class=\"kk-star-ratings kksr-auto kksr-align-left kksr-valign-bottom\"\n    data-payload='{&quot;align&quot;:&quot;left&quot;,&quot;id&quot;:&quot;6237&quot;,&quot;slug&quot;:&quot;default&quot;,&quot;valign&quot;:&quot;bottom&quot;,&quot;ignore&quot;:&quot;&quot;,&quot;reference&quot;:&quot;auto&quot;,&quot;class&quot;:&quot;&quot;,&quot;count&quot;:&quot;0&quot;,&quot;legendonly&quot;:&quot;&quot;,&quot;readonly&quot;:&quot;&quot;,&quot;score&quot;:&quot;0&quot;,&quot;starsonly&quot;:&quot;&quot;,&quot;best&quot;:&quot;5&quot;,&quot;gap&quot;:&quot;5&quot;,&quot;greet&quot;:&quot;Valora este post&quot;,&quot;legend&quot;:&quot;0\\\/5 - (0 votes)&quot;,&quot;size&quot;:&quot;22&quot;,&quot;title&quot;:&quot;Condenan a 8 a\u00f1os por agresi\u00f3n homof\u00f3bica que dej\u00f3 a un hombre casi ciego en Murcia&quot;,&quot;width&quot;:&quot;0&quot;,&quot;_legend&quot;:&quot;{score}\\\/{best} - ({count} {votes})&quot;,&quot;font_factor&quot;:&quot;1.25&quot;}'>\n            \n<div class=\"kksr-stars\">\n    \n<div class=\"kksr-stars-inactive\">\n            <div class=\"kksr-star\" data-star=\"1\" style=\"padding-right: 5px\">\n            \n\n<div class=\"kksr-icon\" style=\"width: 22px; height: 22px;\"><\/div>\n        <\/div>\n            <div class=\"kksr-star\" data-star=\"2\" style=\"padding-right: 5px\">\n            \n\n<div class=\"kksr-icon\" style=\"width: 22px; height: 22px;\"><\/div>\n        <\/div>\n            <div class=\"kksr-star\" data-star=\"3\" style=\"padding-right: 5px\">\n            \n\n<div class=\"kksr-icon\" style=\"width: 22px; height: 22px;\"><\/div>\n        <\/div>\n            <div class=\"kksr-star\" data-star=\"4\" style=\"padding-right: 5px\">\n            \n\n<div class=\"kksr-icon\" style=\"width: 22px; height: 22px;\"><\/div>\n        <\/div>\n            <div class=\"kksr-star\" data-star=\"5\" style=\"padding-right: 5px\">\n            \n\n<div class=\"kksr-icon\" style=\"width: 22px; height: 22px;\"><\/div>\n        <\/div>\n    <\/div>\n    \n<div class=\"kksr-stars-active\" style=\"width: 0px;\">\n            <div class=\"kksr-star\" style=\"padding-right: 5px\">\n            \n\n<div class=\"kksr-icon\" style=\"width: 22px; height: 22px;\"><\/div>\n        <\/div>\n            <div class=\"kksr-star\" style=\"padding-right: 5px\">\n            \n\n<div class=\"kksr-icon\" style=\"width: 22px; height: 22px;\"><\/div>\n        <\/div>\n            <div class=\"kksr-star\" style=\"padding-right: 5px\">\n            \n\n<div class=\"kksr-icon\" style=\"width: 22px; height: 22px;\"><\/div>\n        <\/div>\n            <div class=\"kksr-star\" style=\"padding-right: 5px\">\n            \n\n<div class=\"kksr-icon\" style=\"width: 22px; height: 22px;\"><\/div>\n        <\/div>\n            <div class=\"kksr-star\" style=\"padding-right: 5px\">\n            \n\n<div class=\"kksr-icon\" style=\"width: 22px; height: 22px;\"><\/div>\n        <\/div>\n    <\/div>\n<\/div>\n                \n\n<div class=\"kksr-legend\" style=\"font-size: 17.6px;\">\n            <span class=\"kksr-muted\">Valora este post<\/span>\n    <\/div>\n    <\/div>\n","protected":false},"excerpt":{"rendered":"<p>Condena de Ocho A\u00f1os por Agresi\u00f3n Homof\u00f3bica en Murcia En un lamentable incidente ocurrido en Murcia, un hombre ha sido condenado a ocho a\u00f1os de prisi\u00f3n &#8230; <a title=\"Condenan a 8 a\u00f1os por agresi\u00f3n homof\u00f3bica que dej\u00f3 a un hombre casi ciego en Murcia\" class=\"read-more\" href=\"https:\/\/www.diario21.tv\/noticias\/condenan-a-8-anos-por-agresion-homofobica-que-dejo-a-un-hombre-casi-ciego-en-murcia\/\" aria-label=\"Leer m\u00e1s sobre Condenan a 8 a\u00f1os por agresi\u00f3n homof\u00f3bica que dej\u00f3 a un hombre casi ciego en Murcia\">Seguir leyendo &rarr;<\/a><\/p>\n","protected":false},"author":20,"featured_media":6238,"comment_status":"open","ping_status":"open","sticky":false,"template":"","format":"standard","meta":{"footnotes":""},"categories":[13],"tags":[],"class_list":["post-6237","post","type-post","status-publish","format-standard","has-post-thumbnail","hentry","category-portada"],"yoast_head":"<!-- This site is optimized with the Yoast SEO plugin v25.6 - https:\/\/yoast.com\/wordpress\/plugins\/seo\/ -->\n<title>Condenan a 8 a\u00f1os por agresi\u00f3n homof\u00f3bica que dej\u00f3 a un hombre casi ciego en Murcia - Diario 21<\/title>\n<meta name=\"robots\" content=\"index, follow, max-snippet:-1, max-image-preview:large, max-video-preview:-1\" \/>\n<link rel=\"canonical\" href=\"https:\/\/www.diario21.tv\/noticias\/condenan-a-8-anos-por-agresion-homofobica-que-dejo-a-un-hombre-casi-ciego-en-murcia\/\" \/>\n<meta property=\"og:locale\" content=\"es_ES\" \/>\n<meta property=\"og:type\" content=\"article\" \/>\n<meta property=\"og:title\" content=\"Condenan a 8 a\u00f1os por agresi\u00f3n homof\u00f3bica que dej\u00f3 a un hombre casi ciego en Murcia - Diario 21\" \/>\n<meta property=\"og:description\" content=\"Condena de Ocho A\u00f1os por Agresi\u00f3n Homof\u00f3bica en Murcia En un lamentable incidente ocurrido en Murcia, un hombre ha sido condenado a ocho a\u00f1os de prisi\u00f3n ... Seguir leyendo &rarr;\" \/>\n<meta property=\"og:url\" content=\"https:\/\/www.diario21.tv\/noticias\/condenan-a-8-anos-por-agresion-homofobica-que-dejo-a-un-hombre-casi-ciego-en-murcia\/\" \/>\n<meta property=\"og:site_name\" content=\"Diario 21\" \/>\n<meta property=\"article:published_time\" content=\"2026-02-15T22:31:37+00:00\" \/>\n<meta property=\"article:modified_time\" content=\"2026-02-15T22:31:45+00:00\" \/>\n<meta property=\"og:image\" content=\"https:\/\/www.diario21.tv\/noticias\/wp-content\/uploads\/2026\/02\/Condenan-a-8-anos-por-agresion-homofobica-que-dejo-a.jpg\" \/>\n\t<meta property=\"og:image:width\" content=\"1200\" \/>\n\t<meta property=\"og:image:height\" content=\"840\" \/>\n\t<meta property=\"og:image:type\" content=\"image\/jpeg\" \/>\n<meta name=\"author\" content=\"Juan P\u00e9rez\" \/>\n<meta name=\"twitter:card\" content=\"summary_large_image\" \/>\n<meta name=\"twitter:label1\" content=\"Escrito por\" \/>\n\t<meta name=\"twitter:data1\" content=\"Juan P\u00e9rez\" \/>\n\t<meta name=\"twitter:label2\" content=\"Tiempo de lectura\" \/>\n\t<meta name=\"twitter:data2\" content=\"1 minuto\" \/>\n<script type=\"application\/ld+json\" class=\"yoast-schema-graph\">{\"@context\":\"https:\/\/schema.org\",\"@graph\":[{\"@type\":\"WebPage\",\"@id\":\"https:\/\/www.diario21.tv\/noticias\/condenan-a-8-anos-por-agresion-homofobica-que-dejo-a-un-hombre-casi-ciego-en-murcia\/\",\"url\":\"https:\/\/www.diario21.tv\/noticias\/condenan-a-8-anos-por-agresion-homofobica-que-dejo-a-un-hombre-casi-ciego-en-murcia\/\",\"name\":\"Condenan a 8 a\u00f1os por agresi\u00f3n homof\u00f3bica que dej\u00f3 a un hombre casi ciego en Murcia - Diario 21\",\"isPartOf\":{\"@id\":\"https:\/\/www.diario21.tv\/noticias\/#website\"},\"primaryImageOfPage\":{\"@id\":\"https:\/\/www.diario21.tv\/noticias\/condenan-a-8-anos-por-agresion-homofobica-que-dejo-a-un-hombre-casi-ciego-en-murcia\/#primaryimage\"},\"image\":{\"@id\":\"https:\/\/www.diario21.tv\/noticias\/condenan-a-8-anos-por-agresion-homofobica-que-dejo-a-un-hombre-casi-ciego-en-murcia\/#primaryimage\"},\"thumbnailUrl\":\"https:\/\/www.diario21.tv\/noticias\/wp-content\/uploads\/2026\/02\/Condenan-a-8-anos-por-agresion-homofobica-que-dejo-a.jpg\",\"datePublished\":\"2026-02-15T22:31:37+00:00\",\"dateModified\":\"2026-02-15T22:31:45+00:00\",\"author\":{\"@id\":\"https:\/\/www.diario21.tv\/noticias\/#\/schema\/person\/dfb778f73814d8f09f302618446a526b\"},\"breadcrumb\":{\"@id\":\"https:\/\/www.diario21.tv\/noticias\/condenan-a-8-anos-por-agresion-homofobica-que-dejo-a-un-hombre-casi-ciego-en-murcia\/#breadcrumb\"},\"inLanguage\":\"es-AR\",\"potentialAction\":[{\"@type\":\"ReadAction\",\"target\":[\"https:\/\/www.diario21.tv\/noticias\/condenan-a-8-anos-por-agresion-homofobica-que-dejo-a-un-hombre-casi-ciego-en-murcia\/\"]}]},{\"@type\":\"ImageObject\",\"inLanguage\":\"es-AR\",\"@id\":\"https:\/\/www.diario21.tv\/noticias\/condenan-a-8-anos-por-agresion-homofobica-que-dejo-a-un-hombre-casi-ciego-en-murcia\/#primaryimage\",\"url\":\"https:\/\/www.diario21.tv\/noticias\/wp-content\/uploads\/2026\/02\/Condenan-a-8-anos-por-agresion-homofobica-que-dejo-a.jpg\",\"contentUrl\":\"https:\/\/www.diario21.tv\/noticias\/wp-content\/uploads\/2026\/02\/Condenan-a-8-anos-por-agresion-homofobica-que-dejo-a.jpg\",\"width\":1200,\"height\":840,\"caption\":\"Ocho a\u00f1os de c\u00e1rcel por dejar casi ciego de un ojo a un hombre en Murcia al grito de \u00abmaric\u00f3n de mierda\u00bb\"},{\"@type\":\"BreadcrumbList\",\"@id\":\"https:\/\/www.diario21.tv\/noticias\/condenan-a-8-anos-por-agresion-homofobica-que-dejo-a-un-hombre-casi-ciego-en-murcia\/#breadcrumb\",\"itemListElement\":[{\"@type\":\"ListItem\",\"position\":1,\"name\":\"Accueil\",\"item\":\"https:\/\/www.diario21.tv\/noticias\/\"},{\"@type\":\"ListItem\",\"position\":2,\"name\":\"Condenan a 8 a\u00f1os por agresi\u00f3n homof\u00f3bica que dej\u00f3 a un hombre casi ciego en Murcia\"}]},{\"@type\":\"WebSite\",\"@id\":\"https:\/\/www.diario21.tv\/noticias\/#website\",\"url\":\"https:\/\/www.diario21.tv\/noticias\/\",\"name\":\"Diario 21\",\"description\":\"\",\"potentialAction\":[{\"@type\":\"SearchAction\",\"target\":{\"@type\":\"EntryPoint\",\"urlTemplate\":\"https:\/\/www.diario21.tv\/noticias\/?s={search_term_string}\"},\"query-input\":{\"@type\":\"PropertyValueSpecification\",\"valueRequired\":true,\"valueName\":\"search_term_string\"}}],\"inLanguage\":\"es-AR\"},{\"@type\":\"Person\",\"@id\":\"https:\/\/www.diario21.tv\/noticias\/#\/schema\/person\/dfb778f73814d8f09f302618446a526b\",\"name\":\"Juan P\u00e9rez\",\"image\":{\"@type\":\"ImageObject\",\"inLanguage\":\"es-AR\",\"@id\":\"https:\/\/www.diario21.tv\/noticias\/#\/schema\/person\/image\/\",\"url\":\"https:\/\/secure.gravatar.com\/avatar\/c478a405bd10621167f4c3167cc770f5?s=96&d=mm&r=g\",\"contentUrl\":\"https:\/\/secure.gravatar.com\/avatar\/c478a405bd10621167f4c3167cc770f5?s=96&d=mm&r=g\",\"caption\":\"Juan P\u00e9rez\"},\"description\":\"Juan P\u00e9rez es el redactor en jefe de Diario 21. Con m\u00e1s de 10 a\u00f1os de experiencia en el periodismo, se especializa en pol\u00edtica nacional y an\u00e1lisis socioecon\u00f3mico. Su enfoque cr\u00edtico y riguroso aporta una perspectiva \u00fanica a cada art\u00edculo.\",\"sameAs\":[\"https:\/\/www.diario21.tv\/noticias\/\"],\"url\":\"https:\/\/www.diario21.tv\/noticias\/author\/juan-perez\/\"}]}<\/script>\n<!-- \/ Yoast SEO plugin. -->","yoast_head_json":{"title":"Condenan a 8 a\u00f1os por agresi\u00f3n homof\u00f3bica que dej\u00f3 a un hombre casi ciego en Murcia - Diario 21","robots":{"index":"index","follow":"follow","max-snippet":"max-snippet:-1","max-image-preview":"max-image-preview:large","max-video-preview":"max-video-preview:-1"},"canonical":"https:\/\/www.diario21.tv\/noticias\/condenan-a-8-anos-por-agresion-homofobica-que-dejo-a-un-hombre-casi-ciego-en-murcia\/","og_locale":"es_ES","og_type":"article","og_title":"Condenan a 8 a\u00f1os por agresi\u00f3n homof\u00f3bica que dej\u00f3 a un hombre casi ciego en Murcia - Diario 21","og_description":"Condena de Ocho A\u00f1os por Agresi\u00f3n Homof\u00f3bica en Murcia En un lamentable incidente ocurrido en Murcia, un hombre ha sido condenado a ocho a\u00f1os de prisi\u00f3n ... Seguir leyendo &rarr;","og_url":"https:\/\/www.diario21.tv\/noticias\/condenan-a-8-anos-por-agresion-homofobica-que-dejo-a-un-hombre-casi-ciego-en-murcia\/","og_site_name":"Diario 21","article_published_time":"2026-02-15T22:31:37+00:00","article_modified_time":"2026-02-15T22:31:45+00:00","og_image":[{"width":1200,"height":840,"url":"https:\/\/www.diario21.tv\/noticias\/wp-content\/uploads\/2026\/02\/Condenan-a-8-anos-por-agresion-homofobica-que-dejo-a.jpg","type":"image\/jpeg"}],"author":"Juan P\u00e9rez","twitter_card":"summary_large_image","twitter_misc":{"Escrito por":"Juan P\u00e9rez","Tiempo de lectura":"1 minuto"},"schema":{"@context":"https:\/\/schema.org","@graph":[{"@type":"WebPage","@id":"https:\/\/www.diario21.tv\/noticias\/condenan-a-8-anos-por-agresion-homofobica-que-dejo-a-un-hombre-casi-ciego-en-murcia\/","url":"https:\/\/www.diario21.tv\/noticias\/condenan-a-8-anos-por-agresion-homofobica-que-dejo-a-un-hombre-casi-ciego-en-murcia\/","name":"Condenan a 8 a\u00f1os por agresi\u00f3n homof\u00f3bica que dej\u00f3 a un hombre casi ciego en Murcia - Diario 21","isPartOf":{"@id":"https:\/\/www.diario21.tv\/noticias\/#website"},"primaryImageOfPage":{"@id":"https:\/\/www.diario21.tv\/noticias\/condenan-a-8-anos-por-agresion-homofobica-que-dejo-a-un-hombre-casi-ciego-en-murcia\/#primaryimage"},"image":{"@id":"https:\/\/www.diario21.tv\/noticias\/condenan-a-8-anos-por-agresion-homofobica-que-dejo-a-un-hombre-casi-ciego-en-murcia\/#primaryimage"},"thumbnailUrl":"https:\/\/www.diario21.tv\/noticias\/wp-content\/uploads\/2026\/02\/Condenan-a-8-anos-por-agresion-homofobica-que-dejo-a.jpg","datePublished":"2026-02-15T22:31:37+00:00","dateModified":"2026-02-15T22:31:45+00:00","author":{"@id":"https:\/\/www.diario21.tv\/noticias\/#\/schema\/person\/dfb778f73814d8f09f302618446a526b"},"breadcrumb":{"@id":"https:\/\/www.diario21.tv\/noticias\/condenan-a-8-anos-por-agresion-homofobica-que-dejo-a-un-hombre-casi-ciego-en-murcia\/#breadcrumb"},"inLanguage":"es-AR","potentialAction":[{"@type":"ReadAction","target":["https:\/\/www.diario21.tv\/noticias\/condenan-a-8-anos-por-agresion-homofobica-que-dejo-a-un-hombre-casi-ciego-en-murcia\/"]}]},{"@type":"ImageObject","inLanguage":"es-AR","@id":"https:\/\/www.diario21.tv\/noticias\/condenan-a-8-anos-por-agresion-homofobica-que-dejo-a-un-hombre-casi-ciego-en-murcia\/#primaryimage","url":"https:\/\/www.diario21.tv\/noticias\/wp-content\/uploads\/2026\/02\/Condenan-a-8-anos-por-agresion-homofobica-que-dejo-a.jpg","contentUrl":"https:\/\/www.diario21.tv\/noticias\/wp-content\/uploads\/2026\/02\/Condenan-a-8-anos-por-agresion-homofobica-que-dejo-a.jpg","width":1200,"height":840,"caption":"Ocho a\u00f1os de c\u00e1rcel por dejar casi ciego de un ojo a un hombre en Murcia al grito de \u00abmaric\u00f3n de mierda\u00bb"},{"@type":"BreadcrumbList","@id":"https:\/\/www.diario21.tv\/noticias\/condenan-a-8-anos-por-agresion-homofobica-que-dejo-a-un-hombre-casi-ciego-en-murcia\/#breadcrumb","itemListElement":[{"@type":"ListItem","position":1,"name":"Accueil","item":"https:\/\/www.diario21.tv\/noticias\/"},{"@type":"ListItem","position":2,"name":"Condenan a 8 a\u00f1os por agresi\u00f3n homof\u00f3bica que dej\u00f3 a un hombre casi ciego en Murcia"}]},{"@type":"WebSite","@id":"https:\/\/www.diario21.tv\/noticias\/#website","url":"https:\/\/www.diario21.tv\/noticias\/","name":"Diario 21","description":"","potentialAction":[{"@type":"SearchAction","target":{"@type":"EntryPoint","urlTemplate":"https:\/\/www.diario21.tv\/noticias\/?s={search_term_string}"},"query-input":{"@type":"PropertyValueSpecification","valueRequired":true,"valueName":"search_term_string"}}],"inLanguage":"es-AR"},{"@type":"Person","@id":"https:\/\/www.diario21.tv\/noticias\/#\/schema\/person\/dfb778f73814d8f09f302618446a526b","name":"Juan P\u00e9rez","image":{"@type":"ImageObject","inLanguage":"es-AR","@id":"https:\/\/www.diario21.tv\/noticias\/#\/schema\/person\/image\/","url":"https:\/\/secure.gravatar.com\/avatar\/c478a405bd10621167f4c3167cc770f5?s=96&d=mm&r=g","contentUrl":"https:\/\/secure.gravatar.com\/avatar\/c478a405bd10621167f4c3167cc770f5?s=96&d=mm&r=g","caption":"Juan P\u00e9rez"},"description":"Juan P\u00e9rez es el redactor en jefe de Diario 21. Con m\u00e1s de 10 a\u00f1os de experiencia en el periodismo, se especializa en pol\u00edtica nacional y an\u00e1lisis socioecon\u00f3mico. Su enfoque cr\u00edtico y riguroso aporta una perspectiva \u00fanica a cada art\u00edculo.","sameAs":["https:\/\/www.diario21.tv\/noticias\/"],"url":"https:\/\/www.diario21.tv\/noticias\/author\/juan-perez\/"}]}},"_links":{"self":[{"href":"https:\/\/www.diario21.tv\/noticias\/wp-json\/wp\/v2\/posts\/6237"}],"collection":[{"href":"https:\/\/www.diario21.tv\/noticias\/wp-json\/wp\/v2\/posts"}],"about":[{"href":"https:\/\/www.diario21.tv\/noticias\/wp-json\/wp\/v2\/types\/post"}],"author":[{"embeddable":true,"href":"https:\/\/www.diario21.tv\/noticias\/wp-json\/wp\/v2\/users\/20"}],"replies":[{"embeddable":true,"href":"https:\/\/www.diario21.tv\/noticias\/wp-json\/wp\/v2\/comments?post=6237"}],"version-history":[{"count":1,"href":"https:\/\/www.diario21.tv\/noticias\/wp-json\/wp\/v2\/posts\/6237\/revisions"}],"predecessor-version":[{"id":6239,"href":"https:\/\/www.diario21.tv\/noticias\/wp-json\/wp\/v2\/posts\/6237\/revisions\/6239"}],"wp:featuredmedia":[{"embeddable":true,"href":"https:\/\/www.diario21.tv\/noticias\/wp-json\/wp\/v2\/media\/6238"}],"wp:attachment":[{"href":"https:\/\/www.diario21.tv\/noticias\/wp-json\/wp\/v2\/media?parent=6237"}],"wp:term":[{"taxonomy":"category","embeddable":true,"href":"https:\/\/www.diario21.tv\/noticias\/wp-json\/wp\/v2\/categories?post=6237"},{"taxonomy":"post_tag","embeddable":true,"href":"https:\/\/www.diario21.tv\/noticias\/wp-json\/wp\/v2\/tags?post=6237"}],"curies":[{"name":"wp","href":"https:\/\/api.w.org\/{rel}","templated":true}]}}