{"id":6210,"date":"2026-02-13T10:17:32","date_gmt":"2026-02-13T10:17:32","guid":{"rendered":"https:\/\/www.diario21.tv\/noticias\/impactante-hombre-amenazado-de-muerte-y-maniatado-en-valencia-para-desalojarlo-de-su-casa\/"},"modified":"2026-02-13T10:17:33","modified_gmt":"2026-02-13T10:17:33","slug":"impactante-hombre-amenazado-de-muerte-y-maniatado-en-valencia-para-desalojarlo-de-su-casa","status":"publish","type":"post","link":"https:\/\/www.diario21.tv\/noticias\/impactante-hombre-amenazado-de-muerte-y-maniatado-en-valencia-para-desalojarlo-de-su-casa\/","title":{"rendered":"\u00a1Impactante! Hombre amenazado de muerte y maniatado en Valencia para desalojarlo de su casa."},"content":{"rendered":"<h2>Atado con Bridas y Coaccionado Bajo Amenazas de Muerte para Abandonar su Vivienda en Valencia<\/h2>\n<p>En un incidente impactante ocurrido en Valencia, un hombre fue brutalmente intimidado y forzado a dejar su propio hogar bajo amenazas de muerte. Los agresores, que buscaban apoderarse de la propiedad del hombre, no dudaron en utilizar m\u00e9todos extremos para conseguir su objetivo.<\/p>\n<h3>Detalles del Acontecimiento<\/h3>\n<p>El suceso tuvo lugar en la vivienda del afectado, ubicada en un tranquilo barrio de Valencia. Seg\u00fan fuentes cercanas al caso, varios individuos irrumpieron en la casa durante la noche. El hombre, cuya identidad se ha mantenido en reserva por razones de seguridad, fue sorprendido mientras dorm\u00eda y r\u00e1pidamente sometido por los intrusos.<\/p>\n<p>Los asaltantes utilizaron bridas, com\u00fanmente empleadas como ataduras de cables, para maniatar al propietario. Con el hombre ya incapacitado, procedieron a amenazarlo de muerte, exigi\u00e9ndole que abandonara su hogar de inmediato o enfrentar\u00eda consecuencias a\u00fan m\u00e1s graves.<\/p>\n<h3>Intimidaci\u00f3n y Coacci\u00f3n<\/h3>\n<p>La v\u00edctima, atemorizada y sin capacidad de defenderse, tuvo que acceder a las demandas de los agresores. Los testimonios indican que los delincuentes quer\u00edan asegurarse de que el hombre dejara la propiedad sin la posibilidad de reclamarla judicialmente m\u00e1s adelante. Durante el ataque, le hicieron saber que cualquier intento de resistencia o denuncia resultar\u00eda en da\u00f1os irreparables para \u00e9l y posiblemente para sus seres queridos.<\/p>\n<h3>Investigaci\u00f3n y Respuesta Policial<\/h3>\n<p>Una vez que los agresores abandonaron la escena, la v\u00edctima logr\u00f3 liberarse y contactar a las autoridades. La polic\u00eda de Valencia r\u00e1pidamente inici\u00f3 una investigaci\u00f3n para dar con los responsables de este acto de violencia y usurpaci\u00f3n. El enfoque inicial de la investigaci\u00f3n ha estado en identificar a los asaltantes, que se cree son parte de un grupo m\u00e1s grande especializado en la toma ilegal de propiedades.<\/p>\n<h3>Impacto en la Comunidad<\/h3>\n<p>Este incidente ha causado alarma en la comunidad, ya que ha subrayado la audacia y la crueldad de algunos criminales en la ciudad. Vecinos y asociaciones locales han expresado su preocupaci\u00f3n y est\u00e1n colaborando estrechamente con la polic\u00eda, proporcionando cualquier informaci\u00f3n que pueda ayudar a capturar a los culpables.<\/p>\n<p>Adem\u00e1s, este caso ha resaltado la importancia de las medidas de seguridad en las viviendas y la necesidad de una respuesta r\u00e1pida y efectiva de las autoridades en situaciones de usurpaci\u00f3n y amenazas graves.<\/p>\n<h3>Conclusi\u00f3n<\/h3>\n<p>La v\u00edctima se encuentra actualmente en un lugar seguro y recibiendo apoyo legal y psicol\u00f3gico para superar el trauma experimentado. Las fuerzas del orden contin\u00faan su b\u00fasqueda de los delincuentes, con la esperanza de restablecer la paz y la seguridad en el barrio afectado. Este caso sigue siendo un recordatorio cr\u00edtico de los desaf\u00edos que enfrentan algunas comunidades y la importancia de mantener la vigilancia y la cooperaci\u00f3n entre ciudadanos y autoridades.<\/p>\n\n\n<div class=\"kk-star-ratings kksr-auto kksr-align-left kksr-valign-bottom\"\n    data-payload='{&quot;align&quot;:&quot;left&quot;,&quot;id&quot;:&quot;6210&quot;,&quot;slug&quot;:&quot;default&quot;,&quot;valign&quot;:&quot;bottom&quot;,&quot;ignore&quot;:&quot;&quot;,&quot;reference&quot;:&quot;auto&quot;,&quot;class&quot;:&quot;&quot;,&quot;count&quot;:&quot;0&quot;,&quot;legendonly&quot;:&quot;&quot;,&quot;readonly&quot;:&quot;&quot;,&quot;score&quot;:&quot;0&quot;,&quot;starsonly&quot;:&quot;&quot;,&quot;best&quot;:&quot;5&quot;,&quot;gap&quot;:&quot;5&quot;,&quot;greet&quot;:&quot;Valora este post&quot;,&quot;legend&quot;:&quot;0\\\/5 - (0 votes)&quot;,&quot;size&quot;:&quot;22&quot;,&quot;title&quot;:&quot;\u00a1Impactante! Hombre amenazado de muerte y maniatado en Valencia para desalojarlo de su casa.&quot;,&quot;width&quot;:&quot;0&quot;,&quot;_legend&quot;:&quot;{score}\\\/{best} - ({count} {votes})&quot;,&quot;font_factor&quot;:&quot;1.25&quot;}'>\n            \n<div class=\"kksr-stars\">\n    \n<div class=\"kksr-stars-inactive\">\n            <div class=\"kksr-star\" data-star=\"1\" style=\"padding-right: 5px\">\n            \n\n<div class=\"kksr-icon\" style=\"width: 22px; height: 22px;\"><\/div>\n        <\/div>\n            <div class=\"kksr-star\" data-star=\"2\" style=\"padding-right: 5px\">\n            \n\n<div class=\"kksr-icon\" style=\"width: 22px; height: 22px;\"><\/div>\n        <\/div>\n            <div class=\"kksr-star\" data-star=\"3\" style=\"padding-right: 5px\">\n            \n\n<div class=\"kksr-icon\" style=\"width: 22px; height: 22px;\"><\/div>\n        <\/div>\n            <div class=\"kksr-star\" data-star=\"4\" style=\"padding-right: 5px\">\n            \n\n<div class=\"kksr-icon\" style=\"width: 22px; height: 22px;\"><\/div>\n        <\/div>\n            <div class=\"kksr-star\" data-star=\"5\" style=\"padding-right: 5px\">\n            \n\n<div class=\"kksr-icon\" style=\"width: 22px; height: 22px;\"><\/div>\n        <\/div>\n    <\/div>\n    \n<div class=\"kksr-stars-active\" style=\"width: 0px;\">\n            <div class=\"kksr-star\" style=\"padding-right: 5px\">\n            \n\n<div class=\"kksr-icon\" style=\"width: 22px; height: 22px;\"><\/div>\n        <\/div>\n            <div class=\"kksr-star\" style=\"padding-right: 5px\">\n            \n\n<div class=\"kksr-icon\" style=\"width: 22px; height: 22px;\"><\/div>\n        <\/div>\n            <div class=\"kksr-star\" style=\"padding-right: 5px\">\n            \n\n<div class=\"kksr-icon\" style=\"width: 22px; height: 22px;\"><\/div>\n        <\/div>\n            <div class=\"kksr-star\" style=\"padding-right: 5px\">\n            \n\n<div class=\"kksr-icon\" style=\"width: 22px; height: 22px;\"><\/div>\n        <\/div>\n            <div class=\"kksr-star\" style=\"padding-right: 5px\">\n            \n\n<div class=\"kksr-icon\" style=\"width: 22px; height: 22px;\"><\/div>\n        <\/div>\n    <\/div>\n<\/div>\n                \n\n<div class=\"kksr-legend\" style=\"font-size: 17.6px;\">\n            <span class=\"kksr-muted\">Valora este post<\/span>\n    <\/div>\n    <\/div>\n","protected":false},"excerpt":{"rendered":"<p>Atado con Bridas y Coaccionado Bajo Amenazas de Muerte para Abandonar su Vivienda en Valencia En un incidente impactante ocurrido en Valencia, un hombre fue brutalmente &#8230; <a title=\"\u00a1Impactante! Hombre amenazado de muerte y maniatado en Valencia para desalojarlo de su casa.\" class=\"read-more\" href=\"https:\/\/www.diario21.tv\/noticias\/impactante-hombre-amenazado-de-muerte-y-maniatado-en-valencia-para-desalojarlo-de-su-casa\/\" aria-label=\"Leer m\u00e1s sobre \u00a1Impactante! Hombre amenazado de muerte y maniatado en Valencia para desalojarlo de su casa.\">Seguir leyendo &rarr;<\/a><\/p>\n","protected":false},"author":20,"featured_media":6211,"comment_status":"open","ping_status":"open","sticky":false,"template":"","format":"standard","meta":{"footnotes":""},"categories":[13],"tags":[],"class_list":["post-6210","post","type-post","status-publish","format-standard","has-post-thumbnail","hentry","category-portada"],"yoast_head":"<!-- This site is optimized with the Yoast SEO plugin v25.6 - https:\/\/yoast.com\/wordpress\/plugins\/seo\/ -->\n<title>\u00a1Impactante! Hombre amenazado de muerte y maniatado en Valencia para desalojarlo de su casa. - Diario 21<\/title>\n<meta name=\"robots\" content=\"index, follow, max-snippet:-1, max-image-preview:large, max-video-preview:-1\" \/>\n<link rel=\"canonical\" href=\"https:\/\/www.diario21.tv\/noticias\/impactante-hombre-amenazado-de-muerte-y-maniatado-en-valencia-para-desalojarlo-de-su-casa\/\" \/>\n<meta property=\"og:locale\" content=\"es_ES\" \/>\n<meta property=\"og:type\" content=\"article\" \/>\n<meta property=\"og:title\" content=\"\u00a1Impactante! Hombre amenazado de muerte y maniatado en Valencia para desalojarlo de su casa. - Diario 21\" \/>\n<meta property=\"og:description\" content=\"Atado con Bridas y Coaccionado Bajo Amenazas de Muerte para Abandonar su Vivienda en Valencia En un incidente impactante ocurrido en Valencia, un hombre fue brutalmente ... Seguir leyendo &rarr;\" \/>\n<meta property=\"og:url\" content=\"https:\/\/www.diario21.tv\/noticias\/impactante-hombre-amenazado-de-muerte-y-maniatado-en-valencia-para-desalojarlo-de-su-casa\/\" \/>\n<meta property=\"og:site_name\" content=\"Diario 21\" \/>\n<meta property=\"article:published_time\" content=\"2026-02-13T10:17:32+00:00\" \/>\n<meta property=\"article:modified_time\" content=\"2026-02-13T10:17:33+00:00\" \/>\n<meta property=\"og:image\" content=\"https:\/\/www.diario21.tv\/noticias\/wp-content\/uploads\/2026\/02\/\u00a1Impactante-Hombre-amenazado-de-muerte-y-maniatado-en-Valencia-para.jpg\" \/>\n\t<meta property=\"og:image:width\" content=\"1200\" \/>\n\t<meta property=\"og:image:height\" content=\"840\" \/>\n\t<meta property=\"og:image:type\" content=\"image\/jpeg\" \/>\n<meta name=\"author\" content=\"Juan P\u00e9rez\" \/>\n<meta name=\"twitter:card\" content=\"summary_large_image\" \/>\n<meta name=\"twitter:label1\" content=\"Escrito por\" \/>\n\t<meta name=\"twitter:data1\" content=\"Juan P\u00e9rez\" \/>\n\t<meta name=\"twitter:label2\" content=\"Tiempo de lectura\" \/>\n\t<meta name=\"twitter:data2\" content=\"2 minutos\" \/>\n<script type=\"application\/ld+json\" class=\"yoast-schema-graph\">{\"@context\":\"https:\/\/schema.org\",\"@graph\":[{\"@type\":\"WebPage\",\"@id\":\"https:\/\/www.diario21.tv\/noticias\/impactante-hombre-amenazado-de-muerte-y-maniatado-en-valencia-para-desalojarlo-de-su-casa\/\",\"url\":\"https:\/\/www.diario21.tv\/noticias\/impactante-hombre-amenazado-de-muerte-y-maniatado-en-valencia-para-desalojarlo-de-su-casa\/\",\"name\":\"\u00a1Impactante! Hombre amenazado de muerte y maniatado en Valencia para desalojarlo de su casa. - Diario 21\",\"isPartOf\":{\"@id\":\"https:\/\/www.diario21.tv\/noticias\/#website\"},\"primaryImageOfPage\":{\"@id\":\"https:\/\/www.diario21.tv\/noticias\/impactante-hombre-amenazado-de-muerte-y-maniatado-en-valencia-para-desalojarlo-de-su-casa\/#primaryimage\"},\"image\":{\"@id\":\"https:\/\/www.diario21.tv\/noticias\/impactante-hombre-amenazado-de-muerte-y-maniatado-en-valencia-para-desalojarlo-de-su-casa\/#primaryimage\"},\"thumbnailUrl\":\"https:\/\/www.diario21.tv\/noticias\/wp-content\/uploads\/2026\/02\/\u00a1Impactante-Hombre-amenazado-de-muerte-y-maniatado-en-Valencia-para.jpg\",\"datePublished\":\"2026-02-13T10:17:32+00:00\",\"dateModified\":\"2026-02-13T10:17:33+00:00\",\"author\":{\"@id\":\"https:\/\/www.diario21.tv\/noticias\/#\/schema\/person\/dfb778f73814d8f09f302618446a526b\"},\"breadcrumb\":{\"@id\":\"https:\/\/www.diario21.tv\/noticias\/impactante-hombre-amenazado-de-muerte-y-maniatado-en-valencia-para-desalojarlo-de-su-casa\/#breadcrumb\"},\"inLanguage\":\"es-AR\",\"potentialAction\":[{\"@type\":\"ReadAction\",\"target\":[\"https:\/\/www.diario21.tv\/noticias\/impactante-hombre-amenazado-de-muerte-y-maniatado-en-valencia-para-desalojarlo-de-su-casa\/\"]}]},{\"@type\":\"ImageObject\",\"inLanguage\":\"es-AR\",\"@id\":\"https:\/\/www.diario21.tv\/noticias\/impactante-hombre-amenazado-de-muerte-y-maniatado-en-valencia-para-desalojarlo-de-su-casa\/#primaryimage\",\"url\":\"https:\/\/www.diario21.tv\/noticias\/wp-content\/uploads\/2026\/02\/\u00a1Impactante-Hombre-amenazado-de-muerte-y-maniatado-en-Valencia-para.jpg\",\"contentUrl\":\"https:\/\/www.diario21.tv\/noticias\/wp-content\/uploads\/2026\/02\/\u00a1Impactante-Hombre-amenazado-de-muerte-y-maniatado-en-Valencia-para.jpg\",\"width\":1200,\"height\":840,\"caption\":\"Maniatado con bridas y amenazado de muerte para que se marche de su propia casa en Valencia\"},{\"@type\":\"BreadcrumbList\",\"@id\":\"https:\/\/www.diario21.tv\/noticias\/impactante-hombre-amenazado-de-muerte-y-maniatado-en-valencia-para-desalojarlo-de-su-casa\/#breadcrumb\",\"itemListElement\":[{\"@type\":\"ListItem\",\"position\":1,\"name\":\"Accueil\",\"item\":\"https:\/\/www.diario21.tv\/noticias\/\"},{\"@type\":\"ListItem\",\"position\":2,\"name\":\"\u00a1Impactante! Hombre amenazado de muerte y maniatado en Valencia para desalojarlo de su casa.\"}]},{\"@type\":\"WebSite\",\"@id\":\"https:\/\/www.diario21.tv\/noticias\/#website\",\"url\":\"https:\/\/www.diario21.tv\/noticias\/\",\"name\":\"Diario 21\",\"description\":\"\",\"potentialAction\":[{\"@type\":\"SearchAction\",\"target\":{\"@type\":\"EntryPoint\",\"urlTemplate\":\"https:\/\/www.diario21.tv\/noticias\/?s={search_term_string}\"},\"query-input\":{\"@type\":\"PropertyValueSpecification\",\"valueRequired\":true,\"valueName\":\"search_term_string\"}}],\"inLanguage\":\"es-AR\"},{\"@type\":\"Person\",\"@id\":\"https:\/\/www.diario21.tv\/noticias\/#\/schema\/person\/dfb778f73814d8f09f302618446a526b\",\"name\":\"Juan P\u00e9rez\",\"image\":{\"@type\":\"ImageObject\",\"inLanguage\":\"es-AR\",\"@id\":\"https:\/\/www.diario21.tv\/noticias\/#\/schema\/person\/image\/\",\"url\":\"https:\/\/secure.gravatar.com\/avatar\/c478a405bd10621167f4c3167cc770f5?s=96&d=mm&r=g\",\"contentUrl\":\"https:\/\/secure.gravatar.com\/avatar\/c478a405bd10621167f4c3167cc770f5?s=96&d=mm&r=g\",\"caption\":\"Juan P\u00e9rez\"},\"description\":\"Juan P\u00e9rez es el redactor en jefe de Diario 21. Con m\u00e1s de 10 a\u00f1os de experiencia en el periodismo, se especializa en pol\u00edtica nacional y an\u00e1lisis socioecon\u00f3mico. Su enfoque cr\u00edtico y riguroso aporta una perspectiva \u00fanica a cada art\u00edculo.\",\"sameAs\":[\"https:\/\/www.diario21.tv\/noticias\/\"],\"url\":\"https:\/\/www.diario21.tv\/noticias\/author\/juan-perez\/\"}]}<\/script>\n<!-- \/ Yoast SEO plugin. -->","yoast_head_json":{"title":"\u00a1Impactante! Hombre amenazado de muerte y maniatado en Valencia para desalojarlo de su casa. - Diario 21","robots":{"index":"index","follow":"follow","max-snippet":"max-snippet:-1","max-image-preview":"max-image-preview:large","max-video-preview":"max-video-preview:-1"},"canonical":"https:\/\/www.diario21.tv\/noticias\/impactante-hombre-amenazado-de-muerte-y-maniatado-en-valencia-para-desalojarlo-de-su-casa\/","og_locale":"es_ES","og_type":"article","og_title":"\u00a1Impactante! Hombre amenazado de muerte y maniatado en Valencia para desalojarlo de su casa. - Diario 21","og_description":"Atado con Bridas y Coaccionado Bajo Amenazas de Muerte para Abandonar su Vivienda en Valencia En un incidente impactante ocurrido en Valencia, un hombre fue brutalmente ... Seguir leyendo &rarr;","og_url":"https:\/\/www.diario21.tv\/noticias\/impactante-hombre-amenazado-de-muerte-y-maniatado-en-valencia-para-desalojarlo-de-su-casa\/","og_site_name":"Diario 21","article_published_time":"2026-02-13T10:17:32+00:00","article_modified_time":"2026-02-13T10:17:33+00:00","og_image":[{"width":1200,"height":840,"url":"https:\/\/www.diario21.tv\/noticias\/wp-content\/uploads\/2026\/02\/\u00a1Impactante-Hombre-amenazado-de-muerte-y-maniatado-en-Valencia-para.jpg","type":"image\/jpeg"}],"author":"Juan P\u00e9rez","twitter_card":"summary_large_image","twitter_misc":{"Escrito por":"Juan P\u00e9rez","Tiempo de lectura":"2 minutos"},"schema":{"@context":"https:\/\/schema.org","@graph":[{"@type":"WebPage","@id":"https:\/\/www.diario21.tv\/noticias\/impactante-hombre-amenazado-de-muerte-y-maniatado-en-valencia-para-desalojarlo-de-su-casa\/","url":"https:\/\/www.diario21.tv\/noticias\/impactante-hombre-amenazado-de-muerte-y-maniatado-en-valencia-para-desalojarlo-de-su-casa\/","name":"\u00a1Impactante! Hombre amenazado de muerte y maniatado en Valencia para desalojarlo de su casa. - Diario 21","isPartOf":{"@id":"https:\/\/www.diario21.tv\/noticias\/#website"},"primaryImageOfPage":{"@id":"https:\/\/www.diario21.tv\/noticias\/impactante-hombre-amenazado-de-muerte-y-maniatado-en-valencia-para-desalojarlo-de-su-casa\/#primaryimage"},"image":{"@id":"https:\/\/www.diario21.tv\/noticias\/impactante-hombre-amenazado-de-muerte-y-maniatado-en-valencia-para-desalojarlo-de-su-casa\/#primaryimage"},"thumbnailUrl":"https:\/\/www.diario21.tv\/noticias\/wp-content\/uploads\/2026\/02\/\u00a1Impactante-Hombre-amenazado-de-muerte-y-maniatado-en-Valencia-para.jpg","datePublished":"2026-02-13T10:17:32+00:00","dateModified":"2026-02-13T10:17:33+00:00","author":{"@id":"https:\/\/www.diario21.tv\/noticias\/#\/schema\/person\/dfb778f73814d8f09f302618446a526b"},"breadcrumb":{"@id":"https:\/\/www.diario21.tv\/noticias\/impactante-hombre-amenazado-de-muerte-y-maniatado-en-valencia-para-desalojarlo-de-su-casa\/#breadcrumb"},"inLanguage":"es-AR","potentialAction":[{"@type":"ReadAction","target":["https:\/\/www.diario21.tv\/noticias\/impactante-hombre-amenazado-de-muerte-y-maniatado-en-valencia-para-desalojarlo-de-su-casa\/"]}]},{"@type":"ImageObject","inLanguage":"es-AR","@id":"https:\/\/www.diario21.tv\/noticias\/impactante-hombre-amenazado-de-muerte-y-maniatado-en-valencia-para-desalojarlo-de-su-casa\/#primaryimage","url":"https:\/\/www.diario21.tv\/noticias\/wp-content\/uploads\/2026\/02\/\u00a1Impactante-Hombre-amenazado-de-muerte-y-maniatado-en-Valencia-para.jpg","contentUrl":"https:\/\/www.diario21.tv\/noticias\/wp-content\/uploads\/2026\/02\/\u00a1Impactante-Hombre-amenazado-de-muerte-y-maniatado-en-Valencia-para.jpg","width":1200,"height":840,"caption":"Maniatado con bridas y amenazado de muerte para que se marche de su propia casa en Valencia"},{"@type":"BreadcrumbList","@id":"https:\/\/www.diario21.tv\/noticias\/impactante-hombre-amenazado-de-muerte-y-maniatado-en-valencia-para-desalojarlo-de-su-casa\/#breadcrumb","itemListElement":[{"@type":"ListItem","position":1,"name":"Accueil","item":"https:\/\/www.diario21.tv\/noticias\/"},{"@type":"ListItem","position":2,"name":"\u00a1Impactante! Hombre amenazado de muerte y maniatado en Valencia para desalojarlo de su casa."}]},{"@type":"WebSite","@id":"https:\/\/www.diario21.tv\/noticias\/#website","url":"https:\/\/www.diario21.tv\/noticias\/","name":"Diario 21","description":"","potentialAction":[{"@type":"SearchAction","target":{"@type":"EntryPoint","urlTemplate":"https:\/\/www.diario21.tv\/noticias\/?s={search_term_string}"},"query-input":{"@type":"PropertyValueSpecification","valueRequired":true,"valueName":"search_term_string"}}],"inLanguage":"es-AR"},{"@type":"Person","@id":"https:\/\/www.diario21.tv\/noticias\/#\/schema\/person\/dfb778f73814d8f09f302618446a526b","name":"Juan P\u00e9rez","image":{"@type":"ImageObject","inLanguage":"es-AR","@id":"https:\/\/www.diario21.tv\/noticias\/#\/schema\/person\/image\/","url":"https:\/\/secure.gravatar.com\/avatar\/c478a405bd10621167f4c3167cc770f5?s=96&d=mm&r=g","contentUrl":"https:\/\/secure.gravatar.com\/avatar\/c478a405bd10621167f4c3167cc770f5?s=96&d=mm&r=g","caption":"Juan P\u00e9rez"},"description":"Juan P\u00e9rez es el redactor en jefe de Diario 21. Con m\u00e1s de 10 a\u00f1os de experiencia en el periodismo, se especializa en pol\u00edtica nacional y an\u00e1lisis socioecon\u00f3mico. Su enfoque cr\u00edtico y riguroso aporta una perspectiva \u00fanica a cada art\u00edculo.","sameAs":["https:\/\/www.diario21.tv\/noticias\/"],"url":"https:\/\/www.diario21.tv\/noticias\/author\/juan-perez\/"}]}},"_links":{"self":[{"href":"https:\/\/www.diario21.tv\/noticias\/wp-json\/wp\/v2\/posts\/6210"}],"collection":[{"href":"https:\/\/www.diario21.tv\/noticias\/wp-json\/wp\/v2\/posts"}],"about":[{"href":"https:\/\/www.diario21.tv\/noticias\/wp-json\/wp\/v2\/types\/post"}],"author":[{"embeddable":true,"href":"https:\/\/www.diario21.tv\/noticias\/wp-json\/wp\/v2\/users\/20"}],"replies":[{"embeddable":true,"href":"https:\/\/www.diario21.tv\/noticias\/wp-json\/wp\/v2\/comments?post=6210"}],"version-history":[{"count":1,"href":"https:\/\/www.diario21.tv\/noticias\/wp-json\/wp\/v2\/posts\/6210\/revisions"}],"predecessor-version":[{"id":6212,"href":"https:\/\/www.diario21.tv\/noticias\/wp-json\/wp\/v2\/posts\/6210\/revisions\/6212"}],"wp:featuredmedia":[{"embeddable":true,"href":"https:\/\/www.diario21.tv\/noticias\/wp-json\/wp\/v2\/media\/6211"}],"wp:attachment":[{"href":"https:\/\/www.diario21.tv\/noticias\/wp-json\/wp\/v2\/media?parent=6210"}],"wp:term":[{"taxonomy":"category","embeddable":true,"href":"https:\/\/www.diario21.tv\/noticias\/wp-json\/wp\/v2\/categories?post=6210"},{"taxonomy":"post_tag","embeddable":true,"href":"https:\/\/www.diario21.tv\/noticias\/wp-json\/wp\/v2\/tags?post=6210"}],"curies":[{"name":"wp","href":"https:\/\/api.w.org\/{rel}","templated":true}]}}