{"id":6198,"date":"2026-02-12T10:09:54","date_gmt":"2026-02-12T10:09:54","guid":{"rendered":"https:\/\/www.diario21.tv\/noticias\/alerta-padres-toxina-hallada-en-popular-leche-en-polvo-para-bebes\/"},"modified":"2026-02-12T10:09:55","modified_gmt":"2026-02-12T10:09:55","slug":"alerta-padres-toxina-hallada-en-popular-leche-en-polvo-para-bebes","status":"publish","type":"post","link":"https:\/\/www.diario21.tv\/noticias\/alerta-padres-toxina-hallada-en-popular-leche-en-polvo-para-bebes\/","title":{"rendered":"\u00a1Alerta padres! Toxina hallada en popular leche en polvo para beb\u00e9s."},"content":{"rendered":"<h2>Advertencia de Salud: Hallan Toxina en Popular F\u00f3rmula Infantil en Polvo<\/h2>\n<p>Recientemente, las autoridades de salud han emitido una advertencia despu\u00e9s de descubrir la presencia de una toxina peligrosa en una f\u00f3rmula l\u00e1ctea en polvo ampliamente utilizada para la alimentaci\u00f3n infantil. Este hallazgo ha causado gran preocupaci\u00f3n entre los padres y cuidadores de beb\u00e9s, quienes conf\u00edan en este producto para la nutrici\u00f3n de sus peque\u00f1os.<\/p>\n<h3>Detalles del Descubrimiento<\/h3>\n<p>El problema fue detectado durante una serie de inspecciones de rutina realizadas por los inspectores de calidad. La toxina identificada pertenece al grupo de las aflatoxinas, que son metabolitos producidos por hongos y que pueden ser extremadamente nocivos para la salud. Estas sustancias pueden provocar problemas serios como da\u00f1os hep\u00e1ticos y complicaciones en el sistema inmunol\u00f3gico, especialmente en beb\u00e9s y ni\u00f1os peque\u00f1os cuyos cuerpos a\u00fan est\u00e1n en desarrollo.<\/p>\n<h3>Medidas Inmediatas y Recomendaciones<\/h3>\n<p>Tras el descubrimiento, se ha procedido a retirar de inmediato todos los lotes afectados de los estantes de tiendas y supermercados. Las autoridades han instado a los consumidores que hayan comprado esta f\u00f3rmula en polvo a verificar los n\u00fameros de lote y fechas de caducidad proporcionados en los comunicados oficiales y devolver cualquier producto afectado al punto de compra.<\/p>\n<p>Se recomienda a los padres y cuidadores que busquen alternativas seguras y que consulten a profesionales de la salud para recibir asesoramiento sobre otras opciones de nutrici\u00f3n infantil. Adem\u00e1s, se les aconseja estar atentos a cualquier se\u00f1al de malestar o s\u00edntomas inusuales en sus hijos, que podr\u00edan estar relacionados con la ingesta de la f\u00f3rmula contaminada.<\/p>\n<h3>Respuesta del Fabricante<\/h3>\n<p>La compa\u00f1\u00eda responsable de la producci\u00f3n de la f\u00f3rmula en polvo ha emitido un comunicado expresando su compromiso con la seguridad y la calidad de sus productos. Han iniciado una investigaci\u00f3n exhaustiva para determinar la causa de la contaminaci\u00f3n y est\u00e1n colaborando estrechamente con las autoridades sanitarias para asegurar que se tomen todas las medidas necesarias para prevenir futuros incidentes.<\/p>\n<h3>Impacto en la Confianza del Consumidor<\/h3>\n<p>Este incidente ha generado inquietudes significativas sobre la seguridad de los productos alimenticios destinados a beb\u00e9s y ha impactado la confianza de los consumidores en la marca afectada. Expertos en seguridad alimentaria enfatizan la importancia de seguir estrictos controles de calidad durante la producci\u00f3n de alimentos infantiles para garantizar su seguridad y pureza.<\/p>\n<h3>Conclusi\u00f3n<\/h3>\n<p>La detecci\u00f3n de una toxina en una f\u00f3rmula infantil en polvo subraya la necesidad constante de vigilancia y control en la producci\u00f3n de alimentos, especialmente aquellos destinados a la poblaci\u00f3n infantil. Los padres y cuidadores deben permanecer informados y cautelosos con los productos que eligen para sus beb\u00e9s, asegur\u00e1ndose siempre de que cumplen con los est\u00e1ndares de seguridad alimentaria m\u00e1s altos. Las autoridades, por su parte, deben continuar con sus esfuerzos para proteger la salud p\u00fablica, realizando inspecciones regulares y asegurando que todos los productos en el mercado sean seguros para el consumo.<\/p>\n\n\n<div class=\"kk-star-ratings kksr-auto kksr-align-left kksr-valign-bottom\"\n    data-payload='{&quot;align&quot;:&quot;left&quot;,&quot;id&quot;:&quot;6198&quot;,&quot;slug&quot;:&quot;default&quot;,&quot;valign&quot;:&quot;bottom&quot;,&quot;ignore&quot;:&quot;&quot;,&quot;reference&quot;:&quot;auto&quot;,&quot;class&quot;:&quot;&quot;,&quot;count&quot;:&quot;0&quot;,&quot;legendonly&quot;:&quot;&quot;,&quot;readonly&quot;:&quot;&quot;,&quot;score&quot;:&quot;0&quot;,&quot;starsonly&quot;:&quot;&quot;,&quot;best&quot;:&quot;5&quot;,&quot;gap&quot;:&quot;5&quot;,&quot;greet&quot;:&quot;Valora este post&quot;,&quot;legend&quot;:&quot;0\\\/5 - (0 votes)&quot;,&quot;size&quot;:&quot;22&quot;,&quot;title&quot;:&quot;\u00a1Alerta padres! Toxina hallada en popular leche en polvo para beb\u00e9s.&quot;,&quot;width&quot;:&quot;0&quot;,&quot;_legend&quot;:&quot;{score}\\\/{best} - ({count} {votes})&quot;,&quot;font_factor&quot;:&quot;1.25&quot;}'>\n            \n<div class=\"kksr-stars\">\n    \n<div class=\"kksr-stars-inactive\">\n            <div class=\"kksr-star\" data-star=\"1\" style=\"padding-right: 5px\">\n            \n\n<div class=\"kksr-icon\" style=\"width: 22px; height: 22px;\"><\/div>\n        <\/div>\n            <div class=\"kksr-star\" data-star=\"2\" style=\"padding-right: 5px\">\n            \n\n<div class=\"kksr-icon\" style=\"width: 22px; height: 22px;\"><\/div>\n        <\/div>\n            <div class=\"kksr-star\" data-star=\"3\" style=\"padding-right: 5px\">\n            \n\n<div class=\"kksr-icon\" style=\"width: 22px; height: 22px;\"><\/div>\n        <\/div>\n            <div class=\"kksr-star\" data-star=\"4\" style=\"padding-right: 5px\">\n            \n\n<div class=\"kksr-icon\" style=\"width: 22px; height: 22px;\"><\/div>\n        <\/div>\n            <div class=\"kksr-star\" data-star=\"5\" style=\"padding-right: 5px\">\n            \n\n<div class=\"kksr-icon\" style=\"width: 22px; height: 22px;\"><\/div>\n        <\/div>\n    <\/div>\n    \n<div class=\"kksr-stars-active\" style=\"width: 0px;\">\n            <div class=\"kksr-star\" style=\"padding-right: 5px\">\n            \n\n<div class=\"kksr-icon\" style=\"width: 22px; height: 22px;\"><\/div>\n        <\/div>\n            <div class=\"kksr-star\" style=\"padding-right: 5px\">\n            \n\n<div class=\"kksr-icon\" style=\"width: 22px; height: 22px;\"><\/div>\n        <\/div>\n            <div class=\"kksr-star\" style=\"padding-right: 5px\">\n            \n\n<div class=\"kksr-icon\" style=\"width: 22px; height: 22px;\"><\/div>\n        <\/div>\n            <div class=\"kksr-star\" style=\"padding-right: 5px\">\n            \n\n<div class=\"kksr-icon\" style=\"width: 22px; height: 22px;\"><\/div>\n        <\/div>\n            <div class=\"kksr-star\" style=\"padding-right: 5px\">\n            \n\n<div class=\"kksr-icon\" style=\"width: 22px; height: 22px;\"><\/div>\n        <\/div>\n    <\/div>\n<\/div>\n                \n\n<div class=\"kksr-legend\" style=\"font-size: 17.6px;\">\n            <span class=\"kksr-muted\">Valora este post<\/span>\n    <\/div>\n    <\/div>\n","protected":false},"excerpt":{"rendered":"<p>Advertencia de Salud: Hallan Toxina en Popular F\u00f3rmula Infantil en Polvo Recientemente, las autoridades de salud han emitido una advertencia despu\u00e9s de descubrir la presencia de &#8230; <a title=\"\u00a1Alerta padres! Toxina hallada en popular leche en polvo para beb\u00e9s.\" class=\"read-more\" href=\"https:\/\/www.diario21.tv\/noticias\/alerta-padres-toxina-hallada-en-popular-leche-en-polvo-para-bebes\/\" aria-label=\"Leer m\u00e1s sobre \u00a1Alerta padres! Toxina hallada en popular leche en polvo para beb\u00e9s.\">Seguir leyendo &rarr;<\/a><\/p>\n","protected":false},"author":20,"featured_media":6199,"comment_status":"open","ping_status":"open","sticky":false,"template":"","format":"standard","meta":{"footnotes":""},"categories":[13],"tags":[],"class_list":["post-6198","post","type-post","status-publish","format-standard","has-post-thumbnail","hentry","category-portada"],"yoast_head":"<!-- This site is optimized with the Yoast SEO plugin v25.6 - https:\/\/yoast.com\/wordpress\/plugins\/seo\/ -->\n<title>\u00a1Alerta padres! Toxina hallada en popular leche en polvo para beb\u00e9s. - Diario 21<\/title>\n<meta name=\"robots\" content=\"index, follow, max-snippet:-1, max-image-preview:large, max-video-preview:-1\" \/>\n<link rel=\"canonical\" href=\"https:\/\/www.diario21.tv\/noticias\/alerta-padres-toxina-hallada-en-popular-leche-en-polvo-para-bebes\/\" \/>\n<meta property=\"og:locale\" content=\"es_ES\" \/>\n<meta property=\"og:type\" content=\"article\" \/>\n<meta property=\"og:title\" content=\"\u00a1Alerta padres! Toxina hallada en popular leche en polvo para beb\u00e9s. - Diario 21\" \/>\n<meta property=\"og:description\" content=\"Advertencia de Salud: Hallan Toxina en Popular F\u00f3rmula Infantil en Polvo Recientemente, las autoridades de salud han emitido una advertencia despu\u00e9s de descubrir la presencia de ... Seguir leyendo &rarr;\" \/>\n<meta property=\"og:url\" content=\"https:\/\/www.diario21.tv\/noticias\/alerta-padres-toxina-hallada-en-popular-leche-en-polvo-para-bebes\/\" \/>\n<meta property=\"og:site_name\" content=\"Diario 21\" \/>\n<meta property=\"article:published_time\" content=\"2026-02-12T10:09:54+00:00\" \/>\n<meta property=\"article:modified_time\" content=\"2026-02-12T10:09:55+00:00\" \/>\n<meta property=\"og:image\" content=\"https:\/\/www.diario21.tv\/noticias\/wp-content\/uploads\/2026\/02\/\u00a1Alerta-padres-Toxina-hallada-en-popular-leche-en-polvo-para.jpg\" \/>\n\t<meta property=\"og:image:width\" content=\"1200\" \/>\n\t<meta property=\"og:image:height\" content=\"840\" \/>\n\t<meta property=\"og:image:type\" content=\"image\/jpeg\" \/>\n<meta name=\"author\" content=\"Juan P\u00e9rez\" \/>\n<meta name=\"twitter:card\" content=\"summary_large_image\" \/>\n<meta name=\"twitter:label1\" content=\"Escrito por\" \/>\n\t<meta name=\"twitter:data1\" content=\"Juan P\u00e9rez\" \/>\n\t<meta name=\"twitter:label2\" content=\"Tiempo de lectura\" \/>\n\t<meta name=\"twitter:data2\" content=\"3 minutos\" \/>\n<script type=\"application\/ld+json\" class=\"yoast-schema-graph\">{\"@context\":\"https:\/\/schema.org\",\"@graph\":[{\"@type\":\"WebPage\",\"@id\":\"https:\/\/www.diario21.tv\/noticias\/alerta-padres-toxina-hallada-en-popular-leche-en-polvo-para-bebes\/\",\"url\":\"https:\/\/www.diario21.tv\/noticias\/alerta-padres-toxina-hallada-en-popular-leche-en-polvo-para-bebes\/\",\"name\":\"\u00a1Alerta padres! Toxina hallada en popular leche en polvo para beb\u00e9s. - Diario 21\",\"isPartOf\":{\"@id\":\"https:\/\/www.diario21.tv\/noticias\/#website\"},\"primaryImageOfPage\":{\"@id\":\"https:\/\/www.diario21.tv\/noticias\/alerta-padres-toxina-hallada-en-popular-leche-en-polvo-para-bebes\/#primaryimage\"},\"image\":{\"@id\":\"https:\/\/www.diario21.tv\/noticias\/alerta-padres-toxina-hallada-en-popular-leche-en-polvo-para-bebes\/#primaryimage\"},\"thumbnailUrl\":\"https:\/\/www.diario21.tv\/noticias\/wp-content\/uploads\/2026\/02\/\u00a1Alerta-padres-Toxina-hallada-en-popular-leche-en-polvo-para.jpg\",\"datePublished\":\"2026-02-12T10:09:54+00:00\",\"dateModified\":\"2026-02-12T10:09:55+00:00\",\"author\":{\"@id\":\"https:\/\/www.diario21.tv\/noticias\/#\/schema\/person\/dfb778f73814d8f09f302618446a526b\"},\"breadcrumb\":{\"@id\":\"https:\/\/www.diario21.tv\/noticias\/alerta-padres-toxina-hallada-en-popular-leche-en-polvo-para-bebes\/#breadcrumb\"},\"inLanguage\":\"es-AR\",\"potentialAction\":[{\"@type\":\"ReadAction\",\"target\":[\"https:\/\/www.diario21.tv\/noticias\/alerta-padres-toxina-hallada-en-popular-leche-en-polvo-para-bebes\/\"]}]},{\"@type\":\"ImageObject\",\"inLanguage\":\"es-AR\",\"@id\":\"https:\/\/www.diario21.tv\/noticias\/alerta-padres-toxina-hallada-en-popular-leche-en-polvo-para-bebes\/#primaryimage\",\"url\":\"https:\/\/www.diario21.tv\/noticias\/wp-content\/uploads\/2026\/02\/\u00a1Alerta-padres-Toxina-hallada-en-popular-leche-en-polvo-para.jpg\",\"contentUrl\":\"https:\/\/www.diario21.tv\/noticias\/wp-content\/uploads\/2026\/02\/\u00a1Alerta-padres-Toxina-hallada-en-popular-leche-en-polvo-para.jpg\",\"width\":1200,\"height\":840,\"caption\":\"Alerta sanitaria: detectan una toxina en esta conocida leche en polvo para beb\u00e9s\"},{\"@type\":\"BreadcrumbList\",\"@id\":\"https:\/\/www.diario21.tv\/noticias\/alerta-padres-toxina-hallada-en-popular-leche-en-polvo-para-bebes\/#breadcrumb\",\"itemListElement\":[{\"@type\":\"ListItem\",\"position\":1,\"name\":\"Accueil\",\"item\":\"https:\/\/www.diario21.tv\/noticias\/\"},{\"@type\":\"ListItem\",\"position\":2,\"name\":\"\u00a1Alerta padres! Toxina hallada en popular leche en polvo para beb\u00e9s.\"}]},{\"@type\":\"WebSite\",\"@id\":\"https:\/\/www.diario21.tv\/noticias\/#website\",\"url\":\"https:\/\/www.diario21.tv\/noticias\/\",\"name\":\"Diario 21\",\"description\":\"\",\"potentialAction\":[{\"@type\":\"SearchAction\",\"target\":{\"@type\":\"EntryPoint\",\"urlTemplate\":\"https:\/\/www.diario21.tv\/noticias\/?s={search_term_string}\"},\"query-input\":{\"@type\":\"PropertyValueSpecification\",\"valueRequired\":true,\"valueName\":\"search_term_string\"}}],\"inLanguage\":\"es-AR\"},{\"@type\":\"Person\",\"@id\":\"https:\/\/www.diario21.tv\/noticias\/#\/schema\/person\/dfb778f73814d8f09f302618446a526b\",\"name\":\"Juan P\u00e9rez\",\"image\":{\"@type\":\"ImageObject\",\"inLanguage\":\"es-AR\",\"@id\":\"https:\/\/www.diario21.tv\/noticias\/#\/schema\/person\/image\/\",\"url\":\"https:\/\/secure.gravatar.com\/avatar\/c478a405bd10621167f4c3167cc770f5?s=96&d=mm&r=g\",\"contentUrl\":\"https:\/\/secure.gravatar.com\/avatar\/c478a405bd10621167f4c3167cc770f5?s=96&d=mm&r=g\",\"caption\":\"Juan P\u00e9rez\"},\"description\":\"Juan P\u00e9rez es el redactor en jefe de Diario 21. Con m\u00e1s de 10 a\u00f1os de experiencia en el periodismo, se especializa en pol\u00edtica nacional y an\u00e1lisis socioecon\u00f3mico. Su enfoque cr\u00edtico y riguroso aporta una perspectiva \u00fanica a cada art\u00edculo.\",\"sameAs\":[\"https:\/\/www.diario21.tv\/noticias\/\"],\"url\":\"https:\/\/www.diario21.tv\/noticias\/author\/juan-perez\/\"}]}<\/script>\n<!-- \/ Yoast SEO plugin. -->","yoast_head_json":{"title":"\u00a1Alerta padres! Toxina hallada en popular leche en polvo para beb\u00e9s. - Diario 21","robots":{"index":"index","follow":"follow","max-snippet":"max-snippet:-1","max-image-preview":"max-image-preview:large","max-video-preview":"max-video-preview:-1"},"canonical":"https:\/\/www.diario21.tv\/noticias\/alerta-padres-toxina-hallada-en-popular-leche-en-polvo-para-bebes\/","og_locale":"es_ES","og_type":"article","og_title":"\u00a1Alerta padres! Toxina hallada en popular leche en polvo para beb\u00e9s. - Diario 21","og_description":"Advertencia de Salud: Hallan Toxina en Popular F\u00f3rmula Infantil en Polvo Recientemente, las autoridades de salud han emitido una advertencia despu\u00e9s de descubrir la presencia de ... Seguir leyendo &rarr;","og_url":"https:\/\/www.diario21.tv\/noticias\/alerta-padres-toxina-hallada-en-popular-leche-en-polvo-para-bebes\/","og_site_name":"Diario 21","article_published_time":"2026-02-12T10:09:54+00:00","article_modified_time":"2026-02-12T10:09:55+00:00","og_image":[{"width":1200,"height":840,"url":"https:\/\/www.diario21.tv\/noticias\/wp-content\/uploads\/2026\/02\/\u00a1Alerta-padres-Toxina-hallada-en-popular-leche-en-polvo-para.jpg","type":"image\/jpeg"}],"author":"Juan P\u00e9rez","twitter_card":"summary_large_image","twitter_misc":{"Escrito por":"Juan P\u00e9rez","Tiempo de lectura":"3 minutos"},"schema":{"@context":"https:\/\/schema.org","@graph":[{"@type":"WebPage","@id":"https:\/\/www.diario21.tv\/noticias\/alerta-padres-toxina-hallada-en-popular-leche-en-polvo-para-bebes\/","url":"https:\/\/www.diario21.tv\/noticias\/alerta-padres-toxina-hallada-en-popular-leche-en-polvo-para-bebes\/","name":"\u00a1Alerta padres! Toxina hallada en popular leche en polvo para beb\u00e9s. - Diario 21","isPartOf":{"@id":"https:\/\/www.diario21.tv\/noticias\/#website"},"primaryImageOfPage":{"@id":"https:\/\/www.diario21.tv\/noticias\/alerta-padres-toxina-hallada-en-popular-leche-en-polvo-para-bebes\/#primaryimage"},"image":{"@id":"https:\/\/www.diario21.tv\/noticias\/alerta-padres-toxina-hallada-en-popular-leche-en-polvo-para-bebes\/#primaryimage"},"thumbnailUrl":"https:\/\/www.diario21.tv\/noticias\/wp-content\/uploads\/2026\/02\/\u00a1Alerta-padres-Toxina-hallada-en-popular-leche-en-polvo-para.jpg","datePublished":"2026-02-12T10:09:54+00:00","dateModified":"2026-02-12T10:09:55+00:00","author":{"@id":"https:\/\/www.diario21.tv\/noticias\/#\/schema\/person\/dfb778f73814d8f09f302618446a526b"},"breadcrumb":{"@id":"https:\/\/www.diario21.tv\/noticias\/alerta-padres-toxina-hallada-en-popular-leche-en-polvo-para-bebes\/#breadcrumb"},"inLanguage":"es-AR","potentialAction":[{"@type":"ReadAction","target":["https:\/\/www.diario21.tv\/noticias\/alerta-padres-toxina-hallada-en-popular-leche-en-polvo-para-bebes\/"]}]},{"@type":"ImageObject","inLanguage":"es-AR","@id":"https:\/\/www.diario21.tv\/noticias\/alerta-padres-toxina-hallada-en-popular-leche-en-polvo-para-bebes\/#primaryimage","url":"https:\/\/www.diario21.tv\/noticias\/wp-content\/uploads\/2026\/02\/\u00a1Alerta-padres-Toxina-hallada-en-popular-leche-en-polvo-para.jpg","contentUrl":"https:\/\/www.diario21.tv\/noticias\/wp-content\/uploads\/2026\/02\/\u00a1Alerta-padres-Toxina-hallada-en-popular-leche-en-polvo-para.jpg","width":1200,"height":840,"caption":"Alerta sanitaria: detectan una toxina en esta conocida leche en polvo para beb\u00e9s"},{"@type":"BreadcrumbList","@id":"https:\/\/www.diario21.tv\/noticias\/alerta-padres-toxina-hallada-en-popular-leche-en-polvo-para-bebes\/#breadcrumb","itemListElement":[{"@type":"ListItem","position":1,"name":"Accueil","item":"https:\/\/www.diario21.tv\/noticias\/"},{"@type":"ListItem","position":2,"name":"\u00a1Alerta padres! Toxina hallada en popular leche en polvo para beb\u00e9s."}]},{"@type":"WebSite","@id":"https:\/\/www.diario21.tv\/noticias\/#website","url":"https:\/\/www.diario21.tv\/noticias\/","name":"Diario 21","description":"","potentialAction":[{"@type":"SearchAction","target":{"@type":"EntryPoint","urlTemplate":"https:\/\/www.diario21.tv\/noticias\/?s={search_term_string}"},"query-input":{"@type":"PropertyValueSpecification","valueRequired":true,"valueName":"search_term_string"}}],"inLanguage":"es-AR"},{"@type":"Person","@id":"https:\/\/www.diario21.tv\/noticias\/#\/schema\/person\/dfb778f73814d8f09f302618446a526b","name":"Juan P\u00e9rez","image":{"@type":"ImageObject","inLanguage":"es-AR","@id":"https:\/\/www.diario21.tv\/noticias\/#\/schema\/person\/image\/","url":"https:\/\/secure.gravatar.com\/avatar\/c478a405bd10621167f4c3167cc770f5?s=96&d=mm&r=g","contentUrl":"https:\/\/secure.gravatar.com\/avatar\/c478a405bd10621167f4c3167cc770f5?s=96&d=mm&r=g","caption":"Juan P\u00e9rez"},"description":"Juan P\u00e9rez es el redactor en jefe de Diario 21. Con m\u00e1s de 10 a\u00f1os de experiencia en el periodismo, se especializa en pol\u00edtica nacional y an\u00e1lisis socioecon\u00f3mico. Su enfoque cr\u00edtico y riguroso aporta una perspectiva \u00fanica a cada art\u00edculo.","sameAs":["https:\/\/www.diario21.tv\/noticias\/"],"url":"https:\/\/www.diario21.tv\/noticias\/author\/juan-perez\/"}]}},"_links":{"self":[{"href":"https:\/\/www.diario21.tv\/noticias\/wp-json\/wp\/v2\/posts\/6198"}],"collection":[{"href":"https:\/\/www.diario21.tv\/noticias\/wp-json\/wp\/v2\/posts"}],"about":[{"href":"https:\/\/www.diario21.tv\/noticias\/wp-json\/wp\/v2\/types\/post"}],"author":[{"embeddable":true,"href":"https:\/\/www.diario21.tv\/noticias\/wp-json\/wp\/v2\/users\/20"}],"replies":[{"embeddable":true,"href":"https:\/\/www.diario21.tv\/noticias\/wp-json\/wp\/v2\/comments?post=6198"}],"version-history":[{"count":1,"href":"https:\/\/www.diario21.tv\/noticias\/wp-json\/wp\/v2\/posts\/6198\/revisions"}],"predecessor-version":[{"id":6200,"href":"https:\/\/www.diario21.tv\/noticias\/wp-json\/wp\/v2\/posts\/6198\/revisions\/6200"}],"wp:featuredmedia":[{"embeddable":true,"href":"https:\/\/www.diario21.tv\/noticias\/wp-json\/wp\/v2\/media\/6199"}],"wp:attachment":[{"href":"https:\/\/www.diario21.tv\/noticias\/wp-json\/wp\/v2\/media?parent=6198"}],"wp:term":[{"taxonomy":"category","embeddable":true,"href":"https:\/\/www.diario21.tv\/noticias\/wp-json\/wp\/v2\/categories?post=6198"},{"taxonomy":"post_tag","embeddable":true,"href":"https:\/\/www.diario21.tv\/noticias\/wp-json\/wp\/v2\/tags?post=6198"}],"curies":[{"name":"wp","href":"https:\/\/api.w.org\/{rel}","templated":true}]}}