{"id":6189,"date":"2026-02-11T15:59:20","date_gmt":"2026-02-11T15:59:20","guid":{"rendered":"https:\/\/www.diario21.tv\/noticias\/regreso-a-casa-mas-de-4-000-evacuados-vuelven-tras-las-devastadoras-borrascas-en-andalucia\/"},"modified":"2026-02-11T15:59:22","modified_gmt":"2026-02-11T15:59:22","slug":"regreso-a-casa-mas-de-4-000-evacuados-vuelven-tras-las-devastadoras-borrascas-en-andalucia","status":"publish","type":"post","link":"https:\/\/www.diario21.tv\/noticias\/regreso-a-casa-mas-de-4-000-evacuados-vuelven-tras-las-devastadoras-borrascas-en-andalucia\/","title":{"rendered":"\u00a1Regreso a casa! M\u00e1s de 4.000 evacuados vuelven tras las devastadoras borrascas en Andaluc\u00eda"},"content":{"rendered":"<h2>Regreso al Hogar de M\u00e1s de 4.000 Evacuados Debido a Tormentas en Andaluc\u00eda<\/h2>\n<p>M\u00e1s de 4.000 personas que hab\u00edan sido evacuadas de sus hogares en Andaluc\u00eda a causa de las intensas tormentas recientemente experimentadas en la regi\u00f3n han comenzado a volver a sus hogares. Estas evacuaciones se llevaron a cabo como medida de precauci\u00f3n ante las severas condiciones meteorol\u00f3gicas que azotaron varias localidades, provocando inundaciones y da\u00f1os considerables.<\/p>\n<h3>Impacto de las Borrascas<\/h3>\n<p>Las borrascas, que afectaron principalmente a las provincias m\u00e1s meridionales de Andaluc\u00eda, dejaron un rastro de destrucci\u00f3n que incluy\u00f3 caminos cortados, casas inundadas y campos agr\u00edcolas da\u00f1ados. Las autoridades locales y los servicios de emergencia trabajaron incansablemente para asegurar la seguridad de los residentes, lo que llev\u00f3 a la decisi\u00f3n de evacuar a m\u00e1s de 4.000 personas de las \u00e1reas m\u00e1s afectadas.<\/p>\n<h3>Medidas de Seguridad y Evacuaciones<\/h3>\n<p>Las evacuaciones se organizaron de manera eficiente, con centros de acogida preparados para recibir a los afectados mientras duraba el temporal. Estos centros proporcionaron refugio, comida y asistencia m\u00e9dica a quienes lo necesitaron, asegurando que las necesidades b\u00e1sicas de los evacuados fueran atendidas durante este periodo cr\u00edtico.<\/p>\n<h3>Restauraci\u00f3n y Limpieza<\/h3>\n<p>Una vez que las condiciones meteorol\u00f3gicas mejoraron, comenz\u00f3 el proceso de evaluaci\u00f3n de da\u00f1os y la implementaci\u00f3n de estrategias de reparaci\u00f3n y limpieza. Las autoridades locales, junto con equipos de emergencia y voluntarios, trabajaron arduamente para restaurar la normalidad en las \u00e1reas afectadas, lo que permiti\u00f3 que muchos residentes pudieran comenzar el proceso de regreso a sus hogares.<\/p>\n<h3>El Regreso a Casa<\/h3>\n<p>El regreso de los evacuados a sus hogares se ha llevado a cabo con cautela, asegurando que cada vivienda sea segura para su reocupaci\u00f3n. Las autoridades contin\u00faan supervisando las \u00e1reas que fueron severamente afectadas para evitar cualquier riesgo adicional que pudiera surgir a ra\u00edz de las recientes inundaciones.<\/p>\n<h3>Conclusiones y Preparativos para el Futuro<\/h3>\n<p>Este evento ha subrayado la importancia de estar preparados para condiciones meteorol\u00f3gicas extremas, especialmente en regiones susceptibles a eventos de esta naturaleza. Las autoridades han enfatizado la necesidad de mejorar los sistemas de alerta temprana y de implementar medidas m\u00e1s robustas para la gesti\u00f3n de desastres en el futuro. Adem\u00e1s, se est\u00e1 trabajando en fortalecer la infraestructura local para resistir mejor a eventos similares que puedan ocurrir.<\/p>\n<p>En conclusi\u00f3n, aunque la situaci\u00f3n fue cr\u00edtica, la respuesta coordinada y las medidas de seguridad implementadas ayudaron a minimizar los da\u00f1os y a proteger la vida de los residentes de Andaluc\u00eda. Ahora, con el regreso de los evacuados a sus hogares, la regi\u00f3n comienza a recuperar poco a poco su ritmo de vida habitual.<\/p>\n\n\n<div class=\"kk-star-ratings kksr-auto kksr-align-left kksr-valign-bottom\"\n    data-payload='{&quot;align&quot;:&quot;left&quot;,&quot;id&quot;:&quot;6189&quot;,&quot;slug&quot;:&quot;default&quot;,&quot;valign&quot;:&quot;bottom&quot;,&quot;ignore&quot;:&quot;&quot;,&quot;reference&quot;:&quot;auto&quot;,&quot;class&quot;:&quot;&quot;,&quot;count&quot;:&quot;0&quot;,&quot;legendonly&quot;:&quot;&quot;,&quot;readonly&quot;:&quot;&quot;,&quot;score&quot;:&quot;0&quot;,&quot;starsonly&quot;:&quot;&quot;,&quot;best&quot;:&quot;5&quot;,&quot;gap&quot;:&quot;5&quot;,&quot;greet&quot;:&quot;Valora este post&quot;,&quot;legend&quot;:&quot;0\\\/5 - (0 votes)&quot;,&quot;size&quot;:&quot;22&quot;,&quot;title&quot;:&quot;\u00a1Regreso a casa! M\u00e1s de 4.000 evacuados vuelven tras las devastadoras borrascas en Andaluc\u00eda&quot;,&quot;width&quot;:&quot;0&quot;,&quot;_legend&quot;:&quot;{score}\\\/{best} - ({count} {votes})&quot;,&quot;font_factor&quot;:&quot;1.25&quot;}'>\n            \n<div class=\"kksr-stars\">\n    \n<div class=\"kksr-stars-inactive\">\n            <div class=\"kksr-star\" data-star=\"1\" style=\"padding-right: 5px\">\n            \n\n<div class=\"kksr-icon\" style=\"width: 22px; height: 22px;\"><\/div>\n        <\/div>\n            <div class=\"kksr-star\" data-star=\"2\" style=\"padding-right: 5px\">\n            \n\n<div class=\"kksr-icon\" style=\"width: 22px; height: 22px;\"><\/div>\n        <\/div>\n            <div class=\"kksr-star\" data-star=\"3\" style=\"padding-right: 5px\">\n            \n\n<div class=\"kksr-icon\" style=\"width: 22px; height: 22px;\"><\/div>\n        <\/div>\n            <div class=\"kksr-star\" data-star=\"4\" style=\"padding-right: 5px\">\n            \n\n<div class=\"kksr-icon\" style=\"width: 22px; height: 22px;\"><\/div>\n        <\/div>\n            <div class=\"kksr-star\" data-star=\"5\" style=\"padding-right: 5px\">\n            \n\n<div class=\"kksr-icon\" style=\"width: 22px; height: 22px;\"><\/div>\n        <\/div>\n    <\/div>\n    \n<div class=\"kksr-stars-active\" style=\"width: 0px;\">\n            <div class=\"kksr-star\" style=\"padding-right: 5px\">\n            \n\n<div class=\"kksr-icon\" style=\"width: 22px; height: 22px;\"><\/div>\n        <\/div>\n            <div class=\"kksr-star\" style=\"padding-right: 5px\">\n            \n\n<div class=\"kksr-icon\" style=\"width: 22px; height: 22px;\"><\/div>\n        <\/div>\n            <div class=\"kksr-star\" style=\"padding-right: 5px\">\n            \n\n<div class=\"kksr-icon\" style=\"width: 22px; height: 22px;\"><\/div>\n        <\/div>\n            <div class=\"kksr-star\" style=\"padding-right: 5px\">\n            \n\n<div class=\"kksr-icon\" style=\"width: 22px; height: 22px;\"><\/div>\n        <\/div>\n            <div class=\"kksr-star\" style=\"padding-right: 5px\">\n            \n\n<div class=\"kksr-icon\" style=\"width: 22px; height: 22px;\"><\/div>\n        <\/div>\n    <\/div>\n<\/div>\n                \n\n<div class=\"kksr-legend\" style=\"font-size: 17.6px;\">\n            <span class=\"kksr-muted\">Valora este post<\/span>\n    <\/div>\n    <\/div>\n","protected":false},"excerpt":{"rendered":"<p>Regreso al Hogar de M\u00e1s de 4.000 Evacuados Debido a Tormentas en Andaluc\u00eda M\u00e1s de 4.000 personas que hab\u00edan sido evacuadas de sus hogares en Andaluc\u00eda &#8230; <a title=\"\u00a1Regreso a casa! M\u00e1s de 4.000 evacuados vuelven tras las devastadoras borrascas en Andaluc\u00eda\" class=\"read-more\" href=\"https:\/\/www.diario21.tv\/noticias\/regreso-a-casa-mas-de-4-000-evacuados-vuelven-tras-las-devastadoras-borrascas-en-andalucia\/\" aria-label=\"Leer m\u00e1s sobre \u00a1Regreso a casa! M\u00e1s de 4.000 evacuados vuelven tras las devastadoras borrascas en Andaluc\u00eda\">Seguir leyendo &rarr;<\/a><\/p>\n","protected":false},"author":20,"featured_media":6190,"comment_status":"open","ping_status":"open","sticky":false,"template":"","format":"standard","meta":{"footnotes":""},"categories":[13],"tags":[],"class_list":["post-6189","post","type-post","status-publish","format-standard","has-post-thumbnail","hentry","category-portada"],"yoast_head":"<!-- This site is optimized with the Yoast SEO plugin v25.6 - https:\/\/yoast.com\/wordpress\/plugins\/seo\/ -->\n<title>\u00a1Regreso a casa! M\u00e1s de 4.000 evacuados vuelven tras las devastadoras borrascas en Andaluc\u00eda - Diario 21<\/title>\n<meta name=\"robots\" content=\"index, follow, max-snippet:-1, max-image-preview:large, max-video-preview:-1\" \/>\n<link rel=\"canonical\" href=\"https:\/\/www.diario21.tv\/noticias\/regreso-a-casa-mas-de-4-000-evacuados-vuelven-tras-las-devastadoras-borrascas-en-andalucia\/\" \/>\n<meta property=\"og:locale\" content=\"es_ES\" \/>\n<meta property=\"og:type\" content=\"article\" \/>\n<meta property=\"og:title\" content=\"\u00a1Regreso a casa! M\u00e1s de 4.000 evacuados vuelven tras las devastadoras borrascas en Andaluc\u00eda - Diario 21\" \/>\n<meta property=\"og:description\" content=\"Regreso al Hogar de M\u00e1s de 4.000 Evacuados Debido a Tormentas en Andaluc\u00eda M\u00e1s de 4.000 personas que hab\u00edan sido evacuadas de sus hogares en Andaluc\u00eda ... Seguir leyendo &rarr;\" \/>\n<meta property=\"og:url\" content=\"https:\/\/www.diario21.tv\/noticias\/regreso-a-casa-mas-de-4-000-evacuados-vuelven-tras-las-devastadoras-borrascas-en-andalucia\/\" \/>\n<meta property=\"og:site_name\" content=\"Diario 21\" \/>\n<meta property=\"article:published_time\" content=\"2026-02-11T15:59:20+00:00\" \/>\n<meta property=\"article:modified_time\" content=\"2026-02-11T15:59:22+00:00\" \/>\n<meta property=\"og:image\" content=\"https:\/\/www.diario21.tv\/noticias\/wp-content\/uploads\/2026\/02\/\u00a1Regreso-a-casa-Mas-de-4000-evacuados-vuelven-tras-las.jpg\" \/>\n\t<meta property=\"og:image:width\" content=\"1920\" \/>\n\t<meta property=\"og:image:height\" content=\"1278\" \/>\n\t<meta property=\"og:image:type\" content=\"image\/jpeg\" \/>\n<meta name=\"author\" content=\"Juan P\u00e9rez\" \/>\n<meta name=\"twitter:card\" content=\"summary_large_image\" \/>\n<meta name=\"twitter:label1\" content=\"Escrito por\" \/>\n\t<meta name=\"twitter:data1\" content=\"Juan P\u00e9rez\" \/>\n\t<meta name=\"twitter:label2\" content=\"Tiempo de lectura\" \/>\n\t<meta name=\"twitter:data2\" content=\"2 minutos\" \/>\n<script type=\"application\/ld+json\" class=\"yoast-schema-graph\">{\"@context\":\"https:\/\/schema.org\",\"@graph\":[{\"@type\":\"WebPage\",\"@id\":\"https:\/\/www.diario21.tv\/noticias\/regreso-a-casa-mas-de-4-000-evacuados-vuelven-tras-las-devastadoras-borrascas-en-andalucia\/\",\"url\":\"https:\/\/www.diario21.tv\/noticias\/regreso-a-casa-mas-de-4-000-evacuados-vuelven-tras-las-devastadoras-borrascas-en-andalucia\/\",\"name\":\"\u00a1Regreso a casa! M\u00e1s de 4.000 evacuados vuelven tras las devastadoras borrascas en Andaluc\u00eda - Diario 21\",\"isPartOf\":{\"@id\":\"https:\/\/www.diario21.tv\/noticias\/#website\"},\"primaryImageOfPage\":{\"@id\":\"https:\/\/www.diario21.tv\/noticias\/regreso-a-casa-mas-de-4-000-evacuados-vuelven-tras-las-devastadoras-borrascas-en-andalucia\/#primaryimage\"},\"image\":{\"@id\":\"https:\/\/www.diario21.tv\/noticias\/regreso-a-casa-mas-de-4-000-evacuados-vuelven-tras-las-devastadoras-borrascas-en-andalucia\/#primaryimage\"},\"thumbnailUrl\":\"https:\/\/www.diario21.tv\/noticias\/wp-content\/uploads\/2026\/02\/\u00a1Regreso-a-casa-Mas-de-4000-evacuados-vuelven-tras-las.jpg\",\"datePublished\":\"2026-02-11T15:59:20+00:00\",\"dateModified\":\"2026-02-11T15:59:22+00:00\",\"author\":{\"@id\":\"https:\/\/www.diario21.tv\/noticias\/#\/schema\/person\/dfb778f73814d8f09f302618446a526b\"},\"breadcrumb\":{\"@id\":\"https:\/\/www.diario21.tv\/noticias\/regreso-a-casa-mas-de-4-000-evacuados-vuelven-tras-las-devastadoras-borrascas-en-andalucia\/#breadcrumb\"},\"inLanguage\":\"es-AR\",\"potentialAction\":[{\"@type\":\"ReadAction\",\"target\":[\"https:\/\/www.diario21.tv\/noticias\/regreso-a-casa-mas-de-4-000-evacuados-vuelven-tras-las-devastadoras-borrascas-en-andalucia\/\"]}]},{\"@type\":\"ImageObject\",\"inLanguage\":\"es-AR\",\"@id\":\"https:\/\/www.diario21.tv\/noticias\/regreso-a-casa-mas-de-4-000-evacuados-vuelven-tras-las-devastadoras-borrascas-en-andalucia\/#primaryimage\",\"url\":\"https:\/\/www.diario21.tv\/noticias\/wp-content\/uploads\/2026\/02\/\u00a1Regreso-a-casa-Mas-de-4000-evacuados-vuelven-tras-las.jpg\",\"contentUrl\":\"https:\/\/www.diario21.tv\/noticias\/wp-content\/uploads\/2026\/02\/\u00a1Regreso-a-casa-Mas-de-4000-evacuados-vuelven-tras-las.jpg\",\"width\":1920,\"height\":1278,\"caption\":\"Vuelven a sus casas m\u00e1s de 4.000 desalojados por las borrascas en Andaluc\u00eda\"},{\"@type\":\"BreadcrumbList\",\"@id\":\"https:\/\/www.diario21.tv\/noticias\/regreso-a-casa-mas-de-4-000-evacuados-vuelven-tras-las-devastadoras-borrascas-en-andalucia\/#breadcrumb\",\"itemListElement\":[{\"@type\":\"ListItem\",\"position\":1,\"name\":\"Accueil\",\"item\":\"https:\/\/www.diario21.tv\/noticias\/\"},{\"@type\":\"ListItem\",\"position\":2,\"name\":\"\u00a1Regreso a casa! M\u00e1s de 4.000 evacuados vuelven tras las devastadoras borrascas en Andaluc\u00eda\"}]},{\"@type\":\"WebSite\",\"@id\":\"https:\/\/www.diario21.tv\/noticias\/#website\",\"url\":\"https:\/\/www.diario21.tv\/noticias\/\",\"name\":\"Diario 21\",\"description\":\"\",\"potentialAction\":[{\"@type\":\"SearchAction\",\"target\":{\"@type\":\"EntryPoint\",\"urlTemplate\":\"https:\/\/www.diario21.tv\/noticias\/?s={search_term_string}\"},\"query-input\":{\"@type\":\"PropertyValueSpecification\",\"valueRequired\":true,\"valueName\":\"search_term_string\"}}],\"inLanguage\":\"es-AR\"},{\"@type\":\"Person\",\"@id\":\"https:\/\/www.diario21.tv\/noticias\/#\/schema\/person\/dfb778f73814d8f09f302618446a526b\",\"name\":\"Juan P\u00e9rez\",\"image\":{\"@type\":\"ImageObject\",\"inLanguage\":\"es-AR\",\"@id\":\"https:\/\/www.diario21.tv\/noticias\/#\/schema\/person\/image\/\",\"url\":\"https:\/\/secure.gravatar.com\/avatar\/c478a405bd10621167f4c3167cc770f5?s=96&d=mm&r=g\",\"contentUrl\":\"https:\/\/secure.gravatar.com\/avatar\/c478a405bd10621167f4c3167cc770f5?s=96&d=mm&r=g\",\"caption\":\"Juan P\u00e9rez\"},\"description\":\"Juan P\u00e9rez es el redactor en jefe de Diario 21. Con m\u00e1s de 10 a\u00f1os de experiencia en el periodismo, se especializa en pol\u00edtica nacional y an\u00e1lisis socioecon\u00f3mico. Su enfoque cr\u00edtico y riguroso aporta una perspectiva \u00fanica a cada art\u00edculo.\",\"sameAs\":[\"https:\/\/www.diario21.tv\/noticias\/\"],\"url\":\"https:\/\/www.diario21.tv\/noticias\/author\/juan-perez\/\"}]}<\/script>\n<!-- \/ Yoast SEO plugin. -->","yoast_head_json":{"title":"\u00a1Regreso a casa! M\u00e1s de 4.000 evacuados vuelven tras las devastadoras borrascas en Andaluc\u00eda - Diario 21","robots":{"index":"index","follow":"follow","max-snippet":"max-snippet:-1","max-image-preview":"max-image-preview:large","max-video-preview":"max-video-preview:-1"},"canonical":"https:\/\/www.diario21.tv\/noticias\/regreso-a-casa-mas-de-4-000-evacuados-vuelven-tras-las-devastadoras-borrascas-en-andalucia\/","og_locale":"es_ES","og_type":"article","og_title":"\u00a1Regreso a casa! M\u00e1s de 4.000 evacuados vuelven tras las devastadoras borrascas en Andaluc\u00eda - Diario 21","og_description":"Regreso al Hogar de M\u00e1s de 4.000 Evacuados Debido a Tormentas en Andaluc\u00eda M\u00e1s de 4.000 personas que hab\u00edan sido evacuadas de sus hogares en Andaluc\u00eda ... Seguir leyendo &rarr;","og_url":"https:\/\/www.diario21.tv\/noticias\/regreso-a-casa-mas-de-4-000-evacuados-vuelven-tras-las-devastadoras-borrascas-en-andalucia\/","og_site_name":"Diario 21","article_published_time":"2026-02-11T15:59:20+00:00","article_modified_time":"2026-02-11T15:59:22+00:00","og_image":[{"width":1920,"height":1278,"url":"https:\/\/www.diario21.tv\/noticias\/wp-content\/uploads\/2026\/02\/\u00a1Regreso-a-casa-Mas-de-4000-evacuados-vuelven-tras-las.jpg","type":"image\/jpeg"}],"author":"Juan P\u00e9rez","twitter_card":"summary_large_image","twitter_misc":{"Escrito por":"Juan P\u00e9rez","Tiempo de lectura":"2 minutos"},"schema":{"@context":"https:\/\/schema.org","@graph":[{"@type":"WebPage","@id":"https:\/\/www.diario21.tv\/noticias\/regreso-a-casa-mas-de-4-000-evacuados-vuelven-tras-las-devastadoras-borrascas-en-andalucia\/","url":"https:\/\/www.diario21.tv\/noticias\/regreso-a-casa-mas-de-4-000-evacuados-vuelven-tras-las-devastadoras-borrascas-en-andalucia\/","name":"\u00a1Regreso a casa! M\u00e1s de 4.000 evacuados vuelven tras las devastadoras borrascas en Andaluc\u00eda - Diario 21","isPartOf":{"@id":"https:\/\/www.diario21.tv\/noticias\/#website"},"primaryImageOfPage":{"@id":"https:\/\/www.diario21.tv\/noticias\/regreso-a-casa-mas-de-4-000-evacuados-vuelven-tras-las-devastadoras-borrascas-en-andalucia\/#primaryimage"},"image":{"@id":"https:\/\/www.diario21.tv\/noticias\/regreso-a-casa-mas-de-4-000-evacuados-vuelven-tras-las-devastadoras-borrascas-en-andalucia\/#primaryimage"},"thumbnailUrl":"https:\/\/www.diario21.tv\/noticias\/wp-content\/uploads\/2026\/02\/\u00a1Regreso-a-casa-Mas-de-4000-evacuados-vuelven-tras-las.jpg","datePublished":"2026-02-11T15:59:20+00:00","dateModified":"2026-02-11T15:59:22+00:00","author":{"@id":"https:\/\/www.diario21.tv\/noticias\/#\/schema\/person\/dfb778f73814d8f09f302618446a526b"},"breadcrumb":{"@id":"https:\/\/www.diario21.tv\/noticias\/regreso-a-casa-mas-de-4-000-evacuados-vuelven-tras-las-devastadoras-borrascas-en-andalucia\/#breadcrumb"},"inLanguage":"es-AR","potentialAction":[{"@type":"ReadAction","target":["https:\/\/www.diario21.tv\/noticias\/regreso-a-casa-mas-de-4-000-evacuados-vuelven-tras-las-devastadoras-borrascas-en-andalucia\/"]}]},{"@type":"ImageObject","inLanguage":"es-AR","@id":"https:\/\/www.diario21.tv\/noticias\/regreso-a-casa-mas-de-4-000-evacuados-vuelven-tras-las-devastadoras-borrascas-en-andalucia\/#primaryimage","url":"https:\/\/www.diario21.tv\/noticias\/wp-content\/uploads\/2026\/02\/\u00a1Regreso-a-casa-Mas-de-4000-evacuados-vuelven-tras-las.jpg","contentUrl":"https:\/\/www.diario21.tv\/noticias\/wp-content\/uploads\/2026\/02\/\u00a1Regreso-a-casa-Mas-de-4000-evacuados-vuelven-tras-las.jpg","width":1920,"height":1278,"caption":"Vuelven a sus casas m\u00e1s de 4.000 desalojados por las borrascas en Andaluc\u00eda"},{"@type":"BreadcrumbList","@id":"https:\/\/www.diario21.tv\/noticias\/regreso-a-casa-mas-de-4-000-evacuados-vuelven-tras-las-devastadoras-borrascas-en-andalucia\/#breadcrumb","itemListElement":[{"@type":"ListItem","position":1,"name":"Accueil","item":"https:\/\/www.diario21.tv\/noticias\/"},{"@type":"ListItem","position":2,"name":"\u00a1Regreso a casa! M\u00e1s de 4.000 evacuados vuelven tras las devastadoras borrascas en Andaluc\u00eda"}]},{"@type":"WebSite","@id":"https:\/\/www.diario21.tv\/noticias\/#website","url":"https:\/\/www.diario21.tv\/noticias\/","name":"Diario 21","description":"","potentialAction":[{"@type":"SearchAction","target":{"@type":"EntryPoint","urlTemplate":"https:\/\/www.diario21.tv\/noticias\/?s={search_term_string}"},"query-input":{"@type":"PropertyValueSpecification","valueRequired":true,"valueName":"search_term_string"}}],"inLanguage":"es-AR"},{"@type":"Person","@id":"https:\/\/www.diario21.tv\/noticias\/#\/schema\/person\/dfb778f73814d8f09f302618446a526b","name":"Juan P\u00e9rez","image":{"@type":"ImageObject","inLanguage":"es-AR","@id":"https:\/\/www.diario21.tv\/noticias\/#\/schema\/person\/image\/","url":"https:\/\/secure.gravatar.com\/avatar\/c478a405bd10621167f4c3167cc770f5?s=96&d=mm&r=g","contentUrl":"https:\/\/secure.gravatar.com\/avatar\/c478a405bd10621167f4c3167cc770f5?s=96&d=mm&r=g","caption":"Juan P\u00e9rez"},"description":"Juan P\u00e9rez es el redactor en jefe de Diario 21. Con m\u00e1s de 10 a\u00f1os de experiencia en el periodismo, se especializa en pol\u00edtica nacional y an\u00e1lisis socioecon\u00f3mico. Su enfoque cr\u00edtico y riguroso aporta una perspectiva \u00fanica a cada art\u00edculo.","sameAs":["https:\/\/www.diario21.tv\/noticias\/"],"url":"https:\/\/www.diario21.tv\/noticias\/author\/juan-perez\/"}]}},"_links":{"self":[{"href":"https:\/\/www.diario21.tv\/noticias\/wp-json\/wp\/v2\/posts\/6189"}],"collection":[{"href":"https:\/\/www.diario21.tv\/noticias\/wp-json\/wp\/v2\/posts"}],"about":[{"href":"https:\/\/www.diario21.tv\/noticias\/wp-json\/wp\/v2\/types\/post"}],"author":[{"embeddable":true,"href":"https:\/\/www.diario21.tv\/noticias\/wp-json\/wp\/v2\/users\/20"}],"replies":[{"embeddable":true,"href":"https:\/\/www.diario21.tv\/noticias\/wp-json\/wp\/v2\/comments?post=6189"}],"version-history":[{"count":1,"href":"https:\/\/www.diario21.tv\/noticias\/wp-json\/wp\/v2\/posts\/6189\/revisions"}],"predecessor-version":[{"id":6191,"href":"https:\/\/www.diario21.tv\/noticias\/wp-json\/wp\/v2\/posts\/6189\/revisions\/6191"}],"wp:featuredmedia":[{"embeddable":true,"href":"https:\/\/www.diario21.tv\/noticias\/wp-json\/wp\/v2\/media\/6190"}],"wp:attachment":[{"href":"https:\/\/www.diario21.tv\/noticias\/wp-json\/wp\/v2\/media?parent=6189"}],"wp:term":[{"taxonomy":"category","embeddable":true,"href":"https:\/\/www.diario21.tv\/noticias\/wp-json\/wp\/v2\/categories?post=6189"},{"taxonomy":"post_tag","embeddable":true,"href":"https:\/\/www.diario21.tv\/noticias\/wp-json\/wp\/v2\/tags?post=6189"}],"curies":[{"name":"wp","href":"https:\/\/api.w.org\/{rel}","templated":true}]}}