{"id":6183,"date":"2026-02-11T03:57:26","date_gmt":"2026-02-11T03:57:26","guid":{"rendered":"https:\/\/www.diario21.tv\/noticias\/atencion-fumadores-precios-del-tabaco-suben-en-febrero-marcas-afectadas-aqui\/"},"modified":"2026-02-11T03:57:28","modified_gmt":"2026-02-11T03:57:28","slug":"atencion-fumadores-precios-del-tabaco-suben-en-febrero-marcas-afectadas-aqui","status":"publish","type":"post","link":"https:\/\/www.diario21.tv\/noticias\/atencion-fumadores-precios-del-tabaco-suben-en-febrero-marcas-afectadas-aqui\/","title":{"rendered":"\u00a1Atenci\u00f3n fumadores! Precios del tabaco suben en febrero: marcas afectadas aqu\u00ed"},"content":{"rendered":"<h2>Aumento en los Precios del Tabaco: Marcas Impactadas en Febrero<\/h2>\n<p>El mercado del tabaco experimenta una nueva oleada de incrementos en sus precios, afectando a numerosas marcas populares este mes de febrero. Los consumidores deber\u00e1n prepararse para ajustar sus presupuestos debido a estos cambios. A continuaci\u00f3n, detallamos cu\u00e1les son las marcas que ver\u00e1n alterado su coste y c\u00f3mo esto podr\u00eda repercutir en el mercado.<\/p>\n<h3>Detalles del Aumento<\/h3>\n<p>Este mes, el ajuste en los precios del tabaco se ha hecho efectivo, impactando principalmente a algunas de las marcas m\u00e1s vendidas. Este aumento es parte de una serie de ajustes que se han estado implementando gradualmente en la industria, respondiendo a diversos factores econ\u00f3micos y regulatorios que influyen en el sector.<\/p>\n<p>Las marcas que han sufrido este incremento en sus precios incluyen algunas muy conocidas y otras que quiz\u00e1s no sean tan populares pero igualmente significativas en t\u00e9rminos de ventas. La variaci\u00f3n en los precios puede oscilar dependiendo de la marca y el producto espec\u00edfico, pero en general, los consumidores pueden esperar que los costos sean m\u00e1s altos al momento de realizar sus compras habituales.<\/p>\n<h3>Impacto en los Consumidores y el Mercado<\/h3>\n<p>El aumento en los precios del tabaco inevitablemente afectar\u00e1 el comportamiento de compra de los consumidores. Algunos podr\u00edan optar por reducir su consumo o cambiar a marcas m\u00e1s econ\u00f3micas como alternativa. Este tipo de decisiones de los consumidores puede tener un efecto domin\u00f3 en la din\u00e1mica de mercado, influenciando desde la distribuci\u00f3n hasta la publicidad y las campa\u00f1as de marketing de las empresas tabacaleras.<\/p>\n<p>Por otro lado, este incremento tambi\u00e9n podr\u00eda tener un impacto positivo en las iniciativas de salud p\u00fablica que buscan reducir el consumo de tabaco. Precios m\u00e1s altos han demostrado ser un disuasivo efectivo para disminuir la tasa de fumadores, especialmente entre los j\u00f3venes y otros grupos demogr\u00e1ficos sensibles al precio.<\/p>\n<h3>Conclusi\u00f3n<\/h3>\n<p>Los ajustes en los precios del tabaco son un fen\u00f3meno que los consumidores deber\u00e1n monitorear de cerca, ya que afecta tanto a su econom\u00eda personal como a sus h\u00e1bitos de consumo. Las marcas afectadas este febrero han visto variaciones que podr\u00edan alterar significativamente el panorama del mercado de tabaco. Es esencial estar informado sobre estos cambios y considerar sus implicaciones a largo plazo tanto para individuos como para la sociedad en general.<\/p>\n\n\n<div class=\"kk-star-ratings kksr-auto kksr-align-left kksr-valign-bottom\"\n    data-payload='{&quot;align&quot;:&quot;left&quot;,&quot;id&quot;:&quot;6183&quot;,&quot;slug&quot;:&quot;default&quot;,&quot;valign&quot;:&quot;bottom&quot;,&quot;ignore&quot;:&quot;&quot;,&quot;reference&quot;:&quot;auto&quot;,&quot;class&quot;:&quot;&quot;,&quot;count&quot;:&quot;0&quot;,&quot;legendonly&quot;:&quot;&quot;,&quot;readonly&quot;:&quot;&quot;,&quot;score&quot;:&quot;0&quot;,&quot;starsonly&quot;:&quot;&quot;,&quot;best&quot;:&quot;5&quot;,&quot;gap&quot;:&quot;5&quot;,&quot;greet&quot;:&quot;Valora este post&quot;,&quot;legend&quot;:&quot;0\\\/5 - (0 votes)&quot;,&quot;size&quot;:&quot;22&quot;,&quot;title&quot;:&quot;\u00a1Atenci\u00f3n fumadores! Precios del tabaco suben en febrero: marcas afectadas aqu\u00ed&quot;,&quot;width&quot;:&quot;0&quot;,&quot;_legend&quot;:&quot;{score}\\\/{best} - ({count} {votes})&quot;,&quot;font_factor&quot;:&quot;1.25&quot;}'>\n            \n<div class=\"kksr-stars\">\n    \n<div class=\"kksr-stars-inactive\">\n            <div class=\"kksr-star\" data-star=\"1\" style=\"padding-right: 5px\">\n            \n\n<div class=\"kksr-icon\" style=\"width: 22px; height: 22px;\"><\/div>\n        <\/div>\n            <div class=\"kksr-star\" data-star=\"2\" style=\"padding-right: 5px\">\n            \n\n<div class=\"kksr-icon\" style=\"width: 22px; height: 22px;\"><\/div>\n        <\/div>\n            <div class=\"kksr-star\" data-star=\"3\" style=\"padding-right: 5px\">\n            \n\n<div class=\"kksr-icon\" style=\"width: 22px; height: 22px;\"><\/div>\n        <\/div>\n            <div class=\"kksr-star\" data-star=\"4\" style=\"padding-right: 5px\">\n            \n\n<div class=\"kksr-icon\" style=\"width: 22px; height: 22px;\"><\/div>\n        <\/div>\n            <div class=\"kksr-star\" data-star=\"5\" style=\"padding-right: 5px\">\n            \n\n<div class=\"kksr-icon\" style=\"width: 22px; height: 22px;\"><\/div>\n        <\/div>\n    <\/div>\n    \n<div class=\"kksr-stars-active\" style=\"width: 0px;\">\n            <div class=\"kksr-star\" style=\"padding-right: 5px\">\n            \n\n<div class=\"kksr-icon\" style=\"width: 22px; height: 22px;\"><\/div>\n        <\/div>\n            <div class=\"kksr-star\" style=\"padding-right: 5px\">\n            \n\n<div class=\"kksr-icon\" style=\"width: 22px; height: 22px;\"><\/div>\n        <\/div>\n            <div class=\"kksr-star\" style=\"padding-right: 5px\">\n            \n\n<div class=\"kksr-icon\" style=\"width: 22px; height: 22px;\"><\/div>\n        <\/div>\n            <div class=\"kksr-star\" style=\"padding-right: 5px\">\n            \n\n<div class=\"kksr-icon\" style=\"width: 22px; height: 22px;\"><\/div>\n        <\/div>\n            <div class=\"kksr-star\" style=\"padding-right: 5px\">\n            \n\n<div class=\"kksr-icon\" style=\"width: 22px; height: 22px;\"><\/div>\n        <\/div>\n    <\/div>\n<\/div>\n                \n\n<div class=\"kksr-legend\" style=\"font-size: 17.6px;\">\n            <span class=\"kksr-muted\">Valora este post<\/span>\n    <\/div>\n    <\/div>\n","protected":false},"excerpt":{"rendered":"<p>Aumento en los Precios del Tabaco: Marcas Impactadas en Febrero El mercado del tabaco experimenta una nueva oleada de incrementos en sus precios, afectando a numerosas &#8230; <a title=\"\u00a1Atenci\u00f3n fumadores! Precios del tabaco suben en febrero: marcas afectadas aqu\u00ed\" class=\"read-more\" href=\"https:\/\/www.diario21.tv\/noticias\/atencion-fumadores-precios-del-tabaco-suben-en-febrero-marcas-afectadas-aqui\/\" aria-label=\"Leer m\u00e1s sobre \u00a1Atenci\u00f3n fumadores! Precios del tabaco suben en febrero: marcas afectadas aqu\u00ed\">Seguir leyendo &rarr;<\/a><\/p>\n","protected":false},"author":20,"featured_media":6184,"comment_status":"open","ping_status":"open","sticky":false,"template":"","format":"standard","meta":{"footnotes":""},"categories":[13],"tags":[],"class_list":["post-6183","post","type-post","status-publish","format-standard","has-post-thumbnail","hentry","category-portada"],"yoast_head":"<!-- This site is optimized with the Yoast SEO plugin v25.6 - https:\/\/yoast.com\/wordpress\/plugins\/seo\/ -->\n<title>\u00a1Atenci\u00f3n fumadores! Precios del tabaco suben en febrero: marcas afectadas aqu\u00ed - Diario 21<\/title>\n<meta name=\"robots\" content=\"index, follow, max-snippet:-1, max-image-preview:large, max-video-preview:-1\" \/>\n<link rel=\"canonical\" href=\"https:\/\/www.diario21.tv\/noticias\/atencion-fumadores-precios-del-tabaco-suben-en-febrero-marcas-afectadas-aqui\/\" \/>\n<meta property=\"og:locale\" content=\"es_ES\" \/>\n<meta property=\"og:type\" content=\"article\" \/>\n<meta property=\"og:title\" content=\"\u00a1Atenci\u00f3n fumadores! Precios del tabaco suben en febrero: marcas afectadas aqu\u00ed - Diario 21\" \/>\n<meta property=\"og:description\" content=\"Aumento en los Precios del Tabaco: Marcas Impactadas en Febrero El mercado del tabaco experimenta una nueva oleada de incrementos en sus precios, afectando a numerosas ... Seguir leyendo &rarr;\" \/>\n<meta property=\"og:url\" content=\"https:\/\/www.diario21.tv\/noticias\/atencion-fumadores-precios-del-tabaco-suben-en-febrero-marcas-afectadas-aqui\/\" \/>\n<meta property=\"og:site_name\" content=\"Diario 21\" \/>\n<meta property=\"article:published_time\" content=\"2026-02-11T03:57:26+00:00\" \/>\n<meta property=\"article:modified_time\" content=\"2026-02-11T03:57:28+00:00\" \/>\n<meta property=\"og:image\" content=\"https:\/\/www.diario21.tv\/noticias\/wp-content\/uploads\/2026\/02\/\u00a1Atencion-fumadores-Precios-del-tabaco-suben-en-febrero-marcas-afectadas.jpg\" \/>\n\t<meta property=\"og:image:width\" content=\"1200\" \/>\n\t<meta property=\"og:image:height\" content=\"840\" \/>\n\t<meta property=\"og:image:type\" content=\"image\/jpeg\" \/>\n<meta name=\"author\" content=\"Juan P\u00e9rez\" \/>\n<meta name=\"twitter:card\" content=\"summary_large_image\" \/>\n<meta name=\"twitter:label1\" content=\"Escrito por\" \/>\n\t<meta name=\"twitter:data1\" content=\"Juan P\u00e9rez\" \/>\n\t<meta name=\"twitter:label2\" content=\"Tiempo de lectura\" \/>\n\t<meta name=\"twitter:data2\" content=\"2 minutos\" \/>\n<script type=\"application\/ld+json\" class=\"yoast-schema-graph\">{\"@context\":\"https:\/\/schema.org\",\"@graph\":[{\"@type\":\"WebPage\",\"@id\":\"https:\/\/www.diario21.tv\/noticias\/atencion-fumadores-precios-del-tabaco-suben-en-febrero-marcas-afectadas-aqui\/\",\"url\":\"https:\/\/www.diario21.tv\/noticias\/atencion-fumadores-precios-del-tabaco-suben-en-febrero-marcas-afectadas-aqui\/\",\"name\":\"\u00a1Atenci\u00f3n fumadores! Precios del tabaco suben en febrero: marcas afectadas aqu\u00ed - Diario 21\",\"isPartOf\":{\"@id\":\"https:\/\/www.diario21.tv\/noticias\/#website\"},\"primaryImageOfPage\":{\"@id\":\"https:\/\/www.diario21.tv\/noticias\/atencion-fumadores-precios-del-tabaco-suben-en-febrero-marcas-afectadas-aqui\/#primaryimage\"},\"image\":{\"@id\":\"https:\/\/www.diario21.tv\/noticias\/atencion-fumadores-precios-del-tabaco-suben-en-febrero-marcas-afectadas-aqui\/#primaryimage\"},\"thumbnailUrl\":\"https:\/\/www.diario21.tv\/noticias\/wp-content\/uploads\/2026\/02\/\u00a1Atencion-fumadores-Precios-del-tabaco-suben-en-febrero-marcas-afectadas.jpg\",\"datePublished\":\"2026-02-11T03:57:26+00:00\",\"dateModified\":\"2026-02-11T03:57:28+00:00\",\"author\":{\"@id\":\"https:\/\/www.diario21.tv\/noticias\/#\/schema\/person\/dfb778f73814d8f09f302618446a526b\"},\"breadcrumb\":{\"@id\":\"https:\/\/www.diario21.tv\/noticias\/atencion-fumadores-precios-del-tabaco-suben-en-febrero-marcas-afectadas-aqui\/#breadcrumb\"},\"inLanguage\":\"es-AR\",\"potentialAction\":[{\"@type\":\"ReadAction\",\"target\":[\"https:\/\/www.diario21.tv\/noticias\/atencion-fumadores-precios-del-tabaco-suben-en-febrero-marcas-afectadas-aqui\/\"]}]},{\"@type\":\"ImageObject\",\"inLanguage\":\"es-AR\",\"@id\":\"https:\/\/www.diario21.tv\/noticias\/atencion-fumadores-precios-del-tabaco-suben-en-febrero-marcas-afectadas-aqui\/#primaryimage\",\"url\":\"https:\/\/www.diario21.tv\/noticias\/wp-content\/uploads\/2026\/02\/\u00a1Atencion-fumadores-Precios-del-tabaco-suben-en-febrero-marcas-afectadas.jpg\",\"contentUrl\":\"https:\/\/www.diario21.tv\/noticias\/wp-content\/uploads\/2026\/02\/\u00a1Atencion-fumadores-Precios-del-tabaco-suben-en-febrero-marcas-afectadas.jpg\",\"width\":1200,\"height\":840,\"caption\":\"Nueva subida en el precio del tabaco: estas son las marcas afectadas este febrero\"},{\"@type\":\"BreadcrumbList\",\"@id\":\"https:\/\/www.diario21.tv\/noticias\/atencion-fumadores-precios-del-tabaco-suben-en-febrero-marcas-afectadas-aqui\/#breadcrumb\",\"itemListElement\":[{\"@type\":\"ListItem\",\"position\":1,\"name\":\"Accueil\",\"item\":\"https:\/\/www.diario21.tv\/noticias\/\"},{\"@type\":\"ListItem\",\"position\":2,\"name\":\"\u00a1Atenci\u00f3n fumadores! Precios del tabaco suben en febrero: marcas afectadas aqu\u00ed\"}]},{\"@type\":\"WebSite\",\"@id\":\"https:\/\/www.diario21.tv\/noticias\/#website\",\"url\":\"https:\/\/www.diario21.tv\/noticias\/\",\"name\":\"Diario 21\",\"description\":\"\",\"potentialAction\":[{\"@type\":\"SearchAction\",\"target\":{\"@type\":\"EntryPoint\",\"urlTemplate\":\"https:\/\/www.diario21.tv\/noticias\/?s={search_term_string}\"},\"query-input\":{\"@type\":\"PropertyValueSpecification\",\"valueRequired\":true,\"valueName\":\"search_term_string\"}}],\"inLanguage\":\"es-AR\"},{\"@type\":\"Person\",\"@id\":\"https:\/\/www.diario21.tv\/noticias\/#\/schema\/person\/dfb778f73814d8f09f302618446a526b\",\"name\":\"Juan P\u00e9rez\",\"image\":{\"@type\":\"ImageObject\",\"inLanguage\":\"es-AR\",\"@id\":\"https:\/\/www.diario21.tv\/noticias\/#\/schema\/person\/image\/\",\"url\":\"https:\/\/secure.gravatar.com\/avatar\/c478a405bd10621167f4c3167cc770f5?s=96&d=mm&r=g\",\"contentUrl\":\"https:\/\/secure.gravatar.com\/avatar\/c478a405bd10621167f4c3167cc770f5?s=96&d=mm&r=g\",\"caption\":\"Juan P\u00e9rez\"},\"description\":\"Juan P\u00e9rez es el redactor en jefe de Diario 21. Con m\u00e1s de 10 a\u00f1os de experiencia en el periodismo, se especializa en pol\u00edtica nacional y an\u00e1lisis socioecon\u00f3mico. Su enfoque cr\u00edtico y riguroso aporta una perspectiva \u00fanica a cada art\u00edculo.\",\"sameAs\":[\"https:\/\/www.diario21.tv\/noticias\/\"],\"url\":\"https:\/\/www.diario21.tv\/noticias\/author\/juan-perez\/\"}]}<\/script>\n<!-- \/ Yoast SEO plugin. -->","yoast_head_json":{"title":"\u00a1Atenci\u00f3n fumadores! Precios del tabaco suben en febrero: marcas afectadas aqu\u00ed - Diario 21","robots":{"index":"index","follow":"follow","max-snippet":"max-snippet:-1","max-image-preview":"max-image-preview:large","max-video-preview":"max-video-preview:-1"},"canonical":"https:\/\/www.diario21.tv\/noticias\/atencion-fumadores-precios-del-tabaco-suben-en-febrero-marcas-afectadas-aqui\/","og_locale":"es_ES","og_type":"article","og_title":"\u00a1Atenci\u00f3n fumadores! Precios del tabaco suben en febrero: marcas afectadas aqu\u00ed - Diario 21","og_description":"Aumento en los Precios del Tabaco: Marcas Impactadas en Febrero El mercado del tabaco experimenta una nueva oleada de incrementos en sus precios, afectando a numerosas ... Seguir leyendo &rarr;","og_url":"https:\/\/www.diario21.tv\/noticias\/atencion-fumadores-precios-del-tabaco-suben-en-febrero-marcas-afectadas-aqui\/","og_site_name":"Diario 21","article_published_time":"2026-02-11T03:57:26+00:00","article_modified_time":"2026-02-11T03:57:28+00:00","og_image":[{"width":1200,"height":840,"url":"https:\/\/www.diario21.tv\/noticias\/wp-content\/uploads\/2026\/02\/\u00a1Atencion-fumadores-Precios-del-tabaco-suben-en-febrero-marcas-afectadas.jpg","type":"image\/jpeg"}],"author":"Juan P\u00e9rez","twitter_card":"summary_large_image","twitter_misc":{"Escrito por":"Juan P\u00e9rez","Tiempo de lectura":"2 minutos"},"schema":{"@context":"https:\/\/schema.org","@graph":[{"@type":"WebPage","@id":"https:\/\/www.diario21.tv\/noticias\/atencion-fumadores-precios-del-tabaco-suben-en-febrero-marcas-afectadas-aqui\/","url":"https:\/\/www.diario21.tv\/noticias\/atencion-fumadores-precios-del-tabaco-suben-en-febrero-marcas-afectadas-aqui\/","name":"\u00a1Atenci\u00f3n fumadores! Precios del tabaco suben en febrero: marcas afectadas aqu\u00ed - Diario 21","isPartOf":{"@id":"https:\/\/www.diario21.tv\/noticias\/#website"},"primaryImageOfPage":{"@id":"https:\/\/www.diario21.tv\/noticias\/atencion-fumadores-precios-del-tabaco-suben-en-febrero-marcas-afectadas-aqui\/#primaryimage"},"image":{"@id":"https:\/\/www.diario21.tv\/noticias\/atencion-fumadores-precios-del-tabaco-suben-en-febrero-marcas-afectadas-aqui\/#primaryimage"},"thumbnailUrl":"https:\/\/www.diario21.tv\/noticias\/wp-content\/uploads\/2026\/02\/\u00a1Atencion-fumadores-Precios-del-tabaco-suben-en-febrero-marcas-afectadas.jpg","datePublished":"2026-02-11T03:57:26+00:00","dateModified":"2026-02-11T03:57:28+00:00","author":{"@id":"https:\/\/www.diario21.tv\/noticias\/#\/schema\/person\/dfb778f73814d8f09f302618446a526b"},"breadcrumb":{"@id":"https:\/\/www.diario21.tv\/noticias\/atencion-fumadores-precios-del-tabaco-suben-en-febrero-marcas-afectadas-aqui\/#breadcrumb"},"inLanguage":"es-AR","potentialAction":[{"@type":"ReadAction","target":["https:\/\/www.diario21.tv\/noticias\/atencion-fumadores-precios-del-tabaco-suben-en-febrero-marcas-afectadas-aqui\/"]}]},{"@type":"ImageObject","inLanguage":"es-AR","@id":"https:\/\/www.diario21.tv\/noticias\/atencion-fumadores-precios-del-tabaco-suben-en-febrero-marcas-afectadas-aqui\/#primaryimage","url":"https:\/\/www.diario21.tv\/noticias\/wp-content\/uploads\/2026\/02\/\u00a1Atencion-fumadores-Precios-del-tabaco-suben-en-febrero-marcas-afectadas.jpg","contentUrl":"https:\/\/www.diario21.tv\/noticias\/wp-content\/uploads\/2026\/02\/\u00a1Atencion-fumadores-Precios-del-tabaco-suben-en-febrero-marcas-afectadas.jpg","width":1200,"height":840,"caption":"Nueva subida en el precio del tabaco: estas son las marcas afectadas este febrero"},{"@type":"BreadcrumbList","@id":"https:\/\/www.diario21.tv\/noticias\/atencion-fumadores-precios-del-tabaco-suben-en-febrero-marcas-afectadas-aqui\/#breadcrumb","itemListElement":[{"@type":"ListItem","position":1,"name":"Accueil","item":"https:\/\/www.diario21.tv\/noticias\/"},{"@type":"ListItem","position":2,"name":"\u00a1Atenci\u00f3n fumadores! Precios del tabaco suben en febrero: marcas afectadas aqu\u00ed"}]},{"@type":"WebSite","@id":"https:\/\/www.diario21.tv\/noticias\/#website","url":"https:\/\/www.diario21.tv\/noticias\/","name":"Diario 21","description":"","potentialAction":[{"@type":"SearchAction","target":{"@type":"EntryPoint","urlTemplate":"https:\/\/www.diario21.tv\/noticias\/?s={search_term_string}"},"query-input":{"@type":"PropertyValueSpecification","valueRequired":true,"valueName":"search_term_string"}}],"inLanguage":"es-AR"},{"@type":"Person","@id":"https:\/\/www.diario21.tv\/noticias\/#\/schema\/person\/dfb778f73814d8f09f302618446a526b","name":"Juan P\u00e9rez","image":{"@type":"ImageObject","inLanguage":"es-AR","@id":"https:\/\/www.diario21.tv\/noticias\/#\/schema\/person\/image\/","url":"https:\/\/secure.gravatar.com\/avatar\/c478a405bd10621167f4c3167cc770f5?s=96&d=mm&r=g","contentUrl":"https:\/\/secure.gravatar.com\/avatar\/c478a405bd10621167f4c3167cc770f5?s=96&d=mm&r=g","caption":"Juan P\u00e9rez"},"description":"Juan P\u00e9rez es el redactor en jefe de Diario 21. Con m\u00e1s de 10 a\u00f1os de experiencia en el periodismo, se especializa en pol\u00edtica nacional y an\u00e1lisis socioecon\u00f3mico. Su enfoque cr\u00edtico y riguroso aporta una perspectiva \u00fanica a cada art\u00edculo.","sameAs":["https:\/\/www.diario21.tv\/noticias\/"],"url":"https:\/\/www.diario21.tv\/noticias\/author\/juan-perez\/"}]}},"_links":{"self":[{"href":"https:\/\/www.diario21.tv\/noticias\/wp-json\/wp\/v2\/posts\/6183"}],"collection":[{"href":"https:\/\/www.diario21.tv\/noticias\/wp-json\/wp\/v2\/posts"}],"about":[{"href":"https:\/\/www.diario21.tv\/noticias\/wp-json\/wp\/v2\/types\/post"}],"author":[{"embeddable":true,"href":"https:\/\/www.diario21.tv\/noticias\/wp-json\/wp\/v2\/users\/20"}],"replies":[{"embeddable":true,"href":"https:\/\/www.diario21.tv\/noticias\/wp-json\/wp\/v2\/comments?post=6183"}],"version-history":[{"count":1,"href":"https:\/\/www.diario21.tv\/noticias\/wp-json\/wp\/v2\/posts\/6183\/revisions"}],"predecessor-version":[{"id":6185,"href":"https:\/\/www.diario21.tv\/noticias\/wp-json\/wp\/v2\/posts\/6183\/revisions\/6185"}],"wp:featuredmedia":[{"embeddable":true,"href":"https:\/\/www.diario21.tv\/noticias\/wp-json\/wp\/v2\/media\/6184"}],"wp:attachment":[{"href":"https:\/\/www.diario21.tv\/noticias\/wp-json\/wp\/v2\/media?parent=6183"}],"wp:term":[{"taxonomy":"category","embeddable":true,"href":"https:\/\/www.diario21.tv\/noticias\/wp-json\/wp\/v2\/categories?post=6183"},{"taxonomy":"post_tag","embeddable":true,"href":"https:\/\/www.diario21.tv\/noticias\/wp-json\/wp\/v2\/tags?post=6183"}],"curies":[{"name":"wp","href":"https:\/\/api.w.org\/{rel}","templated":true}]}}