{"id":6180,"date":"2026-02-10T21:56:20","date_gmt":"2026-02-10T21:56:20","guid":{"rendered":"https:\/\/www.diario21.tv\/noticias\/impactante-banda-cae-tras-matar-cientos-de-lechones-en-guadalajara-por-robo-de-cableado\/"},"modified":"2026-02-10T21:56:21","modified_gmt":"2026-02-10T21:56:21","slug":"impactante-banda-cae-tras-matar-cientos-de-lechones-en-guadalajara-por-robo-de-cableado","status":"publish","type":"post","link":"https:\/\/www.diario21.tv\/noticias\/impactante-banda-cae-tras-matar-cientos-de-lechones-en-guadalajara-por-robo-de-cableado\/","title":{"rendered":"\u00a1Impactante! Banda cae tras matar cientos de lechones en Guadalajara por robo de cableado."},"content":{"rendered":"<h2>Desarticulan Grupo Delictivo Responsable de la Muerte de Lechones por Robo de Cableado en Guadalajara<\/h2>\n<p>En un reciente operativo en Guadalajara, las autoridades han desmantelado una banda criminal cuyas acciones resultaron en la muerte de numerosos lechones. El grupo, especializado en robos de infraestructura, sustrajo cables el\u00e9ctricos esenciales para el funcionamiento de una granja porcina, provocando un apag\u00f3n que termin\u00f3 con la vida de cientos de animales j\u00f3venes debido a la falta de sistemas de ventilaci\u00f3n adecuados.<\/p>\n<h3>Impacto Mortal por Falta de Electricidad<\/h3>\n<p>El incidente tuvo lugar en una conocida granja de la regi\u00f3n, donde los criminales, en busca de ganancias r\u00e1pidas, accedieron a las instalaciones y extrajeron grandes longitudes de cableado el\u00e9ctrico. La acci\u00f3n no solo caus\u00f3 un corte de energ\u00eda inmediato sino que tambi\u00e9n dej\u00f3 a la granja sin la capacidad de operar sus sistemas de climatizaci\u00f3n y ventilaci\u00f3n, esenciales para mantener la vida de los lechones, especialmente vulnerables a las condiciones extremas.<\/p>\n<h3>Operativo Policial y Detenciones<\/h3>\n<p>La polic\u00eda local, tras recibir la denuncia del due\u00f1o de la granja, inici\u00f3 una investigaci\u00f3n que r\u00e1pidamente llev\u00f3 al rastreo y captura de los sospechosos. Se ha informado que varios individuos han sido detenidos y est\u00e1n siendo investigados por su posible implicaci\u00f3n en este y otros robos similares en la zona. Las autoridades han destacado la importancia de la colaboraci\u00f3n ciudadana y la r\u00e1pida acci\u00f3n de los equipos de investigaci\u00f3n para resolver el caso.<\/p>\n<h3>Repercusiones y Medidas de Seguridad<\/h3>\n<p>La p\u00e9rdida de los lechones ha causado no solo un grave da\u00f1o econ\u00f3mico a la granja afectada, sino que tambi\u00e9n ha levantado preocupaciones sobre la seguridad de infraestructuras cr\u00edticas frente a actos delictivos. En respuesta, se est\u00e1n revisando y reforzando las medidas de seguridad en granjas y otros establecimientos que dependen cr\u00edticamente de servicios el\u00e9ctricos para su operaci\u00f3n.<\/p>\n<p>Este incidente subraya la vulnerabilidad de las operaciones agr\u00edcolas y ganaderas ante delitos de infraestructura y la necesidad de vigilancia continua y mejoras en la seguridad para prevenir futuras tragedias.<\/p>\n\n\n<div class=\"kk-star-ratings kksr-auto kksr-align-left kksr-valign-bottom\"\n    data-payload='{&quot;align&quot;:&quot;left&quot;,&quot;id&quot;:&quot;6180&quot;,&quot;slug&quot;:&quot;default&quot;,&quot;valign&quot;:&quot;bottom&quot;,&quot;ignore&quot;:&quot;&quot;,&quot;reference&quot;:&quot;auto&quot;,&quot;class&quot;:&quot;&quot;,&quot;count&quot;:&quot;0&quot;,&quot;legendonly&quot;:&quot;&quot;,&quot;readonly&quot;:&quot;&quot;,&quot;score&quot;:&quot;0&quot;,&quot;starsonly&quot;:&quot;&quot;,&quot;best&quot;:&quot;5&quot;,&quot;gap&quot;:&quot;5&quot;,&quot;greet&quot;:&quot;Valora este post&quot;,&quot;legend&quot;:&quot;0\\\/5 - (0 votes)&quot;,&quot;size&quot;:&quot;22&quot;,&quot;title&quot;:&quot;\u00a1Impactante! Banda cae tras matar cientos de lechones en Guadalajara por robo de cableado.&quot;,&quot;width&quot;:&quot;0&quot;,&quot;_legend&quot;:&quot;{score}\\\/{best} - ({count} {votes})&quot;,&quot;font_factor&quot;:&quot;1.25&quot;}'>\n            \n<div class=\"kksr-stars\">\n    \n<div class=\"kksr-stars-inactive\">\n            <div class=\"kksr-star\" data-star=\"1\" style=\"padding-right: 5px\">\n            \n\n<div class=\"kksr-icon\" style=\"width: 22px; height: 22px;\"><\/div>\n        <\/div>\n            <div class=\"kksr-star\" data-star=\"2\" style=\"padding-right: 5px\">\n            \n\n<div class=\"kksr-icon\" style=\"width: 22px; height: 22px;\"><\/div>\n        <\/div>\n            <div class=\"kksr-star\" data-star=\"3\" style=\"padding-right: 5px\">\n            \n\n<div class=\"kksr-icon\" style=\"width: 22px; height: 22px;\"><\/div>\n        <\/div>\n            <div class=\"kksr-star\" data-star=\"4\" style=\"padding-right: 5px\">\n            \n\n<div class=\"kksr-icon\" style=\"width: 22px; height: 22px;\"><\/div>\n        <\/div>\n            <div class=\"kksr-star\" data-star=\"5\" style=\"padding-right: 5px\">\n            \n\n<div class=\"kksr-icon\" style=\"width: 22px; height: 22px;\"><\/div>\n        <\/div>\n    <\/div>\n    \n<div class=\"kksr-stars-active\" style=\"width: 0px;\">\n            <div class=\"kksr-star\" style=\"padding-right: 5px\">\n            \n\n<div class=\"kksr-icon\" style=\"width: 22px; height: 22px;\"><\/div>\n        <\/div>\n            <div class=\"kksr-star\" style=\"padding-right: 5px\">\n            \n\n<div class=\"kksr-icon\" style=\"width: 22px; height: 22px;\"><\/div>\n        <\/div>\n            <div class=\"kksr-star\" style=\"padding-right: 5px\">\n            \n\n<div class=\"kksr-icon\" style=\"width: 22px; height: 22px;\"><\/div>\n        <\/div>\n            <div class=\"kksr-star\" style=\"padding-right: 5px\">\n            \n\n<div class=\"kksr-icon\" style=\"width: 22px; height: 22px;\"><\/div>\n        <\/div>\n            <div class=\"kksr-star\" style=\"padding-right: 5px\">\n            \n\n<div class=\"kksr-icon\" style=\"width: 22px; height: 22px;\"><\/div>\n        <\/div>\n    <\/div>\n<\/div>\n                \n\n<div class=\"kksr-legend\" style=\"font-size: 17.6px;\">\n            <span class=\"kksr-muted\">Valora este post<\/span>\n    <\/div>\n    <\/div>\n","protected":false},"excerpt":{"rendered":"<p>Desarticulan Grupo Delictivo Responsable de la Muerte de Lechones por Robo de Cableado en Guadalajara En un reciente operativo en Guadalajara, las autoridades han desmantelado una &#8230; <a title=\"\u00a1Impactante! Banda cae tras matar cientos de lechones en Guadalajara por robo de cableado.\" class=\"read-more\" href=\"https:\/\/www.diario21.tv\/noticias\/impactante-banda-cae-tras-matar-cientos-de-lechones-en-guadalajara-por-robo-de-cableado\/\" aria-label=\"Leer m\u00e1s sobre \u00a1Impactante! Banda cae tras matar cientos de lechones en Guadalajara por robo de cableado.\">Seguir leyendo &rarr;<\/a><\/p>\n","protected":false},"author":20,"featured_media":6181,"comment_status":"open","ping_status":"open","sticky":false,"template":"","format":"standard","meta":{"footnotes":""},"categories":[13],"tags":[],"class_list":["post-6180","post","type-post","status-publish","format-standard","has-post-thumbnail","hentry","category-portada"],"yoast_head":"<!-- This site is optimized with the Yoast SEO plugin v25.6 - https:\/\/yoast.com\/wordpress\/plugins\/seo\/ -->\n<title>\u00a1Impactante! Banda cae tras matar cientos de lechones en Guadalajara por robo de cableado. - Diario 21<\/title>\n<meta name=\"robots\" content=\"index, follow, max-snippet:-1, max-image-preview:large, max-video-preview:-1\" \/>\n<link rel=\"canonical\" href=\"https:\/\/www.diario21.tv\/noticias\/impactante-banda-cae-tras-matar-cientos-de-lechones-en-guadalajara-por-robo-de-cableado\/\" \/>\n<meta property=\"og:locale\" content=\"es_ES\" \/>\n<meta property=\"og:type\" content=\"article\" \/>\n<meta property=\"og:title\" content=\"\u00a1Impactante! Banda cae tras matar cientos de lechones en Guadalajara por robo de cableado. - Diario 21\" \/>\n<meta property=\"og:description\" content=\"Desarticulan Grupo Delictivo Responsable de la Muerte de Lechones por Robo de Cableado en Guadalajara En un reciente operativo en Guadalajara, las autoridades han desmantelado una ... Seguir leyendo &rarr;\" \/>\n<meta property=\"og:url\" content=\"https:\/\/www.diario21.tv\/noticias\/impactante-banda-cae-tras-matar-cientos-de-lechones-en-guadalajara-por-robo-de-cableado\/\" \/>\n<meta property=\"og:site_name\" content=\"Diario 21\" \/>\n<meta property=\"article:published_time\" content=\"2026-02-10T21:56:20+00:00\" \/>\n<meta property=\"article:modified_time\" content=\"2026-02-10T21:56:21+00:00\" \/>\n<meta property=\"og:image\" content=\"https:\/\/www.diario21.tv\/noticias\/wp-content\/uploads\/2026\/02\/\u00a1Impactante-Banda-cae-tras-matar-cientos-de-lechones-en-Guadalajara.jpg\" \/>\n\t<meta property=\"og:image:width\" content=\"1200\" \/>\n\t<meta property=\"og:image:height\" content=\"840\" \/>\n\t<meta property=\"og:image:type\" content=\"image\/jpeg\" \/>\n<meta name=\"author\" content=\"Juan P\u00e9rez\" \/>\n<meta name=\"twitter:card\" content=\"summary_large_image\" \/>\n<meta name=\"twitter:label1\" content=\"Escrito por\" \/>\n\t<meta name=\"twitter:data1\" content=\"Juan P\u00e9rez\" \/>\n\t<meta name=\"twitter:label2\" content=\"Tiempo de lectura\" \/>\n\t<meta name=\"twitter:data2\" content=\"2 minutos\" \/>\n<script type=\"application\/ld+json\" class=\"yoast-schema-graph\">{\"@context\":\"https:\/\/schema.org\",\"@graph\":[{\"@type\":\"WebPage\",\"@id\":\"https:\/\/www.diario21.tv\/noticias\/impactante-banda-cae-tras-matar-cientos-de-lechones-en-guadalajara-por-robo-de-cableado\/\",\"url\":\"https:\/\/www.diario21.tv\/noticias\/impactante-banda-cae-tras-matar-cientos-de-lechones-en-guadalajara-por-robo-de-cableado\/\",\"name\":\"\u00a1Impactante! Banda cae tras matar cientos de lechones en Guadalajara por robo de cableado. - Diario 21\",\"isPartOf\":{\"@id\":\"https:\/\/www.diario21.tv\/noticias\/#website\"},\"primaryImageOfPage\":{\"@id\":\"https:\/\/www.diario21.tv\/noticias\/impactante-banda-cae-tras-matar-cientos-de-lechones-en-guadalajara-por-robo-de-cableado\/#primaryimage\"},\"image\":{\"@id\":\"https:\/\/www.diario21.tv\/noticias\/impactante-banda-cae-tras-matar-cientos-de-lechones-en-guadalajara-por-robo-de-cableado\/#primaryimage\"},\"thumbnailUrl\":\"https:\/\/www.diario21.tv\/noticias\/wp-content\/uploads\/2026\/02\/\u00a1Impactante-Banda-cae-tras-matar-cientos-de-lechones-en-Guadalajara.jpg\",\"datePublished\":\"2026-02-10T21:56:20+00:00\",\"dateModified\":\"2026-02-10T21:56:21+00:00\",\"author\":{\"@id\":\"https:\/\/www.diario21.tv\/noticias\/#\/schema\/person\/dfb778f73814d8f09f302618446a526b\"},\"breadcrumb\":{\"@id\":\"https:\/\/www.diario21.tv\/noticias\/impactante-banda-cae-tras-matar-cientos-de-lechones-en-guadalajara-por-robo-de-cableado\/#breadcrumb\"},\"inLanguage\":\"es-AR\",\"potentialAction\":[{\"@type\":\"ReadAction\",\"target\":[\"https:\/\/www.diario21.tv\/noticias\/impactante-banda-cae-tras-matar-cientos-de-lechones-en-guadalajara-por-robo-de-cableado\/\"]}]},{\"@type\":\"ImageObject\",\"inLanguage\":\"es-AR\",\"@id\":\"https:\/\/www.diario21.tv\/noticias\/impactante-banda-cae-tras-matar-cientos-de-lechones-en-guadalajara-por-robo-de-cableado\/#primaryimage\",\"url\":\"https:\/\/www.diario21.tv\/noticias\/wp-content\/uploads\/2026\/02\/\u00a1Impactante-Banda-cae-tras-matar-cientos-de-lechones-en-Guadalajara.jpg\",\"contentUrl\":\"https:\/\/www.diario21.tv\/noticias\/wp-content\/uploads\/2026\/02\/\u00a1Impactante-Banda-cae-tras-matar-cientos-de-lechones-en-Guadalajara.jpg\",\"width\":1200,\"height\":840,\"caption\":\"Cae una banda que provoc\u00f3 la muerte de cientos de lechones en Guadalajara al robar el cableado el\u00e9ctrico de una granja\"},{\"@type\":\"BreadcrumbList\",\"@id\":\"https:\/\/www.diario21.tv\/noticias\/impactante-banda-cae-tras-matar-cientos-de-lechones-en-guadalajara-por-robo-de-cableado\/#breadcrumb\",\"itemListElement\":[{\"@type\":\"ListItem\",\"position\":1,\"name\":\"Accueil\",\"item\":\"https:\/\/www.diario21.tv\/noticias\/\"},{\"@type\":\"ListItem\",\"position\":2,\"name\":\"\u00a1Impactante! Banda cae tras matar cientos de lechones en Guadalajara por robo de cableado.\"}]},{\"@type\":\"WebSite\",\"@id\":\"https:\/\/www.diario21.tv\/noticias\/#website\",\"url\":\"https:\/\/www.diario21.tv\/noticias\/\",\"name\":\"Diario 21\",\"description\":\"\",\"potentialAction\":[{\"@type\":\"SearchAction\",\"target\":{\"@type\":\"EntryPoint\",\"urlTemplate\":\"https:\/\/www.diario21.tv\/noticias\/?s={search_term_string}\"},\"query-input\":{\"@type\":\"PropertyValueSpecification\",\"valueRequired\":true,\"valueName\":\"search_term_string\"}}],\"inLanguage\":\"es-AR\"},{\"@type\":\"Person\",\"@id\":\"https:\/\/www.diario21.tv\/noticias\/#\/schema\/person\/dfb778f73814d8f09f302618446a526b\",\"name\":\"Juan P\u00e9rez\",\"image\":{\"@type\":\"ImageObject\",\"inLanguage\":\"es-AR\",\"@id\":\"https:\/\/www.diario21.tv\/noticias\/#\/schema\/person\/image\/\",\"url\":\"https:\/\/secure.gravatar.com\/avatar\/c478a405bd10621167f4c3167cc770f5?s=96&d=mm&r=g\",\"contentUrl\":\"https:\/\/secure.gravatar.com\/avatar\/c478a405bd10621167f4c3167cc770f5?s=96&d=mm&r=g\",\"caption\":\"Juan P\u00e9rez\"},\"description\":\"Juan P\u00e9rez es el redactor en jefe de Diario 21. Con m\u00e1s de 10 a\u00f1os de experiencia en el periodismo, se especializa en pol\u00edtica nacional y an\u00e1lisis socioecon\u00f3mico. Su enfoque cr\u00edtico y riguroso aporta una perspectiva \u00fanica a cada art\u00edculo.\",\"sameAs\":[\"https:\/\/www.diario21.tv\/noticias\/\"],\"url\":\"https:\/\/www.diario21.tv\/noticias\/author\/juan-perez\/\"}]}<\/script>\n<!-- \/ Yoast SEO plugin. -->","yoast_head_json":{"title":"\u00a1Impactante! Banda cae tras matar cientos de lechones en Guadalajara por robo de cableado. - Diario 21","robots":{"index":"index","follow":"follow","max-snippet":"max-snippet:-1","max-image-preview":"max-image-preview:large","max-video-preview":"max-video-preview:-1"},"canonical":"https:\/\/www.diario21.tv\/noticias\/impactante-banda-cae-tras-matar-cientos-de-lechones-en-guadalajara-por-robo-de-cableado\/","og_locale":"es_ES","og_type":"article","og_title":"\u00a1Impactante! Banda cae tras matar cientos de lechones en Guadalajara por robo de cableado. - Diario 21","og_description":"Desarticulan Grupo Delictivo Responsable de la Muerte de Lechones por Robo de Cableado en Guadalajara En un reciente operativo en Guadalajara, las autoridades han desmantelado una ... Seguir leyendo &rarr;","og_url":"https:\/\/www.diario21.tv\/noticias\/impactante-banda-cae-tras-matar-cientos-de-lechones-en-guadalajara-por-robo-de-cableado\/","og_site_name":"Diario 21","article_published_time":"2026-02-10T21:56:20+00:00","article_modified_time":"2026-02-10T21:56:21+00:00","og_image":[{"width":1200,"height":840,"url":"https:\/\/www.diario21.tv\/noticias\/wp-content\/uploads\/2026\/02\/\u00a1Impactante-Banda-cae-tras-matar-cientos-de-lechones-en-Guadalajara.jpg","type":"image\/jpeg"}],"author":"Juan P\u00e9rez","twitter_card":"summary_large_image","twitter_misc":{"Escrito por":"Juan P\u00e9rez","Tiempo de lectura":"2 minutos"},"schema":{"@context":"https:\/\/schema.org","@graph":[{"@type":"WebPage","@id":"https:\/\/www.diario21.tv\/noticias\/impactante-banda-cae-tras-matar-cientos-de-lechones-en-guadalajara-por-robo-de-cableado\/","url":"https:\/\/www.diario21.tv\/noticias\/impactante-banda-cae-tras-matar-cientos-de-lechones-en-guadalajara-por-robo-de-cableado\/","name":"\u00a1Impactante! Banda cae tras matar cientos de lechones en Guadalajara por robo de cableado. - Diario 21","isPartOf":{"@id":"https:\/\/www.diario21.tv\/noticias\/#website"},"primaryImageOfPage":{"@id":"https:\/\/www.diario21.tv\/noticias\/impactante-banda-cae-tras-matar-cientos-de-lechones-en-guadalajara-por-robo-de-cableado\/#primaryimage"},"image":{"@id":"https:\/\/www.diario21.tv\/noticias\/impactante-banda-cae-tras-matar-cientos-de-lechones-en-guadalajara-por-robo-de-cableado\/#primaryimage"},"thumbnailUrl":"https:\/\/www.diario21.tv\/noticias\/wp-content\/uploads\/2026\/02\/\u00a1Impactante-Banda-cae-tras-matar-cientos-de-lechones-en-Guadalajara.jpg","datePublished":"2026-02-10T21:56:20+00:00","dateModified":"2026-02-10T21:56:21+00:00","author":{"@id":"https:\/\/www.diario21.tv\/noticias\/#\/schema\/person\/dfb778f73814d8f09f302618446a526b"},"breadcrumb":{"@id":"https:\/\/www.diario21.tv\/noticias\/impactante-banda-cae-tras-matar-cientos-de-lechones-en-guadalajara-por-robo-de-cableado\/#breadcrumb"},"inLanguage":"es-AR","potentialAction":[{"@type":"ReadAction","target":["https:\/\/www.diario21.tv\/noticias\/impactante-banda-cae-tras-matar-cientos-de-lechones-en-guadalajara-por-robo-de-cableado\/"]}]},{"@type":"ImageObject","inLanguage":"es-AR","@id":"https:\/\/www.diario21.tv\/noticias\/impactante-banda-cae-tras-matar-cientos-de-lechones-en-guadalajara-por-robo-de-cableado\/#primaryimage","url":"https:\/\/www.diario21.tv\/noticias\/wp-content\/uploads\/2026\/02\/\u00a1Impactante-Banda-cae-tras-matar-cientos-de-lechones-en-Guadalajara.jpg","contentUrl":"https:\/\/www.diario21.tv\/noticias\/wp-content\/uploads\/2026\/02\/\u00a1Impactante-Banda-cae-tras-matar-cientos-de-lechones-en-Guadalajara.jpg","width":1200,"height":840,"caption":"Cae una banda que provoc\u00f3 la muerte de cientos de lechones en Guadalajara al robar el cableado el\u00e9ctrico de una granja"},{"@type":"BreadcrumbList","@id":"https:\/\/www.diario21.tv\/noticias\/impactante-banda-cae-tras-matar-cientos-de-lechones-en-guadalajara-por-robo-de-cableado\/#breadcrumb","itemListElement":[{"@type":"ListItem","position":1,"name":"Accueil","item":"https:\/\/www.diario21.tv\/noticias\/"},{"@type":"ListItem","position":2,"name":"\u00a1Impactante! Banda cae tras matar cientos de lechones en Guadalajara por robo de cableado."}]},{"@type":"WebSite","@id":"https:\/\/www.diario21.tv\/noticias\/#website","url":"https:\/\/www.diario21.tv\/noticias\/","name":"Diario 21","description":"","potentialAction":[{"@type":"SearchAction","target":{"@type":"EntryPoint","urlTemplate":"https:\/\/www.diario21.tv\/noticias\/?s={search_term_string}"},"query-input":{"@type":"PropertyValueSpecification","valueRequired":true,"valueName":"search_term_string"}}],"inLanguage":"es-AR"},{"@type":"Person","@id":"https:\/\/www.diario21.tv\/noticias\/#\/schema\/person\/dfb778f73814d8f09f302618446a526b","name":"Juan P\u00e9rez","image":{"@type":"ImageObject","inLanguage":"es-AR","@id":"https:\/\/www.diario21.tv\/noticias\/#\/schema\/person\/image\/","url":"https:\/\/secure.gravatar.com\/avatar\/c478a405bd10621167f4c3167cc770f5?s=96&d=mm&r=g","contentUrl":"https:\/\/secure.gravatar.com\/avatar\/c478a405bd10621167f4c3167cc770f5?s=96&d=mm&r=g","caption":"Juan P\u00e9rez"},"description":"Juan P\u00e9rez es el redactor en jefe de Diario 21. Con m\u00e1s de 10 a\u00f1os de experiencia en el periodismo, se especializa en pol\u00edtica nacional y an\u00e1lisis socioecon\u00f3mico. Su enfoque cr\u00edtico y riguroso aporta una perspectiva \u00fanica a cada art\u00edculo.","sameAs":["https:\/\/www.diario21.tv\/noticias\/"],"url":"https:\/\/www.diario21.tv\/noticias\/author\/juan-perez\/"}]}},"_links":{"self":[{"href":"https:\/\/www.diario21.tv\/noticias\/wp-json\/wp\/v2\/posts\/6180"}],"collection":[{"href":"https:\/\/www.diario21.tv\/noticias\/wp-json\/wp\/v2\/posts"}],"about":[{"href":"https:\/\/www.diario21.tv\/noticias\/wp-json\/wp\/v2\/types\/post"}],"author":[{"embeddable":true,"href":"https:\/\/www.diario21.tv\/noticias\/wp-json\/wp\/v2\/users\/20"}],"replies":[{"embeddable":true,"href":"https:\/\/www.diario21.tv\/noticias\/wp-json\/wp\/v2\/comments?post=6180"}],"version-history":[{"count":1,"href":"https:\/\/www.diario21.tv\/noticias\/wp-json\/wp\/v2\/posts\/6180\/revisions"}],"predecessor-version":[{"id":6182,"href":"https:\/\/www.diario21.tv\/noticias\/wp-json\/wp\/v2\/posts\/6180\/revisions\/6182"}],"wp:featuredmedia":[{"embeddable":true,"href":"https:\/\/www.diario21.tv\/noticias\/wp-json\/wp\/v2\/media\/6181"}],"wp:attachment":[{"href":"https:\/\/www.diario21.tv\/noticias\/wp-json\/wp\/v2\/media?parent=6180"}],"wp:term":[{"taxonomy":"category","embeddable":true,"href":"https:\/\/www.diario21.tv\/noticias\/wp-json\/wp\/v2\/categories?post=6180"},{"taxonomy":"post_tag","embeddable":true,"href":"https:\/\/www.diario21.tv\/noticias\/wp-json\/wp\/v2\/tags?post=6180"}],"curies":[{"name":"wp","href":"https:\/\/api.w.org\/{rel}","templated":true}]}}