{"id":6159,"date":"2026-02-08T21:47:18","date_gmt":"2026-02-08T21:47:18","guid":{"rendered":"https:\/\/www.diario21.tv\/noticias\/desaparecida-en-malaga-intensa-busqueda-de-mujer-arrastrada-por-rio-tras-temporal\/"},"modified":"2026-02-08T21:47:20","modified_gmt":"2026-02-08T21:47:20","slug":"desaparecida-en-malaga-intensa-busqueda-de-mujer-arrastrada-por-rio-tras-temporal","status":"publish","type":"post","link":"https:\/\/www.diario21.tv\/noticias\/desaparecida-en-malaga-intensa-busqueda-de-mujer-arrastrada-por-rio-tras-temporal\/","title":{"rendered":"Desaparecida en M\u00e1laga: intensa b\u00fasqueda de mujer arrastrada por r\u00edo tras temporal"},"content":{"rendered":"<h2>Intensa B\u00fasqueda de una Mujer Tras Ser Arrastrada por el R\u00edo en M\u00e1laga Debido a las Tormentas<\/h2>\n<p>En M\u00e1laga, las autoridades est\u00e1n llevando a cabo una operaci\u00f3n de b\u00fasqueda y rescate de gran envergadura despu\u00e9s de que una mujer fuera reportada como desaparecida al ser llevada por la corriente de un r\u00edo. El suceso ocurri\u00f3 en medio de las fuertes lluvias que han azotado la regi\u00f3n recientemente.<\/p>\n<h3>Detalles del Incidente<\/h3>\n<p>La alerta se dio cuando se report\u00f3 que una mujer hab\u00eda ca\u00eddo al r\u00edo mientras las precipitaciones intensificaban la corriente de agua. R\u00e1pidamente, los equipos de emergencia se movilizaron para iniciar la b\u00fasqueda. La operaci\u00f3n incluye la participaci\u00f3n de bomberos, polic\u00eda y otros servicios de emergencia, quienes est\u00e1n utilizando todos los recursos disponibles para localizar a la mujer.<\/p>\n<h3>Respuesta de las Autoridades<\/h3>\n<p>Las autoridades han implementado un plan de acci\u00f3n que incluye el despliegue de helic\u00f3pteros y drones para sobrevolar la zona y ayudar en la b\u00fasqueda desde el aire. Adem\u00e1s, equipos de buzos y especialistas en rescate acu\u00e1tico est\u00e1n explorando las \u00e1reas m\u00e1s afectadas por la crecida del r\u00edo. <\/p>\n<p>La polic\u00eda tambi\u00e9n est\u00e1 investigando las circunstancias que llevaron a la desaparici\u00f3n de la mujer, entrevistando a testigos y revisando las c\u00e1maras de seguridad cercanas para obtener m\u00e1s informaci\u00f3n sobre el incidente.<\/p>\n<h3>Impacto del Temporal en la Regi\u00f3n<\/h3>\n<p>El temporal ha causado estragos en varias partes de M\u00e1laga, con calles inundadas y cortes de electricidad en varios barrios. Las autoridades locales han emitido advertencias a los ciudadanos para que eviten acercarse a r\u00edos y arroyos, dado que el nivel del agua sigue siendo peligrosamente alto.<\/p>\n<p>Adem\u00e1s, se han cerrado temporalmente algunas carreteras y puentes por precauci\u00f3n, y se est\u00e1 pidiendo a los residentes que limiten sus desplazamientos y sigan las actualizaciones de las autoridades.<\/p>\n<h3>Reacciones y Medidas Preventivas<\/h3>\n<p>La comunidad ha respondido con preocupaci\u00f3n ante la desaparici\u00f3n y las condiciones adversas causadas por el temporal. Muchos voluntarios se han ofrecido para ayudar en las tareas de b\u00fasqueda y apoyo a los afectados.<\/p>\n<p>Las autoridades, por su parte, han reforzado las campa\u00f1as de concienciaci\u00f3n sobre los riesgos de acercarse a zonas inundadas durante tormentas y est\u00e1n trabajando para mejorar los sistemas de alerta temprana para futuros eventos similares.<\/p>\n<h3>Conclusi\u00f3n<\/h3>\n<p>La b\u00fasqueda de la mujer desaparecida contin\u00faa siendo una prioridad para los equipos de rescate en M\u00e1laga. Las autoridades mantienen la esperanza de encontrarla a salvo, a pesar de las dif\u00edciles condiciones. Este tr\u00e1gico evento subraya la importancia de tomar precauciones durante temporales y de seguir las recomendaciones de seguridad emitidas por las autoridades.<\/p>\n\n\n<div class=\"kk-star-ratings kksr-auto kksr-align-left kksr-valign-bottom\"\n    data-payload='{&quot;align&quot;:&quot;left&quot;,&quot;id&quot;:&quot;6159&quot;,&quot;slug&quot;:&quot;default&quot;,&quot;valign&quot;:&quot;bottom&quot;,&quot;ignore&quot;:&quot;&quot;,&quot;reference&quot;:&quot;auto&quot;,&quot;class&quot;:&quot;&quot;,&quot;count&quot;:&quot;0&quot;,&quot;legendonly&quot;:&quot;&quot;,&quot;readonly&quot;:&quot;&quot;,&quot;score&quot;:&quot;0&quot;,&quot;starsonly&quot;:&quot;&quot;,&quot;best&quot;:&quot;5&quot;,&quot;gap&quot;:&quot;5&quot;,&quot;greet&quot;:&quot;Valora este post&quot;,&quot;legend&quot;:&quot;0\\\/5 - (0 votes)&quot;,&quot;size&quot;:&quot;22&quot;,&quot;title&quot;:&quot;Desaparecida en M\u00e1laga: intensa b\u00fasqueda de mujer arrastrada por r\u00edo tras temporal&quot;,&quot;width&quot;:&quot;0&quot;,&quot;_legend&quot;:&quot;{score}\\\/{best} - ({count} {votes})&quot;,&quot;font_factor&quot;:&quot;1.25&quot;}'>\n            \n<div class=\"kksr-stars\">\n    \n<div class=\"kksr-stars-inactive\">\n            <div class=\"kksr-star\" data-star=\"1\" style=\"padding-right: 5px\">\n            \n\n<div class=\"kksr-icon\" style=\"width: 22px; height: 22px;\"><\/div>\n        <\/div>\n            <div class=\"kksr-star\" data-star=\"2\" style=\"padding-right: 5px\">\n            \n\n<div class=\"kksr-icon\" style=\"width: 22px; height: 22px;\"><\/div>\n        <\/div>\n            <div class=\"kksr-star\" data-star=\"3\" style=\"padding-right: 5px\">\n            \n\n<div class=\"kksr-icon\" style=\"width: 22px; height: 22px;\"><\/div>\n        <\/div>\n            <div class=\"kksr-star\" data-star=\"4\" style=\"padding-right: 5px\">\n            \n\n<div class=\"kksr-icon\" style=\"width: 22px; height: 22px;\"><\/div>\n        <\/div>\n            <div class=\"kksr-star\" data-star=\"5\" style=\"padding-right: 5px\">\n            \n\n<div class=\"kksr-icon\" style=\"width: 22px; height: 22px;\"><\/div>\n        <\/div>\n    <\/div>\n    \n<div class=\"kksr-stars-active\" style=\"width: 0px;\">\n            <div class=\"kksr-star\" style=\"padding-right: 5px\">\n            \n\n<div class=\"kksr-icon\" style=\"width: 22px; height: 22px;\"><\/div>\n        <\/div>\n            <div class=\"kksr-star\" style=\"padding-right: 5px\">\n            \n\n<div class=\"kksr-icon\" style=\"width: 22px; height: 22px;\"><\/div>\n        <\/div>\n            <div class=\"kksr-star\" style=\"padding-right: 5px\">\n            \n\n<div class=\"kksr-icon\" style=\"width: 22px; height: 22px;\"><\/div>\n        <\/div>\n            <div class=\"kksr-star\" style=\"padding-right: 5px\">\n            \n\n<div class=\"kksr-icon\" style=\"width: 22px; height: 22px;\"><\/div>\n        <\/div>\n            <div class=\"kksr-star\" style=\"padding-right: 5px\">\n            \n\n<div class=\"kksr-icon\" style=\"width: 22px; height: 22px;\"><\/div>\n        <\/div>\n    <\/div>\n<\/div>\n                \n\n<div class=\"kksr-legend\" style=\"font-size: 17.6px;\">\n            <span class=\"kksr-muted\">Valora este post<\/span>\n    <\/div>\n    <\/div>\n","protected":false},"excerpt":{"rendered":"<p>Intensa B\u00fasqueda de una Mujer Tras Ser Arrastrada por el R\u00edo en M\u00e1laga Debido a las Tormentas En M\u00e1laga, las autoridades est\u00e1n llevando a cabo una &#8230; <a title=\"Desaparecida en M\u00e1laga: intensa b\u00fasqueda de mujer arrastrada por r\u00edo tras temporal\" class=\"read-more\" href=\"https:\/\/www.diario21.tv\/noticias\/desaparecida-en-malaga-intensa-busqueda-de-mujer-arrastrada-por-rio-tras-temporal\/\" aria-label=\"Leer m\u00e1s sobre Desaparecida en M\u00e1laga: intensa b\u00fasqueda de mujer arrastrada por r\u00edo tras temporal\">Seguir leyendo &rarr;<\/a><\/p>\n","protected":false},"author":20,"featured_media":6160,"comment_status":"open","ping_status":"open","sticky":false,"template":"","format":"standard","meta":{"footnotes":""},"categories":[13],"tags":[],"class_list":["post-6159","post","type-post","status-publish","format-standard","has-post-thumbnail","hentry","category-portada"],"yoast_head":"<!-- This site is optimized with the Yoast SEO plugin v25.6 - https:\/\/yoast.com\/wordpress\/plugins\/seo\/ -->\n<title>Desaparecida en M\u00e1laga: intensa b\u00fasqueda de mujer arrastrada por r\u00edo tras temporal - Diario 21<\/title>\n<meta name=\"robots\" content=\"index, follow, max-snippet:-1, max-image-preview:large, max-video-preview:-1\" \/>\n<link rel=\"canonical\" href=\"https:\/\/www.diario21.tv\/noticias\/desaparecida-en-malaga-intensa-busqueda-de-mujer-arrastrada-por-rio-tras-temporal\/\" \/>\n<meta property=\"og:locale\" content=\"es_ES\" \/>\n<meta property=\"og:type\" content=\"article\" \/>\n<meta property=\"og:title\" content=\"Desaparecida en M\u00e1laga: intensa b\u00fasqueda de mujer arrastrada por r\u00edo tras temporal - Diario 21\" \/>\n<meta property=\"og:description\" content=\"Intensa B\u00fasqueda de una Mujer Tras Ser Arrastrada por el R\u00edo en M\u00e1laga Debido a las Tormentas En M\u00e1laga, las autoridades est\u00e1n llevando a cabo una ... Seguir leyendo &rarr;\" \/>\n<meta property=\"og:url\" content=\"https:\/\/www.diario21.tv\/noticias\/desaparecida-en-malaga-intensa-busqueda-de-mujer-arrastrada-por-rio-tras-temporal\/\" \/>\n<meta property=\"og:site_name\" content=\"Diario 21\" \/>\n<meta property=\"article:published_time\" content=\"2026-02-08T21:47:18+00:00\" \/>\n<meta property=\"article:modified_time\" content=\"2026-02-08T21:47:20+00:00\" \/>\n<meta property=\"og:image\" content=\"https:\/\/www.diario21.tv\/noticias\/wp-content\/uploads\/2026\/02\/Desaparecida-en-Malaga-intensa-busqueda-de-mujer-arrastrada-por-rio.jpg\" \/>\n\t<meta property=\"og:image:width\" content=\"1200\" \/>\n\t<meta property=\"og:image:height\" content=\"840\" \/>\n\t<meta property=\"og:image:type\" content=\"image\/jpeg\" \/>\n<meta name=\"author\" content=\"Juan P\u00e9rez\" \/>\n<meta name=\"twitter:card\" content=\"summary_large_image\" \/>\n<meta name=\"twitter:label1\" content=\"Escrito por\" \/>\n\t<meta name=\"twitter:data1\" content=\"Juan P\u00e9rez\" \/>\n\t<meta name=\"twitter:label2\" content=\"Tiempo de lectura\" \/>\n\t<meta name=\"twitter:data2\" content=\"2 minutos\" \/>\n<script type=\"application\/ld+json\" class=\"yoast-schema-graph\">{\"@context\":\"https:\/\/schema.org\",\"@graph\":[{\"@type\":\"WebPage\",\"@id\":\"https:\/\/www.diario21.tv\/noticias\/desaparecida-en-malaga-intensa-busqueda-de-mujer-arrastrada-por-rio-tras-temporal\/\",\"url\":\"https:\/\/www.diario21.tv\/noticias\/desaparecida-en-malaga-intensa-busqueda-de-mujer-arrastrada-por-rio-tras-temporal\/\",\"name\":\"Desaparecida en M\u00e1laga: intensa b\u00fasqueda de mujer arrastrada por r\u00edo tras temporal - Diario 21\",\"isPartOf\":{\"@id\":\"https:\/\/www.diario21.tv\/noticias\/#website\"},\"primaryImageOfPage\":{\"@id\":\"https:\/\/www.diario21.tv\/noticias\/desaparecida-en-malaga-intensa-busqueda-de-mujer-arrastrada-por-rio-tras-temporal\/#primaryimage\"},\"image\":{\"@id\":\"https:\/\/www.diario21.tv\/noticias\/desaparecida-en-malaga-intensa-busqueda-de-mujer-arrastrada-por-rio-tras-temporal\/#primaryimage\"},\"thumbnailUrl\":\"https:\/\/www.diario21.tv\/noticias\/wp-content\/uploads\/2026\/02\/Desaparecida-en-Malaga-intensa-busqueda-de-mujer-arrastrada-por-rio.jpg\",\"datePublished\":\"2026-02-08T21:47:18+00:00\",\"dateModified\":\"2026-02-08T21:47:20+00:00\",\"author\":{\"@id\":\"https:\/\/www.diario21.tv\/noticias\/#\/schema\/person\/dfb778f73814d8f09f302618446a526b\"},\"breadcrumb\":{\"@id\":\"https:\/\/www.diario21.tv\/noticias\/desaparecida-en-malaga-intensa-busqueda-de-mujer-arrastrada-por-rio-tras-temporal\/#breadcrumb\"},\"inLanguage\":\"es-AR\",\"potentialAction\":[{\"@type\":\"ReadAction\",\"target\":[\"https:\/\/www.diario21.tv\/noticias\/desaparecida-en-malaga-intensa-busqueda-de-mujer-arrastrada-por-rio-tras-temporal\/\"]}]},{\"@type\":\"ImageObject\",\"inLanguage\":\"es-AR\",\"@id\":\"https:\/\/www.diario21.tv\/noticias\/desaparecida-en-malaga-intensa-busqueda-de-mujer-arrastrada-por-rio-tras-temporal\/#primaryimage\",\"url\":\"https:\/\/www.diario21.tv\/noticias\/wp-content\/uploads\/2026\/02\/Desaparecida-en-Malaga-intensa-busqueda-de-mujer-arrastrada-por-rio.jpg\",\"contentUrl\":\"https:\/\/www.diario21.tv\/noticias\/wp-content\/uploads\/2026\/02\/Desaparecida-en-Malaga-intensa-busqueda-de-mujer-arrastrada-por-rio.jpg\",\"width\":1200,\"height\":840,\"caption\":\"El temporal obliga a retirarse a los medios a\u00e9reos en la b\u00fasqueda de la mujer que cay\u00f3 un r\u00edo en M\u00e1laga\"},{\"@type\":\"BreadcrumbList\",\"@id\":\"https:\/\/www.diario21.tv\/noticias\/desaparecida-en-malaga-intensa-busqueda-de-mujer-arrastrada-por-rio-tras-temporal\/#breadcrumb\",\"itemListElement\":[{\"@type\":\"ListItem\",\"position\":1,\"name\":\"Accueil\",\"item\":\"https:\/\/www.diario21.tv\/noticias\/\"},{\"@type\":\"ListItem\",\"position\":2,\"name\":\"Desaparecida en M\u00e1laga: intensa b\u00fasqueda de mujer arrastrada por r\u00edo tras temporal\"}]},{\"@type\":\"WebSite\",\"@id\":\"https:\/\/www.diario21.tv\/noticias\/#website\",\"url\":\"https:\/\/www.diario21.tv\/noticias\/\",\"name\":\"Diario 21\",\"description\":\"\",\"potentialAction\":[{\"@type\":\"SearchAction\",\"target\":{\"@type\":\"EntryPoint\",\"urlTemplate\":\"https:\/\/www.diario21.tv\/noticias\/?s={search_term_string}\"},\"query-input\":{\"@type\":\"PropertyValueSpecification\",\"valueRequired\":true,\"valueName\":\"search_term_string\"}}],\"inLanguage\":\"es-AR\"},{\"@type\":\"Person\",\"@id\":\"https:\/\/www.diario21.tv\/noticias\/#\/schema\/person\/dfb778f73814d8f09f302618446a526b\",\"name\":\"Juan P\u00e9rez\",\"image\":{\"@type\":\"ImageObject\",\"inLanguage\":\"es-AR\",\"@id\":\"https:\/\/www.diario21.tv\/noticias\/#\/schema\/person\/image\/\",\"url\":\"https:\/\/secure.gravatar.com\/avatar\/c478a405bd10621167f4c3167cc770f5?s=96&d=mm&r=g\",\"contentUrl\":\"https:\/\/secure.gravatar.com\/avatar\/c478a405bd10621167f4c3167cc770f5?s=96&d=mm&r=g\",\"caption\":\"Juan P\u00e9rez\"},\"description\":\"Juan P\u00e9rez es el redactor en jefe de Diario 21. Con m\u00e1s de 10 a\u00f1os de experiencia en el periodismo, se especializa en pol\u00edtica nacional y an\u00e1lisis socioecon\u00f3mico. Su enfoque cr\u00edtico y riguroso aporta una perspectiva \u00fanica a cada art\u00edculo.\",\"sameAs\":[\"https:\/\/www.diario21.tv\/noticias\/\"],\"url\":\"https:\/\/www.diario21.tv\/noticias\/author\/juan-perez\/\"}]}<\/script>\n<!-- \/ Yoast SEO plugin. -->","yoast_head_json":{"title":"Desaparecida en M\u00e1laga: intensa b\u00fasqueda de mujer arrastrada por r\u00edo tras temporal - Diario 21","robots":{"index":"index","follow":"follow","max-snippet":"max-snippet:-1","max-image-preview":"max-image-preview:large","max-video-preview":"max-video-preview:-1"},"canonical":"https:\/\/www.diario21.tv\/noticias\/desaparecida-en-malaga-intensa-busqueda-de-mujer-arrastrada-por-rio-tras-temporal\/","og_locale":"es_ES","og_type":"article","og_title":"Desaparecida en M\u00e1laga: intensa b\u00fasqueda de mujer arrastrada por r\u00edo tras temporal - Diario 21","og_description":"Intensa B\u00fasqueda de una Mujer Tras Ser Arrastrada por el R\u00edo en M\u00e1laga Debido a las Tormentas En M\u00e1laga, las autoridades est\u00e1n llevando a cabo una ... Seguir leyendo &rarr;","og_url":"https:\/\/www.diario21.tv\/noticias\/desaparecida-en-malaga-intensa-busqueda-de-mujer-arrastrada-por-rio-tras-temporal\/","og_site_name":"Diario 21","article_published_time":"2026-02-08T21:47:18+00:00","article_modified_time":"2026-02-08T21:47:20+00:00","og_image":[{"width":1200,"height":840,"url":"https:\/\/www.diario21.tv\/noticias\/wp-content\/uploads\/2026\/02\/Desaparecida-en-Malaga-intensa-busqueda-de-mujer-arrastrada-por-rio.jpg","type":"image\/jpeg"}],"author":"Juan P\u00e9rez","twitter_card":"summary_large_image","twitter_misc":{"Escrito por":"Juan P\u00e9rez","Tiempo de lectura":"2 minutos"},"schema":{"@context":"https:\/\/schema.org","@graph":[{"@type":"WebPage","@id":"https:\/\/www.diario21.tv\/noticias\/desaparecida-en-malaga-intensa-busqueda-de-mujer-arrastrada-por-rio-tras-temporal\/","url":"https:\/\/www.diario21.tv\/noticias\/desaparecida-en-malaga-intensa-busqueda-de-mujer-arrastrada-por-rio-tras-temporal\/","name":"Desaparecida en M\u00e1laga: intensa b\u00fasqueda de mujer arrastrada por r\u00edo tras temporal - Diario 21","isPartOf":{"@id":"https:\/\/www.diario21.tv\/noticias\/#website"},"primaryImageOfPage":{"@id":"https:\/\/www.diario21.tv\/noticias\/desaparecida-en-malaga-intensa-busqueda-de-mujer-arrastrada-por-rio-tras-temporal\/#primaryimage"},"image":{"@id":"https:\/\/www.diario21.tv\/noticias\/desaparecida-en-malaga-intensa-busqueda-de-mujer-arrastrada-por-rio-tras-temporal\/#primaryimage"},"thumbnailUrl":"https:\/\/www.diario21.tv\/noticias\/wp-content\/uploads\/2026\/02\/Desaparecida-en-Malaga-intensa-busqueda-de-mujer-arrastrada-por-rio.jpg","datePublished":"2026-02-08T21:47:18+00:00","dateModified":"2026-02-08T21:47:20+00:00","author":{"@id":"https:\/\/www.diario21.tv\/noticias\/#\/schema\/person\/dfb778f73814d8f09f302618446a526b"},"breadcrumb":{"@id":"https:\/\/www.diario21.tv\/noticias\/desaparecida-en-malaga-intensa-busqueda-de-mujer-arrastrada-por-rio-tras-temporal\/#breadcrumb"},"inLanguage":"es-AR","potentialAction":[{"@type":"ReadAction","target":["https:\/\/www.diario21.tv\/noticias\/desaparecida-en-malaga-intensa-busqueda-de-mujer-arrastrada-por-rio-tras-temporal\/"]}]},{"@type":"ImageObject","inLanguage":"es-AR","@id":"https:\/\/www.diario21.tv\/noticias\/desaparecida-en-malaga-intensa-busqueda-de-mujer-arrastrada-por-rio-tras-temporal\/#primaryimage","url":"https:\/\/www.diario21.tv\/noticias\/wp-content\/uploads\/2026\/02\/Desaparecida-en-Malaga-intensa-busqueda-de-mujer-arrastrada-por-rio.jpg","contentUrl":"https:\/\/www.diario21.tv\/noticias\/wp-content\/uploads\/2026\/02\/Desaparecida-en-Malaga-intensa-busqueda-de-mujer-arrastrada-por-rio.jpg","width":1200,"height":840,"caption":"El temporal obliga a retirarse a los medios a\u00e9reos en la b\u00fasqueda de la mujer que cay\u00f3 un r\u00edo en M\u00e1laga"},{"@type":"BreadcrumbList","@id":"https:\/\/www.diario21.tv\/noticias\/desaparecida-en-malaga-intensa-busqueda-de-mujer-arrastrada-por-rio-tras-temporal\/#breadcrumb","itemListElement":[{"@type":"ListItem","position":1,"name":"Accueil","item":"https:\/\/www.diario21.tv\/noticias\/"},{"@type":"ListItem","position":2,"name":"Desaparecida en M\u00e1laga: intensa b\u00fasqueda de mujer arrastrada por r\u00edo tras temporal"}]},{"@type":"WebSite","@id":"https:\/\/www.diario21.tv\/noticias\/#website","url":"https:\/\/www.diario21.tv\/noticias\/","name":"Diario 21","description":"","potentialAction":[{"@type":"SearchAction","target":{"@type":"EntryPoint","urlTemplate":"https:\/\/www.diario21.tv\/noticias\/?s={search_term_string}"},"query-input":{"@type":"PropertyValueSpecification","valueRequired":true,"valueName":"search_term_string"}}],"inLanguage":"es-AR"},{"@type":"Person","@id":"https:\/\/www.diario21.tv\/noticias\/#\/schema\/person\/dfb778f73814d8f09f302618446a526b","name":"Juan P\u00e9rez","image":{"@type":"ImageObject","inLanguage":"es-AR","@id":"https:\/\/www.diario21.tv\/noticias\/#\/schema\/person\/image\/","url":"https:\/\/secure.gravatar.com\/avatar\/c478a405bd10621167f4c3167cc770f5?s=96&d=mm&r=g","contentUrl":"https:\/\/secure.gravatar.com\/avatar\/c478a405bd10621167f4c3167cc770f5?s=96&d=mm&r=g","caption":"Juan P\u00e9rez"},"description":"Juan P\u00e9rez es el redactor en jefe de Diario 21. Con m\u00e1s de 10 a\u00f1os de experiencia en el periodismo, se especializa en pol\u00edtica nacional y an\u00e1lisis socioecon\u00f3mico. Su enfoque cr\u00edtico y riguroso aporta una perspectiva \u00fanica a cada art\u00edculo.","sameAs":["https:\/\/www.diario21.tv\/noticias\/"],"url":"https:\/\/www.diario21.tv\/noticias\/author\/juan-perez\/"}]}},"_links":{"self":[{"href":"https:\/\/www.diario21.tv\/noticias\/wp-json\/wp\/v2\/posts\/6159"}],"collection":[{"href":"https:\/\/www.diario21.tv\/noticias\/wp-json\/wp\/v2\/posts"}],"about":[{"href":"https:\/\/www.diario21.tv\/noticias\/wp-json\/wp\/v2\/types\/post"}],"author":[{"embeddable":true,"href":"https:\/\/www.diario21.tv\/noticias\/wp-json\/wp\/v2\/users\/20"}],"replies":[{"embeddable":true,"href":"https:\/\/www.diario21.tv\/noticias\/wp-json\/wp\/v2\/comments?post=6159"}],"version-history":[{"count":1,"href":"https:\/\/www.diario21.tv\/noticias\/wp-json\/wp\/v2\/posts\/6159\/revisions"}],"predecessor-version":[{"id":6161,"href":"https:\/\/www.diario21.tv\/noticias\/wp-json\/wp\/v2\/posts\/6159\/revisions\/6161"}],"wp:featuredmedia":[{"embeddable":true,"href":"https:\/\/www.diario21.tv\/noticias\/wp-json\/wp\/v2\/media\/6160"}],"wp:attachment":[{"href":"https:\/\/www.diario21.tv\/noticias\/wp-json\/wp\/v2\/media?parent=6159"}],"wp:term":[{"taxonomy":"category","embeddable":true,"href":"https:\/\/www.diario21.tv\/noticias\/wp-json\/wp\/v2\/categories?post=6159"},{"taxonomy":"post_tag","embeddable":true,"href":"https:\/\/www.diario21.tv\/noticias\/wp-json\/wp\/v2\/tags?post=6159"}],"curies":[{"name":"wp","href":"https:\/\/api.w.org\/{rel}","templated":true}]}}