{"id":6156,"date":"2026-02-08T15:46:15","date_gmt":"2026-02-08T15:46:15","guid":{"rendered":"https:\/\/www.diario21.tv\/noticias\/impacto-en-caparica-derrumbe-de-acantilado-amenaza-casas-y-guarderia\/"},"modified":"2026-02-08T15:46:16","modified_gmt":"2026-02-08T15:46:16","slug":"impacto-en-caparica-derrumbe-de-acantilado-amenaza-casas-y-guarderia","status":"publish","type":"post","link":"https:\/\/www.diario21.tv\/noticias\/impacto-en-caparica-derrumbe-de-acantilado-amenaza-casas-y-guarderia\/","title":{"rendered":"Impacto en Caparica: Derrumbe de acantilado amenaza casas y guarder\u00eda"},"content":{"rendered":"<h2>Im\u00e1genes Sobrecogedoras desde Caparica: Colapso de Acantilado Pone en Riesgo a Viviendas y un Centro Infantil<\/h2>\n<p>En un reciente y alarmante evento en Caparica, una zona costera conocida por su belleza natural y su vibrante comunidad local, las autoridades y los habitantes se enfrentan a una nueva preocupaci\u00f3n significativa. Un acantilado en la regi\u00f3n ha sufrido un derrumbe considerable, lo que ha generado temor entre los residentes y ha puesto en peligro estructuras fundamentales, incluyendo varias viviendas y una guarder\u00eda.<\/p>\n<h3>Detalles del Incidente<\/h3>\n<p>El suceso ocurri\u00f3 a primeras horas de la tarde, cuando un segmento importante del acantilado cedi\u00f3, desprendi\u00e9ndose hacia la playa que se encuentra justo debajo. Este fen\u00f3meno no solo provoc\u00f3 una nube masiva de polvo y escombros, sino que tambi\u00e9n incit\u00f3 la preocupaci\u00f3n inmediata por la seguridad de las estructuras cercanas y sus ocupantes.<\/p>\n<p>Testigos del evento describieron el sonido del derrumbe como algo estruendoso y aterrador, y las im\u00e1genes captadas muestran la magnitud del desprendimiento. La masa de tierra y rocas se acumul\u00f3 en la base del acantilado, alterando notablemente el paisaje costero.<\/p>\n<h3>Reacci\u00f3n y Medidas de Seguridad<\/h3>\n<p>Inmediatamente despu\u00e9s del derrumbe, las autoridades locales activaron protocolos de emergencia, evacuando \u00e1reas afectadas para garantizar la seguridad p\u00fablica. Equipos de emergencia, incluyendo bomberos y polic\u00eda, fueron desplegados r\u00e1pidamente al lugar para evaluar la situaci\u00f3n y ayudar en las labores de seguridad y limpieza.<\/p>\n<p>Una de las principales preocupaciones es la proximidad del deslizamiento a una guarder\u00eda y varias viviendas. Los inspectores de edificios est\u00e1n trabajando meticulosamente para evaluar los da\u00f1os estructurales y determinar el nivel de riesgo actual para estos edificios. La guarder\u00eda, que estaba en sesi\u00f3n en el momento del incidente, fue evacuada sin incidentes, y todos los ni\u00f1os est\u00e1n a salvo.<\/p>\n<h3>Investigaci\u00f3n y Prevenci\u00f3n<\/h3>\n<p>Las autoridades han iniciado una investigaci\u00f3n exhaustiva para determinar las causas exactas del derrumbe. Expertos en geolog\u00eda y desastres naturales han sido consultados para analizar el terreno y proporcionar informaci\u00f3n crucial sobre la estabilidad de otros segmentos del acantilado.<\/p>\n<p>Adem\u00e1s, se est\u00e1n revisando y reforzando las medidas de prevenci\u00f3n para evitar incidentes futuros. Esto incluye la posible instalaci\u00f3n de barreras de seguridad m\u00e1s robustas y la realizaci\u00f3n de estudios geol\u00f3gicos peri\u00f3dicos para monitorear la integridad de los acantilados en la regi\u00f3n.<\/p>\n<h3>Impacto en la Comunidad y Medidas a Largo Plazo<\/h3>\n<p>La comunidad de Caparica, mientras se recupera del susto inicial, ha comenzado a organizar reuniones comunitarias para discutir las respuestas y estrategias a largo plazo para lidiar con la amenaza de futuros deslizamientos. La seguridad de sus habitantes y la protecci\u00f3n del entorno natural son prioridades claras para todos los involucrados.<\/p>\n<p>El incidente ha recordado a muchos la importancia de la vigilancia constante y la preparaci\u00f3n para desastres naturales, especialmente en \u00e1reas propensas a tales eventos. Con el apoyo continuo de las autoridades y la colaboraci\u00f3n comunitaria, Caparica se esfuerza por superar este desaf\u00edo y asegurar un futuro m\u00e1s seguro para todos sus residentes.<\/p>\n\n\n<div class=\"kk-star-ratings kksr-auto kksr-align-left kksr-valign-bottom\"\n    data-payload='{&quot;align&quot;:&quot;left&quot;,&quot;id&quot;:&quot;6156&quot;,&quot;slug&quot;:&quot;default&quot;,&quot;valign&quot;:&quot;bottom&quot;,&quot;ignore&quot;:&quot;&quot;,&quot;reference&quot;:&quot;auto&quot;,&quot;class&quot;:&quot;&quot;,&quot;count&quot;:&quot;0&quot;,&quot;legendonly&quot;:&quot;&quot;,&quot;readonly&quot;:&quot;&quot;,&quot;score&quot;:&quot;0&quot;,&quot;starsonly&quot;:&quot;&quot;,&quot;best&quot;:&quot;5&quot;,&quot;gap&quot;:&quot;5&quot;,&quot;greet&quot;:&quot;Valora este post&quot;,&quot;legend&quot;:&quot;0\\\/5 - (0 votes)&quot;,&quot;size&quot;:&quot;22&quot;,&quot;title&quot;:&quot;Impacto en Caparica: Derrumbe de acantilado amenaza casas y guarder\u00eda&quot;,&quot;width&quot;:&quot;0&quot;,&quot;_legend&quot;:&quot;{score}\\\/{best} - ({count} {votes})&quot;,&quot;font_factor&quot;:&quot;1.25&quot;}'>\n            \n<div class=\"kksr-stars\">\n    \n<div class=\"kksr-stars-inactive\">\n            <div class=\"kksr-star\" data-star=\"1\" style=\"padding-right: 5px\">\n            \n\n<div class=\"kksr-icon\" style=\"width: 22px; height: 22px;\"><\/div>\n        <\/div>\n            <div class=\"kksr-star\" data-star=\"2\" style=\"padding-right: 5px\">\n            \n\n<div class=\"kksr-icon\" style=\"width: 22px; height: 22px;\"><\/div>\n        <\/div>\n            <div class=\"kksr-star\" data-star=\"3\" style=\"padding-right: 5px\">\n            \n\n<div class=\"kksr-icon\" style=\"width: 22px; height: 22px;\"><\/div>\n        <\/div>\n            <div class=\"kksr-star\" data-star=\"4\" style=\"padding-right: 5px\">\n            \n\n<div class=\"kksr-icon\" style=\"width: 22px; height: 22px;\"><\/div>\n        <\/div>\n            <div class=\"kksr-star\" data-star=\"5\" style=\"padding-right: 5px\">\n            \n\n<div class=\"kksr-icon\" style=\"width: 22px; height: 22px;\"><\/div>\n        <\/div>\n    <\/div>\n    \n<div class=\"kksr-stars-active\" style=\"width: 0px;\">\n            <div class=\"kksr-star\" style=\"padding-right: 5px\">\n            \n\n<div class=\"kksr-icon\" style=\"width: 22px; height: 22px;\"><\/div>\n        <\/div>\n            <div class=\"kksr-star\" style=\"padding-right: 5px\">\n            \n\n<div class=\"kksr-icon\" style=\"width: 22px; height: 22px;\"><\/div>\n        <\/div>\n            <div class=\"kksr-star\" style=\"padding-right: 5px\">\n            \n\n<div class=\"kksr-icon\" style=\"width: 22px; height: 22px;\"><\/div>\n        <\/div>\n            <div class=\"kksr-star\" style=\"padding-right: 5px\">\n            \n\n<div class=\"kksr-icon\" style=\"width: 22px; height: 22px;\"><\/div>\n        <\/div>\n            <div class=\"kksr-star\" style=\"padding-right: 5px\">\n            \n\n<div class=\"kksr-icon\" style=\"width: 22px; height: 22px;\"><\/div>\n        <\/div>\n    <\/div>\n<\/div>\n                \n\n<div class=\"kksr-legend\" style=\"font-size: 17.6px;\">\n            <span class=\"kksr-muted\">Valora este post<\/span>\n    <\/div>\n    <\/div>\n","protected":false},"excerpt":{"rendered":"<p>Im\u00e1genes Sobrecogedoras desde Caparica: Colapso de Acantilado Pone en Riesgo a Viviendas y un Centro Infantil En un reciente y alarmante evento en Caparica, una zona &#8230; <a title=\"Impacto en Caparica: Derrumbe de acantilado amenaza casas y guarder\u00eda\" class=\"read-more\" href=\"https:\/\/www.diario21.tv\/noticias\/impacto-en-caparica-derrumbe-de-acantilado-amenaza-casas-y-guarderia\/\" aria-label=\"Leer m\u00e1s sobre Impacto en Caparica: Derrumbe de acantilado amenaza casas y guarder\u00eda\">Seguir leyendo &rarr;<\/a><\/p>\n","protected":false},"author":20,"featured_media":6157,"comment_status":"open","ping_status":"open","sticky":false,"template":"","format":"standard","meta":{"footnotes":""},"categories":[13],"tags":[],"class_list":["post-6156","post","type-post","status-publish","format-standard","has-post-thumbnail","hentry","category-portada"],"yoast_head":"<!-- This site is optimized with the Yoast SEO plugin v25.6 - https:\/\/yoast.com\/wordpress\/plugins\/seo\/ -->\n<title>Impacto en Caparica: Derrumbe de acantilado amenaza casas y guarder\u00eda - Diario 21<\/title>\n<meta name=\"robots\" content=\"index, follow, max-snippet:-1, max-image-preview:large, max-video-preview:-1\" \/>\n<link rel=\"canonical\" href=\"https:\/\/www.diario21.tv\/noticias\/impacto-en-caparica-derrumbe-de-acantilado-amenaza-casas-y-guarderia\/\" \/>\n<meta property=\"og:locale\" content=\"es_ES\" \/>\n<meta property=\"og:type\" content=\"article\" \/>\n<meta property=\"og:title\" content=\"Impacto en Caparica: Derrumbe de acantilado amenaza casas y guarder\u00eda - Diario 21\" \/>\n<meta property=\"og:description\" content=\"Im\u00e1genes Sobrecogedoras desde Caparica: Colapso de Acantilado Pone en Riesgo a Viviendas y un Centro Infantil En un reciente y alarmante evento en Caparica, una zona ... Seguir leyendo &rarr;\" \/>\n<meta property=\"og:url\" content=\"https:\/\/www.diario21.tv\/noticias\/impacto-en-caparica-derrumbe-de-acantilado-amenaza-casas-y-guarderia\/\" \/>\n<meta property=\"og:site_name\" content=\"Diario 21\" \/>\n<meta property=\"article:published_time\" content=\"2026-02-08T15:46:15+00:00\" \/>\n<meta property=\"article:modified_time\" content=\"2026-02-08T15:46:16+00:00\" \/>\n<meta property=\"og:image\" content=\"https:\/\/www.diario21.tv\/noticias\/wp-content\/uploads\/2026\/02\/Impacto-en-Caparica-Derrumbe-de-acantilado-amenaza-casas-y-guarderia.jpg\" \/>\n\t<meta property=\"og:image:width\" content=\"1200\" \/>\n\t<meta property=\"og:image:height\" content=\"840\" \/>\n\t<meta property=\"og:image:type\" content=\"image\/jpeg\" \/>\n<meta name=\"author\" content=\"Juan P\u00e9rez\" \/>\n<meta name=\"twitter:card\" content=\"summary_large_image\" \/>\n<meta name=\"twitter:label1\" content=\"Escrito por\" \/>\n\t<meta name=\"twitter:data1\" content=\"Juan P\u00e9rez\" \/>\n\t<meta name=\"twitter:label2\" content=\"Tiempo de lectura\" \/>\n\t<meta name=\"twitter:data2\" content=\"3 minutos\" \/>\n<script type=\"application\/ld+json\" class=\"yoast-schema-graph\">{\"@context\":\"https:\/\/schema.org\",\"@graph\":[{\"@type\":\"WebPage\",\"@id\":\"https:\/\/www.diario21.tv\/noticias\/impacto-en-caparica-derrumbe-de-acantilado-amenaza-casas-y-guarderia\/\",\"url\":\"https:\/\/www.diario21.tv\/noticias\/impacto-en-caparica-derrumbe-de-acantilado-amenaza-casas-y-guarderia\/\",\"name\":\"Impacto en Caparica: Derrumbe de acantilado amenaza casas y guarder\u00eda - Diario 21\",\"isPartOf\":{\"@id\":\"https:\/\/www.diario21.tv\/noticias\/#website\"},\"primaryImageOfPage\":{\"@id\":\"https:\/\/www.diario21.tv\/noticias\/impacto-en-caparica-derrumbe-de-acantilado-amenaza-casas-y-guarderia\/#primaryimage\"},\"image\":{\"@id\":\"https:\/\/www.diario21.tv\/noticias\/impacto-en-caparica-derrumbe-de-acantilado-amenaza-casas-y-guarderia\/#primaryimage\"},\"thumbnailUrl\":\"https:\/\/www.diario21.tv\/noticias\/wp-content\/uploads\/2026\/02\/Impacto-en-Caparica-Derrumbe-de-acantilado-amenaza-casas-y-guarderia.jpg\",\"datePublished\":\"2026-02-08T15:46:15+00:00\",\"dateModified\":\"2026-02-08T15:46:16+00:00\",\"author\":{\"@id\":\"https:\/\/www.diario21.tv\/noticias\/#\/schema\/person\/dfb778f73814d8f09f302618446a526b\"},\"breadcrumb\":{\"@id\":\"https:\/\/www.diario21.tv\/noticias\/impacto-en-caparica-derrumbe-de-acantilado-amenaza-casas-y-guarderia\/#breadcrumb\"},\"inLanguage\":\"es-AR\",\"potentialAction\":[{\"@type\":\"ReadAction\",\"target\":[\"https:\/\/www.diario21.tv\/noticias\/impacto-en-caparica-derrumbe-de-acantilado-amenaza-casas-y-guarderia\/\"]}]},{\"@type\":\"ImageObject\",\"inLanguage\":\"es-AR\",\"@id\":\"https:\/\/www.diario21.tv\/noticias\/impacto-en-caparica-derrumbe-de-acantilado-amenaza-casas-y-guarderia\/#primaryimage\",\"url\":\"https:\/\/www.diario21.tv\/noticias\/wp-content\/uploads\/2026\/02\/Impacto-en-Caparica-Derrumbe-de-acantilado-amenaza-casas-y-guarderia.jpg\",\"contentUrl\":\"https:\/\/www.diario21.tv\/noticias\/wp-content\/uploads\/2026\/02\/Impacto-en-Caparica-Derrumbe-de-acantilado-amenaza-casas-y-guarderia.jpg\",\"width\":1200,\"height\":840,\"caption\":\"Impactantes im\u00e1genes de Caparica: el derrumbe de un acantilado amenaza viviendas y una guarder\u00eda\"},{\"@type\":\"BreadcrumbList\",\"@id\":\"https:\/\/www.diario21.tv\/noticias\/impacto-en-caparica-derrumbe-de-acantilado-amenaza-casas-y-guarderia\/#breadcrumb\",\"itemListElement\":[{\"@type\":\"ListItem\",\"position\":1,\"name\":\"Accueil\",\"item\":\"https:\/\/www.diario21.tv\/noticias\/\"},{\"@type\":\"ListItem\",\"position\":2,\"name\":\"Impacto en Caparica: Derrumbe de acantilado amenaza casas y guarder\u00eda\"}]},{\"@type\":\"WebSite\",\"@id\":\"https:\/\/www.diario21.tv\/noticias\/#website\",\"url\":\"https:\/\/www.diario21.tv\/noticias\/\",\"name\":\"Diario 21\",\"description\":\"\",\"potentialAction\":[{\"@type\":\"SearchAction\",\"target\":{\"@type\":\"EntryPoint\",\"urlTemplate\":\"https:\/\/www.diario21.tv\/noticias\/?s={search_term_string}\"},\"query-input\":{\"@type\":\"PropertyValueSpecification\",\"valueRequired\":true,\"valueName\":\"search_term_string\"}}],\"inLanguage\":\"es-AR\"},{\"@type\":\"Person\",\"@id\":\"https:\/\/www.diario21.tv\/noticias\/#\/schema\/person\/dfb778f73814d8f09f302618446a526b\",\"name\":\"Juan P\u00e9rez\",\"image\":{\"@type\":\"ImageObject\",\"inLanguage\":\"es-AR\",\"@id\":\"https:\/\/www.diario21.tv\/noticias\/#\/schema\/person\/image\/\",\"url\":\"https:\/\/secure.gravatar.com\/avatar\/c478a405bd10621167f4c3167cc770f5?s=96&d=mm&r=g\",\"contentUrl\":\"https:\/\/secure.gravatar.com\/avatar\/c478a405bd10621167f4c3167cc770f5?s=96&d=mm&r=g\",\"caption\":\"Juan P\u00e9rez\"},\"description\":\"Juan P\u00e9rez es el redactor en jefe de Diario 21. Con m\u00e1s de 10 a\u00f1os de experiencia en el periodismo, se especializa en pol\u00edtica nacional y an\u00e1lisis socioecon\u00f3mico. Su enfoque cr\u00edtico y riguroso aporta una perspectiva \u00fanica a cada art\u00edculo.\",\"sameAs\":[\"https:\/\/www.diario21.tv\/noticias\/\"],\"url\":\"https:\/\/www.diario21.tv\/noticias\/author\/juan-perez\/\"}]}<\/script>\n<!-- \/ Yoast SEO plugin. -->","yoast_head_json":{"title":"Impacto en Caparica: Derrumbe de acantilado amenaza casas y guarder\u00eda - Diario 21","robots":{"index":"index","follow":"follow","max-snippet":"max-snippet:-1","max-image-preview":"max-image-preview:large","max-video-preview":"max-video-preview:-1"},"canonical":"https:\/\/www.diario21.tv\/noticias\/impacto-en-caparica-derrumbe-de-acantilado-amenaza-casas-y-guarderia\/","og_locale":"es_ES","og_type":"article","og_title":"Impacto en Caparica: Derrumbe de acantilado amenaza casas y guarder\u00eda - Diario 21","og_description":"Im\u00e1genes Sobrecogedoras desde Caparica: Colapso de Acantilado Pone en Riesgo a Viviendas y un Centro Infantil En un reciente y alarmante evento en Caparica, una zona ... Seguir leyendo &rarr;","og_url":"https:\/\/www.diario21.tv\/noticias\/impacto-en-caparica-derrumbe-de-acantilado-amenaza-casas-y-guarderia\/","og_site_name":"Diario 21","article_published_time":"2026-02-08T15:46:15+00:00","article_modified_time":"2026-02-08T15:46:16+00:00","og_image":[{"width":1200,"height":840,"url":"https:\/\/www.diario21.tv\/noticias\/wp-content\/uploads\/2026\/02\/Impacto-en-Caparica-Derrumbe-de-acantilado-amenaza-casas-y-guarderia.jpg","type":"image\/jpeg"}],"author":"Juan P\u00e9rez","twitter_card":"summary_large_image","twitter_misc":{"Escrito por":"Juan P\u00e9rez","Tiempo de lectura":"3 minutos"},"schema":{"@context":"https:\/\/schema.org","@graph":[{"@type":"WebPage","@id":"https:\/\/www.diario21.tv\/noticias\/impacto-en-caparica-derrumbe-de-acantilado-amenaza-casas-y-guarderia\/","url":"https:\/\/www.diario21.tv\/noticias\/impacto-en-caparica-derrumbe-de-acantilado-amenaza-casas-y-guarderia\/","name":"Impacto en Caparica: Derrumbe de acantilado amenaza casas y guarder\u00eda - Diario 21","isPartOf":{"@id":"https:\/\/www.diario21.tv\/noticias\/#website"},"primaryImageOfPage":{"@id":"https:\/\/www.diario21.tv\/noticias\/impacto-en-caparica-derrumbe-de-acantilado-amenaza-casas-y-guarderia\/#primaryimage"},"image":{"@id":"https:\/\/www.diario21.tv\/noticias\/impacto-en-caparica-derrumbe-de-acantilado-amenaza-casas-y-guarderia\/#primaryimage"},"thumbnailUrl":"https:\/\/www.diario21.tv\/noticias\/wp-content\/uploads\/2026\/02\/Impacto-en-Caparica-Derrumbe-de-acantilado-amenaza-casas-y-guarderia.jpg","datePublished":"2026-02-08T15:46:15+00:00","dateModified":"2026-02-08T15:46:16+00:00","author":{"@id":"https:\/\/www.diario21.tv\/noticias\/#\/schema\/person\/dfb778f73814d8f09f302618446a526b"},"breadcrumb":{"@id":"https:\/\/www.diario21.tv\/noticias\/impacto-en-caparica-derrumbe-de-acantilado-amenaza-casas-y-guarderia\/#breadcrumb"},"inLanguage":"es-AR","potentialAction":[{"@type":"ReadAction","target":["https:\/\/www.diario21.tv\/noticias\/impacto-en-caparica-derrumbe-de-acantilado-amenaza-casas-y-guarderia\/"]}]},{"@type":"ImageObject","inLanguage":"es-AR","@id":"https:\/\/www.diario21.tv\/noticias\/impacto-en-caparica-derrumbe-de-acantilado-amenaza-casas-y-guarderia\/#primaryimage","url":"https:\/\/www.diario21.tv\/noticias\/wp-content\/uploads\/2026\/02\/Impacto-en-Caparica-Derrumbe-de-acantilado-amenaza-casas-y-guarderia.jpg","contentUrl":"https:\/\/www.diario21.tv\/noticias\/wp-content\/uploads\/2026\/02\/Impacto-en-Caparica-Derrumbe-de-acantilado-amenaza-casas-y-guarderia.jpg","width":1200,"height":840,"caption":"Impactantes im\u00e1genes de Caparica: el derrumbe de un acantilado amenaza viviendas y una guarder\u00eda"},{"@type":"BreadcrumbList","@id":"https:\/\/www.diario21.tv\/noticias\/impacto-en-caparica-derrumbe-de-acantilado-amenaza-casas-y-guarderia\/#breadcrumb","itemListElement":[{"@type":"ListItem","position":1,"name":"Accueil","item":"https:\/\/www.diario21.tv\/noticias\/"},{"@type":"ListItem","position":2,"name":"Impacto en Caparica: Derrumbe de acantilado amenaza casas y guarder\u00eda"}]},{"@type":"WebSite","@id":"https:\/\/www.diario21.tv\/noticias\/#website","url":"https:\/\/www.diario21.tv\/noticias\/","name":"Diario 21","description":"","potentialAction":[{"@type":"SearchAction","target":{"@type":"EntryPoint","urlTemplate":"https:\/\/www.diario21.tv\/noticias\/?s={search_term_string}"},"query-input":{"@type":"PropertyValueSpecification","valueRequired":true,"valueName":"search_term_string"}}],"inLanguage":"es-AR"},{"@type":"Person","@id":"https:\/\/www.diario21.tv\/noticias\/#\/schema\/person\/dfb778f73814d8f09f302618446a526b","name":"Juan P\u00e9rez","image":{"@type":"ImageObject","inLanguage":"es-AR","@id":"https:\/\/www.diario21.tv\/noticias\/#\/schema\/person\/image\/","url":"https:\/\/secure.gravatar.com\/avatar\/c478a405bd10621167f4c3167cc770f5?s=96&d=mm&r=g","contentUrl":"https:\/\/secure.gravatar.com\/avatar\/c478a405bd10621167f4c3167cc770f5?s=96&d=mm&r=g","caption":"Juan P\u00e9rez"},"description":"Juan P\u00e9rez es el redactor en jefe de Diario 21. Con m\u00e1s de 10 a\u00f1os de experiencia en el periodismo, se especializa en pol\u00edtica nacional y an\u00e1lisis socioecon\u00f3mico. Su enfoque cr\u00edtico y riguroso aporta una perspectiva \u00fanica a cada art\u00edculo.","sameAs":["https:\/\/www.diario21.tv\/noticias\/"],"url":"https:\/\/www.diario21.tv\/noticias\/author\/juan-perez\/"}]}},"_links":{"self":[{"href":"https:\/\/www.diario21.tv\/noticias\/wp-json\/wp\/v2\/posts\/6156"}],"collection":[{"href":"https:\/\/www.diario21.tv\/noticias\/wp-json\/wp\/v2\/posts"}],"about":[{"href":"https:\/\/www.diario21.tv\/noticias\/wp-json\/wp\/v2\/types\/post"}],"author":[{"embeddable":true,"href":"https:\/\/www.diario21.tv\/noticias\/wp-json\/wp\/v2\/users\/20"}],"replies":[{"embeddable":true,"href":"https:\/\/www.diario21.tv\/noticias\/wp-json\/wp\/v2\/comments?post=6156"}],"version-history":[{"count":1,"href":"https:\/\/www.diario21.tv\/noticias\/wp-json\/wp\/v2\/posts\/6156\/revisions"}],"predecessor-version":[{"id":6158,"href":"https:\/\/www.diario21.tv\/noticias\/wp-json\/wp\/v2\/posts\/6156\/revisions\/6158"}],"wp:featuredmedia":[{"embeddable":true,"href":"https:\/\/www.diario21.tv\/noticias\/wp-json\/wp\/v2\/media\/6157"}],"wp:attachment":[{"href":"https:\/\/www.diario21.tv\/noticias\/wp-json\/wp\/v2\/media?parent=6156"}],"wp:term":[{"taxonomy":"category","embeddable":true,"href":"https:\/\/www.diario21.tv\/noticias\/wp-json\/wp\/v2\/categories?post=6156"},{"taxonomy":"post_tag","embeddable":true,"href":"https:\/\/www.diario21.tv\/noticias\/wp-json\/wp\/v2\/tags?post=6156"}],"curies":[{"name":"wp","href":"https:\/\/api.w.org\/{rel}","templated":true}]}}