{"id":6147,"date":"2026-02-07T21:36:16","date_gmt":"2026-02-07T21:36:16","guid":{"rendered":"https:\/\/www.diario21.tv\/noticias\/atencion-aplazan-desahucio-del-convento-de-belorado-no-todo-es-bueno-para-las-monjas-cismaticas\/"},"modified":"2026-02-07T21:36:19","modified_gmt":"2026-02-07T21:36:19","slug":"atencion-aplazan-desahucio-del-convento-de-belorado-no-todo-es-bueno-para-las-monjas-cismaticas","status":"publish","type":"post","link":"https:\/\/www.diario21.tv\/noticias\/atencion-aplazan-desahucio-del-convento-de-belorado-no-todo-es-bueno-para-las-monjas-cismaticas\/","title":{"rendered":"\u00a1Atenci\u00f3n! Aplazan desahucio del convento de Belorado, no todo es bueno para las monjas cism\u00e1ticas"},"content":{"rendered":"<h2>El Desalojo del Convento en Belorado se Retrasa Un Mes<\/h2>\n<p>El proceso de desalojo que enfrentan las monjas del convento en Belorado ha sido postergado por un mes. Sin embargo, este aplazamiento no representa necesariamente una buena noticia para las religiosas involucradas en el cisma.<\/p>\n<h3>Un Respiro Temporal para el Convento<\/h3>\n<p>Las autoridades han decidido dar un respiro de 30 d\u00edas a las monjas antes de proceder con el desalojo del convento que ha sido su hogar por varios a\u00f1os. Este tiempo adicional se les ha concedido para que puedan organizar sus asuntos y prepararse para la transici\u00f3n, aunque la situaci\u00f3n subyacente sigue siendo compleja y desafiante.<\/p>\n<h3>La Situaci\u00f3n de las Monjas Cism\u00e1ticas<\/h3>\n<p>El conflicto que ha llevado a esta situaci\u00f3n involucra a un grupo de monjas que han sido etiquetadas como cism\u00e1ticas debido a diferencias doctrinales y administrativas con la autoridad eclesi\u00e1stica principal. Este desacuerdo ha culminado en una decisi\u00f3n judicial que ahora pone en riesgo su estancia en el convento.<\/p>\n<p>A pesar del aplazamiento del desalojo, las monjas no ven este tiempo adicional como una victoria. La incertidumbre y la falta de un lugar seguro donde continuar practicando su fe y vida comunitaria son fuentes de gran preocupaci\u00f3n y angustia para ellas.<\/p>\n<h3>Implicaciones Futuras<\/h3>\n<p>Mientras tanto, la comunidad local y algunos defensores de los derechos religiosos han expresado su apoyo a las monjas, esperando que se encuentre una soluci\u00f3n que permita a las religiosas permanecer en su lugar actual o encontrar una nueva residencia donde puedan seguir sus pr\u00e1cticas sin interferencias.<\/p>\n<p>El futuro del convento y de sus ocupantes sigue siendo incierto. Las pr\u00f3ximas semanas ser\u00e1n cruciales para determinar c\u00f3mo se resolver\u00e1 este delicado asunto. Las monjas, por su parte, contin\u00faan apelando a la clemencia y al apoyo de la comunidad para encontrar una resoluci\u00f3n pac\u00edfica y justa a su dilema.<\/p>\n\n\n<div class=\"kk-star-ratings kksr-auto kksr-align-left kksr-valign-bottom\"\n    data-payload='{&quot;align&quot;:&quot;left&quot;,&quot;id&quot;:&quot;6147&quot;,&quot;slug&quot;:&quot;default&quot;,&quot;valign&quot;:&quot;bottom&quot;,&quot;ignore&quot;:&quot;&quot;,&quot;reference&quot;:&quot;auto&quot;,&quot;class&quot;:&quot;&quot;,&quot;count&quot;:&quot;0&quot;,&quot;legendonly&quot;:&quot;&quot;,&quot;readonly&quot;:&quot;&quot;,&quot;score&quot;:&quot;0&quot;,&quot;starsonly&quot;:&quot;&quot;,&quot;best&quot;:&quot;5&quot;,&quot;gap&quot;:&quot;5&quot;,&quot;greet&quot;:&quot;Valora este post&quot;,&quot;legend&quot;:&quot;0\\\/5 - (0 votes)&quot;,&quot;size&quot;:&quot;22&quot;,&quot;title&quot;:&quot;\u00a1Atenci\u00f3n! Aplazan desahucio del convento de Belorado, no todo es bueno para las monjas cism\u00e1ticas&quot;,&quot;width&quot;:&quot;0&quot;,&quot;_legend&quot;:&quot;{score}\\\/{best} - ({count} {votes})&quot;,&quot;font_factor&quot;:&quot;1.25&quot;}'>\n            \n<div class=\"kksr-stars\">\n    \n<div class=\"kksr-stars-inactive\">\n            <div class=\"kksr-star\" data-star=\"1\" style=\"padding-right: 5px\">\n            \n\n<div class=\"kksr-icon\" style=\"width: 22px; height: 22px;\"><\/div>\n        <\/div>\n            <div class=\"kksr-star\" data-star=\"2\" style=\"padding-right: 5px\">\n            \n\n<div class=\"kksr-icon\" style=\"width: 22px; height: 22px;\"><\/div>\n        <\/div>\n            <div class=\"kksr-star\" data-star=\"3\" style=\"padding-right: 5px\">\n            \n\n<div class=\"kksr-icon\" style=\"width: 22px; height: 22px;\"><\/div>\n        <\/div>\n            <div class=\"kksr-star\" data-star=\"4\" style=\"padding-right: 5px\">\n            \n\n<div class=\"kksr-icon\" style=\"width: 22px; height: 22px;\"><\/div>\n        <\/div>\n            <div class=\"kksr-star\" data-star=\"5\" style=\"padding-right: 5px\">\n            \n\n<div class=\"kksr-icon\" style=\"width: 22px; height: 22px;\"><\/div>\n        <\/div>\n    <\/div>\n    \n<div class=\"kksr-stars-active\" style=\"width: 0px;\">\n            <div class=\"kksr-star\" style=\"padding-right: 5px\">\n            \n\n<div class=\"kksr-icon\" style=\"width: 22px; height: 22px;\"><\/div>\n        <\/div>\n            <div class=\"kksr-star\" style=\"padding-right: 5px\">\n            \n\n<div class=\"kksr-icon\" style=\"width: 22px; height: 22px;\"><\/div>\n        <\/div>\n            <div class=\"kksr-star\" style=\"padding-right: 5px\">\n            \n\n<div class=\"kksr-icon\" style=\"width: 22px; height: 22px;\"><\/div>\n        <\/div>\n            <div class=\"kksr-star\" style=\"padding-right: 5px\">\n            \n\n<div class=\"kksr-icon\" style=\"width: 22px; height: 22px;\"><\/div>\n        <\/div>\n            <div class=\"kksr-star\" style=\"padding-right: 5px\">\n            \n\n<div class=\"kksr-icon\" style=\"width: 22px; height: 22px;\"><\/div>\n        <\/div>\n    <\/div>\n<\/div>\n                \n\n<div class=\"kksr-legend\" style=\"font-size: 17.6px;\">\n            <span class=\"kksr-muted\">Valora este post<\/span>\n    <\/div>\n    <\/div>\n","protected":false},"excerpt":{"rendered":"<p>El Desalojo del Convento en Belorado se Retrasa Un Mes El proceso de desalojo que enfrentan las monjas del convento en Belorado ha sido postergado por &#8230; <a title=\"\u00a1Atenci\u00f3n! Aplazan desahucio del convento de Belorado, no todo es bueno para las monjas cism\u00e1ticas\" class=\"read-more\" href=\"https:\/\/www.diario21.tv\/noticias\/atencion-aplazan-desahucio-del-convento-de-belorado-no-todo-es-bueno-para-las-monjas-cismaticas\/\" aria-label=\"Leer m\u00e1s sobre \u00a1Atenci\u00f3n! Aplazan desahucio del convento de Belorado, no todo es bueno para las monjas cism\u00e1ticas\">Seguir leyendo &rarr;<\/a><\/p>\n","protected":false},"author":20,"featured_media":6148,"comment_status":"open","ping_status":"open","sticky":false,"template":"","format":"standard","meta":{"footnotes":""},"categories":[13],"tags":[],"class_list":["post-6147","post","type-post","status-publish","format-standard","has-post-thumbnail","hentry","category-portada"],"yoast_head":"<!-- This site is optimized with the Yoast SEO plugin v25.6 - https:\/\/yoast.com\/wordpress\/plugins\/seo\/ -->\n<title>\u00a1Atenci\u00f3n! Aplazan desahucio del convento de Belorado, no todo es bueno para las monjas cism\u00e1ticas - Diario 21<\/title>\n<meta name=\"robots\" content=\"index, follow, max-snippet:-1, max-image-preview:large, max-video-preview:-1\" \/>\n<link rel=\"canonical\" href=\"https:\/\/www.diario21.tv\/noticias\/atencion-aplazan-desahucio-del-convento-de-belorado-no-todo-es-bueno-para-las-monjas-cismaticas\/\" \/>\n<meta property=\"og:locale\" content=\"es_ES\" \/>\n<meta property=\"og:type\" content=\"article\" \/>\n<meta property=\"og:title\" content=\"\u00a1Atenci\u00f3n! Aplazan desahucio del convento de Belorado, no todo es bueno para las monjas cism\u00e1ticas - Diario 21\" \/>\n<meta property=\"og:description\" content=\"El Desalojo del Convento en Belorado se Retrasa Un Mes El proceso de desalojo que enfrentan las monjas del convento en Belorado ha sido postergado por ... Seguir leyendo &rarr;\" \/>\n<meta property=\"og:url\" content=\"https:\/\/www.diario21.tv\/noticias\/atencion-aplazan-desahucio-del-convento-de-belorado-no-todo-es-bueno-para-las-monjas-cismaticas\/\" \/>\n<meta property=\"og:site_name\" content=\"Diario 21\" \/>\n<meta property=\"article:published_time\" content=\"2026-02-07T21:36:16+00:00\" \/>\n<meta property=\"article:modified_time\" content=\"2026-02-07T21:36:19+00:00\" \/>\n<meta property=\"og:image\" content=\"https:\/\/www.diario21.tv\/noticias\/wp-content\/uploads\/2026\/02\/\u00a1Atencion-Aplazan-desahucio-del-convento-de-Belorado-no-todo-es.png\" \/>\n\t<meta property=\"og:image:width\" content=\"1200\" \/>\n\t<meta property=\"og:image:height\" content=\"840\" \/>\n\t<meta property=\"og:image:type\" content=\"image\/png\" \/>\n<meta name=\"author\" content=\"Juan P\u00e9rez\" \/>\n<meta name=\"twitter:card\" content=\"summary_large_image\" \/>\n<meta name=\"twitter:label1\" content=\"Escrito por\" \/>\n\t<meta name=\"twitter:data1\" content=\"Juan P\u00e9rez\" \/>\n\t<meta name=\"twitter:label2\" content=\"Tiempo de lectura\" \/>\n\t<meta name=\"twitter:data2\" content=\"2 minutos\" \/>\n<script type=\"application\/ld+json\" class=\"yoast-schema-graph\">{\"@context\":\"https:\/\/schema.org\",\"@graph\":[{\"@type\":\"WebPage\",\"@id\":\"https:\/\/www.diario21.tv\/noticias\/atencion-aplazan-desahucio-del-convento-de-belorado-no-todo-es-bueno-para-las-monjas-cismaticas\/\",\"url\":\"https:\/\/www.diario21.tv\/noticias\/atencion-aplazan-desahucio-del-convento-de-belorado-no-todo-es-bueno-para-las-monjas-cismaticas\/\",\"name\":\"\u00a1Atenci\u00f3n! Aplazan desahucio del convento de Belorado, no todo es bueno para las monjas cism\u00e1ticas - Diario 21\",\"isPartOf\":{\"@id\":\"https:\/\/www.diario21.tv\/noticias\/#website\"},\"primaryImageOfPage\":{\"@id\":\"https:\/\/www.diario21.tv\/noticias\/atencion-aplazan-desahucio-del-convento-de-belorado-no-todo-es-bueno-para-las-monjas-cismaticas\/#primaryimage\"},\"image\":{\"@id\":\"https:\/\/www.diario21.tv\/noticias\/atencion-aplazan-desahucio-del-convento-de-belorado-no-todo-es-bueno-para-las-monjas-cismaticas\/#primaryimage\"},\"thumbnailUrl\":\"https:\/\/www.diario21.tv\/noticias\/wp-content\/uploads\/2026\/02\/\u00a1Atencion-Aplazan-desahucio-del-convento-de-Belorado-no-todo-es.png\",\"datePublished\":\"2026-02-07T21:36:16+00:00\",\"dateModified\":\"2026-02-07T21:36:19+00:00\",\"author\":{\"@id\":\"https:\/\/www.diario21.tv\/noticias\/#\/schema\/person\/dfb778f73814d8f09f302618446a526b\"},\"breadcrumb\":{\"@id\":\"https:\/\/www.diario21.tv\/noticias\/atencion-aplazan-desahucio-del-convento-de-belorado-no-todo-es-bueno-para-las-monjas-cismaticas\/#breadcrumb\"},\"inLanguage\":\"es-AR\",\"potentialAction\":[{\"@type\":\"ReadAction\",\"target\":[\"https:\/\/www.diario21.tv\/noticias\/atencion-aplazan-desahucio-del-convento-de-belorado-no-todo-es-bueno-para-las-monjas-cismaticas\/\"]}]},{\"@type\":\"ImageObject\",\"inLanguage\":\"es-AR\",\"@id\":\"https:\/\/www.diario21.tv\/noticias\/atencion-aplazan-desahucio-del-convento-de-belorado-no-todo-es-bueno-para-las-monjas-cismaticas\/#primaryimage\",\"url\":\"https:\/\/www.diario21.tv\/noticias\/wp-content\/uploads\/2026\/02\/\u00a1Atencion-Aplazan-desahucio-del-convento-de-Belorado-no-todo-es.png\",\"contentUrl\":\"https:\/\/www.diario21.tv\/noticias\/wp-content\/uploads\/2026\/02\/\u00a1Atencion-Aplazan-desahucio-del-convento-de-Belorado-no-todo-es.png\",\"width\":1200,\"height\":840,\"caption\":\"El desahucio del convento de Belorado se aplaza un mes, pero no es tan buena noticia para las monjas cism\u00e1ticas\"},{\"@type\":\"BreadcrumbList\",\"@id\":\"https:\/\/www.diario21.tv\/noticias\/atencion-aplazan-desahucio-del-convento-de-belorado-no-todo-es-bueno-para-las-monjas-cismaticas\/#breadcrumb\",\"itemListElement\":[{\"@type\":\"ListItem\",\"position\":1,\"name\":\"Accueil\",\"item\":\"https:\/\/www.diario21.tv\/noticias\/\"},{\"@type\":\"ListItem\",\"position\":2,\"name\":\"\u00a1Atenci\u00f3n! Aplazan desahucio del convento de Belorado, no todo es bueno para las monjas cism\u00e1ticas\"}]},{\"@type\":\"WebSite\",\"@id\":\"https:\/\/www.diario21.tv\/noticias\/#website\",\"url\":\"https:\/\/www.diario21.tv\/noticias\/\",\"name\":\"Diario 21\",\"description\":\"\",\"potentialAction\":[{\"@type\":\"SearchAction\",\"target\":{\"@type\":\"EntryPoint\",\"urlTemplate\":\"https:\/\/www.diario21.tv\/noticias\/?s={search_term_string}\"},\"query-input\":{\"@type\":\"PropertyValueSpecification\",\"valueRequired\":true,\"valueName\":\"search_term_string\"}}],\"inLanguage\":\"es-AR\"},{\"@type\":\"Person\",\"@id\":\"https:\/\/www.diario21.tv\/noticias\/#\/schema\/person\/dfb778f73814d8f09f302618446a526b\",\"name\":\"Juan P\u00e9rez\",\"image\":{\"@type\":\"ImageObject\",\"inLanguage\":\"es-AR\",\"@id\":\"https:\/\/www.diario21.tv\/noticias\/#\/schema\/person\/image\/\",\"url\":\"https:\/\/secure.gravatar.com\/avatar\/c478a405bd10621167f4c3167cc770f5?s=96&d=mm&r=g\",\"contentUrl\":\"https:\/\/secure.gravatar.com\/avatar\/c478a405bd10621167f4c3167cc770f5?s=96&d=mm&r=g\",\"caption\":\"Juan P\u00e9rez\"},\"description\":\"Juan P\u00e9rez es el redactor en jefe de Diario 21. Con m\u00e1s de 10 a\u00f1os de experiencia en el periodismo, se especializa en pol\u00edtica nacional y an\u00e1lisis socioecon\u00f3mico. Su enfoque cr\u00edtico y riguroso aporta una perspectiva \u00fanica a cada art\u00edculo.\",\"sameAs\":[\"https:\/\/www.diario21.tv\/noticias\/\"],\"url\":\"https:\/\/www.diario21.tv\/noticias\/author\/juan-perez\/\"}]}<\/script>\n<!-- \/ Yoast SEO plugin. -->","yoast_head_json":{"title":"\u00a1Atenci\u00f3n! Aplazan desahucio del convento de Belorado, no todo es bueno para las monjas cism\u00e1ticas - Diario 21","robots":{"index":"index","follow":"follow","max-snippet":"max-snippet:-1","max-image-preview":"max-image-preview:large","max-video-preview":"max-video-preview:-1"},"canonical":"https:\/\/www.diario21.tv\/noticias\/atencion-aplazan-desahucio-del-convento-de-belorado-no-todo-es-bueno-para-las-monjas-cismaticas\/","og_locale":"es_ES","og_type":"article","og_title":"\u00a1Atenci\u00f3n! Aplazan desahucio del convento de Belorado, no todo es bueno para las monjas cism\u00e1ticas - Diario 21","og_description":"El Desalojo del Convento en Belorado se Retrasa Un Mes El proceso de desalojo que enfrentan las monjas del convento en Belorado ha sido postergado por ... Seguir leyendo &rarr;","og_url":"https:\/\/www.diario21.tv\/noticias\/atencion-aplazan-desahucio-del-convento-de-belorado-no-todo-es-bueno-para-las-monjas-cismaticas\/","og_site_name":"Diario 21","article_published_time":"2026-02-07T21:36:16+00:00","article_modified_time":"2026-02-07T21:36:19+00:00","og_image":[{"width":1200,"height":840,"url":"https:\/\/www.diario21.tv\/noticias\/wp-content\/uploads\/2026\/02\/\u00a1Atencion-Aplazan-desahucio-del-convento-de-Belorado-no-todo-es.png","type":"image\/png"}],"author":"Juan P\u00e9rez","twitter_card":"summary_large_image","twitter_misc":{"Escrito por":"Juan P\u00e9rez","Tiempo de lectura":"2 minutos"},"schema":{"@context":"https:\/\/schema.org","@graph":[{"@type":"WebPage","@id":"https:\/\/www.diario21.tv\/noticias\/atencion-aplazan-desahucio-del-convento-de-belorado-no-todo-es-bueno-para-las-monjas-cismaticas\/","url":"https:\/\/www.diario21.tv\/noticias\/atencion-aplazan-desahucio-del-convento-de-belorado-no-todo-es-bueno-para-las-monjas-cismaticas\/","name":"\u00a1Atenci\u00f3n! Aplazan desahucio del convento de Belorado, no todo es bueno para las monjas cism\u00e1ticas - Diario 21","isPartOf":{"@id":"https:\/\/www.diario21.tv\/noticias\/#website"},"primaryImageOfPage":{"@id":"https:\/\/www.diario21.tv\/noticias\/atencion-aplazan-desahucio-del-convento-de-belorado-no-todo-es-bueno-para-las-monjas-cismaticas\/#primaryimage"},"image":{"@id":"https:\/\/www.diario21.tv\/noticias\/atencion-aplazan-desahucio-del-convento-de-belorado-no-todo-es-bueno-para-las-monjas-cismaticas\/#primaryimage"},"thumbnailUrl":"https:\/\/www.diario21.tv\/noticias\/wp-content\/uploads\/2026\/02\/\u00a1Atencion-Aplazan-desahucio-del-convento-de-Belorado-no-todo-es.png","datePublished":"2026-02-07T21:36:16+00:00","dateModified":"2026-02-07T21:36:19+00:00","author":{"@id":"https:\/\/www.diario21.tv\/noticias\/#\/schema\/person\/dfb778f73814d8f09f302618446a526b"},"breadcrumb":{"@id":"https:\/\/www.diario21.tv\/noticias\/atencion-aplazan-desahucio-del-convento-de-belorado-no-todo-es-bueno-para-las-monjas-cismaticas\/#breadcrumb"},"inLanguage":"es-AR","potentialAction":[{"@type":"ReadAction","target":["https:\/\/www.diario21.tv\/noticias\/atencion-aplazan-desahucio-del-convento-de-belorado-no-todo-es-bueno-para-las-monjas-cismaticas\/"]}]},{"@type":"ImageObject","inLanguage":"es-AR","@id":"https:\/\/www.diario21.tv\/noticias\/atencion-aplazan-desahucio-del-convento-de-belorado-no-todo-es-bueno-para-las-monjas-cismaticas\/#primaryimage","url":"https:\/\/www.diario21.tv\/noticias\/wp-content\/uploads\/2026\/02\/\u00a1Atencion-Aplazan-desahucio-del-convento-de-Belorado-no-todo-es.png","contentUrl":"https:\/\/www.diario21.tv\/noticias\/wp-content\/uploads\/2026\/02\/\u00a1Atencion-Aplazan-desahucio-del-convento-de-Belorado-no-todo-es.png","width":1200,"height":840,"caption":"El desahucio del convento de Belorado se aplaza un mes, pero no es tan buena noticia para las monjas cism\u00e1ticas"},{"@type":"BreadcrumbList","@id":"https:\/\/www.diario21.tv\/noticias\/atencion-aplazan-desahucio-del-convento-de-belorado-no-todo-es-bueno-para-las-monjas-cismaticas\/#breadcrumb","itemListElement":[{"@type":"ListItem","position":1,"name":"Accueil","item":"https:\/\/www.diario21.tv\/noticias\/"},{"@type":"ListItem","position":2,"name":"\u00a1Atenci\u00f3n! Aplazan desahucio del convento de Belorado, no todo es bueno para las monjas cism\u00e1ticas"}]},{"@type":"WebSite","@id":"https:\/\/www.diario21.tv\/noticias\/#website","url":"https:\/\/www.diario21.tv\/noticias\/","name":"Diario 21","description":"","potentialAction":[{"@type":"SearchAction","target":{"@type":"EntryPoint","urlTemplate":"https:\/\/www.diario21.tv\/noticias\/?s={search_term_string}"},"query-input":{"@type":"PropertyValueSpecification","valueRequired":true,"valueName":"search_term_string"}}],"inLanguage":"es-AR"},{"@type":"Person","@id":"https:\/\/www.diario21.tv\/noticias\/#\/schema\/person\/dfb778f73814d8f09f302618446a526b","name":"Juan P\u00e9rez","image":{"@type":"ImageObject","inLanguage":"es-AR","@id":"https:\/\/www.diario21.tv\/noticias\/#\/schema\/person\/image\/","url":"https:\/\/secure.gravatar.com\/avatar\/c478a405bd10621167f4c3167cc770f5?s=96&d=mm&r=g","contentUrl":"https:\/\/secure.gravatar.com\/avatar\/c478a405bd10621167f4c3167cc770f5?s=96&d=mm&r=g","caption":"Juan P\u00e9rez"},"description":"Juan P\u00e9rez es el redactor en jefe de Diario 21. Con m\u00e1s de 10 a\u00f1os de experiencia en el periodismo, se especializa en pol\u00edtica nacional y an\u00e1lisis socioecon\u00f3mico. Su enfoque cr\u00edtico y riguroso aporta una perspectiva \u00fanica a cada art\u00edculo.","sameAs":["https:\/\/www.diario21.tv\/noticias\/"],"url":"https:\/\/www.diario21.tv\/noticias\/author\/juan-perez\/"}]}},"_links":{"self":[{"href":"https:\/\/www.diario21.tv\/noticias\/wp-json\/wp\/v2\/posts\/6147"}],"collection":[{"href":"https:\/\/www.diario21.tv\/noticias\/wp-json\/wp\/v2\/posts"}],"about":[{"href":"https:\/\/www.diario21.tv\/noticias\/wp-json\/wp\/v2\/types\/post"}],"author":[{"embeddable":true,"href":"https:\/\/www.diario21.tv\/noticias\/wp-json\/wp\/v2\/users\/20"}],"replies":[{"embeddable":true,"href":"https:\/\/www.diario21.tv\/noticias\/wp-json\/wp\/v2\/comments?post=6147"}],"version-history":[{"count":1,"href":"https:\/\/www.diario21.tv\/noticias\/wp-json\/wp\/v2\/posts\/6147\/revisions"}],"predecessor-version":[{"id":6149,"href":"https:\/\/www.diario21.tv\/noticias\/wp-json\/wp\/v2\/posts\/6147\/revisions\/6149"}],"wp:featuredmedia":[{"embeddable":true,"href":"https:\/\/www.diario21.tv\/noticias\/wp-json\/wp\/v2\/media\/6148"}],"wp:attachment":[{"href":"https:\/\/www.diario21.tv\/noticias\/wp-json\/wp\/v2\/media?parent=6147"}],"wp:term":[{"taxonomy":"category","embeddable":true,"href":"https:\/\/www.diario21.tv\/noticias\/wp-json\/wp\/v2\/categories?post=6147"},{"taxonomy":"post_tag","embeddable":true,"href":"https:\/\/www.diario21.tv\/noticias\/wp-json\/wp\/v2\/tags?post=6147"}],"curies":[{"name":"wp","href":"https:\/\/api.w.org\/{rel}","templated":true}]}}