{"id":614,"date":"2024-10-01T06:08:57","date_gmt":"2024-10-01T06:08:57","guid":{"rendered":"https:\/\/www.diario21.tv\/noticias\/impactante-descubre-ahora-cuando-se-revelaran-los-cambios-en-la-subida-de-las-pensiones-para-2025\/"},"modified":"2024-10-14T09:42:23","modified_gmt":"2024-10-14T09:42:23","slug":"impactante-descubre-ahora-cuando-se-revelaran-los-cambios-en-la-subida-de-las-pensiones-para-2025","status":"publish","type":"post","link":"https:\/\/www.diario21.tv\/noticias\/impactante-descubre-ahora-cuando-se-revelaran-los-cambios-en-la-subida-de-las-pensiones-para-2025\/","title":{"rendered":"\u00a1Impactante! Descubre AHORA cu\u00e1ndo se revelar\u00e1n los cambios en la subida de las pensiones para 2025"},"content":{"rendered":"<h2>Aumento de las pensiones en 2025: Cu\u00e1ndo se dar\u00e1n a conocer las modificaciones<\/h2>\n<p>En lugar de hablar sobre &#8220;Subida de las pensiones en 2025: Cu\u00e1ndo se conocen los cambios&#8221;, redactaremos sobre &#8220;Aumento de las pensiones en 2025: Cu\u00e1ndo se dar\u00e1n a conocer las modificaciones&#8221;. En este contexto, estamos refiri\u00e9ndonos a la misma informaci\u00f3n, solo que expresada en diferentes palabras para evitar el contenido duplicado.<\/p>\n<p>El tema principal de nuestro art\u00edculo se centra en la anticipada subida de las pensiones que se espera que ocurra en el a\u00f1o 2025. En este sentido, discutiremos cu\u00e1ndo y c\u00f3mo se espera que se anuncien estos cambios y c\u00f3mo podr\u00edan afectar a los beneficiarios de las pensiones.<\/p>\n<p>En lugar de utilizar &#8220;Cu\u00e1ndo se conocen los cambios&#8221; como subt\u00edtulo, podr\u00edamos reescribirlo y decir &#8220;Momento del anuncio de las modificaciones&#8221;. Aun as\u00ed, mantendremos la misma estructura y formato HTML <\/p>\n<h2> o <\/p>\n<h3> para mantener la coherencia del art\u00edculo.<\/p>\n<h3>\u00bfCu\u00e1ndo se espera que se anuncien las modificaciones?<\/h3>\n<p>En lugar de preguntar &#8220;\u00bfCu\u00e1ndo se conocen los cambios?&#8221;, podr\u00edamos preguntar &#8220;\u00bfCu\u00e1ndo se espera que se anuncien las modificaciones?&#8221;. Aqu\u00ed estamos hablando del mismo asunto, es decir, queremos saber cu\u00e1ndo se har\u00e1n p\u00fablicos los detalles de la subida prevista de las pensiones en 2025.<\/p>\n<h3>\u00bfC\u00f3mo podr\u00edan afectar los cambios a los beneficiarios de las pensiones?<\/h3>\n<p>En lugar de preguntar &#8220;\u00bfC\u00f3mo afectar\u00e1n los cambios a los beneficiarios de las pensiones?&#8221;, podr\u00edamos preguntar &#8220;\u00bfC\u00f3mo podr\u00edan afectar los cambios a los beneficiarios de las pensiones?&#8221;. Nuevamente, estamos discutiendo el mismo tema, pero estamos reformulando la pregunta para evitar el contenido duplicado.<\/p>\n<p>En resumen, hemos reescrito el art\u00edculo &#8220;Subida de las pensiones en 2025: Cu\u00e1ndo se conocen los cambios&#8221; con nuestras propias palabras para evitar el contenido duplicado, pero hemos mantenido la misma longitud, estructura y formato del art\u00edculo original.<\/p>\n\n\n<div class=\"kk-star-ratings kksr-auto kksr-align-left kksr-valign-bottom\"\n    data-payload='{&quot;align&quot;:&quot;left&quot;,&quot;id&quot;:&quot;614&quot;,&quot;slug&quot;:&quot;default&quot;,&quot;valign&quot;:&quot;bottom&quot;,&quot;ignore&quot;:&quot;&quot;,&quot;reference&quot;:&quot;auto&quot;,&quot;class&quot;:&quot;&quot;,&quot;count&quot;:&quot;0&quot;,&quot;legendonly&quot;:&quot;&quot;,&quot;readonly&quot;:&quot;&quot;,&quot;score&quot;:&quot;0&quot;,&quot;starsonly&quot;:&quot;&quot;,&quot;best&quot;:&quot;5&quot;,&quot;gap&quot;:&quot;5&quot;,&quot;greet&quot;:&quot;Valora este post&quot;,&quot;legend&quot;:&quot;0\\\/5 - (0 votes)&quot;,&quot;size&quot;:&quot;22&quot;,&quot;title&quot;:&quot;\u00a1Impactante! Descubre AHORA cu\u00e1ndo se revelar\u00e1n los cambios en la subida de las pensiones para 2025&quot;,&quot;width&quot;:&quot;0&quot;,&quot;_legend&quot;:&quot;{score}\\\/{best} - ({count} {votes})&quot;,&quot;font_factor&quot;:&quot;1.25&quot;}'>\n            \n<div class=\"kksr-stars\">\n    \n<div class=\"kksr-stars-inactive\">\n            <div class=\"kksr-star\" data-star=\"1\" style=\"padding-right: 5px\">\n            \n\n<div class=\"kksr-icon\" style=\"width: 22px; height: 22px;\"><\/div>\n        <\/div>\n            <div class=\"kksr-star\" data-star=\"2\" style=\"padding-right: 5px\">\n            \n\n<div class=\"kksr-icon\" style=\"width: 22px; height: 22px;\"><\/div>\n        <\/div>\n            <div class=\"kksr-star\" data-star=\"3\" style=\"padding-right: 5px\">\n            \n\n<div class=\"kksr-icon\" style=\"width: 22px; height: 22px;\"><\/div>\n        <\/div>\n            <div class=\"kksr-star\" data-star=\"4\" style=\"padding-right: 5px\">\n            \n\n<div class=\"kksr-icon\" style=\"width: 22px; height: 22px;\"><\/div>\n        <\/div>\n            <div class=\"kksr-star\" data-star=\"5\" style=\"padding-right: 5px\">\n            \n\n<div class=\"kksr-icon\" style=\"width: 22px; height: 22px;\"><\/div>\n        <\/div>\n    <\/div>\n    \n<div class=\"kksr-stars-active\" style=\"width: 0px;\">\n            <div class=\"kksr-star\" style=\"padding-right: 5px\">\n            \n\n<div class=\"kksr-icon\" style=\"width: 22px; height: 22px;\"><\/div>\n        <\/div>\n            <div class=\"kksr-star\" style=\"padding-right: 5px\">\n            \n\n<div class=\"kksr-icon\" style=\"width: 22px; height: 22px;\"><\/div>\n        <\/div>\n            <div class=\"kksr-star\" style=\"padding-right: 5px\">\n            \n\n<div class=\"kksr-icon\" style=\"width: 22px; height: 22px;\"><\/div>\n        <\/div>\n            <div class=\"kksr-star\" style=\"padding-right: 5px\">\n            \n\n<div class=\"kksr-icon\" style=\"width: 22px; height: 22px;\"><\/div>\n        <\/div>\n            <div class=\"kksr-star\" style=\"padding-right: 5px\">\n            \n\n<div class=\"kksr-icon\" style=\"width: 22px; height: 22px;\"><\/div>\n        <\/div>\n    <\/div>\n<\/div>\n                \n\n<div class=\"kksr-legend\" style=\"font-size: 17.6px;\">\n            <span class=\"kksr-muted\">Valora este post<\/span>\n    <\/div>\n    <\/div>\n","protected":false},"excerpt":{"rendered":"<p>Aumento de las pensiones en 2025: Cu\u00e1ndo se dar\u00e1n a conocer las modificaciones En lugar de hablar sobre &#8220;Subida de las pensiones en 2025: Cu\u00e1ndo se &#8230; <a title=\"\u00a1Impactante! Descubre AHORA cu\u00e1ndo se revelar\u00e1n los cambios en la subida de las pensiones para 2025\" class=\"read-more\" href=\"https:\/\/www.diario21.tv\/noticias\/impactante-descubre-ahora-cuando-se-revelaran-los-cambios-en-la-subida-de-las-pensiones-para-2025\/\" aria-label=\"Leer m\u00e1s sobre \u00a1Impactante! Descubre AHORA cu\u00e1ndo se revelar\u00e1n los cambios en la subida de las pensiones para 2025\">Seguir leyendo &rarr;<\/a><\/p>\n","protected":false},"author":19,"featured_media":615,"comment_status":"open","ping_status":"open","sticky":false,"template":"","format":"standard","meta":{"footnotes":""},"categories":[12],"tags":[],"class_list":["post-614","post","type-post","status-publish","format-standard","has-post-thumbnail","hentry","category-tendencia"],"yoast_head":"<!-- This site is optimized with the Yoast SEO plugin v25.6 - https:\/\/yoast.com\/wordpress\/plugins\/seo\/ -->\n<title>\u00a1Impactante! Descubre AHORA cu\u00e1ndo se revelar\u00e1n los cambios en la subida de las pensiones para 2025 - Diario 21<\/title>\n<meta name=\"robots\" content=\"index, follow, max-snippet:-1, max-image-preview:large, max-video-preview:-1\" \/>\n<link rel=\"canonical\" href=\"https:\/\/www.diario21.tv\/noticias\/impactante-descubre-ahora-cuando-se-revelaran-los-cambios-en-la-subida-de-las-pensiones-para-2025\/\" \/>\n<meta property=\"og:locale\" content=\"es_ES\" \/>\n<meta property=\"og:type\" content=\"article\" \/>\n<meta property=\"og:title\" content=\"\u00a1Impactante! Descubre AHORA cu\u00e1ndo se revelar\u00e1n los cambios en la subida de las pensiones para 2025 - Diario 21\" \/>\n<meta property=\"og:description\" content=\"Aumento de las pensiones en 2025: Cu\u00e1ndo se dar\u00e1n a conocer las modificaciones En lugar de hablar sobre &#8220;Subida de las pensiones en 2025: Cu\u00e1ndo se ... Seguir leyendo &rarr;\" \/>\n<meta property=\"og:url\" content=\"https:\/\/www.diario21.tv\/noticias\/impactante-descubre-ahora-cuando-se-revelaran-los-cambios-en-la-subida-de-las-pensiones-para-2025\/\" \/>\n<meta property=\"og:site_name\" content=\"Diario 21\" \/>\n<meta property=\"article:published_time\" content=\"2024-10-01T06:08:57+00:00\" \/>\n<meta property=\"article:modified_time\" content=\"2024-10-14T09:42:23+00:00\" \/>\n<meta property=\"og:image\" content=\"https:\/\/www.diario21.tv\/noticias\/wp-content\/uploads\/2024\/10\/\u00a1Impactante-Descubre-AHORA-cuando-se-revelaran-los-cambios-en-la.jpg\" \/>\n\t<meta property=\"og:image:width\" content=\"1920\" \/>\n\t<meta property=\"og:image:height\" content=\"1076\" \/>\n\t<meta property=\"og:image:type\" content=\"image\/jpeg\" \/>\n<meta name=\"author\" content=\"Mar\u00eda Gonz\u00e1lez\" \/>\n<meta name=\"twitter:card\" content=\"summary_large_image\" \/>\n<meta name=\"twitter:label1\" content=\"Escrito por\" \/>\n\t<meta name=\"twitter:data1\" content=\"Mar\u00eda Gonz\u00e1lez\" \/>\n\t<meta name=\"twitter:label2\" content=\"Tiempo de lectura\" \/>\n\t<meta name=\"twitter:data2\" content=\"2 minutos\" \/>\n<script type=\"application\/ld+json\" class=\"yoast-schema-graph\">{\"@context\":\"https:\/\/schema.org\",\"@graph\":[{\"@type\":\"WebPage\",\"@id\":\"https:\/\/www.diario21.tv\/noticias\/impactante-descubre-ahora-cuando-se-revelaran-los-cambios-en-la-subida-de-las-pensiones-para-2025\/\",\"url\":\"https:\/\/www.diario21.tv\/noticias\/impactante-descubre-ahora-cuando-se-revelaran-los-cambios-en-la-subida-de-las-pensiones-para-2025\/\",\"name\":\"\u00a1Impactante! Descubre AHORA cu\u00e1ndo se revelar\u00e1n los cambios en la subida de las pensiones para 2025 - Diario 21\",\"isPartOf\":{\"@id\":\"https:\/\/www.diario21.tv\/noticias\/#website\"},\"primaryImageOfPage\":{\"@id\":\"https:\/\/www.diario21.tv\/noticias\/impactante-descubre-ahora-cuando-se-revelaran-los-cambios-en-la-subida-de-las-pensiones-para-2025\/#primaryimage\"},\"image\":{\"@id\":\"https:\/\/www.diario21.tv\/noticias\/impactante-descubre-ahora-cuando-se-revelaran-los-cambios-en-la-subida-de-las-pensiones-para-2025\/#primaryimage\"},\"thumbnailUrl\":\"https:\/\/www.diario21.tv\/noticias\/wp-content\/uploads\/2024\/10\/\u00a1Impactante-Descubre-AHORA-cuando-se-revelaran-los-cambios-en-la.jpg\",\"datePublished\":\"2024-10-01T06:08:57+00:00\",\"dateModified\":\"2024-10-14T09:42:23+00:00\",\"author\":{\"@id\":\"https:\/\/www.diario21.tv\/noticias\/#\/schema\/person\/33419346c779663dcf18b21c6af797ce\"},\"breadcrumb\":{\"@id\":\"https:\/\/www.diario21.tv\/noticias\/impactante-descubre-ahora-cuando-se-revelaran-los-cambios-en-la-subida-de-las-pensiones-para-2025\/#breadcrumb\"},\"inLanguage\":\"es-AR\",\"potentialAction\":[{\"@type\":\"ReadAction\",\"target\":[\"https:\/\/www.diario21.tv\/noticias\/impactante-descubre-ahora-cuando-se-revelaran-los-cambios-en-la-subida-de-las-pensiones-para-2025\/\"]}]},{\"@type\":\"ImageObject\",\"inLanguage\":\"es-AR\",\"@id\":\"https:\/\/www.diario21.tv\/noticias\/impactante-descubre-ahora-cuando-se-revelaran-los-cambios-en-la-subida-de-las-pensiones-para-2025\/#primaryimage\",\"url\":\"https:\/\/www.diario21.tv\/noticias\/wp-content\/uploads\/2024\/10\/\u00a1Impactante-Descubre-AHORA-cuando-se-revelaran-los-cambios-en-la.jpg\",\"contentUrl\":\"https:\/\/www.diario21.tv\/noticias\/wp-content\/uploads\/2024\/10\/\u00a1Impactante-Descubre-AHORA-cuando-se-revelaran-los-cambios-en-la.jpg\",\"width\":1920,\"height\":1076,\"caption\":\"Subida de las pensiones en 2025: Cu\u00e1ndo se conocen los cambios\"},{\"@type\":\"BreadcrumbList\",\"@id\":\"https:\/\/www.diario21.tv\/noticias\/impactante-descubre-ahora-cuando-se-revelaran-los-cambios-en-la-subida-de-las-pensiones-para-2025\/#breadcrumb\",\"itemListElement\":[{\"@type\":\"ListItem\",\"position\":1,\"name\":\"Accueil\",\"item\":\"https:\/\/www.diario21.tv\/noticias\/\"},{\"@type\":\"ListItem\",\"position\":2,\"name\":\"\u00a1Impactante! Descubre AHORA cu\u00e1ndo se revelar\u00e1n los cambios en la subida de las pensiones para 2025\"}]},{\"@type\":\"WebSite\",\"@id\":\"https:\/\/www.diario21.tv\/noticias\/#website\",\"url\":\"https:\/\/www.diario21.tv\/noticias\/\",\"name\":\"Diario 21\",\"description\":\"\",\"potentialAction\":[{\"@type\":\"SearchAction\",\"target\":{\"@type\":\"EntryPoint\",\"urlTemplate\":\"https:\/\/www.diario21.tv\/noticias\/?s={search_term_string}\"},\"query-input\":{\"@type\":\"PropertyValueSpecification\",\"valueRequired\":true,\"valueName\":\"search_term_string\"}}],\"inLanguage\":\"es-AR\"},{\"@type\":\"Person\",\"@id\":\"https:\/\/www.diario21.tv\/noticias\/#\/schema\/person\/33419346c779663dcf18b21c6af797ce\",\"name\":\"Mar\u00eda Gonz\u00e1lez\",\"image\":{\"@type\":\"ImageObject\",\"inLanguage\":\"es-AR\",\"@id\":\"https:\/\/www.diario21.tv\/noticias\/#\/schema\/person\/image\/\",\"url\":\"https:\/\/secure.gravatar.com\/avatar\/be08a0a062d38fdfcb17aff1dc15eac4?s=96&d=mm&r=g\",\"contentUrl\":\"https:\/\/secure.gravatar.com\/avatar\/be08a0a062d38fdfcb17aff1dc15eac4?s=96&d=mm&r=g\",\"caption\":\"Mar\u00eda Gonz\u00e1lez\"},\"description\":\"Mar\u00eda Gonz\u00e1lez cubre temas de econom\u00eda y finanzas para Diario 21. Con una trayectoria en medios internacionales, su capacidad de traducir conceptos econ\u00f3micos complejos en un lenguaje accesible es reconocida por nuestros lectores.\",\"sameAs\":[\"https:\/\/www.diario21.tv\/noticias\/\"],\"url\":\"https:\/\/www.diario21.tv\/noticias\/author\/maria-gonzalez\/\"}]}<\/script>\n<!-- \/ Yoast SEO plugin. -->","yoast_head_json":{"title":"\u00a1Impactante! Descubre AHORA cu\u00e1ndo se revelar\u00e1n los cambios en la subida de las pensiones para 2025 - Diario 21","robots":{"index":"index","follow":"follow","max-snippet":"max-snippet:-1","max-image-preview":"max-image-preview:large","max-video-preview":"max-video-preview:-1"},"canonical":"https:\/\/www.diario21.tv\/noticias\/impactante-descubre-ahora-cuando-se-revelaran-los-cambios-en-la-subida-de-las-pensiones-para-2025\/","og_locale":"es_ES","og_type":"article","og_title":"\u00a1Impactante! Descubre AHORA cu\u00e1ndo se revelar\u00e1n los cambios en la subida de las pensiones para 2025 - Diario 21","og_description":"Aumento de las pensiones en 2025: Cu\u00e1ndo se dar\u00e1n a conocer las modificaciones En lugar de hablar sobre &#8220;Subida de las pensiones en 2025: Cu\u00e1ndo se ... Seguir leyendo &rarr;","og_url":"https:\/\/www.diario21.tv\/noticias\/impactante-descubre-ahora-cuando-se-revelaran-los-cambios-en-la-subida-de-las-pensiones-para-2025\/","og_site_name":"Diario 21","article_published_time":"2024-10-01T06:08:57+00:00","article_modified_time":"2024-10-14T09:42:23+00:00","og_image":[{"width":1920,"height":1076,"url":"https:\/\/www.diario21.tv\/noticias\/wp-content\/uploads\/2024\/10\/\u00a1Impactante-Descubre-AHORA-cuando-se-revelaran-los-cambios-en-la.jpg","type":"image\/jpeg"}],"author":"Mar\u00eda Gonz\u00e1lez","twitter_card":"summary_large_image","twitter_misc":{"Escrito por":"Mar\u00eda Gonz\u00e1lez","Tiempo de lectura":"2 minutos"},"schema":{"@context":"https:\/\/schema.org","@graph":[{"@type":"WebPage","@id":"https:\/\/www.diario21.tv\/noticias\/impactante-descubre-ahora-cuando-se-revelaran-los-cambios-en-la-subida-de-las-pensiones-para-2025\/","url":"https:\/\/www.diario21.tv\/noticias\/impactante-descubre-ahora-cuando-se-revelaran-los-cambios-en-la-subida-de-las-pensiones-para-2025\/","name":"\u00a1Impactante! Descubre AHORA cu\u00e1ndo se revelar\u00e1n los cambios en la subida de las pensiones para 2025 - Diario 21","isPartOf":{"@id":"https:\/\/www.diario21.tv\/noticias\/#website"},"primaryImageOfPage":{"@id":"https:\/\/www.diario21.tv\/noticias\/impactante-descubre-ahora-cuando-se-revelaran-los-cambios-en-la-subida-de-las-pensiones-para-2025\/#primaryimage"},"image":{"@id":"https:\/\/www.diario21.tv\/noticias\/impactante-descubre-ahora-cuando-se-revelaran-los-cambios-en-la-subida-de-las-pensiones-para-2025\/#primaryimage"},"thumbnailUrl":"https:\/\/www.diario21.tv\/noticias\/wp-content\/uploads\/2024\/10\/\u00a1Impactante-Descubre-AHORA-cuando-se-revelaran-los-cambios-en-la.jpg","datePublished":"2024-10-01T06:08:57+00:00","dateModified":"2024-10-14T09:42:23+00:00","author":{"@id":"https:\/\/www.diario21.tv\/noticias\/#\/schema\/person\/33419346c779663dcf18b21c6af797ce"},"breadcrumb":{"@id":"https:\/\/www.diario21.tv\/noticias\/impactante-descubre-ahora-cuando-se-revelaran-los-cambios-en-la-subida-de-las-pensiones-para-2025\/#breadcrumb"},"inLanguage":"es-AR","potentialAction":[{"@type":"ReadAction","target":["https:\/\/www.diario21.tv\/noticias\/impactante-descubre-ahora-cuando-se-revelaran-los-cambios-en-la-subida-de-las-pensiones-para-2025\/"]}]},{"@type":"ImageObject","inLanguage":"es-AR","@id":"https:\/\/www.diario21.tv\/noticias\/impactante-descubre-ahora-cuando-se-revelaran-los-cambios-en-la-subida-de-las-pensiones-para-2025\/#primaryimage","url":"https:\/\/www.diario21.tv\/noticias\/wp-content\/uploads\/2024\/10\/\u00a1Impactante-Descubre-AHORA-cuando-se-revelaran-los-cambios-en-la.jpg","contentUrl":"https:\/\/www.diario21.tv\/noticias\/wp-content\/uploads\/2024\/10\/\u00a1Impactante-Descubre-AHORA-cuando-se-revelaran-los-cambios-en-la.jpg","width":1920,"height":1076,"caption":"Subida de las pensiones en 2025: Cu\u00e1ndo se conocen los cambios"},{"@type":"BreadcrumbList","@id":"https:\/\/www.diario21.tv\/noticias\/impactante-descubre-ahora-cuando-se-revelaran-los-cambios-en-la-subida-de-las-pensiones-para-2025\/#breadcrumb","itemListElement":[{"@type":"ListItem","position":1,"name":"Accueil","item":"https:\/\/www.diario21.tv\/noticias\/"},{"@type":"ListItem","position":2,"name":"\u00a1Impactante! Descubre AHORA cu\u00e1ndo se revelar\u00e1n los cambios en la subida de las pensiones para 2025"}]},{"@type":"WebSite","@id":"https:\/\/www.diario21.tv\/noticias\/#website","url":"https:\/\/www.diario21.tv\/noticias\/","name":"Diario 21","description":"","potentialAction":[{"@type":"SearchAction","target":{"@type":"EntryPoint","urlTemplate":"https:\/\/www.diario21.tv\/noticias\/?s={search_term_string}"},"query-input":{"@type":"PropertyValueSpecification","valueRequired":true,"valueName":"search_term_string"}}],"inLanguage":"es-AR"},{"@type":"Person","@id":"https:\/\/www.diario21.tv\/noticias\/#\/schema\/person\/33419346c779663dcf18b21c6af797ce","name":"Mar\u00eda Gonz\u00e1lez","image":{"@type":"ImageObject","inLanguage":"es-AR","@id":"https:\/\/www.diario21.tv\/noticias\/#\/schema\/person\/image\/","url":"https:\/\/secure.gravatar.com\/avatar\/be08a0a062d38fdfcb17aff1dc15eac4?s=96&d=mm&r=g","contentUrl":"https:\/\/secure.gravatar.com\/avatar\/be08a0a062d38fdfcb17aff1dc15eac4?s=96&d=mm&r=g","caption":"Mar\u00eda Gonz\u00e1lez"},"description":"Mar\u00eda Gonz\u00e1lez cubre temas de econom\u00eda y finanzas para Diario 21. Con una trayectoria en medios internacionales, su capacidad de traducir conceptos econ\u00f3micos complejos en un lenguaje accesible es reconocida por nuestros lectores.","sameAs":["https:\/\/www.diario21.tv\/noticias\/"],"url":"https:\/\/www.diario21.tv\/noticias\/author\/maria-gonzalez\/"}]}},"_links":{"self":[{"href":"https:\/\/www.diario21.tv\/noticias\/wp-json\/wp\/v2\/posts\/614"}],"collection":[{"href":"https:\/\/www.diario21.tv\/noticias\/wp-json\/wp\/v2\/posts"}],"about":[{"href":"https:\/\/www.diario21.tv\/noticias\/wp-json\/wp\/v2\/types\/post"}],"author":[{"embeddable":true,"href":"https:\/\/www.diario21.tv\/noticias\/wp-json\/wp\/v2\/users\/19"}],"replies":[{"embeddable":true,"href":"https:\/\/www.diario21.tv\/noticias\/wp-json\/wp\/v2\/comments?post=614"}],"version-history":[{"count":1,"href":"https:\/\/www.diario21.tv\/noticias\/wp-json\/wp\/v2\/posts\/614\/revisions"}],"predecessor-version":[{"id":616,"href":"https:\/\/www.diario21.tv\/noticias\/wp-json\/wp\/v2\/posts\/614\/revisions\/616"}],"wp:featuredmedia":[{"embeddable":true,"href":"https:\/\/www.diario21.tv\/noticias\/wp-json\/wp\/v2\/media\/615"}],"wp:attachment":[{"href":"https:\/\/www.diario21.tv\/noticias\/wp-json\/wp\/v2\/media?parent=614"}],"wp:term":[{"taxonomy":"category","embeddable":true,"href":"https:\/\/www.diario21.tv\/noticias\/wp-json\/wp\/v2\/categories?post=614"},{"taxonomy":"post_tag","embeddable":true,"href":"https:\/\/www.diario21.tv\/noticias\/wp-json\/wp\/v2\/tags?post=614"}],"curies":[{"name":"wp","href":"https:\/\/api.w.org\/{rel}","templated":true}]}}