{"id":6138,"date":"2026-02-07T03:29:42","date_gmt":"2026-02-07T03:29:42","guid":{"rendered":"https:\/\/www.diario21.tv\/noticias\/telegram-contra-sanchez-acusaciones-de-control-total-enfrentan-a-gobierno-y-plataforma\/"},"modified":"2026-02-07T03:29:45","modified_gmt":"2026-02-07T03:29:45","slug":"telegram-contra-sanchez-acusaciones-de-control-total-enfrentan-a-gobierno-y-plataforma","status":"publish","type":"post","link":"https:\/\/www.diario21.tv\/noticias\/telegram-contra-sanchez-acusaciones-de-control-total-enfrentan-a-gobierno-y-plataforma\/","title":{"rendered":"Telegram contra S\u00e1nchez: Acusaciones de &#8216;control total&#8217; enfrentan a Gobierno y plataforma"},"content":{"rendered":"<h2>Telegram Critica a S\u00e1nchez por Buscar &#8220;Control Absoluto&#8221; mientras que el Gobierno Reprocha un &#8220;Ataque Plagado de Falsedades&#8221;<\/h2>\n<p>En un reciente enfrentamiento p\u00fablico, la plataforma de mensajer\u00eda Telegram ha lanzado una fuerte acusaci\u00f3n contra el presidente del gobierno espa\u00f1ol, Pedro S\u00e1nchez, alegando que tiene como objetivo alcanzar un &#8220;control total&#8221; sobre la informaci\u00f3n. Este se\u00f1alamiento ha provocado una r\u00e1pida respuesta por parte del Gobierno, que ha calificado las declaraciones de Telegram de ser un &#8220;ataque lleno de bulos&#8221;.<\/p>\n<h3>Acusaci\u00f3n de Telegram<\/h3>\n<p>Seg\u00fan Telegram, la administraci\u00f3n de S\u00e1nchez est\u00e1 implementando estrategias que buscan supervisar y regular de manera m\u00e1s estricta los contenidos que circulan en internet, especialmente en redes sociales y plataformas de comunicaci\u00f3n. La compa\u00f1\u00eda argumenta que estas medidas son un intento por parte del gobierno de imponer una censura m\u00e1s rigurosa y controlar la narrativa p\u00fablica a su favor.<\/p>\n<p>Telegram sostiene que este esfuerzo por parte del gobierno no solo atenta contra la libertad de expresi\u00f3n, sino que tambi\u00e9n pone en peligro la privacidad y seguridad de los usuarios, quienes podr\u00edan ver comprometida su capacidad para comunicarse libremente.<\/p>\n<h3>Respuesta del Gobierno<\/h3>\n<p>Por su parte, el Gobierno espa\u00f1ol ha respondido tajantemente a las acusaciones, defendiendo sus pol\u00edticas como necesarias para combatir la desinformaci\u00f3n y proteger a los ciudadanos de noticias falsas y contenidos da\u00f1inos que pueden proliferar en plataformas digitales. El Ejecutivo ha enfatizado que sus iniciativas est\u00e1n dise\u00f1adas para preservar la integridad del espacio digital y asegurar que la informaci\u00f3n que reciben los ciudadanos sea veraz y confiable.<\/p>\n<p>El Gobierno tambi\u00e9n ha denunciado que las afirmaciones de Telegram son parte de un ataque desinformante que tiene como fin desacreditar las acciones gubernamentales y sembrar dudas entre la poblaci\u00f3n. Seg\u00fan el Gobierno, este tipo de acusaciones sin fundamento no contribuyen a la discusi\u00f3n constructiva sobre c\u00f3mo gestionar los desaf\u00edos que plantea el entorno digital moderno.<\/p>\n<h3>Impacto de la Controversia<\/h3>\n<p>Este enfrentamiento entre Telegram y el Gobierno espa\u00f1ol ha generado una amplia discusi\u00f3n en la sociedad sobre el equilibrio entre seguridad y privacidad en internet. Mientras algunos ciudadanos apoyan la postura de Telegram, argumentando que cualquier forma de control gubernamental sobre las comunicaciones es una amenaza para las libertades individuales, otros respaldan al Gobierno, subrayando la importancia de tener regulaciones que impidan la propagaci\u00f3n de informaci\u00f3n falsa y manipulada.<\/p>\n<p>La controversia tambi\u00e9n ha llamado la atenci\u00f3n sobre la necesidad de transparencia en las acciones del gobierno y las pol\u00edticas que implementa en relaci\u00f3n con la gesti\u00f3n de contenidos en internet. La sociedad demanda claridad sobre c\u00f3mo estas pol\u00edticas afectar\u00e1n su d\u00eda a d\u00eda y hasta qu\u00e9 punto sus derechos a la privacidad y libre expresi\u00f3n ser\u00e1n respetados.<\/p>\n<p>Este debate contin\u00faa evolucionando y es un claro ejemplo de las tensiones que pueden surgir cuando se trata de gestionar la libertad de expresi\u00f3n y la seguridad en la era digital.<\/p>\n\n\n<div class=\"kk-star-ratings kksr-auto kksr-align-left kksr-valign-bottom\"\n    data-payload='{&quot;align&quot;:&quot;left&quot;,&quot;id&quot;:&quot;6138&quot;,&quot;slug&quot;:&quot;default&quot;,&quot;valign&quot;:&quot;bottom&quot;,&quot;ignore&quot;:&quot;&quot;,&quot;reference&quot;:&quot;auto&quot;,&quot;class&quot;:&quot;&quot;,&quot;count&quot;:&quot;0&quot;,&quot;legendonly&quot;:&quot;&quot;,&quot;readonly&quot;:&quot;&quot;,&quot;score&quot;:&quot;0&quot;,&quot;starsonly&quot;:&quot;&quot;,&quot;best&quot;:&quot;5&quot;,&quot;gap&quot;:&quot;5&quot;,&quot;greet&quot;:&quot;Valora este post&quot;,&quot;legend&quot;:&quot;0\\\/5 - (0 votes)&quot;,&quot;size&quot;:&quot;22&quot;,&quot;title&quot;:&quot;Telegram contra S\u00e1nchez: Acusaciones de \\u0026#039;control total\\u0026#039; enfrentan a Gobierno y plataforma&quot;,&quot;width&quot;:&quot;0&quot;,&quot;_legend&quot;:&quot;{score}\\\/{best} - ({count} {votes})&quot;,&quot;font_factor&quot;:&quot;1.25&quot;}'>\n            \n<div class=\"kksr-stars\">\n    \n<div class=\"kksr-stars-inactive\">\n            <div class=\"kksr-star\" data-star=\"1\" style=\"padding-right: 5px\">\n            \n\n<div class=\"kksr-icon\" style=\"width: 22px; height: 22px;\"><\/div>\n        <\/div>\n            <div class=\"kksr-star\" data-star=\"2\" style=\"padding-right: 5px\">\n            \n\n<div class=\"kksr-icon\" style=\"width: 22px; height: 22px;\"><\/div>\n        <\/div>\n            <div class=\"kksr-star\" data-star=\"3\" style=\"padding-right: 5px\">\n            \n\n<div class=\"kksr-icon\" style=\"width: 22px; height: 22px;\"><\/div>\n        <\/div>\n            <div class=\"kksr-star\" data-star=\"4\" style=\"padding-right: 5px\">\n            \n\n<div class=\"kksr-icon\" style=\"width: 22px; height: 22px;\"><\/div>\n        <\/div>\n            <div class=\"kksr-star\" data-star=\"5\" style=\"padding-right: 5px\">\n            \n\n<div class=\"kksr-icon\" style=\"width: 22px; height: 22px;\"><\/div>\n        <\/div>\n    <\/div>\n    \n<div class=\"kksr-stars-active\" style=\"width: 0px;\">\n            <div class=\"kksr-star\" style=\"padding-right: 5px\">\n            \n\n<div class=\"kksr-icon\" style=\"width: 22px; height: 22px;\"><\/div>\n        <\/div>\n            <div class=\"kksr-star\" style=\"padding-right: 5px\">\n            \n\n<div class=\"kksr-icon\" style=\"width: 22px; height: 22px;\"><\/div>\n        <\/div>\n            <div class=\"kksr-star\" style=\"padding-right: 5px\">\n            \n\n<div class=\"kksr-icon\" style=\"width: 22px; height: 22px;\"><\/div>\n        <\/div>\n            <div class=\"kksr-star\" style=\"padding-right: 5px\">\n            \n\n<div class=\"kksr-icon\" style=\"width: 22px; height: 22px;\"><\/div>\n        <\/div>\n            <div class=\"kksr-star\" style=\"padding-right: 5px\">\n            \n\n<div class=\"kksr-icon\" style=\"width: 22px; height: 22px;\"><\/div>\n        <\/div>\n    <\/div>\n<\/div>\n                \n\n<div class=\"kksr-legend\" style=\"font-size: 17.6px;\">\n            <span class=\"kksr-muted\">Valora este post<\/span>\n    <\/div>\n    <\/div>\n","protected":false},"excerpt":{"rendered":"<p>Telegram Critica a S\u00e1nchez por Buscar &#8220;Control Absoluto&#8221; mientras que el Gobierno Reprocha un &#8220;Ataque Plagado de Falsedades&#8221; En un reciente enfrentamiento p\u00fablico, la plataforma de &#8230; <a title=\"Telegram contra S\u00e1nchez: Acusaciones de &#8216;control total&#8217; enfrentan a Gobierno y plataforma\" class=\"read-more\" href=\"https:\/\/www.diario21.tv\/noticias\/telegram-contra-sanchez-acusaciones-de-control-total-enfrentan-a-gobierno-y-plataforma\/\" aria-label=\"Leer m\u00e1s sobre Telegram contra S\u00e1nchez: Acusaciones de &#8216;control total&#8217; enfrentan a Gobierno y plataforma\">Seguir leyendo &rarr;<\/a><\/p>\n","protected":false},"author":20,"featured_media":6139,"comment_status":"open","ping_status":"open","sticky":false,"template":"","format":"standard","meta":{"footnotes":""},"categories":[13],"tags":[],"class_list":["post-6138","post","type-post","status-publish","format-standard","has-post-thumbnail","hentry","category-portada"],"yoast_head":"<!-- This site is optimized with the Yoast SEO plugin v25.6 - https:\/\/yoast.com\/wordpress\/plugins\/seo\/ -->\n<title>Telegram contra S\u00e1nchez: Acusaciones de &#039;control total&#039; enfrentan a Gobierno y plataforma - Diario 21<\/title>\n<meta name=\"robots\" content=\"index, follow, max-snippet:-1, max-image-preview:large, max-video-preview:-1\" \/>\n<link rel=\"canonical\" href=\"https:\/\/www.diario21.tv\/noticias\/telegram-contra-sanchez-acusaciones-de-control-total-enfrentan-a-gobierno-y-plataforma\/\" \/>\n<meta property=\"og:locale\" content=\"es_ES\" \/>\n<meta property=\"og:type\" content=\"article\" \/>\n<meta property=\"og:title\" content=\"Telegram contra S\u00e1nchez: Acusaciones de &#039;control total&#039; enfrentan a Gobierno y plataforma - Diario 21\" \/>\n<meta property=\"og:description\" content=\"Telegram Critica a S\u00e1nchez por Buscar &#8220;Control Absoluto&#8221; mientras que el Gobierno Reprocha un &#8220;Ataque Plagado de Falsedades&#8221; En un reciente enfrentamiento p\u00fablico, la plataforma de ... Seguir leyendo &rarr;\" \/>\n<meta property=\"og:url\" content=\"https:\/\/www.diario21.tv\/noticias\/telegram-contra-sanchez-acusaciones-de-control-total-enfrentan-a-gobierno-y-plataforma\/\" \/>\n<meta property=\"og:site_name\" content=\"Diario 21\" \/>\n<meta property=\"article:published_time\" content=\"2026-02-07T03:29:42+00:00\" \/>\n<meta property=\"article:modified_time\" content=\"2026-02-07T03:29:45+00:00\" \/>\n<meta property=\"og:image\" content=\"https:\/\/www.diario21.tv\/noticias\/wp-content\/uploads\/2026\/02\/Telegram-contra-Sanchez-Acusaciones-de-control-total-enfrentan-a-Gobierno.jpeg\" \/>\n\t<meta property=\"og:image:width\" content=\"1200\" \/>\n\t<meta property=\"og:image:height\" content=\"840\" \/>\n\t<meta property=\"og:image:type\" content=\"image\/jpeg\" \/>\n<meta name=\"author\" content=\"Juan P\u00e9rez\" \/>\n<meta name=\"twitter:card\" content=\"summary_large_image\" \/>\n<meta name=\"twitter:label1\" content=\"Escrito por\" \/>\n\t<meta name=\"twitter:data1\" content=\"Juan P\u00e9rez\" \/>\n\t<meta name=\"twitter:label2\" content=\"Tiempo de lectura\" \/>\n\t<meta name=\"twitter:data2\" content=\"3 minutos\" \/>\n<script type=\"application\/ld+json\" class=\"yoast-schema-graph\">{\"@context\":\"https:\/\/schema.org\",\"@graph\":[{\"@type\":\"WebPage\",\"@id\":\"https:\/\/www.diario21.tv\/noticias\/telegram-contra-sanchez-acusaciones-de-control-total-enfrentan-a-gobierno-y-plataforma\/\",\"url\":\"https:\/\/www.diario21.tv\/noticias\/telegram-contra-sanchez-acusaciones-de-control-total-enfrentan-a-gobierno-y-plataforma\/\",\"name\":\"Telegram contra S\u00e1nchez: Acusaciones de 'control total' enfrentan a Gobierno y plataforma - Diario 21\",\"isPartOf\":{\"@id\":\"https:\/\/www.diario21.tv\/noticias\/#website\"},\"primaryImageOfPage\":{\"@id\":\"https:\/\/www.diario21.tv\/noticias\/telegram-contra-sanchez-acusaciones-de-control-total-enfrentan-a-gobierno-y-plataforma\/#primaryimage\"},\"image\":{\"@id\":\"https:\/\/www.diario21.tv\/noticias\/telegram-contra-sanchez-acusaciones-de-control-total-enfrentan-a-gobierno-y-plataforma\/#primaryimage\"},\"thumbnailUrl\":\"https:\/\/www.diario21.tv\/noticias\/wp-content\/uploads\/2026\/02\/Telegram-contra-Sanchez-Acusaciones-de-control-total-enfrentan-a-Gobierno.jpeg\",\"datePublished\":\"2026-02-07T03:29:42+00:00\",\"dateModified\":\"2026-02-07T03:29:45+00:00\",\"author\":{\"@id\":\"https:\/\/www.diario21.tv\/noticias\/#\/schema\/person\/dfb778f73814d8f09f302618446a526b\"},\"breadcrumb\":{\"@id\":\"https:\/\/www.diario21.tv\/noticias\/telegram-contra-sanchez-acusaciones-de-control-total-enfrentan-a-gobierno-y-plataforma\/#breadcrumb\"},\"inLanguage\":\"es-AR\",\"potentialAction\":[{\"@type\":\"ReadAction\",\"target\":[\"https:\/\/www.diario21.tv\/noticias\/telegram-contra-sanchez-acusaciones-de-control-total-enfrentan-a-gobierno-y-plataforma\/\"]}]},{\"@type\":\"ImageObject\",\"inLanguage\":\"es-AR\",\"@id\":\"https:\/\/www.diario21.tv\/noticias\/telegram-contra-sanchez-acusaciones-de-control-total-enfrentan-a-gobierno-y-plataforma\/#primaryimage\",\"url\":\"https:\/\/www.diario21.tv\/noticias\/wp-content\/uploads\/2026\/02\/Telegram-contra-Sanchez-Acusaciones-de-control-total-enfrentan-a-Gobierno.jpeg\",\"contentUrl\":\"https:\/\/www.diario21.tv\/noticias\/wp-content\/uploads\/2026\/02\/Telegram-contra-Sanchez-Acusaciones-de-control-total-enfrentan-a-Gobierno.jpeg\",\"width\":1200,\"height\":840,\"caption\":\"Telegram acusa a S\u00e1nchez de buscar \u00abel control total\u00bb y el Gobierno denuncia un \u00abataque lleno de bulos\u00bb\"},{\"@type\":\"BreadcrumbList\",\"@id\":\"https:\/\/www.diario21.tv\/noticias\/telegram-contra-sanchez-acusaciones-de-control-total-enfrentan-a-gobierno-y-plataforma\/#breadcrumb\",\"itemListElement\":[{\"@type\":\"ListItem\",\"position\":1,\"name\":\"Accueil\",\"item\":\"https:\/\/www.diario21.tv\/noticias\/\"},{\"@type\":\"ListItem\",\"position\":2,\"name\":\"Telegram contra S\u00e1nchez: Acusaciones de &#8216;control total&#8217; enfrentan a Gobierno y plataforma\"}]},{\"@type\":\"WebSite\",\"@id\":\"https:\/\/www.diario21.tv\/noticias\/#website\",\"url\":\"https:\/\/www.diario21.tv\/noticias\/\",\"name\":\"Diario 21\",\"description\":\"\",\"potentialAction\":[{\"@type\":\"SearchAction\",\"target\":{\"@type\":\"EntryPoint\",\"urlTemplate\":\"https:\/\/www.diario21.tv\/noticias\/?s={search_term_string}\"},\"query-input\":{\"@type\":\"PropertyValueSpecification\",\"valueRequired\":true,\"valueName\":\"search_term_string\"}}],\"inLanguage\":\"es-AR\"},{\"@type\":\"Person\",\"@id\":\"https:\/\/www.diario21.tv\/noticias\/#\/schema\/person\/dfb778f73814d8f09f302618446a526b\",\"name\":\"Juan P\u00e9rez\",\"image\":{\"@type\":\"ImageObject\",\"inLanguage\":\"es-AR\",\"@id\":\"https:\/\/www.diario21.tv\/noticias\/#\/schema\/person\/image\/\",\"url\":\"https:\/\/secure.gravatar.com\/avatar\/c478a405bd10621167f4c3167cc770f5?s=96&d=mm&r=g\",\"contentUrl\":\"https:\/\/secure.gravatar.com\/avatar\/c478a405bd10621167f4c3167cc770f5?s=96&d=mm&r=g\",\"caption\":\"Juan P\u00e9rez\"},\"description\":\"Juan P\u00e9rez es el redactor en jefe de Diario 21. Con m\u00e1s de 10 a\u00f1os de experiencia en el periodismo, se especializa en pol\u00edtica nacional y an\u00e1lisis socioecon\u00f3mico. Su enfoque cr\u00edtico y riguroso aporta una perspectiva \u00fanica a cada art\u00edculo.\",\"sameAs\":[\"https:\/\/www.diario21.tv\/noticias\/\"],\"url\":\"https:\/\/www.diario21.tv\/noticias\/author\/juan-perez\/\"}]}<\/script>\n<!-- \/ Yoast SEO plugin. -->","yoast_head_json":{"title":"Telegram contra S\u00e1nchez: Acusaciones de 'control total' enfrentan a Gobierno y plataforma - Diario 21","robots":{"index":"index","follow":"follow","max-snippet":"max-snippet:-1","max-image-preview":"max-image-preview:large","max-video-preview":"max-video-preview:-1"},"canonical":"https:\/\/www.diario21.tv\/noticias\/telegram-contra-sanchez-acusaciones-de-control-total-enfrentan-a-gobierno-y-plataforma\/","og_locale":"es_ES","og_type":"article","og_title":"Telegram contra S\u00e1nchez: Acusaciones de 'control total' enfrentan a Gobierno y plataforma - Diario 21","og_description":"Telegram Critica a S\u00e1nchez por Buscar &#8220;Control Absoluto&#8221; mientras que el Gobierno Reprocha un &#8220;Ataque Plagado de Falsedades&#8221; En un reciente enfrentamiento p\u00fablico, la plataforma de ... Seguir leyendo &rarr;","og_url":"https:\/\/www.diario21.tv\/noticias\/telegram-contra-sanchez-acusaciones-de-control-total-enfrentan-a-gobierno-y-plataforma\/","og_site_name":"Diario 21","article_published_time":"2026-02-07T03:29:42+00:00","article_modified_time":"2026-02-07T03:29:45+00:00","og_image":[{"width":1200,"height":840,"url":"https:\/\/www.diario21.tv\/noticias\/wp-content\/uploads\/2026\/02\/Telegram-contra-Sanchez-Acusaciones-de-control-total-enfrentan-a-Gobierno.jpeg","type":"image\/jpeg"}],"author":"Juan P\u00e9rez","twitter_card":"summary_large_image","twitter_misc":{"Escrito por":"Juan P\u00e9rez","Tiempo de lectura":"3 minutos"},"schema":{"@context":"https:\/\/schema.org","@graph":[{"@type":"WebPage","@id":"https:\/\/www.diario21.tv\/noticias\/telegram-contra-sanchez-acusaciones-de-control-total-enfrentan-a-gobierno-y-plataforma\/","url":"https:\/\/www.diario21.tv\/noticias\/telegram-contra-sanchez-acusaciones-de-control-total-enfrentan-a-gobierno-y-plataforma\/","name":"Telegram contra S\u00e1nchez: Acusaciones de 'control total' enfrentan a Gobierno y plataforma - Diario 21","isPartOf":{"@id":"https:\/\/www.diario21.tv\/noticias\/#website"},"primaryImageOfPage":{"@id":"https:\/\/www.diario21.tv\/noticias\/telegram-contra-sanchez-acusaciones-de-control-total-enfrentan-a-gobierno-y-plataforma\/#primaryimage"},"image":{"@id":"https:\/\/www.diario21.tv\/noticias\/telegram-contra-sanchez-acusaciones-de-control-total-enfrentan-a-gobierno-y-plataforma\/#primaryimage"},"thumbnailUrl":"https:\/\/www.diario21.tv\/noticias\/wp-content\/uploads\/2026\/02\/Telegram-contra-Sanchez-Acusaciones-de-control-total-enfrentan-a-Gobierno.jpeg","datePublished":"2026-02-07T03:29:42+00:00","dateModified":"2026-02-07T03:29:45+00:00","author":{"@id":"https:\/\/www.diario21.tv\/noticias\/#\/schema\/person\/dfb778f73814d8f09f302618446a526b"},"breadcrumb":{"@id":"https:\/\/www.diario21.tv\/noticias\/telegram-contra-sanchez-acusaciones-de-control-total-enfrentan-a-gobierno-y-plataforma\/#breadcrumb"},"inLanguage":"es-AR","potentialAction":[{"@type":"ReadAction","target":["https:\/\/www.diario21.tv\/noticias\/telegram-contra-sanchez-acusaciones-de-control-total-enfrentan-a-gobierno-y-plataforma\/"]}]},{"@type":"ImageObject","inLanguage":"es-AR","@id":"https:\/\/www.diario21.tv\/noticias\/telegram-contra-sanchez-acusaciones-de-control-total-enfrentan-a-gobierno-y-plataforma\/#primaryimage","url":"https:\/\/www.diario21.tv\/noticias\/wp-content\/uploads\/2026\/02\/Telegram-contra-Sanchez-Acusaciones-de-control-total-enfrentan-a-Gobierno.jpeg","contentUrl":"https:\/\/www.diario21.tv\/noticias\/wp-content\/uploads\/2026\/02\/Telegram-contra-Sanchez-Acusaciones-de-control-total-enfrentan-a-Gobierno.jpeg","width":1200,"height":840,"caption":"Telegram acusa a S\u00e1nchez de buscar \u00abel control total\u00bb y el Gobierno denuncia un \u00abataque lleno de bulos\u00bb"},{"@type":"BreadcrumbList","@id":"https:\/\/www.diario21.tv\/noticias\/telegram-contra-sanchez-acusaciones-de-control-total-enfrentan-a-gobierno-y-plataforma\/#breadcrumb","itemListElement":[{"@type":"ListItem","position":1,"name":"Accueil","item":"https:\/\/www.diario21.tv\/noticias\/"},{"@type":"ListItem","position":2,"name":"Telegram contra S\u00e1nchez: Acusaciones de &#8216;control total&#8217; enfrentan a Gobierno y plataforma"}]},{"@type":"WebSite","@id":"https:\/\/www.diario21.tv\/noticias\/#website","url":"https:\/\/www.diario21.tv\/noticias\/","name":"Diario 21","description":"","potentialAction":[{"@type":"SearchAction","target":{"@type":"EntryPoint","urlTemplate":"https:\/\/www.diario21.tv\/noticias\/?s={search_term_string}"},"query-input":{"@type":"PropertyValueSpecification","valueRequired":true,"valueName":"search_term_string"}}],"inLanguage":"es-AR"},{"@type":"Person","@id":"https:\/\/www.diario21.tv\/noticias\/#\/schema\/person\/dfb778f73814d8f09f302618446a526b","name":"Juan P\u00e9rez","image":{"@type":"ImageObject","inLanguage":"es-AR","@id":"https:\/\/www.diario21.tv\/noticias\/#\/schema\/person\/image\/","url":"https:\/\/secure.gravatar.com\/avatar\/c478a405bd10621167f4c3167cc770f5?s=96&d=mm&r=g","contentUrl":"https:\/\/secure.gravatar.com\/avatar\/c478a405bd10621167f4c3167cc770f5?s=96&d=mm&r=g","caption":"Juan P\u00e9rez"},"description":"Juan P\u00e9rez es el redactor en jefe de Diario 21. Con m\u00e1s de 10 a\u00f1os de experiencia en el periodismo, se especializa en pol\u00edtica nacional y an\u00e1lisis socioecon\u00f3mico. Su enfoque cr\u00edtico y riguroso aporta una perspectiva \u00fanica a cada art\u00edculo.","sameAs":["https:\/\/www.diario21.tv\/noticias\/"],"url":"https:\/\/www.diario21.tv\/noticias\/author\/juan-perez\/"}]}},"_links":{"self":[{"href":"https:\/\/www.diario21.tv\/noticias\/wp-json\/wp\/v2\/posts\/6138"}],"collection":[{"href":"https:\/\/www.diario21.tv\/noticias\/wp-json\/wp\/v2\/posts"}],"about":[{"href":"https:\/\/www.diario21.tv\/noticias\/wp-json\/wp\/v2\/types\/post"}],"author":[{"embeddable":true,"href":"https:\/\/www.diario21.tv\/noticias\/wp-json\/wp\/v2\/users\/20"}],"replies":[{"embeddable":true,"href":"https:\/\/www.diario21.tv\/noticias\/wp-json\/wp\/v2\/comments?post=6138"}],"version-history":[{"count":1,"href":"https:\/\/www.diario21.tv\/noticias\/wp-json\/wp\/v2\/posts\/6138\/revisions"}],"predecessor-version":[{"id":6140,"href":"https:\/\/www.diario21.tv\/noticias\/wp-json\/wp\/v2\/posts\/6138\/revisions\/6140"}],"wp:featuredmedia":[{"embeddable":true,"href":"https:\/\/www.diario21.tv\/noticias\/wp-json\/wp\/v2\/media\/6139"}],"wp:attachment":[{"href":"https:\/\/www.diario21.tv\/noticias\/wp-json\/wp\/v2\/media?parent=6138"}],"wp:term":[{"taxonomy":"category","embeddable":true,"href":"https:\/\/www.diario21.tv\/noticias\/wp-json\/wp\/v2\/categories?post=6138"},{"taxonomy":"post_tag","embeddable":true,"href":"https:\/\/www.diario21.tv\/noticias\/wp-json\/wp\/v2\/tags?post=6138"}],"curies":[{"name":"wp","href":"https:\/\/api.w.org\/{rel}","templated":true}]}}