{"id":6117,"date":"2026-02-05T09:20:32","date_gmt":"2026-02-05T09:20:32","guid":{"rendered":"https:\/\/www.diario21.tv\/noticias\/descubierta-talla-del-siglo-xv-robada-en-palencia-hace-45-anos-recuperada-en-subasta-italiana\/"},"modified":"2026-02-05T09:20:35","modified_gmt":"2026-02-05T09:20:35","slug":"descubierta-talla-del-siglo-xv-robada-en-palencia-hace-45-anos-recuperada-en-subasta-italiana","status":"publish","type":"post","link":"https:\/\/www.diario21.tv\/noticias\/descubierta-talla-del-siglo-xv-robada-en-palencia-hace-45-anos-recuperada-en-subasta-italiana\/","title":{"rendered":"\u00a1Descubierta! Talla del siglo XV robada en Palencia hace 45 a\u00f1os, recuperada en subasta italiana"},"content":{"rendered":"<h2>Recuperaci\u00f3n de una Obra de Arte Robada en Subasta Italiana<\/h2>\n<p>En un reciente evento de subasta en Italia, se logr\u00f3 recuperar una valiosa escultura del siglo XV que hab\u00eda sido sustra\u00edda de Palencia hace casi medio siglo. Este descubrimiento marca un significativo triunfo en la lucha contra el tr\u00e1fico ilegal de bienes culturales.<\/p>\n<h3>Detalles del Robo y la Recuperaci\u00f3n<\/h3>\n<p>La obra, una talla de madera que data del siglo XV, hab\u00eda sido robada de una ubicaci\u00f3n en Palencia hace 45 a\u00f1os. Su ausencia fue notablemente lamentada en la comunidad, dado su valor tanto hist\u00f3rico como cultural. La pieza fue identificada en una subasta en Italia, donde las autoridades pudieron intervenir antes de que la venta se concretara.<\/p>\n<p>Los expertos en arte y las autoridades italianas trabajaron en colaboraci\u00f3n con sus hom\u00f3logos espa\u00f1oles para verificar la autenticidad y procedencia de la escultura. Tras confirmar que se trataba de la misma obra robada d\u00e9cadas atr\u00e1s, se procedi\u00f3 a su recuperaci\u00f3n.<\/p>\n<h3>Impacto Cultural y Significado de la Obra<\/h3>\n<p>La talla del siglo XV es m\u00e1s que una mera pieza de arte; es un testimonio viviente de la habilidad y la est\u00e9tica de la \u00e9poca en que fue creada. Su regreso no solo es una victoria legal, sino tambi\u00e9n un acontecimiento de gran alegr\u00eda para los aficionados al arte y la historia en Palencia y m\u00e1s all\u00e1.<\/p>\n<p>La obra hab\u00eda sido parte crucial del patrimonio local, contribuyendo a la narrativa hist\u00f3rica de la regi\u00f3n y ofreciendo a los habitantes y visitantes un v\u00ednculo tangible con el pasado. La p\u00e9rdida de tales obras a manos de ladrones no s\u00f3lo empobrece el acervo cultural sino que tambi\u00e9n priva a las futuras generaciones de una conexi\u00f3n profunda con su historia.<\/p>\n<h3>Esperanzas y Futuro<\/h3>\n<p>Con la recuperaci\u00f3n de esta talla del siglo XV, se renuevan las esperanzas en la lucha contra el robo y tr\u00e1fico ilegal de obras de arte. Este caso tambi\u00e9n resalta la importancia de la cooperaci\u00f3n internacional entre agencias y gobiernos para proteger y preservar el patrimonio cultural global.<\/p>\n<p>La comunidad de Palencia espera con ansias el regreso de la escultura, que ser\u00e1 reintegrada a su lugar original, donde podr\u00e1 ser admirada y estudiada por nuevas generaciones. Este evento no solo restituye una pieza al lugar que le corresponde sino que tambi\u00e9n refuerza el compromiso de las autoridades y la sociedad en la protecci\u00f3n del arte y la cultura como legados invaluables de la humanidad.<\/p>\n\n\n<div class=\"kk-star-ratings kksr-auto kksr-align-left kksr-valign-bottom\"\n    data-payload='{&quot;align&quot;:&quot;left&quot;,&quot;id&quot;:&quot;6117&quot;,&quot;slug&quot;:&quot;default&quot;,&quot;valign&quot;:&quot;bottom&quot;,&quot;ignore&quot;:&quot;&quot;,&quot;reference&quot;:&quot;auto&quot;,&quot;class&quot;:&quot;&quot;,&quot;count&quot;:&quot;0&quot;,&quot;legendonly&quot;:&quot;&quot;,&quot;readonly&quot;:&quot;&quot;,&quot;score&quot;:&quot;0&quot;,&quot;starsonly&quot;:&quot;&quot;,&quot;best&quot;:&quot;5&quot;,&quot;gap&quot;:&quot;5&quot;,&quot;greet&quot;:&quot;Valora este post&quot;,&quot;legend&quot;:&quot;0\\\/5 - (0 votes)&quot;,&quot;size&quot;:&quot;22&quot;,&quot;title&quot;:&quot;\u00a1Descubierta! Talla del siglo XV robada en Palencia hace 45 a\u00f1os, recuperada en subasta italiana&quot;,&quot;width&quot;:&quot;0&quot;,&quot;_legend&quot;:&quot;{score}\\\/{best} - ({count} {votes})&quot;,&quot;font_factor&quot;:&quot;1.25&quot;}'>\n            \n<div class=\"kksr-stars\">\n    \n<div class=\"kksr-stars-inactive\">\n            <div class=\"kksr-star\" data-star=\"1\" style=\"padding-right: 5px\">\n            \n\n<div class=\"kksr-icon\" style=\"width: 22px; height: 22px;\"><\/div>\n        <\/div>\n            <div class=\"kksr-star\" data-star=\"2\" style=\"padding-right: 5px\">\n            \n\n<div class=\"kksr-icon\" style=\"width: 22px; height: 22px;\"><\/div>\n        <\/div>\n            <div class=\"kksr-star\" data-star=\"3\" style=\"padding-right: 5px\">\n            \n\n<div class=\"kksr-icon\" style=\"width: 22px; height: 22px;\"><\/div>\n        <\/div>\n            <div class=\"kksr-star\" data-star=\"4\" style=\"padding-right: 5px\">\n            \n\n<div class=\"kksr-icon\" style=\"width: 22px; height: 22px;\"><\/div>\n        <\/div>\n            <div class=\"kksr-star\" data-star=\"5\" style=\"padding-right: 5px\">\n            \n\n<div class=\"kksr-icon\" style=\"width: 22px; height: 22px;\"><\/div>\n        <\/div>\n    <\/div>\n    \n<div class=\"kksr-stars-active\" style=\"width: 0px;\">\n            <div class=\"kksr-star\" style=\"padding-right: 5px\">\n            \n\n<div class=\"kksr-icon\" style=\"width: 22px; height: 22px;\"><\/div>\n        <\/div>\n            <div class=\"kksr-star\" style=\"padding-right: 5px\">\n            \n\n<div class=\"kksr-icon\" style=\"width: 22px; height: 22px;\"><\/div>\n        <\/div>\n            <div class=\"kksr-star\" style=\"padding-right: 5px\">\n            \n\n<div class=\"kksr-icon\" style=\"width: 22px; height: 22px;\"><\/div>\n        <\/div>\n            <div class=\"kksr-star\" style=\"padding-right: 5px\">\n            \n\n<div class=\"kksr-icon\" style=\"width: 22px; height: 22px;\"><\/div>\n        <\/div>\n            <div class=\"kksr-star\" style=\"padding-right: 5px\">\n            \n\n<div class=\"kksr-icon\" style=\"width: 22px; height: 22px;\"><\/div>\n        <\/div>\n    <\/div>\n<\/div>\n                \n\n<div class=\"kksr-legend\" style=\"font-size: 17.6px;\">\n            <span class=\"kksr-muted\">Valora este post<\/span>\n    <\/div>\n    <\/div>\n","protected":false},"excerpt":{"rendered":"<p>Recuperaci\u00f3n de una Obra de Arte Robada en Subasta Italiana En un reciente evento de subasta en Italia, se logr\u00f3 recuperar una valiosa escultura del siglo &#8230; <a title=\"\u00a1Descubierta! Talla del siglo XV robada en Palencia hace 45 a\u00f1os, recuperada en subasta italiana\" class=\"read-more\" href=\"https:\/\/www.diario21.tv\/noticias\/descubierta-talla-del-siglo-xv-robada-en-palencia-hace-45-anos-recuperada-en-subasta-italiana\/\" aria-label=\"Leer m\u00e1s sobre \u00a1Descubierta! Talla del siglo XV robada en Palencia hace 45 a\u00f1os, recuperada en subasta italiana\">Seguir leyendo &rarr;<\/a><\/p>\n","protected":false},"author":20,"featured_media":6118,"comment_status":"open","ping_status":"open","sticky":false,"template":"","format":"standard","meta":{"footnotes":""},"categories":[13],"tags":[],"class_list":["post-6117","post","type-post","status-publish","format-standard","has-post-thumbnail","hentry","category-portada"],"yoast_head":"<!-- This site is optimized with the Yoast SEO plugin v25.6 - https:\/\/yoast.com\/wordpress\/plugins\/seo\/ -->\n<title>\u00a1Descubierta! Talla del siglo XV robada en Palencia hace 45 a\u00f1os, recuperada en subasta italiana - Diario 21<\/title>\n<meta name=\"robots\" content=\"index, follow, max-snippet:-1, max-image-preview:large, max-video-preview:-1\" \/>\n<link rel=\"canonical\" href=\"https:\/\/www.diario21.tv\/noticias\/descubierta-talla-del-siglo-xv-robada-en-palencia-hace-45-anos-recuperada-en-subasta-italiana\/\" \/>\n<meta property=\"og:locale\" content=\"es_ES\" \/>\n<meta property=\"og:type\" content=\"article\" \/>\n<meta property=\"og:title\" content=\"\u00a1Descubierta! Talla del siglo XV robada en Palencia hace 45 a\u00f1os, recuperada en subasta italiana - Diario 21\" \/>\n<meta property=\"og:description\" content=\"Recuperaci\u00f3n de una Obra de Arte Robada en Subasta Italiana En un reciente evento de subasta en Italia, se logr\u00f3 recuperar una valiosa escultura del siglo ... Seguir leyendo &rarr;\" \/>\n<meta property=\"og:url\" content=\"https:\/\/www.diario21.tv\/noticias\/descubierta-talla-del-siglo-xv-robada-en-palencia-hace-45-anos-recuperada-en-subasta-italiana\/\" \/>\n<meta property=\"og:site_name\" content=\"Diario 21\" \/>\n<meta property=\"article:published_time\" content=\"2026-02-05T09:20:32+00:00\" \/>\n<meta property=\"article:modified_time\" content=\"2026-02-05T09:20:35+00:00\" \/>\n<meta property=\"og:image\" content=\"https:\/\/www.diario21.tv\/noticias\/wp-content\/uploads\/2026\/02\/\u00a1Descubierta-Talla-del-siglo-XV-robada-en-Palencia-hace-45.jpg\" \/>\n\t<meta property=\"og:image:width\" content=\"1920\" \/>\n\t<meta property=\"og:image:height\" content=\"1080\" \/>\n\t<meta property=\"og:image:type\" content=\"image\/jpeg\" \/>\n<meta name=\"author\" content=\"Juan P\u00e9rez\" \/>\n<meta name=\"twitter:card\" content=\"summary_large_image\" \/>\n<meta name=\"twitter:label1\" content=\"Escrito por\" \/>\n\t<meta name=\"twitter:data1\" content=\"Juan P\u00e9rez\" \/>\n\t<meta name=\"twitter:label2\" content=\"Tiempo de lectura\" \/>\n\t<meta name=\"twitter:data2\" content=\"2 minutos\" \/>\n<script type=\"application\/ld+json\" class=\"yoast-schema-graph\">{\"@context\":\"https:\/\/schema.org\",\"@graph\":[{\"@type\":\"WebPage\",\"@id\":\"https:\/\/www.diario21.tv\/noticias\/descubierta-talla-del-siglo-xv-robada-en-palencia-hace-45-anos-recuperada-en-subasta-italiana\/\",\"url\":\"https:\/\/www.diario21.tv\/noticias\/descubierta-talla-del-siglo-xv-robada-en-palencia-hace-45-anos-recuperada-en-subasta-italiana\/\",\"name\":\"\u00a1Descubierta! Talla del siglo XV robada en Palencia hace 45 a\u00f1os, recuperada en subasta italiana - Diario 21\",\"isPartOf\":{\"@id\":\"https:\/\/www.diario21.tv\/noticias\/#website\"},\"primaryImageOfPage\":{\"@id\":\"https:\/\/www.diario21.tv\/noticias\/descubierta-talla-del-siglo-xv-robada-en-palencia-hace-45-anos-recuperada-en-subasta-italiana\/#primaryimage\"},\"image\":{\"@id\":\"https:\/\/www.diario21.tv\/noticias\/descubierta-talla-del-siglo-xv-robada-en-palencia-hace-45-anos-recuperada-en-subasta-italiana\/#primaryimage\"},\"thumbnailUrl\":\"https:\/\/www.diario21.tv\/noticias\/wp-content\/uploads\/2026\/02\/\u00a1Descubierta-Talla-del-siglo-XV-robada-en-Palencia-hace-45.jpg\",\"datePublished\":\"2026-02-05T09:20:32+00:00\",\"dateModified\":\"2026-02-05T09:20:35+00:00\",\"author\":{\"@id\":\"https:\/\/www.diario21.tv\/noticias\/#\/schema\/person\/dfb778f73814d8f09f302618446a526b\"},\"breadcrumb\":{\"@id\":\"https:\/\/www.diario21.tv\/noticias\/descubierta-talla-del-siglo-xv-robada-en-palencia-hace-45-anos-recuperada-en-subasta-italiana\/#breadcrumb\"},\"inLanguage\":\"es-AR\",\"potentialAction\":[{\"@type\":\"ReadAction\",\"target\":[\"https:\/\/www.diario21.tv\/noticias\/descubierta-talla-del-siglo-xv-robada-en-palencia-hace-45-anos-recuperada-en-subasta-italiana\/\"]}]},{\"@type\":\"ImageObject\",\"inLanguage\":\"es-AR\",\"@id\":\"https:\/\/www.diario21.tv\/noticias\/descubierta-talla-del-siglo-xv-robada-en-palencia-hace-45-anos-recuperada-en-subasta-italiana\/#primaryimage\",\"url\":\"https:\/\/www.diario21.tv\/noticias\/wp-content\/uploads\/2026\/02\/\u00a1Descubierta-Talla-del-siglo-XV-robada-en-Palencia-hace-45.jpg\",\"contentUrl\":\"https:\/\/www.diario21.tv\/noticias\/wp-content\/uploads\/2026\/02\/\u00a1Descubierta-Talla-del-siglo-XV-robada-en-Palencia-hace-45.jpg\",\"width\":1920,\"height\":1080,\"caption\":\"Recuperan en una subasta italiana una talla del siglo XV robada hace 45 a\u00f1os en Palencia\"},{\"@type\":\"BreadcrumbList\",\"@id\":\"https:\/\/www.diario21.tv\/noticias\/descubierta-talla-del-siglo-xv-robada-en-palencia-hace-45-anos-recuperada-en-subasta-italiana\/#breadcrumb\",\"itemListElement\":[{\"@type\":\"ListItem\",\"position\":1,\"name\":\"Accueil\",\"item\":\"https:\/\/www.diario21.tv\/noticias\/\"},{\"@type\":\"ListItem\",\"position\":2,\"name\":\"\u00a1Descubierta! Talla del siglo XV robada en Palencia hace 45 a\u00f1os, recuperada en subasta italiana\"}]},{\"@type\":\"WebSite\",\"@id\":\"https:\/\/www.diario21.tv\/noticias\/#website\",\"url\":\"https:\/\/www.diario21.tv\/noticias\/\",\"name\":\"Diario 21\",\"description\":\"\",\"potentialAction\":[{\"@type\":\"SearchAction\",\"target\":{\"@type\":\"EntryPoint\",\"urlTemplate\":\"https:\/\/www.diario21.tv\/noticias\/?s={search_term_string}\"},\"query-input\":{\"@type\":\"PropertyValueSpecification\",\"valueRequired\":true,\"valueName\":\"search_term_string\"}}],\"inLanguage\":\"es-AR\"},{\"@type\":\"Person\",\"@id\":\"https:\/\/www.diario21.tv\/noticias\/#\/schema\/person\/dfb778f73814d8f09f302618446a526b\",\"name\":\"Juan P\u00e9rez\",\"image\":{\"@type\":\"ImageObject\",\"inLanguage\":\"es-AR\",\"@id\":\"https:\/\/www.diario21.tv\/noticias\/#\/schema\/person\/image\/\",\"url\":\"https:\/\/secure.gravatar.com\/avatar\/c478a405bd10621167f4c3167cc770f5?s=96&d=mm&r=g\",\"contentUrl\":\"https:\/\/secure.gravatar.com\/avatar\/c478a405bd10621167f4c3167cc770f5?s=96&d=mm&r=g\",\"caption\":\"Juan P\u00e9rez\"},\"description\":\"Juan P\u00e9rez es el redactor en jefe de Diario 21. Con m\u00e1s de 10 a\u00f1os de experiencia en el periodismo, se especializa en pol\u00edtica nacional y an\u00e1lisis socioecon\u00f3mico. Su enfoque cr\u00edtico y riguroso aporta una perspectiva \u00fanica a cada art\u00edculo.\",\"sameAs\":[\"https:\/\/www.diario21.tv\/noticias\/\"],\"url\":\"https:\/\/www.diario21.tv\/noticias\/author\/juan-perez\/\"}]}<\/script>\n<!-- \/ Yoast SEO plugin. -->","yoast_head_json":{"title":"\u00a1Descubierta! Talla del siglo XV robada en Palencia hace 45 a\u00f1os, recuperada en subasta italiana - Diario 21","robots":{"index":"index","follow":"follow","max-snippet":"max-snippet:-1","max-image-preview":"max-image-preview:large","max-video-preview":"max-video-preview:-1"},"canonical":"https:\/\/www.diario21.tv\/noticias\/descubierta-talla-del-siglo-xv-robada-en-palencia-hace-45-anos-recuperada-en-subasta-italiana\/","og_locale":"es_ES","og_type":"article","og_title":"\u00a1Descubierta! Talla del siglo XV robada en Palencia hace 45 a\u00f1os, recuperada en subasta italiana - Diario 21","og_description":"Recuperaci\u00f3n de una Obra de Arte Robada en Subasta Italiana En un reciente evento de subasta en Italia, se logr\u00f3 recuperar una valiosa escultura del siglo ... Seguir leyendo &rarr;","og_url":"https:\/\/www.diario21.tv\/noticias\/descubierta-talla-del-siglo-xv-robada-en-palencia-hace-45-anos-recuperada-en-subasta-italiana\/","og_site_name":"Diario 21","article_published_time":"2026-02-05T09:20:32+00:00","article_modified_time":"2026-02-05T09:20:35+00:00","og_image":[{"width":1920,"height":1080,"url":"https:\/\/www.diario21.tv\/noticias\/wp-content\/uploads\/2026\/02\/\u00a1Descubierta-Talla-del-siglo-XV-robada-en-Palencia-hace-45.jpg","type":"image\/jpeg"}],"author":"Juan P\u00e9rez","twitter_card":"summary_large_image","twitter_misc":{"Escrito por":"Juan P\u00e9rez","Tiempo de lectura":"2 minutos"},"schema":{"@context":"https:\/\/schema.org","@graph":[{"@type":"WebPage","@id":"https:\/\/www.diario21.tv\/noticias\/descubierta-talla-del-siglo-xv-robada-en-palencia-hace-45-anos-recuperada-en-subasta-italiana\/","url":"https:\/\/www.diario21.tv\/noticias\/descubierta-talla-del-siglo-xv-robada-en-palencia-hace-45-anos-recuperada-en-subasta-italiana\/","name":"\u00a1Descubierta! Talla del siglo XV robada en Palencia hace 45 a\u00f1os, recuperada en subasta italiana - Diario 21","isPartOf":{"@id":"https:\/\/www.diario21.tv\/noticias\/#website"},"primaryImageOfPage":{"@id":"https:\/\/www.diario21.tv\/noticias\/descubierta-talla-del-siglo-xv-robada-en-palencia-hace-45-anos-recuperada-en-subasta-italiana\/#primaryimage"},"image":{"@id":"https:\/\/www.diario21.tv\/noticias\/descubierta-talla-del-siglo-xv-robada-en-palencia-hace-45-anos-recuperada-en-subasta-italiana\/#primaryimage"},"thumbnailUrl":"https:\/\/www.diario21.tv\/noticias\/wp-content\/uploads\/2026\/02\/\u00a1Descubierta-Talla-del-siglo-XV-robada-en-Palencia-hace-45.jpg","datePublished":"2026-02-05T09:20:32+00:00","dateModified":"2026-02-05T09:20:35+00:00","author":{"@id":"https:\/\/www.diario21.tv\/noticias\/#\/schema\/person\/dfb778f73814d8f09f302618446a526b"},"breadcrumb":{"@id":"https:\/\/www.diario21.tv\/noticias\/descubierta-talla-del-siglo-xv-robada-en-palencia-hace-45-anos-recuperada-en-subasta-italiana\/#breadcrumb"},"inLanguage":"es-AR","potentialAction":[{"@type":"ReadAction","target":["https:\/\/www.diario21.tv\/noticias\/descubierta-talla-del-siglo-xv-robada-en-palencia-hace-45-anos-recuperada-en-subasta-italiana\/"]}]},{"@type":"ImageObject","inLanguage":"es-AR","@id":"https:\/\/www.diario21.tv\/noticias\/descubierta-talla-del-siglo-xv-robada-en-palencia-hace-45-anos-recuperada-en-subasta-italiana\/#primaryimage","url":"https:\/\/www.diario21.tv\/noticias\/wp-content\/uploads\/2026\/02\/\u00a1Descubierta-Talla-del-siglo-XV-robada-en-Palencia-hace-45.jpg","contentUrl":"https:\/\/www.diario21.tv\/noticias\/wp-content\/uploads\/2026\/02\/\u00a1Descubierta-Talla-del-siglo-XV-robada-en-Palencia-hace-45.jpg","width":1920,"height":1080,"caption":"Recuperan en una subasta italiana una talla del siglo XV robada hace 45 a\u00f1os en Palencia"},{"@type":"BreadcrumbList","@id":"https:\/\/www.diario21.tv\/noticias\/descubierta-talla-del-siglo-xv-robada-en-palencia-hace-45-anos-recuperada-en-subasta-italiana\/#breadcrumb","itemListElement":[{"@type":"ListItem","position":1,"name":"Accueil","item":"https:\/\/www.diario21.tv\/noticias\/"},{"@type":"ListItem","position":2,"name":"\u00a1Descubierta! Talla del siglo XV robada en Palencia hace 45 a\u00f1os, recuperada en subasta italiana"}]},{"@type":"WebSite","@id":"https:\/\/www.diario21.tv\/noticias\/#website","url":"https:\/\/www.diario21.tv\/noticias\/","name":"Diario 21","description":"","potentialAction":[{"@type":"SearchAction","target":{"@type":"EntryPoint","urlTemplate":"https:\/\/www.diario21.tv\/noticias\/?s={search_term_string}"},"query-input":{"@type":"PropertyValueSpecification","valueRequired":true,"valueName":"search_term_string"}}],"inLanguage":"es-AR"},{"@type":"Person","@id":"https:\/\/www.diario21.tv\/noticias\/#\/schema\/person\/dfb778f73814d8f09f302618446a526b","name":"Juan P\u00e9rez","image":{"@type":"ImageObject","inLanguage":"es-AR","@id":"https:\/\/www.diario21.tv\/noticias\/#\/schema\/person\/image\/","url":"https:\/\/secure.gravatar.com\/avatar\/c478a405bd10621167f4c3167cc770f5?s=96&d=mm&r=g","contentUrl":"https:\/\/secure.gravatar.com\/avatar\/c478a405bd10621167f4c3167cc770f5?s=96&d=mm&r=g","caption":"Juan P\u00e9rez"},"description":"Juan P\u00e9rez es el redactor en jefe de Diario 21. Con m\u00e1s de 10 a\u00f1os de experiencia en el periodismo, se especializa en pol\u00edtica nacional y an\u00e1lisis socioecon\u00f3mico. Su enfoque cr\u00edtico y riguroso aporta una perspectiva \u00fanica a cada art\u00edculo.","sameAs":["https:\/\/www.diario21.tv\/noticias\/"],"url":"https:\/\/www.diario21.tv\/noticias\/author\/juan-perez\/"}]}},"_links":{"self":[{"href":"https:\/\/www.diario21.tv\/noticias\/wp-json\/wp\/v2\/posts\/6117"}],"collection":[{"href":"https:\/\/www.diario21.tv\/noticias\/wp-json\/wp\/v2\/posts"}],"about":[{"href":"https:\/\/www.diario21.tv\/noticias\/wp-json\/wp\/v2\/types\/post"}],"author":[{"embeddable":true,"href":"https:\/\/www.diario21.tv\/noticias\/wp-json\/wp\/v2\/users\/20"}],"replies":[{"embeddable":true,"href":"https:\/\/www.diario21.tv\/noticias\/wp-json\/wp\/v2\/comments?post=6117"}],"version-history":[{"count":1,"href":"https:\/\/www.diario21.tv\/noticias\/wp-json\/wp\/v2\/posts\/6117\/revisions"}],"predecessor-version":[{"id":6119,"href":"https:\/\/www.diario21.tv\/noticias\/wp-json\/wp\/v2\/posts\/6117\/revisions\/6119"}],"wp:featuredmedia":[{"embeddable":true,"href":"https:\/\/www.diario21.tv\/noticias\/wp-json\/wp\/v2\/media\/6118"}],"wp:attachment":[{"href":"https:\/\/www.diario21.tv\/noticias\/wp-json\/wp\/v2\/media?parent=6117"}],"wp:term":[{"taxonomy":"category","embeddable":true,"href":"https:\/\/www.diario21.tv\/noticias\/wp-json\/wp\/v2\/categories?post=6117"},{"taxonomy":"post_tag","embeddable":true,"href":"https:\/\/www.diario21.tv\/noticias\/wp-json\/wp\/v2\/tags?post=6117"}],"curies":[{"name":"wp","href":"https:\/\/api.w.org\/{rel}","templated":true}]}}