{"id":6105,"date":"2026-02-04T03:14:12","date_gmt":"2026-02-04T03:14:12","guid":{"rendered":"https:\/\/www.diario21.tv\/noticias\/detenido-en-algeciras-hombre-asesina-a-su-madre-con-20-punaladas\/"},"modified":"2026-02-04T03:14:14","modified_gmt":"2026-02-04T03:14:14","slug":"detenido-en-algeciras-hombre-asesina-a-su-madre-con-20-punaladas","status":"publish","type":"post","link":"https:\/\/www.diario21.tv\/noticias\/detenido-en-algeciras-hombre-asesina-a-su-madre-con-20-punaladas\/","title":{"rendered":"\u00a1Detenido en Algeciras! Hombre asesina a su madre con 20 pu\u00f1aladas"},"content":{"rendered":"<h2>Arrestan a individuo por el asesinato de su madre en Algeciras<\/h2>\n<p>En un tr\u00e1gico suceso ocurrido en la ciudad de Algeciras, las autoridades han confirmado la detenci\u00f3n de un hombre acusado de acabar con la vida de su propia madre, infligi\u00e9ndole 20 pu\u00f1aladas. Este abominable acto ha conmocionado a la comunidad local y ha desencadenado una r\u00e1pida respuesta por parte de las fuerzas del orden.<\/p>\n<h3>El macabro hallazgo<\/h3>\n<p>El cuerpo sin vida de la mujer fue descubierto en su domicilio, ubicado en una tranquila zona residencial de Algeciras. Seg\u00fan informes preliminares, la v\u00edctima, una mujer de avanzada edad, recibi\u00f3 m\u00faltiples heridas de arma blanca que desafortunadamente le causaron la muerte en el acto. <\/p>\n<h3>Detenci\u00f3n del sospechoso<\/h3>\n<p>El presunto autor del homicidio es el hijo de la v\u00edctima, quien fue arrestado por la polic\u00eda sin incidentes horas despu\u00e9s del descubrimiento del cuerpo. Las autoridades han iniciado una exhaustiva investigaci\u00f3n para esclarecer los motivos detr\u00e1s de este acto violento, aunque a\u00fan no se han divulgado detalles sobre las posibles causas que pudieron haber llevado al sospechoso a cometer tal crimen.<\/p>\n<h3>Reacciones de la comunidad<\/h3>\n<p>La noticia del asesinato ha sacudido a los residentes de Algeciras, quienes se muestran incr\u00e9dulos y profundamente afectados por la violencia ocurrida en su apacible comunidad. Vecinos y conocidos de la familia han expresado su consternaci\u00f3n y pesar, destacando la tranquilidad que normalmente caracteriza a la zona.<\/p>\n<h3>Procedimientos legales en curso<\/h3>\n<p>El detenido se encuentra actualmente bajo custodia policial, a la espera de ser presentado ante la justicia. Se anticipa que en los pr\u00f3ximos d\u00edas se llevar\u00e1n a cabo m\u00e1s procedimientos legales que podr\u00edan ofrecer mayor claridad sobre el contexto y las circunstancias del homicidio.<\/p>\n<p>Este lamentable incidente subraya la necesidad de prestar atenci\u00f3n y cuidado en el \u00e1mbito familiar, y ha reavivado el debate sobre la seguridad y la prevenci\u00f3n de la violencia dom\u00e9stica en la sociedad.<\/p>\n\n\n<div class=\"kk-star-ratings kksr-auto kksr-align-left kksr-valign-bottom\"\n    data-payload='{&quot;align&quot;:&quot;left&quot;,&quot;id&quot;:&quot;6105&quot;,&quot;slug&quot;:&quot;default&quot;,&quot;valign&quot;:&quot;bottom&quot;,&quot;ignore&quot;:&quot;&quot;,&quot;reference&quot;:&quot;auto&quot;,&quot;class&quot;:&quot;&quot;,&quot;count&quot;:&quot;0&quot;,&quot;legendonly&quot;:&quot;&quot;,&quot;readonly&quot;:&quot;&quot;,&quot;score&quot;:&quot;0&quot;,&quot;starsonly&quot;:&quot;&quot;,&quot;best&quot;:&quot;5&quot;,&quot;gap&quot;:&quot;5&quot;,&quot;greet&quot;:&quot;Valora este post&quot;,&quot;legend&quot;:&quot;0\\\/5 - (0 votes)&quot;,&quot;size&quot;:&quot;22&quot;,&quot;title&quot;:&quot;\u00a1Detenido en Algeciras! Hombre asesina a su madre con 20 pu\u00f1aladas&quot;,&quot;width&quot;:&quot;0&quot;,&quot;_legend&quot;:&quot;{score}\\\/{best} - ({count} {votes})&quot;,&quot;font_factor&quot;:&quot;1.25&quot;}'>\n            \n<div class=\"kksr-stars\">\n    \n<div class=\"kksr-stars-inactive\">\n            <div class=\"kksr-star\" data-star=\"1\" style=\"padding-right: 5px\">\n            \n\n<div class=\"kksr-icon\" style=\"width: 22px; height: 22px;\"><\/div>\n        <\/div>\n            <div class=\"kksr-star\" data-star=\"2\" style=\"padding-right: 5px\">\n            \n\n<div class=\"kksr-icon\" style=\"width: 22px; height: 22px;\"><\/div>\n        <\/div>\n            <div class=\"kksr-star\" data-star=\"3\" style=\"padding-right: 5px\">\n            \n\n<div class=\"kksr-icon\" style=\"width: 22px; height: 22px;\"><\/div>\n        <\/div>\n            <div class=\"kksr-star\" data-star=\"4\" style=\"padding-right: 5px\">\n            \n\n<div class=\"kksr-icon\" style=\"width: 22px; height: 22px;\"><\/div>\n        <\/div>\n            <div class=\"kksr-star\" data-star=\"5\" style=\"padding-right: 5px\">\n            \n\n<div class=\"kksr-icon\" style=\"width: 22px; height: 22px;\"><\/div>\n        <\/div>\n    <\/div>\n    \n<div class=\"kksr-stars-active\" style=\"width: 0px;\">\n            <div class=\"kksr-star\" style=\"padding-right: 5px\">\n            \n\n<div class=\"kksr-icon\" style=\"width: 22px; height: 22px;\"><\/div>\n        <\/div>\n            <div class=\"kksr-star\" style=\"padding-right: 5px\">\n            \n\n<div class=\"kksr-icon\" style=\"width: 22px; height: 22px;\"><\/div>\n        <\/div>\n            <div class=\"kksr-star\" style=\"padding-right: 5px\">\n            \n\n<div class=\"kksr-icon\" style=\"width: 22px; height: 22px;\"><\/div>\n        <\/div>\n            <div class=\"kksr-star\" style=\"padding-right: 5px\">\n            \n\n<div class=\"kksr-icon\" style=\"width: 22px; height: 22px;\"><\/div>\n        <\/div>\n            <div class=\"kksr-star\" style=\"padding-right: 5px\">\n            \n\n<div class=\"kksr-icon\" style=\"width: 22px; height: 22px;\"><\/div>\n        <\/div>\n    <\/div>\n<\/div>\n                \n\n<div class=\"kksr-legend\" style=\"font-size: 17.6px;\">\n            <span class=\"kksr-muted\">Valora este post<\/span>\n    <\/div>\n    <\/div>\n","protected":false},"excerpt":{"rendered":"<p>Arrestan a individuo por el asesinato de su madre en Algeciras En un tr\u00e1gico suceso ocurrido en la ciudad de Algeciras, las autoridades han confirmado la &#8230; <a title=\"\u00a1Detenido en Algeciras! Hombre asesina a su madre con 20 pu\u00f1aladas\" class=\"read-more\" href=\"https:\/\/www.diario21.tv\/noticias\/detenido-en-algeciras-hombre-asesina-a-su-madre-con-20-punaladas\/\" aria-label=\"Leer m\u00e1s sobre \u00a1Detenido en Algeciras! Hombre asesina a su madre con 20 pu\u00f1aladas\">Seguir leyendo &rarr;<\/a><\/p>\n","protected":false},"author":20,"featured_media":6106,"comment_status":"open","ping_status":"open","sticky":false,"template":"","format":"standard","meta":{"footnotes":""},"categories":[13],"tags":[],"class_list":["post-6105","post","type-post","status-publish","format-standard","has-post-thumbnail","hentry","category-portada"],"yoast_head":"<!-- This site is optimized with the Yoast SEO plugin v25.6 - https:\/\/yoast.com\/wordpress\/plugins\/seo\/ -->\n<title>\u00a1Detenido en Algeciras! Hombre asesina a su madre con 20 pu\u00f1aladas - Diario 21<\/title>\n<meta name=\"robots\" content=\"index, follow, max-snippet:-1, max-image-preview:large, max-video-preview:-1\" \/>\n<link rel=\"canonical\" href=\"https:\/\/www.diario21.tv\/noticias\/detenido-en-algeciras-hombre-asesina-a-su-madre-con-20-punaladas\/\" \/>\n<meta property=\"og:locale\" content=\"es_ES\" \/>\n<meta property=\"og:type\" content=\"article\" \/>\n<meta property=\"og:title\" content=\"\u00a1Detenido en Algeciras! Hombre asesina a su madre con 20 pu\u00f1aladas - Diario 21\" \/>\n<meta property=\"og:description\" content=\"Arrestan a individuo por el asesinato de su madre en Algeciras En un tr\u00e1gico suceso ocurrido en la ciudad de Algeciras, las autoridades han confirmado la ... Seguir leyendo &rarr;\" \/>\n<meta property=\"og:url\" content=\"https:\/\/www.diario21.tv\/noticias\/detenido-en-algeciras-hombre-asesina-a-su-madre-con-20-punaladas\/\" \/>\n<meta property=\"og:site_name\" content=\"Diario 21\" \/>\n<meta property=\"article:published_time\" content=\"2026-02-04T03:14:12+00:00\" \/>\n<meta property=\"article:modified_time\" content=\"2026-02-04T03:14:14+00:00\" \/>\n<meta property=\"og:image\" content=\"https:\/\/www.diario21.tv\/noticias\/wp-content\/uploads\/2026\/02\/\u00a1Detenido-en-Algeciras-Hombre-asesina-a-su-madre-con-20.jpg\" \/>\n\t<meta property=\"og:image:width\" content=\"1200\" \/>\n\t<meta property=\"og:image:height\" content=\"840\" \/>\n\t<meta property=\"og:image:type\" content=\"image\/jpeg\" \/>\n<meta name=\"author\" content=\"Juan P\u00e9rez\" \/>\n<meta name=\"twitter:card\" content=\"summary_large_image\" \/>\n<meta name=\"twitter:label1\" content=\"Escrito por\" \/>\n\t<meta name=\"twitter:data1\" content=\"Juan P\u00e9rez\" \/>\n\t<meta name=\"twitter:label2\" content=\"Tiempo de lectura\" \/>\n\t<meta name=\"twitter:data2\" content=\"2 minutos\" \/>\n<script type=\"application\/ld+json\" class=\"yoast-schema-graph\">{\"@context\":\"https:\/\/schema.org\",\"@graph\":[{\"@type\":\"WebPage\",\"@id\":\"https:\/\/www.diario21.tv\/noticias\/detenido-en-algeciras-hombre-asesina-a-su-madre-con-20-punaladas\/\",\"url\":\"https:\/\/www.diario21.tv\/noticias\/detenido-en-algeciras-hombre-asesina-a-su-madre-con-20-punaladas\/\",\"name\":\"\u00a1Detenido en Algeciras! Hombre asesina a su madre con 20 pu\u00f1aladas - Diario 21\",\"isPartOf\":{\"@id\":\"https:\/\/www.diario21.tv\/noticias\/#website\"},\"primaryImageOfPage\":{\"@id\":\"https:\/\/www.diario21.tv\/noticias\/detenido-en-algeciras-hombre-asesina-a-su-madre-con-20-punaladas\/#primaryimage\"},\"image\":{\"@id\":\"https:\/\/www.diario21.tv\/noticias\/detenido-en-algeciras-hombre-asesina-a-su-madre-con-20-punaladas\/#primaryimage\"},\"thumbnailUrl\":\"https:\/\/www.diario21.tv\/noticias\/wp-content\/uploads\/2026\/02\/\u00a1Detenido-en-Algeciras-Hombre-asesina-a-su-madre-con-20.jpg\",\"datePublished\":\"2026-02-04T03:14:12+00:00\",\"dateModified\":\"2026-02-04T03:14:14+00:00\",\"author\":{\"@id\":\"https:\/\/www.diario21.tv\/noticias\/#\/schema\/person\/dfb778f73814d8f09f302618446a526b\"},\"breadcrumb\":{\"@id\":\"https:\/\/www.diario21.tv\/noticias\/detenido-en-algeciras-hombre-asesina-a-su-madre-con-20-punaladas\/#breadcrumb\"},\"inLanguage\":\"es-AR\",\"potentialAction\":[{\"@type\":\"ReadAction\",\"target\":[\"https:\/\/www.diario21.tv\/noticias\/detenido-en-algeciras-hombre-asesina-a-su-madre-con-20-punaladas\/\"]}]},{\"@type\":\"ImageObject\",\"inLanguage\":\"es-AR\",\"@id\":\"https:\/\/www.diario21.tv\/noticias\/detenido-en-algeciras-hombre-asesina-a-su-madre-con-20-punaladas\/#primaryimage\",\"url\":\"https:\/\/www.diario21.tv\/noticias\/wp-content\/uploads\/2026\/02\/\u00a1Detenido-en-Algeciras-Hombre-asesina-a-su-madre-con-20.jpg\",\"contentUrl\":\"https:\/\/www.diario21.tv\/noticias\/wp-content\/uploads\/2026\/02\/\u00a1Detenido-en-Algeciras-Hombre-asesina-a-su-madre-con-20.jpg\",\"width\":1200,\"height\":840,\"caption\":\"Detienen al hombre que mat\u00f3 a su madre de 20 pu\u00f1aladas en Algeciras\"},{\"@type\":\"BreadcrumbList\",\"@id\":\"https:\/\/www.diario21.tv\/noticias\/detenido-en-algeciras-hombre-asesina-a-su-madre-con-20-punaladas\/#breadcrumb\",\"itemListElement\":[{\"@type\":\"ListItem\",\"position\":1,\"name\":\"Accueil\",\"item\":\"https:\/\/www.diario21.tv\/noticias\/\"},{\"@type\":\"ListItem\",\"position\":2,\"name\":\"\u00a1Detenido en Algeciras! Hombre asesina a su madre con 20 pu\u00f1aladas\"}]},{\"@type\":\"WebSite\",\"@id\":\"https:\/\/www.diario21.tv\/noticias\/#website\",\"url\":\"https:\/\/www.diario21.tv\/noticias\/\",\"name\":\"Diario 21\",\"description\":\"\",\"potentialAction\":[{\"@type\":\"SearchAction\",\"target\":{\"@type\":\"EntryPoint\",\"urlTemplate\":\"https:\/\/www.diario21.tv\/noticias\/?s={search_term_string}\"},\"query-input\":{\"@type\":\"PropertyValueSpecification\",\"valueRequired\":true,\"valueName\":\"search_term_string\"}}],\"inLanguage\":\"es-AR\"},{\"@type\":\"Person\",\"@id\":\"https:\/\/www.diario21.tv\/noticias\/#\/schema\/person\/dfb778f73814d8f09f302618446a526b\",\"name\":\"Juan P\u00e9rez\",\"image\":{\"@type\":\"ImageObject\",\"inLanguage\":\"es-AR\",\"@id\":\"https:\/\/www.diario21.tv\/noticias\/#\/schema\/person\/image\/\",\"url\":\"https:\/\/secure.gravatar.com\/avatar\/c478a405bd10621167f4c3167cc770f5?s=96&d=mm&r=g\",\"contentUrl\":\"https:\/\/secure.gravatar.com\/avatar\/c478a405bd10621167f4c3167cc770f5?s=96&d=mm&r=g\",\"caption\":\"Juan P\u00e9rez\"},\"description\":\"Juan P\u00e9rez es el redactor en jefe de Diario 21. Con m\u00e1s de 10 a\u00f1os de experiencia en el periodismo, se especializa en pol\u00edtica nacional y an\u00e1lisis socioecon\u00f3mico. Su enfoque cr\u00edtico y riguroso aporta una perspectiva \u00fanica a cada art\u00edculo.\",\"sameAs\":[\"https:\/\/www.diario21.tv\/noticias\/\"],\"url\":\"https:\/\/www.diario21.tv\/noticias\/author\/juan-perez\/\"}]}<\/script>\n<!-- \/ Yoast SEO plugin. -->","yoast_head_json":{"title":"\u00a1Detenido en Algeciras! Hombre asesina a su madre con 20 pu\u00f1aladas - Diario 21","robots":{"index":"index","follow":"follow","max-snippet":"max-snippet:-1","max-image-preview":"max-image-preview:large","max-video-preview":"max-video-preview:-1"},"canonical":"https:\/\/www.diario21.tv\/noticias\/detenido-en-algeciras-hombre-asesina-a-su-madre-con-20-punaladas\/","og_locale":"es_ES","og_type":"article","og_title":"\u00a1Detenido en Algeciras! Hombre asesina a su madre con 20 pu\u00f1aladas - Diario 21","og_description":"Arrestan a individuo por el asesinato de su madre en Algeciras En un tr\u00e1gico suceso ocurrido en la ciudad de Algeciras, las autoridades han confirmado la ... Seguir leyendo &rarr;","og_url":"https:\/\/www.diario21.tv\/noticias\/detenido-en-algeciras-hombre-asesina-a-su-madre-con-20-punaladas\/","og_site_name":"Diario 21","article_published_time":"2026-02-04T03:14:12+00:00","article_modified_time":"2026-02-04T03:14:14+00:00","og_image":[{"width":1200,"height":840,"url":"https:\/\/www.diario21.tv\/noticias\/wp-content\/uploads\/2026\/02\/\u00a1Detenido-en-Algeciras-Hombre-asesina-a-su-madre-con-20.jpg","type":"image\/jpeg"}],"author":"Juan P\u00e9rez","twitter_card":"summary_large_image","twitter_misc":{"Escrito por":"Juan P\u00e9rez","Tiempo de lectura":"2 minutos"},"schema":{"@context":"https:\/\/schema.org","@graph":[{"@type":"WebPage","@id":"https:\/\/www.diario21.tv\/noticias\/detenido-en-algeciras-hombre-asesina-a-su-madre-con-20-punaladas\/","url":"https:\/\/www.diario21.tv\/noticias\/detenido-en-algeciras-hombre-asesina-a-su-madre-con-20-punaladas\/","name":"\u00a1Detenido en Algeciras! Hombre asesina a su madre con 20 pu\u00f1aladas - Diario 21","isPartOf":{"@id":"https:\/\/www.diario21.tv\/noticias\/#website"},"primaryImageOfPage":{"@id":"https:\/\/www.diario21.tv\/noticias\/detenido-en-algeciras-hombre-asesina-a-su-madre-con-20-punaladas\/#primaryimage"},"image":{"@id":"https:\/\/www.diario21.tv\/noticias\/detenido-en-algeciras-hombre-asesina-a-su-madre-con-20-punaladas\/#primaryimage"},"thumbnailUrl":"https:\/\/www.diario21.tv\/noticias\/wp-content\/uploads\/2026\/02\/\u00a1Detenido-en-Algeciras-Hombre-asesina-a-su-madre-con-20.jpg","datePublished":"2026-02-04T03:14:12+00:00","dateModified":"2026-02-04T03:14:14+00:00","author":{"@id":"https:\/\/www.diario21.tv\/noticias\/#\/schema\/person\/dfb778f73814d8f09f302618446a526b"},"breadcrumb":{"@id":"https:\/\/www.diario21.tv\/noticias\/detenido-en-algeciras-hombre-asesina-a-su-madre-con-20-punaladas\/#breadcrumb"},"inLanguage":"es-AR","potentialAction":[{"@type":"ReadAction","target":["https:\/\/www.diario21.tv\/noticias\/detenido-en-algeciras-hombre-asesina-a-su-madre-con-20-punaladas\/"]}]},{"@type":"ImageObject","inLanguage":"es-AR","@id":"https:\/\/www.diario21.tv\/noticias\/detenido-en-algeciras-hombre-asesina-a-su-madre-con-20-punaladas\/#primaryimage","url":"https:\/\/www.diario21.tv\/noticias\/wp-content\/uploads\/2026\/02\/\u00a1Detenido-en-Algeciras-Hombre-asesina-a-su-madre-con-20.jpg","contentUrl":"https:\/\/www.diario21.tv\/noticias\/wp-content\/uploads\/2026\/02\/\u00a1Detenido-en-Algeciras-Hombre-asesina-a-su-madre-con-20.jpg","width":1200,"height":840,"caption":"Detienen al hombre que mat\u00f3 a su madre de 20 pu\u00f1aladas en Algeciras"},{"@type":"BreadcrumbList","@id":"https:\/\/www.diario21.tv\/noticias\/detenido-en-algeciras-hombre-asesina-a-su-madre-con-20-punaladas\/#breadcrumb","itemListElement":[{"@type":"ListItem","position":1,"name":"Accueil","item":"https:\/\/www.diario21.tv\/noticias\/"},{"@type":"ListItem","position":2,"name":"\u00a1Detenido en Algeciras! Hombre asesina a su madre con 20 pu\u00f1aladas"}]},{"@type":"WebSite","@id":"https:\/\/www.diario21.tv\/noticias\/#website","url":"https:\/\/www.diario21.tv\/noticias\/","name":"Diario 21","description":"","potentialAction":[{"@type":"SearchAction","target":{"@type":"EntryPoint","urlTemplate":"https:\/\/www.diario21.tv\/noticias\/?s={search_term_string}"},"query-input":{"@type":"PropertyValueSpecification","valueRequired":true,"valueName":"search_term_string"}}],"inLanguage":"es-AR"},{"@type":"Person","@id":"https:\/\/www.diario21.tv\/noticias\/#\/schema\/person\/dfb778f73814d8f09f302618446a526b","name":"Juan P\u00e9rez","image":{"@type":"ImageObject","inLanguage":"es-AR","@id":"https:\/\/www.diario21.tv\/noticias\/#\/schema\/person\/image\/","url":"https:\/\/secure.gravatar.com\/avatar\/c478a405bd10621167f4c3167cc770f5?s=96&d=mm&r=g","contentUrl":"https:\/\/secure.gravatar.com\/avatar\/c478a405bd10621167f4c3167cc770f5?s=96&d=mm&r=g","caption":"Juan P\u00e9rez"},"description":"Juan P\u00e9rez es el redactor en jefe de Diario 21. Con m\u00e1s de 10 a\u00f1os de experiencia en el periodismo, se especializa en pol\u00edtica nacional y an\u00e1lisis socioecon\u00f3mico. Su enfoque cr\u00edtico y riguroso aporta una perspectiva \u00fanica a cada art\u00edculo.","sameAs":["https:\/\/www.diario21.tv\/noticias\/"],"url":"https:\/\/www.diario21.tv\/noticias\/author\/juan-perez\/"}]}},"_links":{"self":[{"href":"https:\/\/www.diario21.tv\/noticias\/wp-json\/wp\/v2\/posts\/6105"}],"collection":[{"href":"https:\/\/www.diario21.tv\/noticias\/wp-json\/wp\/v2\/posts"}],"about":[{"href":"https:\/\/www.diario21.tv\/noticias\/wp-json\/wp\/v2\/types\/post"}],"author":[{"embeddable":true,"href":"https:\/\/www.diario21.tv\/noticias\/wp-json\/wp\/v2\/users\/20"}],"replies":[{"embeddable":true,"href":"https:\/\/www.diario21.tv\/noticias\/wp-json\/wp\/v2\/comments?post=6105"}],"version-history":[{"count":1,"href":"https:\/\/www.diario21.tv\/noticias\/wp-json\/wp\/v2\/posts\/6105\/revisions"}],"predecessor-version":[{"id":6107,"href":"https:\/\/www.diario21.tv\/noticias\/wp-json\/wp\/v2\/posts\/6105\/revisions\/6107"}],"wp:featuredmedia":[{"embeddable":true,"href":"https:\/\/www.diario21.tv\/noticias\/wp-json\/wp\/v2\/media\/6106"}],"wp:attachment":[{"href":"https:\/\/www.diario21.tv\/noticias\/wp-json\/wp\/v2\/media?parent=6105"}],"wp:term":[{"taxonomy":"category","embeddable":true,"href":"https:\/\/www.diario21.tv\/noticias\/wp-json\/wp\/v2\/categories?post=6105"},{"taxonomy":"post_tag","embeddable":true,"href":"https:\/\/www.diario21.tv\/noticias\/wp-json\/wp\/v2\/tags?post=6105"}],"curies":[{"name":"wp","href":"https:\/\/api.w.org\/{rel}","templated":true}]}}