{"id":6060,"date":"2026-01-31T02:48:58","date_gmt":"2026-01-31T02:48:58","guid":{"rendered":"https:\/\/www.diario21.tv\/noticias\/impactante-padre-en-cordoba-detenido-por-el-asesinato-de-su-hija-adulta\/"},"modified":"2026-01-31T02:49:00","modified_gmt":"2026-01-31T02:49:00","slug":"impactante-padre-en-cordoba-detenido-por-el-asesinato-de-su-hija-adulta","status":"publish","type":"post","link":"https:\/\/www.diario21.tv\/noticias\/impactante-padre-en-cordoba-detenido-por-el-asesinato-de-su-hija-adulta\/","title":{"rendered":"\u00a1Impactante! Padre en C\u00f3rdoba detenido por el asesinato de su hija adulta"},"content":{"rendered":"<h2>Arresto de un hombre por el presunto asesinato de su hija adulta en C\u00f3rdoba<\/h2>\n<p>En un suceso que ha conmocionado a la comunidad local de C\u00f3rdoba, las autoridades han informado sobre la detenci\u00f3n de un hombre sospechoso de haber asesinado a su propia hija, quien era mayor de edad. Este tr\u00e1gico evento ha despertado numerosas conversaciones sobre la seguridad y las din\u00e1micas familiares en la regi\u00f3n.<\/p>\n<h3>Detalles del incidente<\/h3>\n<p>Seg\u00fan fuentes policiales, el arresto se produjo despu\u00e9s de que se descubriera el cuerpo sin vida de la joven en la vivienda familiar. Los detalles exactos de c\u00f3mo ocurrieron los hechos a\u00fan est\u00e1n bajo investigaci\u00f3n, pero las primeras indagaciones apuntan a que el padre podr\u00eda estar directamente involucrado en la muerte de su hija.<\/p>\n<p>La polic\u00eda fue alertada por vecinos quienes reportaron haber escuchado disturbios provenientes de la casa de la familia. Al llegar, los agentes encontraron la dram\u00e1tica escena y procedieron a la detenci\u00f3n del padre, quien en ese momento se encontraba en el domicilio.<\/p>\n<h3>Reacciones de la comunidad y seguimiento del caso<\/h3>\n<p>La noticia ha generado una ola de reacciones entre los habitantes de C\u00f3rdoba, muchos de los cuales est\u00e1n consternados por el desarrollo de los acontecimientos. La comunidad ha mostrado su apoyo a los familiares y amigos de la v\u00edctima, quienes est\u00e1n enfrentando este dif\u00edcil momento.<\/p>\n<p>Las autoridades han asegurado que est\u00e1n llevando a cabo una investigaci\u00f3n exhaustiva para determinar la secuencia exacta de eventos que llev\u00f3 a la muerte de la joven. El sospechoso se encuentra en custodia policial y se espera que en los pr\u00f3ximos d\u00edas se le tome declaraci\u00f3n ante un juez para esclarecer su papel en los hechos.<\/p>\n<p>Este caso ha puesto de relieve la importancia de abordar las cuestiones de violencia dom\u00e9stica y ha impulsado a las autoridades locales a revisar sus protocolos de intervenci\u00f3n en este tipo de situaciones. La sociedad cordobesa, impactada por este suceso, espera que se haga justicia y que este tr\u00e1gico evento sirva para reflexionar sobre c\u00f3mo mejorar la protecci\u00f3n y seguridad dentro de las familias.<\/p>\n\n\n<div class=\"kk-star-ratings kksr-auto kksr-align-left kksr-valign-bottom\"\n    data-payload='{&quot;align&quot;:&quot;left&quot;,&quot;id&quot;:&quot;6060&quot;,&quot;slug&quot;:&quot;default&quot;,&quot;valign&quot;:&quot;bottom&quot;,&quot;ignore&quot;:&quot;&quot;,&quot;reference&quot;:&quot;auto&quot;,&quot;class&quot;:&quot;&quot;,&quot;count&quot;:&quot;0&quot;,&quot;legendonly&quot;:&quot;&quot;,&quot;readonly&quot;:&quot;&quot;,&quot;score&quot;:&quot;0&quot;,&quot;starsonly&quot;:&quot;&quot;,&quot;best&quot;:&quot;5&quot;,&quot;gap&quot;:&quot;5&quot;,&quot;greet&quot;:&quot;Valora este post&quot;,&quot;legend&quot;:&quot;0\\\/5 - (0 votes)&quot;,&quot;size&quot;:&quot;22&quot;,&quot;title&quot;:&quot;\u00a1Impactante! Padre en C\u00f3rdoba detenido por el asesinato de su hija adulta&quot;,&quot;width&quot;:&quot;0&quot;,&quot;_legend&quot;:&quot;{score}\\\/{best} - ({count} {votes})&quot;,&quot;font_factor&quot;:&quot;1.25&quot;}'>\n            \n<div class=\"kksr-stars\">\n    \n<div class=\"kksr-stars-inactive\">\n            <div class=\"kksr-star\" data-star=\"1\" style=\"padding-right: 5px\">\n            \n\n<div class=\"kksr-icon\" style=\"width: 22px; height: 22px;\"><\/div>\n        <\/div>\n            <div class=\"kksr-star\" data-star=\"2\" style=\"padding-right: 5px\">\n            \n\n<div class=\"kksr-icon\" style=\"width: 22px; height: 22px;\"><\/div>\n        <\/div>\n            <div class=\"kksr-star\" data-star=\"3\" style=\"padding-right: 5px\">\n            \n\n<div class=\"kksr-icon\" style=\"width: 22px; height: 22px;\"><\/div>\n        <\/div>\n            <div class=\"kksr-star\" data-star=\"4\" style=\"padding-right: 5px\">\n            \n\n<div class=\"kksr-icon\" style=\"width: 22px; height: 22px;\"><\/div>\n        <\/div>\n            <div class=\"kksr-star\" data-star=\"5\" style=\"padding-right: 5px\">\n            \n\n<div class=\"kksr-icon\" style=\"width: 22px; height: 22px;\"><\/div>\n        <\/div>\n    <\/div>\n    \n<div class=\"kksr-stars-active\" style=\"width: 0px;\">\n            <div class=\"kksr-star\" style=\"padding-right: 5px\">\n            \n\n<div class=\"kksr-icon\" style=\"width: 22px; height: 22px;\"><\/div>\n        <\/div>\n            <div class=\"kksr-star\" style=\"padding-right: 5px\">\n            \n\n<div class=\"kksr-icon\" style=\"width: 22px; height: 22px;\"><\/div>\n        <\/div>\n            <div class=\"kksr-star\" style=\"padding-right: 5px\">\n            \n\n<div class=\"kksr-icon\" style=\"width: 22px; height: 22px;\"><\/div>\n        <\/div>\n            <div class=\"kksr-star\" style=\"padding-right: 5px\">\n            \n\n<div class=\"kksr-icon\" style=\"width: 22px; height: 22px;\"><\/div>\n        <\/div>\n            <div class=\"kksr-star\" style=\"padding-right: 5px\">\n            \n\n<div class=\"kksr-icon\" style=\"width: 22px; height: 22px;\"><\/div>\n        <\/div>\n    <\/div>\n<\/div>\n                \n\n<div class=\"kksr-legend\" style=\"font-size: 17.6px;\">\n            <span class=\"kksr-muted\">Valora este post<\/span>\n    <\/div>\n    <\/div>\n","protected":false},"excerpt":{"rendered":"<p>Arresto de un hombre por el presunto asesinato de su hija adulta en C\u00f3rdoba En un suceso que ha conmocionado a la comunidad local de C\u00f3rdoba, &#8230; <a title=\"\u00a1Impactante! Padre en C\u00f3rdoba detenido por el asesinato de su hija adulta\" class=\"read-more\" href=\"https:\/\/www.diario21.tv\/noticias\/impactante-padre-en-cordoba-detenido-por-el-asesinato-de-su-hija-adulta\/\" aria-label=\"Leer m\u00e1s sobre \u00a1Impactante! Padre en C\u00f3rdoba detenido por el asesinato de su hija adulta\">Seguir leyendo &rarr;<\/a><\/p>\n","protected":false},"author":20,"featured_media":6061,"comment_status":"open","ping_status":"open","sticky":false,"template":"","format":"standard","meta":{"footnotes":""},"categories":[13],"tags":[],"class_list":["post-6060","post","type-post","status-publish","format-standard","has-post-thumbnail","hentry","category-portada"],"yoast_head":"<!-- This site is optimized with the Yoast SEO plugin v25.6 - https:\/\/yoast.com\/wordpress\/plugins\/seo\/ -->\n<title>\u00a1Impactante! Padre en C\u00f3rdoba detenido por el asesinato de su hija adulta - Diario 21<\/title>\n<meta name=\"robots\" content=\"index, follow, max-snippet:-1, max-image-preview:large, max-video-preview:-1\" \/>\n<link rel=\"canonical\" href=\"https:\/\/www.diario21.tv\/noticias\/impactante-padre-en-cordoba-detenido-por-el-asesinato-de-su-hija-adulta\/\" \/>\n<meta property=\"og:locale\" content=\"es_ES\" \/>\n<meta property=\"og:type\" content=\"article\" \/>\n<meta property=\"og:title\" content=\"\u00a1Impactante! Padre en C\u00f3rdoba detenido por el asesinato de su hija adulta - Diario 21\" \/>\n<meta property=\"og:description\" content=\"Arresto de un hombre por el presunto asesinato de su hija adulta en C\u00f3rdoba En un suceso que ha conmocionado a la comunidad local de C\u00f3rdoba, ... Seguir leyendo &rarr;\" \/>\n<meta property=\"og:url\" content=\"https:\/\/www.diario21.tv\/noticias\/impactante-padre-en-cordoba-detenido-por-el-asesinato-de-su-hija-adulta\/\" \/>\n<meta property=\"og:site_name\" content=\"Diario 21\" \/>\n<meta property=\"article:published_time\" content=\"2026-01-31T02:48:58+00:00\" \/>\n<meta property=\"article:modified_time\" content=\"2026-01-31T02:49:00+00:00\" \/>\n<meta property=\"og:image\" content=\"https:\/\/www.diario21.tv\/noticias\/wp-content\/uploads\/2026\/01\/\u00a1Impactante-Padre-en-Cordoba-detenido-por-el-asesinato-de-su.jpg\" \/>\n\t<meta property=\"og:image:width\" content=\"1200\" \/>\n\t<meta property=\"og:image:height\" content=\"840\" \/>\n\t<meta property=\"og:image:type\" content=\"image\/jpeg\" \/>\n<meta name=\"author\" content=\"Juan P\u00e9rez\" \/>\n<meta name=\"twitter:card\" content=\"summary_large_image\" \/>\n<meta name=\"twitter:label1\" content=\"Escrito por\" \/>\n\t<meta name=\"twitter:data1\" content=\"Juan P\u00e9rez\" \/>\n\t<meta name=\"twitter:label2\" content=\"Tiempo de lectura\" \/>\n\t<meta name=\"twitter:data2\" content=\"2 minutos\" \/>\n<script type=\"application\/ld+json\" class=\"yoast-schema-graph\">{\"@context\":\"https:\/\/schema.org\",\"@graph\":[{\"@type\":\"WebPage\",\"@id\":\"https:\/\/www.diario21.tv\/noticias\/impactante-padre-en-cordoba-detenido-por-el-asesinato-de-su-hija-adulta\/\",\"url\":\"https:\/\/www.diario21.tv\/noticias\/impactante-padre-en-cordoba-detenido-por-el-asesinato-de-su-hija-adulta\/\",\"name\":\"\u00a1Impactante! Padre en C\u00f3rdoba detenido por el asesinato de su hija adulta - Diario 21\",\"isPartOf\":{\"@id\":\"https:\/\/www.diario21.tv\/noticias\/#website\"},\"primaryImageOfPage\":{\"@id\":\"https:\/\/www.diario21.tv\/noticias\/impactante-padre-en-cordoba-detenido-por-el-asesinato-de-su-hija-adulta\/#primaryimage\"},\"image\":{\"@id\":\"https:\/\/www.diario21.tv\/noticias\/impactante-padre-en-cordoba-detenido-por-el-asesinato-de-su-hija-adulta\/#primaryimage\"},\"thumbnailUrl\":\"https:\/\/www.diario21.tv\/noticias\/wp-content\/uploads\/2026\/01\/\u00a1Impactante-Padre-en-Cordoba-detenido-por-el-asesinato-de-su.jpg\",\"datePublished\":\"2026-01-31T02:48:58+00:00\",\"dateModified\":\"2026-01-31T02:49:00+00:00\",\"author\":{\"@id\":\"https:\/\/www.diario21.tv\/noticias\/#\/schema\/person\/dfb778f73814d8f09f302618446a526b\"},\"breadcrumb\":{\"@id\":\"https:\/\/www.diario21.tv\/noticias\/impactante-padre-en-cordoba-detenido-por-el-asesinato-de-su-hija-adulta\/#breadcrumb\"},\"inLanguage\":\"es-AR\",\"potentialAction\":[{\"@type\":\"ReadAction\",\"target\":[\"https:\/\/www.diario21.tv\/noticias\/impactante-padre-en-cordoba-detenido-por-el-asesinato-de-su-hija-adulta\/\"]}]},{\"@type\":\"ImageObject\",\"inLanguage\":\"es-AR\",\"@id\":\"https:\/\/www.diario21.tv\/noticias\/impactante-padre-en-cordoba-detenido-por-el-asesinato-de-su-hija-adulta\/#primaryimage\",\"url\":\"https:\/\/www.diario21.tv\/noticias\/wp-content\/uploads\/2026\/01\/\u00a1Impactante-Padre-en-Cordoba-detenido-por-el-asesinato-de-su.jpg\",\"contentUrl\":\"https:\/\/www.diario21.tv\/noticias\/wp-content\/uploads\/2026\/01\/\u00a1Impactante-Padre-en-Cordoba-detenido-por-el-asesinato-de-su.jpg\",\"width\":1200,\"height\":840,\"caption\":\"Detenido un padre acusado de matar a su hija mayor de edad en C\u00f3rdoba\"},{\"@type\":\"BreadcrumbList\",\"@id\":\"https:\/\/www.diario21.tv\/noticias\/impactante-padre-en-cordoba-detenido-por-el-asesinato-de-su-hija-adulta\/#breadcrumb\",\"itemListElement\":[{\"@type\":\"ListItem\",\"position\":1,\"name\":\"Accueil\",\"item\":\"https:\/\/www.diario21.tv\/noticias\/\"},{\"@type\":\"ListItem\",\"position\":2,\"name\":\"\u00a1Impactante! Padre en C\u00f3rdoba detenido por el asesinato de su hija adulta\"}]},{\"@type\":\"WebSite\",\"@id\":\"https:\/\/www.diario21.tv\/noticias\/#website\",\"url\":\"https:\/\/www.diario21.tv\/noticias\/\",\"name\":\"Diario 21\",\"description\":\"\",\"potentialAction\":[{\"@type\":\"SearchAction\",\"target\":{\"@type\":\"EntryPoint\",\"urlTemplate\":\"https:\/\/www.diario21.tv\/noticias\/?s={search_term_string}\"},\"query-input\":{\"@type\":\"PropertyValueSpecification\",\"valueRequired\":true,\"valueName\":\"search_term_string\"}}],\"inLanguage\":\"es-AR\"},{\"@type\":\"Person\",\"@id\":\"https:\/\/www.diario21.tv\/noticias\/#\/schema\/person\/dfb778f73814d8f09f302618446a526b\",\"name\":\"Juan P\u00e9rez\",\"image\":{\"@type\":\"ImageObject\",\"inLanguage\":\"es-AR\",\"@id\":\"https:\/\/www.diario21.tv\/noticias\/#\/schema\/person\/image\/\",\"url\":\"https:\/\/secure.gravatar.com\/avatar\/c478a405bd10621167f4c3167cc770f5?s=96&d=mm&r=g\",\"contentUrl\":\"https:\/\/secure.gravatar.com\/avatar\/c478a405bd10621167f4c3167cc770f5?s=96&d=mm&r=g\",\"caption\":\"Juan P\u00e9rez\"},\"description\":\"Juan P\u00e9rez es el redactor en jefe de Diario 21. Con m\u00e1s de 10 a\u00f1os de experiencia en el periodismo, se especializa en pol\u00edtica nacional y an\u00e1lisis socioecon\u00f3mico. Su enfoque cr\u00edtico y riguroso aporta una perspectiva \u00fanica a cada art\u00edculo.\",\"sameAs\":[\"https:\/\/www.diario21.tv\/noticias\/\"],\"url\":\"https:\/\/www.diario21.tv\/noticias\/author\/juan-perez\/\"}]}<\/script>\n<!-- \/ Yoast SEO plugin. -->","yoast_head_json":{"title":"\u00a1Impactante! Padre en C\u00f3rdoba detenido por el asesinato de su hija adulta - Diario 21","robots":{"index":"index","follow":"follow","max-snippet":"max-snippet:-1","max-image-preview":"max-image-preview:large","max-video-preview":"max-video-preview:-1"},"canonical":"https:\/\/www.diario21.tv\/noticias\/impactante-padre-en-cordoba-detenido-por-el-asesinato-de-su-hija-adulta\/","og_locale":"es_ES","og_type":"article","og_title":"\u00a1Impactante! Padre en C\u00f3rdoba detenido por el asesinato de su hija adulta - Diario 21","og_description":"Arresto de un hombre por el presunto asesinato de su hija adulta en C\u00f3rdoba En un suceso que ha conmocionado a la comunidad local de C\u00f3rdoba, ... Seguir leyendo &rarr;","og_url":"https:\/\/www.diario21.tv\/noticias\/impactante-padre-en-cordoba-detenido-por-el-asesinato-de-su-hija-adulta\/","og_site_name":"Diario 21","article_published_time":"2026-01-31T02:48:58+00:00","article_modified_time":"2026-01-31T02:49:00+00:00","og_image":[{"width":1200,"height":840,"url":"https:\/\/www.diario21.tv\/noticias\/wp-content\/uploads\/2026\/01\/\u00a1Impactante-Padre-en-Cordoba-detenido-por-el-asesinato-de-su.jpg","type":"image\/jpeg"}],"author":"Juan P\u00e9rez","twitter_card":"summary_large_image","twitter_misc":{"Escrito por":"Juan P\u00e9rez","Tiempo de lectura":"2 minutos"},"schema":{"@context":"https:\/\/schema.org","@graph":[{"@type":"WebPage","@id":"https:\/\/www.diario21.tv\/noticias\/impactante-padre-en-cordoba-detenido-por-el-asesinato-de-su-hija-adulta\/","url":"https:\/\/www.diario21.tv\/noticias\/impactante-padre-en-cordoba-detenido-por-el-asesinato-de-su-hija-adulta\/","name":"\u00a1Impactante! Padre en C\u00f3rdoba detenido por el asesinato de su hija adulta - Diario 21","isPartOf":{"@id":"https:\/\/www.diario21.tv\/noticias\/#website"},"primaryImageOfPage":{"@id":"https:\/\/www.diario21.tv\/noticias\/impactante-padre-en-cordoba-detenido-por-el-asesinato-de-su-hija-adulta\/#primaryimage"},"image":{"@id":"https:\/\/www.diario21.tv\/noticias\/impactante-padre-en-cordoba-detenido-por-el-asesinato-de-su-hija-adulta\/#primaryimage"},"thumbnailUrl":"https:\/\/www.diario21.tv\/noticias\/wp-content\/uploads\/2026\/01\/\u00a1Impactante-Padre-en-Cordoba-detenido-por-el-asesinato-de-su.jpg","datePublished":"2026-01-31T02:48:58+00:00","dateModified":"2026-01-31T02:49:00+00:00","author":{"@id":"https:\/\/www.diario21.tv\/noticias\/#\/schema\/person\/dfb778f73814d8f09f302618446a526b"},"breadcrumb":{"@id":"https:\/\/www.diario21.tv\/noticias\/impactante-padre-en-cordoba-detenido-por-el-asesinato-de-su-hija-adulta\/#breadcrumb"},"inLanguage":"es-AR","potentialAction":[{"@type":"ReadAction","target":["https:\/\/www.diario21.tv\/noticias\/impactante-padre-en-cordoba-detenido-por-el-asesinato-de-su-hija-adulta\/"]}]},{"@type":"ImageObject","inLanguage":"es-AR","@id":"https:\/\/www.diario21.tv\/noticias\/impactante-padre-en-cordoba-detenido-por-el-asesinato-de-su-hija-adulta\/#primaryimage","url":"https:\/\/www.diario21.tv\/noticias\/wp-content\/uploads\/2026\/01\/\u00a1Impactante-Padre-en-Cordoba-detenido-por-el-asesinato-de-su.jpg","contentUrl":"https:\/\/www.diario21.tv\/noticias\/wp-content\/uploads\/2026\/01\/\u00a1Impactante-Padre-en-Cordoba-detenido-por-el-asesinato-de-su.jpg","width":1200,"height":840,"caption":"Detenido un padre acusado de matar a su hija mayor de edad en C\u00f3rdoba"},{"@type":"BreadcrumbList","@id":"https:\/\/www.diario21.tv\/noticias\/impactante-padre-en-cordoba-detenido-por-el-asesinato-de-su-hija-adulta\/#breadcrumb","itemListElement":[{"@type":"ListItem","position":1,"name":"Accueil","item":"https:\/\/www.diario21.tv\/noticias\/"},{"@type":"ListItem","position":2,"name":"\u00a1Impactante! Padre en C\u00f3rdoba detenido por el asesinato de su hija adulta"}]},{"@type":"WebSite","@id":"https:\/\/www.diario21.tv\/noticias\/#website","url":"https:\/\/www.diario21.tv\/noticias\/","name":"Diario 21","description":"","potentialAction":[{"@type":"SearchAction","target":{"@type":"EntryPoint","urlTemplate":"https:\/\/www.diario21.tv\/noticias\/?s={search_term_string}"},"query-input":{"@type":"PropertyValueSpecification","valueRequired":true,"valueName":"search_term_string"}}],"inLanguage":"es-AR"},{"@type":"Person","@id":"https:\/\/www.diario21.tv\/noticias\/#\/schema\/person\/dfb778f73814d8f09f302618446a526b","name":"Juan P\u00e9rez","image":{"@type":"ImageObject","inLanguage":"es-AR","@id":"https:\/\/www.diario21.tv\/noticias\/#\/schema\/person\/image\/","url":"https:\/\/secure.gravatar.com\/avatar\/c478a405bd10621167f4c3167cc770f5?s=96&d=mm&r=g","contentUrl":"https:\/\/secure.gravatar.com\/avatar\/c478a405bd10621167f4c3167cc770f5?s=96&d=mm&r=g","caption":"Juan P\u00e9rez"},"description":"Juan P\u00e9rez es el redactor en jefe de Diario 21. Con m\u00e1s de 10 a\u00f1os de experiencia en el periodismo, se especializa en pol\u00edtica nacional y an\u00e1lisis socioecon\u00f3mico. Su enfoque cr\u00edtico y riguroso aporta una perspectiva \u00fanica a cada art\u00edculo.","sameAs":["https:\/\/www.diario21.tv\/noticias\/"],"url":"https:\/\/www.diario21.tv\/noticias\/author\/juan-perez\/"}]}},"_links":{"self":[{"href":"https:\/\/www.diario21.tv\/noticias\/wp-json\/wp\/v2\/posts\/6060"}],"collection":[{"href":"https:\/\/www.diario21.tv\/noticias\/wp-json\/wp\/v2\/posts"}],"about":[{"href":"https:\/\/www.diario21.tv\/noticias\/wp-json\/wp\/v2\/types\/post"}],"author":[{"embeddable":true,"href":"https:\/\/www.diario21.tv\/noticias\/wp-json\/wp\/v2\/users\/20"}],"replies":[{"embeddable":true,"href":"https:\/\/www.diario21.tv\/noticias\/wp-json\/wp\/v2\/comments?post=6060"}],"version-history":[{"count":1,"href":"https:\/\/www.diario21.tv\/noticias\/wp-json\/wp\/v2\/posts\/6060\/revisions"}],"predecessor-version":[{"id":6062,"href":"https:\/\/www.diario21.tv\/noticias\/wp-json\/wp\/v2\/posts\/6060\/revisions\/6062"}],"wp:featuredmedia":[{"embeddable":true,"href":"https:\/\/www.diario21.tv\/noticias\/wp-json\/wp\/v2\/media\/6061"}],"wp:attachment":[{"href":"https:\/\/www.diario21.tv\/noticias\/wp-json\/wp\/v2\/media?parent=6060"}],"wp:term":[{"taxonomy":"category","embeddable":true,"href":"https:\/\/www.diario21.tv\/noticias\/wp-json\/wp\/v2\/categories?post=6060"},{"taxonomy":"post_tag","embeddable":true,"href":"https:\/\/www.diario21.tv\/noticias\/wp-json\/wp\/v2\/tags?post=6060"}],"curies":[{"name":"wp","href":"https:\/\/api.w.org\/{rel}","templated":true}]}}