{"id":6054,"date":"2026-01-30T14:45:54","date_gmt":"2026-01-30T14:45:54","guid":{"rendered":"https:\/\/www.diario21.tv\/noticias\/alerta-en-espana-pierde-su-estatus-como-pais-libre-de-sarampion\/"},"modified":"2026-01-30T14:45:58","modified_gmt":"2026-01-30T14:45:58","slug":"alerta-en-espana-pierde-su-estatus-como-pais-libre-de-sarampion","status":"publish","type":"post","link":"https:\/\/www.diario21.tv\/noticias\/alerta-en-espana-pierde-su-estatus-como-pais-libre-de-sarampion\/","title":{"rendered":"\u00a1Alerta en Espa\u00f1a! Pierde su estatus como pa\u00eds libre de sarampi\u00f3n"},"content":{"rendered":"<h2>Espa\u00f1a ya no es considerada una naci\u00f3n libre de sarampi\u00f3n<\/h2>\n<p>Espa\u00f1a ha dejado de ser reconocida como un pa\u00eds libre del sarampi\u00f3n, una enfermedad altamente contagiosa que puede prevenirse mediante vacunaci\u00f3n. Este cambio en el estatus sanitario se produce tras la confirmaci\u00f3n de varios casos de la enfermedad que han surgido recientemente.<\/p>\n<h3>El retorno del sarampi\u00f3n<\/h3>\n<p>El sarampi\u00f3n hab\u00eda sido eliminado en gran parte de Espa\u00f1a gracias a las campa\u00f1as de vacunaci\u00f3n masiva que se llevaron a cabo durante las \u00faltimas d\u00e9cadas. Sin embargo, los nuevos brotes han causado preocupaci\u00f3n entre las autoridades sanitarias. Estos casos recientes han sido suficientes para que la Organizaci\u00f3n Mundial de la Salud (OMS) retire a Espa\u00f1a de la lista de pa\u00edses libres de esta enfermedad.<\/p>\n<p>El sarampi\u00f3n se caracteriza por s\u00edntomas que incluyen fiebre alta, erupci\u00f3n cut\u00e1nea, tos, conjuntivitis y, en casos graves, puede causar complicaciones severas como neumon\u00eda, encefalitis y la muerte. La enfermedad es especialmente peligrosa para los ni\u00f1os peque\u00f1os y las personas con sistemas inmunol\u00f3gicos debilitados.<\/p>\n<h3>Impacto de la decisi\u00f3n<\/h3>\n<p>La p\u00e9rdida del estatus de pa\u00eds libre de sarampi\u00f3n no solo afecta la percepci\u00f3n de la salud p\u00fablica en Espa\u00f1a, sino que tambi\u00e9n podr\u00eda tener implicaciones para las pol\u00edticas de vacunaci\u00f3n y control de enfermedades en el futuro. Las autoridades sanitarias est\u00e1n evaluando las estrategias actuales y considerando medidas adicionales para contener los brotes y restaurar el estatus de eliminaci\u00f3n del sarampi\u00f3n.<\/p>\n<p>Los expertos en salud p\u00fablica destacan la importancia de mantener altas tasas de vacunaci\u00f3n para evitar la reintroducci\u00f3n y propagaci\u00f3n del sarampi\u00f3n en la comunidad. La vacuna contra el sarampi\u00f3n, que generalmente se administra en combinaci\u00f3n con las vacunas contra las paperas y la rub\u00e9ola (vacuna MMR), ha demostrado ser efectiva en la prevenci\u00f3n de la enfermedad.<\/p>\n<h3>Respuesta y medidas futuras<\/h3>\n<p>En respuesta a esta situaci\u00f3n, las autoridades de salud en Espa\u00f1a est\u00e1n intensificando sus esfuerzos para asegurar que la poblaci\u00f3n est\u00e9 adecuadamente vacunada. Esto incluye campa\u00f1as de informaci\u00f3n y la posible implementaci\u00f3n de programas de vacunaci\u00f3n m\u00e1s rigurosos, especialmente en \u00e1reas donde la cobertura de vacunaci\u00f3n ha disminuido.<\/p>\n<p>La colaboraci\u00f3n entre los profesionales de la salud, las comunidades y los organismos gubernamentales ser\u00e1 crucial para superar los desaf\u00edos presentados por el resurgimiento del sarampi\u00f3n y para proteger la salud p\u00fablica en general.<\/p>\n<p>Mientras tanto, se insta a la poblaci\u00f3n a verificar su estado de vacunaci\u00f3n y a buscar asesoramiento m\u00e9dico si sospechan que podr\u00edan estar en riesgo de haber contra\u00eddo el sarampi\u00f3n, especialmente si tienen previsto viajar a \u00e1reas donde la enfermedad es m\u00e1s prevalente.<\/p>\n\n\n<div class=\"kk-star-ratings kksr-auto kksr-align-left kksr-valign-bottom\"\n    data-payload='{&quot;align&quot;:&quot;left&quot;,&quot;id&quot;:&quot;6054&quot;,&quot;slug&quot;:&quot;default&quot;,&quot;valign&quot;:&quot;bottom&quot;,&quot;ignore&quot;:&quot;&quot;,&quot;reference&quot;:&quot;auto&quot;,&quot;class&quot;:&quot;&quot;,&quot;count&quot;:&quot;0&quot;,&quot;legendonly&quot;:&quot;&quot;,&quot;readonly&quot;:&quot;&quot;,&quot;score&quot;:&quot;0&quot;,&quot;starsonly&quot;:&quot;&quot;,&quot;best&quot;:&quot;5&quot;,&quot;gap&quot;:&quot;5&quot;,&quot;greet&quot;:&quot;Valora este post&quot;,&quot;legend&quot;:&quot;0\\\/5 - (0 votes)&quot;,&quot;size&quot;:&quot;22&quot;,&quot;title&quot;:&quot;\u00a1Alerta en Espa\u00f1a! Pierde su estatus como pa\u00eds libre de sarampi\u00f3n&quot;,&quot;width&quot;:&quot;0&quot;,&quot;_legend&quot;:&quot;{score}\\\/{best} - ({count} {votes})&quot;,&quot;font_factor&quot;:&quot;1.25&quot;}'>\n            \n<div class=\"kksr-stars\">\n    \n<div class=\"kksr-stars-inactive\">\n            <div class=\"kksr-star\" data-star=\"1\" style=\"padding-right: 5px\">\n            \n\n<div class=\"kksr-icon\" style=\"width: 22px; height: 22px;\"><\/div>\n        <\/div>\n            <div class=\"kksr-star\" data-star=\"2\" style=\"padding-right: 5px\">\n            \n\n<div class=\"kksr-icon\" style=\"width: 22px; height: 22px;\"><\/div>\n        <\/div>\n            <div class=\"kksr-star\" data-star=\"3\" style=\"padding-right: 5px\">\n            \n\n<div class=\"kksr-icon\" style=\"width: 22px; height: 22px;\"><\/div>\n        <\/div>\n            <div class=\"kksr-star\" data-star=\"4\" style=\"padding-right: 5px\">\n            \n\n<div class=\"kksr-icon\" style=\"width: 22px; height: 22px;\"><\/div>\n        <\/div>\n            <div class=\"kksr-star\" data-star=\"5\" style=\"padding-right: 5px\">\n            \n\n<div class=\"kksr-icon\" style=\"width: 22px; height: 22px;\"><\/div>\n        <\/div>\n    <\/div>\n    \n<div class=\"kksr-stars-active\" style=\"width: 0px;\">\n            <div class=\"kksr-star\" style=\"padding-right: 5px\">\n            \n\n<div class=\"kksr-icon\" style=\"width: 22px; height: 22px;\"><\/div>\n        <\/div>\n            <div class=\"kksr-star\" style=\"padding-right: 5px\">\n            \n\n<div class=\"kksr-icon\" style=\"width: 22px; height: 22px;\"><\/div>\n        <\/div>\n            <div class=\"kksr-star\" style=\"padding-right: 5px\">\n            \n\n<div class=\"kksr-icon\" style=\"width: 22px; height: 22px;\"><\/div>\n        <\/div>\n            <div class=\"kksr-star\" style=\"padding-right: 5px\">\n            \n\n<div class=\"kksr-icon\" style=\"width: 22px; height: 22px;\"><\/div>\n        <\/div>\n            <div class=\"kksr-star\" style=\"padding-right: 5px\">\n            \n\n<div class=\"kksr-icon\" style=\"width: 22px; height: 22px;\"><\/div>\n        <\/div>\n    <\/div>\n<\/div>\n                \n\n<div class=\"kksr-legend\" style=\"font-size: 17.6px;\">\n            <span class=\"kksr-muted\">Valora este post<\/span>\n    <\/div>\n    <\/div>\n","protected":false},"excerpt":{"rendered":"<p>Espa\u00f1a ya no es considerada una naci\u00f3n libre de sarampi\u00f3n Espa\u00f1a ha dejado de ser reconocida como un pa\u00eds libre del sarampi\u00f3n, una enfermedad altamente contagiosa &#8230; <a title=\"\u00a1Alerta en Espa\u00f1a! Pierde su estatus como pa\u00eds libre de sarampi\u00f3n\" class=\"read-more\" href=\"https:\/\/www.diario21.tv\/noticias\/alerta-en-espana-pierde-su-estatus-como-pais-libre-de-sarampion\/\" aria-label=\"Leer m\u00e1s sobre \u00a1Alerta en Espa\u00f1a! Pierde su estatus como pa\u00eds libre de sarampi\u00f3n\">Seguir leyendo &rarr;<\/a><\/p>\n","protected":false},"author":20,"featured_media":6055,"comment_status":"open","ping_status":"open","sticky":false,"template":"","format":"standard","meta":{"footnotes":""},"categories":[13],"tags":[],"class_list":["post-6054","post","type-post","status-publish","format-standard","has-post-thumbnail","hentry","category-portada"],"yoast_head":"<!-- This site is optimized with the Yoast SEO plugin v25.6 - https:\/\/yoast.com\/wordpress\/plugins\/seo\/ -->\n<title>\u00a1Alerta en Espa\u00f1a! Pierde su estatus como pa\u00eds libre de sarampi\u00f3n - Diario 21<\/title>\n<meta name=\"robots\" content=\"index, follow, max-snippet:-1, max-image-preview:large, max-video-preview:-1\" \/>\n<link rel=\"canonical\" href=\"https:\/\/www.diario21.tv\/noticias\/alerta-en-espana-pierde-su-estatus-como-pais-libre-de-sarampion\/\" \/>\n<meta property=\"og:locale\" content=\"es_ES\" \/>\n<meta property=\"og:type\" content=\"article\" \/>\n<meta property=\"og:title\" content=\"\u00a1Alerta en Espa\u00f1a! Pierde su estatus como pa\u00eds libre de sarampi\u00f3n - Diario 21\" \/>\n<meta property=\"og:description\" content=\"Espa\u00f1a ya no es considerada una naci\u00f3n libre de sarampi\u00f3n Espa\u00f1a ha dejado de ser reconocida como un pa\u00eds libre del sarampi\u00f3n, una enfermedad altamente contagiosa ... Seguir leyendo &rarr;\" \/>\n<meta property=\"og:url\" content=\"https:\/\/www.diario21.tv\/noticias\/alerta-en-espana-pierde-su-estatus-como-pais-libre-de-sarampion\/\" \/>\n<meta property=\"og:site_name\" content=\"Diario 21\" \/>\n<meta property=\"article:published_time\" content=\"2026-01-30T14:45:54+00:00\" \/>\n<meta property=\"article:modified_time\" content=\"2026-01-30T14:45:58+00:00\" \/>\n<meta property=\"og:image\" content=\"https:\/\/www.diario21.tv\/noticias\/wp-content\/uploads\/2026\/01\/\u00a1Alerta-en-Espana-Pierde-su-estatus-como-pais-libre-de.jpg\" \/>\n\t<meta property=\"og:image:width\" content=\"1200\" \/>\n\t<meta property=\"og:image:height\" content=\"840\" \/>\n\t<meta property=\"og:image:type\" content=\"image\/jpeg\" \/>\n<meta name=\"author\" content=\"Juan P\u00e9rez\" \/>\n<meta name=\"twitter:card\" content=\"summary_large_image\" \/>\n<meta name=\"twitter:label1\" content=\"Escrito por\" \/>\n\t<meta name=\"twitter:data1\" content=\"Juan P\u00e9rez\" \/>\n\t<meta name=\"twitter:label2\" content=\"Tiempo de lectura\" \/>\n\t<meta name=\"twitter:data2\" content=\"2 minutos\" \/>\n<script type=\"application\/ld+json\" class=\"yoast-schema-graph\">{\"@context\":\"https:\/\/schema.org\",\"@graph\":[{\"@type\":\"WebPage\",\"@id\":\"https:\/\/www.diario21.tv\/noticias\/alerta-en-espana-pierde-su-estatus-como-pais-libre-de-sarampion\/\",\"url\":\"https:\/\/www.diario21.tv\/noticias\/alerta-en-espana-pierde-su-estatus-como-pais-libre-de-sarampion\/\",\"name\":\"\u00a1Alerta en Espa\u00f1a! Pierde su estatus como pa\u00eds libre de sarampi\u00f3n - Diario 21\",\"isPartOf\":{\"@id\":\"https:\/\/www.diario21.tv\/noticias\/#website\"},\"primaryImageOfPage\":{\"@id\":\"https:\/\/www.diario21.tv\/noticias\/alerta-en-espana-pierde-su-estatus-como-pais-libre-de-sarampion\/#primaryimage\"},\"image\":{\"@id\":\"https:\/\/www.diario21.tv\/noticias\/alerta-en-espana-pierde-su-estatus-como-pais-libre-de-sarampion\/#primaryimage\"},\"thumbnailUrl\":\"https:\/\/www.diario21.tv\/noticias\/wp-content\/uploads\/2026\/01\/\u00a1Alerta-en-Espana-Pierde-su-estatus-como-pais-libre-de.jpg\",\"datePublished\":\"2026-01-30T14:45:54+00:00\",\"dateModified\":\"2026-01-30T14:45:58+00:00\",\"author\":{\"@id\":\"https:\/\/www.diario21.tv\/noticias\/#\/schema\/person\/dfb778f73814d8f09f302618446a526b\"},\"breadcrumb\":{\"@id\":\"https:\/\/www.diario21.tv\/noticias\/alerta-en-espana-pierde-su-estatus-como-pais-libre-de-sarampion\/#breadcrumb\"},\"inLanguage\":\"es-AR\",\"potentialAction\":[{\"@type\":\"ReadAction\",\"target\":[\"https:\/\/www.diario21.tv\/noticias\/alerta-en-espana-pierde-su-estatus-como-pais-libre-de-sarampion\/\"]}]},{\"@type\":\"ImageObject\",\"inLanguage\":\"es-AR\",\"@id\":\"https:\/\/www.diario21.tv\/noticias\/alerta-en-espana-pierde-su-estatus-como-pais-libre-de-sarampion\/#primaryimage\",\"url\":\"https:\/\/www.diario21.tv\/noticias\/wp-content\/uploads\/2026\/01\/\u00a1Alerta-en-Espana-Pierde-su-estatus-como-pais-libre-de.jpg\",\"contentUrl\":\"https:\/\/www.diario21.tv\/noticias\/wp-content\/uploads\/2026\/01\/\u00a1Alerta-en-Espana-Pierde-su-estatus-como-pais-libre-de.jpg\",\"width\":1200,\"height\":840,\"caption\":\"Espa\u00f1a pierde el estatus de pa\u00eds libre de sarampi\u00f3n\"},{\"@type\":\"BreadcrumbList\",\"@id\":\"https:\/\/www.diario21.tv\/noticias\/alerta-en-espana-pierde-su-estatus-como-pais-libre-de-sarampion\/#breadcrumb\",\"itemListElement\":[{\"@type\":\"ListItem\",\"position\":1,\"name\":\"Accueil\",\"item\":\"https:\/\/www.diario21.tv\/noticias\/\"},{\"@type\":\"ListItem\",\"position\":2,\"name\":\"\u00a1Alerta en Espa\u00f1a! Pierde su estatus como pa\u00eds libre de sarampi\u00f3n\"}]},{\"@type\":\"WebSite\",\"@id\":\"https:\/\/www.diario21.tv\/noticias\/#website\",\"url\":\"https:\/\/www.diario21.tv\/noticias\/\",\"name\":\"Diario 21\",\"description\":\"\",\"potentialAction\":[{\"@type\":\"SearchAction\",\"target\":{\"@type\":\"EntryPoint\",\"urlTemplate\":\"https:\/\/www.diario21.tv\/noticias\/?s={search_term_string}\"},\"query-input\":{\"@type\":\"PropertyValueSpecification\",\"valueRequired\":true,\"valueName\":\"search_term_string\"}}],\"inLanguage\":\"es-AR\"},{\"@type\":\"Person\",\"@id\":\"https:\/\/www.diario21.tv\/noticias\/#\/schema\/person\/dfb778f73814d8f09f302618446a526b\",\"name\":\"Juan P\u00e9rez\",\"image\":{\"@type\":\"ImageObject\",\"inLanguage\":\"es-AR\",\"@id\":\"https:\/\/www.diario21.tv\/noticias\/#\/schema\/person\/image\/\",\"url\":\"https:\/\/secure.gravatar.com\/avatar\/c478a405bd10621167f4c3167cc770f5?s=96&d=mm&r=g\",\"contentUrl\":\"https:\/\/secure.gravatar.com\/avatar\/c478a405bd10621167f4c3167cc770f5?s=96&d=mm&r=g\",\"caption\":\"Juan P\u00e9rez\"},\"description\":\"Juan P\u00e9rez es el redactor en jefe de Diario 21. Con m\u00e1s de 10 a\u00f1os de experiencia en el periodismo, se especializa en pol\u00edtica nacional y an\u00e1lisis socioecon\u00f3mico. Su enfoque cr\u00edtico y riguroso aporta una perspectiva \u00fanica a cada art\u00edculo.\",\"sameAs\":[\"https:\/\/www.diario21.tv\/noticias\/\"],\"url\":\"https:\/\/www.diario21.tv\/noticias\/author\/juan-perez\/\"}]}<\/script>\n<!-- \/ Yoast SEO plugin. -->","yoast_head_json":{"title":"\u00a1Alerta en Espa\u00f1a! Pierde su estatus como pa\u00eds libre de sarampi\u00f3n - Diario 21","robots":{"index":"index","follow":"follow","max-snippet":"max-snippet:-1","max-image-preview":"max-image-preview:large","max-video-preview":"max-video-preview:-1"},"canonical":"https:\/\/www.diario21.tv\/noticias\/alerta-en-espana-pierde-su-estatus-como-pais-libre-de-sarampion\/","og_locale":"es_ES","og_type":"article","og_title":"\u00a1Alerta en Espa\u00f1a! Pierde su estatus como pa\u00eds libre de sarampi\u00f3n - Diario 21","og_description":"Espa\u00f1a ya no es considerada una naci\u00f3n libre de sarampi\u00f3n Espa\u00f1a ha dejado de ser reconocida como un pa\u00eds libre del sarampi\u00f3n, una enfermedad altamente contagiosa ... Seguir leyendo &rarr;","og_url":"https:\/\/www.diario21.tv\/noticias\/alerta-en-espana-pierde-su-estatus-como-pais-libre-de-sarampion\/","og_site_name":"Diario 21","article_published_time":"2026-01-30T14:45:54+00:00","article_modified_time":"2026-01-30T14:45:58+00:00","og_image":[{"width":1200,"height":840,"url":"https:\/\/www.diario21.tv\/noticias\/wp-content\/uploads\/2026\/01\/\u00a1Alerta-en-Espana-Pierde-su-estatus-como-pais-libre-de.jpg","type":"image\/jpeg"}],"author":"Juan P\u00e9rez","twitter_card":"summary_large_image","twitter_misc":{"Escrito por":"Juan P\u00e9rez","Tiempo de lectura":"2 minutos"},"schema":{"@context":"https:\/\/schema.org","@graph":[{"@type":"WebPage","@id":"https:\/\/www.diario21.tv\/noticias\/alerta-en-espana-pierde-su-estatus-como-pais-libre-de-sarampion\/","url":"https:\/\/www.diario21.tv\/noticias\/alerta-en-espana-pierde-su-estatus-como-pais-libre-de-sarampion\/","name":"\u00a1Alerta en Espa\u00f1a! Pierde su estatus como pa\u00eds libre de sarampi\u00f3n - Diario 21","isPartOf":{"@id":"https:\/\/www.diario21.tv\/noticias\/#website"},"primaryImageOfPage":{"@id":"https:\/\/www.diario21.tv\/noticias\/alerta-en-espana-pierde-su-estatus-como-pais-libre-de-sarampion\/#primaryimage"},"image":{"@id":"https:\/\/www.diario21.tv\/noticias\/alerta-en-espana-pierde-su-estatus-como-pais-libre-de-sarampion\/#primaryimage"},"thumbnailUrl":"https:\/\/www.diario21.tv\/noticias\/wp-content\/uploads\/2026\/01\/\u00a1Alerta-en-Espana-Pierde-su-estatus-como-pais-libre-de.jpg","datePublished":"2026-01-30T14:45:54+00:00","dateModified":"2026-01-30T14:45:58+00:00","author":{"@id":"https:\/\/www.diario21.tv\/noticias\/#\/schema\/person\/dfb778f73814d8f09f302618446a526b"},"breadcrumb":{"@id":"https:\/\/www.diario21.tv\/noticias\/alerta-en-espana-pierde-su-estatus-como-pais-libre-de-sarampion\/#breadcrumb"},"inLanguage":"es-AR","potentialAction":[{"@type":"ReadAction","target":["https:\/\/www.diario21.tv\/noticias\/alerta-en-espana-pierde-su-estatus-como-pais-libre-de-sarampion\/"]}]},{"@type":"ImageObject","inLanguage":"es-AR","@id":"https:\/\/www.diario21.tv\/noticias\/alerta-en-espana-pierde-su-estatus-como-pais-libre-de-sarampion\/#primaryimage","url":"https:\/\/www.diario21.tv\/noticias\/wp-content\/uploads\/2026\/01\/\u00a1Alerta-en-Espana-Pierde-su-estatus-como-pais-libre-de.jpg","contentUrl":"https:\/\/www.diario21.tv\/noticias\/wp-content\/uploads\/2026\/01\/\u00a1Alerta-en-Espana-Pierde-su-estatus-como-pais-libre-de.jpg","width":1200,"height":840,"caption":"Espa\u00f1a pierde el estatus de pa\u00eds libre de sarampi\u00f3n"},{"@type":"BreadcrumbList","@id":"https:\/\/www.diario21.tv\/noticias\/alerta-en-espana-pierde-su-estatus-como-pais-libre-de-sarampion\/#breadcrumb","itemListElement":[{"@type":"ListItem","position":1,"name":"Accueil","item":"https:\/\/www.diario21.tv\/noticias\/"},{"@type":"ListItem","position":2,"name":"\u00a1Alerta en Espa\u00f1a! Pierde su estatus como pa\u00eds libre de sarampi\u00f3n"}]},{"@type":"WebSite","@id":"https:\/\/www.diario21.tv\/noticias\/#website","url":"https:\/\/www.diario21.tv\/noticias\/","name":"Diario 21","description":"","potentialAction":[{"@type":"SearchAction","target":{"@type":"EntryPoint","urlTemplate":"https:\/\/www.diario21.tv\/noticias\/?s={search_term_string}"},"query-input":{"@type":"PropertyValueSpecification","valueRequired":true,"valueName":"search_term_string"}}],"inLanguage":"es-AR"},{"@type":"Person","@id":"https:\/\/www.diario21.tv\/noticias\/#\/schema\/person\/dfb778f73814d8f09f302618446a526b","name":"Juan P\u00e9rez","image":{"@type":"ImageObject","inLanguage":"es-AR","@id":"https:\/\/www.diario21.tv\/noticias\/#\/schema\/person\/image\/","url":"https:\/\/secure.gravatar.com\/avatar\/c478a405bd10621167f4c3167cc770f5?s=96&d=mm&r=g","contentUrl":"https:\/\/secure.gravatar.com\/avatar\/c478a405bd10621167f4c3167cc770f5?s=96&d=mm&r=g","caption":"Juan P\u00e9rez"},"description":"Juan P\u00e9rez es el redactor en jefe de Diario 21. Con m\u00e1s de 10 a\u00f1os de experiencia en el periodismo, se especializa en pol\u00edtica nacional y an\u00e1lisis socioecon\u00f3mico. Su enfoque cr\u00edtico y riguroso aporta una perspectiva \u00fanica a cada art\u00edculo.","sameAs":["https:\/\/www.diario21.tv\/noticias\/"],"url":"https:\/\/www.diario21.tv\/noticias\/author\/juan-perez\/"}]}},"_links":{"self":[{"href":"https:\/\/www.diario21.tv\/noticias\/wp-json\/wp\/v2\/posts\/6054"}],"collection":[{"href":"https:\/\/www.diario21.tv\/noticias\/wp-json\/wp\/v2\/posts"}],"about":[{"href":"https:\/\/www.diario21.tv\/noticias\/wp-json\/wp\/v2\/types\/post"}],"author":[{"embeddable":true,"href":"https:\/\/www.diario21.tv\/noticias\/wp-json\/wp\/v2\/users\/20"}],"replies":[{"embeddable":true,"href":"https:\/\/www.diario21.tv\/noticias\/wp-json\/wp\/v2\/comments?post=6054"}],"version-history":[{"count":1,"href":"https:\/\/www.diario21.tv\/noticias\/wp-json\/wp\/v2\/posts\/6054\/revisions"}],"predecessor-version":[{"id":6056,"href":"https:\/\/www.diario21.tv\/noticias\/wp-json\/wp\/v2\/posts\/6054\/revisions\/6056"}],"wp:featuredmedia":[{"embeddable":true,"href":"https:\/\/www.diario21.tv\/noticias\/wp-json\/wp\/v2\/media\/6055"}],"wp:attachment":[{"href":"https:\/\/www.diario21.tv\/noticias\/wp-json\/wp\/v2\/media?parent=6054"}],"wp:term":[{"taxonomy":"category","embeddable":true,"href":"https:\/\/www.diario21.tv\/noticias\/wp-json\/wp\/v2\/categories?post=6054"},{"taxonomy":"post_tag","embeddable":true,"href":"https:\/\/www.diario21.tv\/noticias\/wp-json\/wp\/v2\/tags?post=6054"}],"curies":[{"name":"wp","href":"https:\/\/api.w.org\/{rel}","templated":true}]}}