{"id":6042,"date":"2026-01-29T14:41:00","date_gmt":"2026-01-29T14:41:00","guid":{"rendered":"https:\/\/www.diario21.tv\/noticias\/alerta-maxima-en-la-ue-por-fruta-espanola-peligrosa\/"},"modified":"2026-01-29T14:41:02","modified_gmt":"2026-01-29T14:41:02","slug":"alerta-maxima-en-la-ue-por-fruta-espanola-peligrosa","status":"publish","type":"post","link":"https:\/\/www.diario21.tv\/noticias\/alerta-maxima-en-la-ue-por-fruta-espanola-peligrosa\/","title":{"rendered":"\u00a1Alerta m\u00e1xima en la UE por fruta espa\u00f1ola peligrosa!"},"content":{"rendered":"<h2>Advertencia seria de la Uni\u00f3n Europea sobre una fruta espa\u00f1ola<\/h2>\n<p>La Uni\u00f3n Europea ha emitido una alerta alimentaria de alto nivel debido a preocupaciones sobre una fruta producida en Espa\u00f1a. Esta medida cautelar busca informar a los consumidores y autoridades sanitarias de los posibles riesgos relacionados con el consumo de este producto.<\/p>\n<h3>Detalles del Producto Afectado<\/h3>\n<p>La fruta en cuesti\u00f3n ha sido identificada espec\u00edficamente como procedente de Espa\u00f1a, un pa\u00eds conocido por su amplia exportaci\u00f3n de productos agr\u00edcolas a varios pa\u00edses de la UE. Aunque el tipo exacto de fruta no ha sido revelado en el comunicado oficial, las autoridades est\u00e1n llevando a cabo investigaciones exhaustivas para determinar la naturaleza exacta del problema y el alcance de la distribuci\u00f3n del producto afectado.<\/p>\n<h3>Medidas Tomadas por las Autoridades<\/h3>\n<p>Inmediatamente despu\u00e9s de la detecci\u00f3n de la alerta, las autoridades europeas activaron los protocolos de seguridad alimentaria establecidos para proteger la salud de los consumidores. Esto incluye la trazabilidad del producto desde su origen hasta los puntos de venta al detalle, pasando por todos los eslabones de la cadena de suministro. Adem\u00e1s, se ha solicitado a los consumidores que eviten consumir la fruta sospechosa hasta que se esclarezca m\u00e1s la situaci\u00f3n y se confirme su seguridad.<\/p>\n<p>Las investigaciones est\u00e1n siendo coordinadas por la Agencia Europea de Seguridad Alimentaria, en colaboraci\u00f3n con las autoridades sanitarias espa\u00f1olas y los distribuidores del producto. Estas entidades est\u00e1n trabajando conjuntamente para recopilar muestras, analizarlas y obtener resultados que permitan tomar decisiones informadas sobre las pr\u00f3ximas acciones a seguir.<\/p>\n<h3>Recomendaciones para los Consumidores<\/h3>\n<p>Mientras tanto, se aconseja a los consumidores que se mantengan alerta y sigan las noticias y comunicados oficiales de las autoridades de salud. En caso de haber adquirido recientemente frutas importadas de Espa\u00f1a, es prudente verificar si est\u00e1n incluidas en las listas de productos bajo investigaci\u00f3n y abstenerse de consumirlas hasta que se confirme su inocuidad.<\/p>\n<h3>Impacto en el Comercio y la Industria<\/h3>\n<p>Este incidente podr\u00eda tener repercusiones significativas en el comercio de frutas entre Espa\u00f1a y otros estados miembros de la Uni\u00f3n Europea. La confianza del consumidor en los productos alimentarios es crucial, y eventos como este pueden afectar negativamente la percepci\u00f3n de los productos espa\u00f1oles en el mercado europeo. Las autoridades y los productores espa\u00f1oles est\u00e1n, por tanto, muy interesados en resolver prontamente esta situaci\u00f3n y restablecer la confianza en sus frutas y otros productos agr\u00edcolas.<\/p>\n<p>La Uni\u00f3n Europea y Espa\u00f1a est\u00e1n comprometidas en garantizar que todos los productos alimenticios vendidos y distribuidos en sus mercados cumplan con los m\u00e1s altos est\u00e1ndares de calidad y seguridad. Con medidas r\u00e1pidas y transparentes, esperan minimizar cualquier riesgo para la salud p\u00fablica y restaurar la normalidad en el comercio de frutas lo antes posible.<\/p>\n\n\n<div class=\"kk-star-ratings kksr-auto kksr-align-left kksr-valign-bottom\"\n    data-payload='{&quot;align&quot;:&quot;left&quot;,&quot;id&quot;:&quot;6042&quot;,&quot;slug&quot;:&quot;default&quot;,&quot;valign&quot;:&quot;bottom&quot;,&quot;ignore&quot;:&quot;&quot;,&quot;reference&quot;:&quot;auto&quot;,&quot;class&quot;:&quot;&quot;,&quot;count&quot;:&quot;0&quot;,&quot;legendonly&quot;:&quot;&quot;,&quot;readonly&quot;:&quot;&quot;,&quot;score&quot;:&quot;0&quot;,&quot;starsonly&quot;:&quot;&quot;,&quot;best&quot;:&quot;5&quot;,&quot;gap&quot;:&quot;5&quot;,&quot;greet&quot;:&quot;Valora este post&quot;,&quot;legend&quot;:&quot;0\\\/5 - (0 votes)&quot;,&quot;size&quot;:&quot;22&quot;,&quot;title&quot;:&quot;\u00a1Alerta m\u00e1xima en la UE por fruta espa\u00f1ola peligrosa!&quot;,&quot;width&quot;:&quot;0&quot;,&quot;_legend&quot;:&quot;{score}\\\/{best} - ({count} {votes})&quot;,&quot;font_factor&quot;:&quot;1.25&quot;}'>\n            \n<div class=\"kksr-stars\">\n    \n<div class=\"kksr-stars-inactive\">\n            <div class=\"kksr-star\" data-star=\"1\" style=\"padding-right: 5px\">\n            \n\n<div class=\"kksr-icon\" style=\"width: 22px; height: 22px;\"><\/div>\n        <\/div>\n            <div class=\"kksr-star\" data-star=\"2\" style=\"padding-right: 5px\">\n            \n\n<div class=\"kksr-icon\" style=\"width: 22px; height: 22px;\"><\/div>\n        <\/div>\n            <div class=\"kksr-star\" data-star=\"3\" style=\"padding-right: 5px\">\n            \n\n<div class=\"kksr-icon\" style=\"width: 22px; height: 22px;\"><\/div>\n        <\/div>\n            <div class=\"kksr-star\" data-star=\"4\" style=\"padding-right: 5px\">\n            \n\n<div class=\"kksr-icon\" style=\"width: 22px; height: 22px;\"><\/div>\n        <\/div>\n            <div class=\"kksr-star\" data-star=\"5\" style=\"padding-right: 5px\">\n            \n\n<div class=\"kksr-icon\" style=\"width: 22px; height: 22px;\"><\/div>\n        <\/div>\n    <\/div>\n    \n<div class=\"kksr-stars-active\" style=\"width: 0px;\">\n            <div class=\"kksr-star\" style=\"padding-right: 5px\">\n            \n\n<div class=\"kksr-icon\" style=\"width: 22px; height: 22px;\"><\/div>\n        <\/div>\n            <div class=\"kksr-star\" style=\"padding-right: 5px\">\n            \n\n<div class=\"kksr-icon\" style=\"width: 22px; height: 22px;\"><\/div>\n        <\/div>\n            <div class=\"kksr-star\" style=\"padding-right: 5px\">\n            \n\n<div class=\"kksr-icon\" style=\"width: 22px; height: 22px;\"><\/div>\n        <\/div>\n            <div class=\"kksr-star\" style=\"padding-right: 5px\">\n            \n\n<div class=\"kksr-icon\" style=\"width: 22px; height: 22px;\"><\/div>\n        <\/div>\n            <div class=\"kksr-star\" style=\"padding-right: 5px\">\n            \n\n<div class=\"kksr-icon\" style=\"width: 22px; height: 22px;\"><\/div>\n        <\/div>\n    <\/div>\n<\/div>\n                \n\n<div class=\"kksr-legend\" style=\"font-size: 17.6px;\">\n            <span class=\"kksr-muted\">Valora este post<\/span>\n    <\/div>\n    <\/div>\n","protected":false},"excerpt":{"rendered":"<p>Advertencia seria de la Uni\u00f3n Europea sobre una fruta espa\u00f1ola La Uni\u00f3n Europea ha emitido una alerta alimentaria de alto nivel debido a preocupaciones sobre una &#8230; <a title=\"\u00a1Alerta m\u00e1xima en la UE por fruta espa\u00f1ola peligrosa!\" class=\"read-more\" href=\"https:\/\/www.diario21.tv\/noticias\/alerta-maxima-en-la-ue-por-fruta-espanola-peligrosa\/\" aria-label=\"Leer m\u00e1s sobre \u00a1Alerta m\u00e1xima en la UE por fruta espa\u00f1ola peligrosa!\">Seguir leyendo &rarr;<\/a><\/p>\n","protected":false},"author":20,"featured_media":6043,"comment_status":"open","ping_status":"open","sticky":false,"template":"","format":"standard","meta":{"footnotes":""},"categories":[13],"tags":[],"class_list":["post-6042","post","type-post","status-publish","format-standard","has-post-thumbnail","hentry","category-portada"],"yoast_head":"<!-- This site is optimized with the Yoast SEO plugin v25.6 - https:\/\/yoast.com\/wordpress\/plugins\/seo\/ -->\n<title>\u00a1Alerta m\u00e1xima en la UE por fruta espa\u00f1ola peligrosa! - Diario 21<\/title>\n<meta name=\"robots\" content=\"index, follow, max-snippet:-1, max-image-preview:large, max-video-preview:-1\" \/>\n<link rel=\"canonical\" href=\"https:\/\/www.diario21.tv\/noticias\/alerta-maxima-en-la-ue-por-fruta-espanola-peligrosa\/\" \/>\n<meta property=\"og:locale\" content=\"es_ES\" \/>\n<meta property=\"og:type\" content=\"article\" \/>\n<meta property=\"og:title\" content=\"\u00a1Alerta m\u00e1xima en la UE por fruta espa\u00f1ola peligrosa! - Diario 21\" \/>\n<meta property=\"og:description\" content=\"Advertencia seria de la Uni\u00f3n Europea sobre una fruta espa\u00f1ola La Uni\u00f3n Europea ha emitido una alerta alimentaria de alto nivel debido a preocupaciones sobre una ... Seguir leyendo &rarr;\" \/>\n<meta property=\"og:url\" content=\"https:\/\/www.diario21.tv\/noticias\/alerta-maxima-en-la-ue-por-fruta-espanola-peligrosa\/\" \/>\n<meta property=\"og:site_name\" content=\"Diario 21\" \/>\n<meta property=\"article:published_time\" content=\"2026-01-29T14:41:00+00:00\" \/>\n<meta property=\"article:modified_time\" content=\"2026-01-29T14:41:02+00:00\" \/>\n<meta property=\"og:image\" content=\"https:\/\/www.diario21.tv\/noticias\/wp-content\/uploads\/2026\/01\/\u00a1Alerta-maxima-en-la-UE-por-fruta-espanola-peligrosa.jpg\" \/>\n\t<meta property=\"og:image:width\" content=\"1920\" \/>\n\t<meta property=\"og:image:height\" content=\"1280\" \/>\n\t<meta property=\"og:image:type\" content=\"image\/jpeg\" \/>\n<meta name=\"author\" content=\"Juan P\u00e9rez\" \/>\n<meta name=\"twitter:card\" content=\"summary_large_image\" \/>\n<meta name=\"twitter:label1\" content=\"Escrito por\" \/>\n\t<meta name=\"twitter:data1\" content=\"Juan P\u00e9rez\" \/>\n\t<meta name=\"twitter:label2\" content=\"Tiempo de lectura\" \/>\n\t<meta name=\"twitter:data2\" content=\"2 minutos\" \/>\n<script type=\"application\/ld+json\" class=\"yoast-schema-graph\">{\"@context\":\"https:\/\/schema.org\",\"@graph\":[{\"@type\":\"WebPage\",\"@id\":\"https:\/\/www.diario21.tv\/noticias\/alerta-maxima-en-la-ue-por-fruta-espanola-peligrosa\/\",\"url\":\"https:\/\/www.diario21.tv\/noticias\/alerta-maxima-en-la-ue-por-fruta-espanola-peligrosa\/\",\"name\":\"\u00a1Alerta m\u00e1xima en la UE por fruta espa\u00f1ola peligrosa! - Diario 21\",\"isPartOf\":{\"@id\":\"https:\/\/www.diario21.tv\/noticias\/#website\"},\"primaryImageOfPage\":{\"@id\":\"https:\/\/www.diario21.tv\/noticias\/alerta-maxima-en-la-ue-por-fruta-espanola-peligrosa\/#primaryimage\"},\"image\":{\"@id\":\"https:\/\/www.diario21.tv\/noticias\/alerta-maxima-en-la-ue-por-fruta-espanola-peligrosa\/#primaryimage\"},\"thumbnailUrl\":\"https:\/\/www.diario21.tv\/noticias\/wp-content\/uploads\/2026\/01\/\u00a1Alerta-maxima-en-la-UE-por-fruta-espanola-peligrosa.jpg\",\"datePublished\":\"2026-01-29T14:41:00+00:00\",\"dateModified\":\"2026-01-29T14:41:02+00:00\",\"author\":{\"@id\":\"https:\/\/www.diario21.tv\/noticias\/#\/schema\/person\/dfb778f73814d8f09f302618446a526b\"},\"breadcrumb\":{\"@id\":\"https:\/\/www.diario21.tv\/noticias\/alerta-maxima-en-la-ue-por-fruta-espanola-peligrosa\/#breadcrumb\"},\"inLanguage\":\"es-AR\",\"potentialAction\":[{\"@type\":\"ReadAction\",\"target\":[\"https:\/\/www.diario21.tv\/noticias\/alerta-maxima-en-la-ue-por-fruta-espanola-peligrosa\/\"]}]},{\"@type\":\"ImageObject\",\"inLanguage\":\"es-AR\",\"@id\":\"https:\/\/www.diario21.tv\/noticias\/alerta-maxima-en-la-ue-por-fruta-espanola-peligrosa\/#primaryimage\",\"url\":\"https:\/\/www.diario21.tv\/noticias\/wp-content\/uploads\/2026\/01\/\u00a1Alerta-maxima-en-la-UE-por-fruta-espanola-peligrosa.jpg\",\"contentUrl\":\"https:\/\/www.diario21.tv\/noticias\/wp-content\/uploads\/2026\/01\/\u00a1Alerta-maxima-en-la-UE-por-fruta-espanola-peligrosa.jpg\",\"width\":1920,\"height\":1280,\"caption\":\"La Uni\u00f3n Europea lanza una alerta alimentaria grave por una fruta de origen espa\u00f1ol\"},{\"@type\":\"BreadcrumbList\",\"@id\":\"https:\/\/www.diario21.tv\/noticias\/alerta-maxima-en-la-ue-por-fruta-espanola-peligrosa\/#breadcrumb\",\"itemListElement\":[{\"@type\":\"ListItem\",\"position\":1,\"name\":\"Accueil\",\"item\":\"https:\/\/www.diario21.tv\/noticias\/\"},{\"@type\":\"ListItem\",\"position\":2,\"name\":\"\u00a1Alerta m\u00e1xima en la UE por fruta espa\u00f1ola peligrosa!\"}]},{\"@type\":\"WebSite\",\"@id\":\"https:\/\/www.diario21.tv\/noticias\/#website\",\"url\":\"https:\/\/www.diario21.tv\/noticias\/\",\"name\":\"Diario 21\",\"description\":\"\",\"potentialAction\":[{\"@type\":\"SearchAction\",\"target\":{\"@type\":\"EntryPoint\",\"urlTemplate\":\"https:\/\/www.diario21.tv\/noticias\/?s={search_term_string}\"},\"query-input\":{\"@type\":\"PropertyValueSpecification\",\"valueRequired\":true,\"valueName\":\"search_term_string\"}}],\"inLanguage\":\"es-AR\"},{\"@type\":\"Person\",\"@id\":\"https:\/\/www.diario21.tv\/noticias\/#\/schema\/person\/dfb778f73814d8f09f302618446a526b\",\"name\":\"Juan P\u00e9rez\",\"image\":{\"@type\":\"ImageObject\",\"inLanguage\":\"es-AR\",\"@id\":\"https:\/\/www.diario21.tv\/noticias\/#\/schema\/person\/image\/\",\"url\":\"https:\/\/secure.gravatar.com\/avatar\/c478a405bd10621167f4c3167cc770f5?s=96&d=mm&r=g\",\"contentUrl\":\"https:\/\/secure.gravatar.com\/avatar\/c478a405bd10621167f4c3167cc770f5?s=96&d=mm&r=g\",\"caption\":\"Juan P\u00e9rez\"},\"description\":\"Juan P\u00e9rez es el redactor en jefe de Diario 21. Con m\u00e1s de 10 a\u00f1os de experiencia en el periodismo, se especializa en pol\u00edtica nacional y an\u00e1lisis socioecon\u00f3mico. Su enfoque cr\u00edtico y riguroso aporta una perspectiva \u00fanica a cada art\u00edculo.\",\"sameAs\":[\"https:\/\/www.diario21.tv\/noticias\/\"],\"url\":\"https:\/\/www.diario21.tv\/noticias\/author\/juan-perez\/\"}]}<\/script>\n<!-- \/ Yoast SEO plugin. -->","yoast_head_json":{"title":"\u00a1Alerta m\u00e1xima en la UE por fruta espa\u00f1ola peligrosa! - Diario 21","robots":{"index":"index","follow":"follow","max-snippet":"max-snippet:-1","max-image-preview":"max-image-preview:large","max-video-preview":"max-video-preview:-1"},"canonical":"https:\/\/www.diario21.tv\/noticias\/alerta-maxima-en-la-ue-por-fruta-espanola-peligrosa\/","og_locale":"es_ES","og_type":"article","og_title":"\u00a1Alerta m\u00e1xima en la UE por fruta espa\u00f1ola peligrosa! - Diario 21","og_description":"Advertencia seria de la Uni\u00f3n Europea sobre una fruta espa\u00f1ola La Uni\u00f3n Europea ha emitido una alerta alimentaria de alto nivel debido a preocupaciones sobre una ... Seguir leyendo &rarr;","og_url":"https:\/\/www.diario21.tv\/noticias\/alerta-maxima-en-la-ue-por-fruta-espanola-peligrosa\/","og_site_name":"Diario 21","article_published_time":"2026-01-29T14:41:00+00:00","article_modified_time":"2026-01-29T14:41:02+00:00","og_image":[{"width":1920,"height":1280,"url":"https:\/\/www.diario21.tv\/noticias\/wp-content\/uploads\/2026\/01\/\u00a1Alerta-maxima-en-la-UE-por-fruta-espanola-peligrosa.jpg","type":"image\/jpeg"}],"author":"Juan P\u00e9rez","twitter_card":"summary_large_image","twitter_misc":{"Escrito por":"Juan P\u00e9rez","Tiempo de lectura":"2 minutos"},"schema":{"@context":"https:\/\/schema.org","@graph":[{"@type":"WebPage","@id":"https:\/\/www.diario21.tv\/noticias\/alerta-maxima-en-la-ue-por-fruta-espanola-peligrosa\/","url":"https:\/\/www.diario21.tv\/noticias\/alerta-maxima-en-la-ue-por-fruta-espanola-peligrosa\/","name":"\u00a1Alerta m\u00e1xima en la UE por fruta espa\u00f1ola peligrosa! - Diario 21","isPartOf":{"@id":"https:\/\/www.diario21.tv\/noticias\/#website"},"primaryImageOfPage":{"@id":"https:\/\/www.diario21.tv\/noticias\/alerta-maxima-en-la-ue-por-fruta-espanola-peligrosa\/#primaryimage"},"image":{"@id":"https:\/\/www.diario21.tv\/noticias\/alerta-maxima-en-la-ue-por-fruta-espanola-peligrosa\/#primaryimage"},"thumbnailUrl":"https:\/\/www.diario21.tv\/noticias\/wp-content\/uploads\/2026\/01\/\u00a1Alerta-maxima-en-la-UE-por-fruta-espanola-peligrosa.jpg","datePublished":"2026-01-29T14:41:00+00:00","dateModified":"2026-01-29T14:41:02+00:00","author":{"@id":"https:\/\/www.diario21.tv\/noticias\/#\/schema\/person\/dfb778f73814d8f09f302618446a526b"},"breadcrumb":{"@id":"https:\/\/www.diario21.tv\/noticias\/alerta-maxima-en-la-ue-por-fruta-espanola-peligrosa\/#breadcrumb"},"inLanguage":"es-AR","potentialAction":[{"@type":"ReadAction","target":["https:\/\/www.diario21.tv\/noticias\/alerta-maxima-en-la-ue-por-fruta-espanola-peligrosa\/"]}]},{"@type":"ImageObject","inLanguage":"es-AR","@id":"https:\/\/www.diario21.tv\/noticias\/alerta-maxima-en-la-ue-por-fruta-espanola-peligrosa\/#primaryimage","url":"https:\/\/www.diario21.tv\/noticias\/wp-content\/uploads\/2026\/01\/\u00a1Alerta-maxima-en-la-UE-por-fruta-espanola-peligrosa.jpg","contentUrl":"https:\/\/www.diario21.tv\/noticias\/wp-content\/uploads\/2026\/01\/\u00a1Alerta-maxima-en-la-UE-por-fruta-espanola-peligrosa.jpg","width":1920,"height":1280,"caption":"La Uni\u00f3n Europea lanza una alerta alimentaria grave por una fruta de origen espa\u00f1ol"},{"@type":"BreadcrumbList","@id":"https:\/\/www.diario21.tv\/noticias\/alerta-maxima-en-la-ue-por-fruta-espanola-peligrosa\/#breadcrumb","itemListElement":[{"@type":"ListItem","position":1,"name":"Accueil","item":"https:\/\/www.diario21.tv\/noticias\/"},{"@type":"ListItem","position":2,"name":"\u00a1Alerta m\u00e1xima en la UE por fruta espa\u00f1ola peligrosa!"}]},{"@type":"WebSite","@id":"https:\/\/www.diario21.tv\/noticias\/#website","url":"https:\/\/www.diario21.tv\/noticias\/","name":"Diario 21","description":"","potentialAction":[{"@type":"SearchAction","target":{"@type":"EntryPoint","urlTemplate":"https:\/\/www.diario21.tv\/noticias\/?s={search_term_string}"},"query-input":{"@type":"PropertyValueSpecification","valueRequired":true,"valueName":"search_term_string"}}],"inLanguage":"es-AR"},{"@type":"Person","@id":"https:\/\/www.diario21.tv\/noticias\/#\/schema\/person\/dfb778f73814d8f09f302618446a526b","name":"Juan P\u00e9rez","image":{"@type":"ImageObject","inLanguage":"es-AR","@id":"https:\/\/www.diario21.tv\/noticias\/#\/schema\/person\/image\/","url":"https:\/\/secure.gravatar.com\/avatar\/c478a405bd10621167f4c3167cc770f5?s=96&d=mm&r=g","contentUrl":"https:\/\/secure.gravatar.com\/avatar\/c478a405bd10621167f4c3167cc770f5?s=96&d=mm&r=g","caption":"Juan P\u00e9rez"},"description":"Juan P\u00e9rez es el redactor en jefe de Diario 21. Con m\u00e1s de 10 a\u00f1os de experiencia en el periodismo, se especializa en pol\u00edtica nacional y an\u00e1lisis socioecon\u00f3mico. Su enfoque cr\u00edtico y riguroso aporta una perspectiva \u00fanica a cada art\u00edculo.","sameAs":["https:\/\/www.diario21.tv\/noticias\/"],"url":"https:\/\/www.diario21.tv\/noticias\/author\/juan-perez\/"}]}},"_links":{"self":[{"href":"https:\/\/www.diario21.tv\/noticias\/wp-json\/wp\/v2\/posts\/6042"}],"collection":[{"href":"https:\/\/www.diario21.tv\/noticias\/wp-json\/wp\/v2\/posts"}],"about":[{"href":"https:\/\/www.diario21.tv\/noticias\/wp-json\/wp\/v2\/types\/post"}],"author":[{"embeddable":true,"href":"https:\/\/www.diario21.tv\/noticias\/wp-json\/wp\/v2\/users\/20"}],"replies":[{"embeddable":true,"href":"https:\/\/www.diario21.tv\/noticias\/wp-json\/wp\/v2\/comments?post=6042"}],"version-history":[{"count":1,"href":"https:\/\/www.diario21.tv\/noticias\/wp-json\/wp\/v2\/posts\/6042\/revisions"}],"predecessor-version":[{"id":6044,"href":"https:\/\/www.diario21.tv\/noticias\/wp-json\/wp\/v2\/posts\/6042\/revisions\/6044"}],"wp:featuredmedia":[{"embeddable":true,"href":"https:\/\/www.diario21.tv\/noticias\/wp-json\/wp\/v2\/media\/6043"}],"wp:attachment":[{"href":"https:\/\/www.diario21.tv\/noticias\/wp-json\/wp\/v2\/media?parent=6042"}],"wp:term":[{"taxonomy":"category","embeddable":true,"href":"https:\/\/www.diario21.tv\/noticias\/wp-json\/wp\/v2\/categories?post=6042"},{"taxonomy":"post_tag","embeddable":true,"href":"https:\/\/www.diario21.tv\/noticias\/wp-json\/wp\/v2\/tags?post=6042"}],"curies":[{"name":"wp","href":"https:\/\/api.w.org\/{rel}","templated":true}]}}