{"id":5994,"date":"2026-01-25T14:15:51","date_gmt":"2026-01-25T14:15:51","guid":{"rendered":"https:\/\/www.diario21.tv\/noticias\/atencion-viajeros-adif-reduce-velocidad-en-linea-angrois-por-alertas-de-maquinistas\/"},"modified":"2026-01-25T14:15:53","modified_gmt":"2026-01-25T14:15:53","slug":"atencion-viajeros-adif-reduce-velocidad-en-linea-angrois-por-alertas-de-maquinistas","status":"publish","type":"post","link":"https:\/\/www.diario21.tv\/noticias\/atencion-viajeros-adif-reduce-velocidad-en-linea-angrois-por-alertas-de-maquinistas\/","title":{"rendered":"\u00a1Atenci\u00f3n viajeros! Adif reduce velocidad en l\u00ednea Angrois por alertas de maquinistas"},"content":{"rendered":"<h2>Adif Reduce la Velocidad en la L\u00ednea de Angrois Despu\u00e9s de las Alertas de los Conductores de Tren<\/h2>\n<p>El Administrador de Infraestructuras Ferroviarias (Adif) ha tomado la decisi\u00f3n de disminuir la velocidad permitida en la l\u00ednea ferroviaria de Angrois. Esta medida se implement\u00f3 tras recibir m\u00faltiples advertencias por parte de los maquinistas que operan en esta ruta.<\/p>\n<h3>Reacci\u00f3n a las Preocupaciones de Seguridad<\/h3>\n<p>Los maquinistas que frecuentemente transitan por la l\u00ednea de Angrois han expresado preocupaciones relacionadas con la seguridad en varios tramos de la ruta. Seg\u00fan informes, los conductores han notado que ciertas \u00e1reas presentan riesgos potenciales que podr\u00edan comprometer la seguridad tanto de los pasajeros como del personal a bordo.<\/p>\n<p>Adif, respondiendo a estas inquietudes, ha optado por una reducci\u00f3n en la velocidad m\u00e1xima permitida en los sectores m\u00e1s cr\u00edticos de la l\u00ednea. Esta acci\u00f3n busca prevenir incidentes y asegurar que el viaje sea seguro para todos los usuarios del servicio ferroviario.<\/p>\n<h3>Detalles de la Implementaci\u00f3n de la Nueva Medida<\/h3>\n<p>La nueva regulaci\u00f3n de velocidad ya est\u00e1 en vigencia, y los trenes que circulan por esta l\u00ednea deber\u00e1n ajustar su velocidad de acuerdo con los nuevos l\u00edmites establecidos. Adif ha confirmado que esta medida es temporal y que se realizar\u00e1n evaluaciones continuas para determinar su efectividad y la posible necesidad de realizar ajustes adicionales.<\/p>\n<p>Adem\u00e1s, Adif ha anunciado que llevar\u00e1 a cabo inspecciones adicionales y estudios detallados en la l\u00ednea para identificar cualquier otro posible riesgo y tomar las medidas correctivas necesarias. Estos estudios ayudar\u00e1n a la entidad a comprender mejor las causas de las preocupaciones de los maquinistas y a implementar soluciones a largo plazo para mejorar la seguridad en la l\u00ednea de Angrois.<\/p>\n<h3>Impacto en los Usuarios del Servicio<\/h3>\n<p>Si bien la reducci\u00f3n de la velocidad podr\u00eda aumentar el tiempo de viaje para los pasajeros, Adif asegura que esta medida es esencial para garantizar la seguridad de todos los usuarios. La entidad pide paciencia y comprensi\u00f3n mientras se llevan a cabo los estudios y ajustes necesarios.<\/p>\n<p>Los usuarios regulares de la l\u00ednea de Angrois deber\u00e1n estar atentos a los avisos y actualizaciones de Adif, ya que podr\u00edan haber cambios en los horarios y en la duraci\u00f3n de los viajes mientras est\u00e9 vigente la medida de reducci\u00f3n de velocidad.<\/p>\n<h3>Compromiso con la Seguridad Ferroviaria<\/h3>\n<p>Adif reitera su compromiso con la seguridad ferroviaria y afirma que continuar\u00e1 trabajando estrechamente con los maquinistas y otros expertos en transporte ferroviario para monitorear la situaci\u00f3n y ajustar las medidas seg\u00fan sea necesario. La seguridad de los pasajeros y el personal es la prioridad m\u00e1xima, y todas las decisiones se toman teniendo en cuenta este principio fundamental.<\/p>\n<p>En conclusi\u00f3n, la decisi\u00f3n de Adif de reducir la velocidad en la l\u00ednea de Angrois es una respuesta directa a las preocupaciones expresadas por los maquinistas y es un ejemplo del enfoque proactivo de la entidad hacia la gesti\u00f3n de la seguridad ferroviaria.<\/p>\n\n\n<div class=\"kk-star-ratings kksr-auto kksr-align-left kksr-valign-bottom\"\n    data-payload='{&quot;align&quot;:&quot;left&quot;,&quot;id&quot;:&quot;5994&quot;,&quot;slug&quot;:&quot;default&quot;,&quot;valign&quot;:&quot;bottom&quot;,&quot;ignore&quot;:&quot;&quot;,&quot;reference&quot;:&quot;auto&quot;,&quot;class&quot;:&quot;&quot;,&quot;count&quot;:&quot;0&quot;,&quot;legendonly&quot;:&quot;&quot;,&quot;readonly&quot;:&quot;&quot;,&quot;score&quot;:&quot;0&quot;,&quot;starsonly&quot;:&quot;&quot;,&quot;best&quot;:&quot;5&quot;,&quot;gap&quot;:&quot;5&quot;,&quot;greet&quot;:&quot;Valora este post&quot;,&quot;legend&quot;:&quot;0\\\/5 - (0 votes)&quot;,&quot;size&quot;:&quot;22&quot;,&quot;title&quot;:&quot;\u00a1Atenci\u00f3n viajeros! Adif reduce velocidad en l\u00ednea Angrois por alertas de maquinistas&quot;,&quot;width&quot;:&quot;0&quot;,&quot;_legend&quot;:&quot;{score}\\\/{best} - ({count} {votes})&quot;,&quot;font_factor&quot;:&quot;1.25&quot;}'>\n            \n<div class=\"kksr-stars\">\n    \n<div class=\"kksr-stars-inactive\">\n            <div class=\"kksr-star\" data-star=\"1\" style=\"padding-right: 5px\">\n            \n\n<div class=\"kksr-icon\" style=\"width: 22px; height: 22px;\"><\/div>\n        <\/div>\n            <div class=\"kksr-star\" data-star=\"2\" style=\"padding-right: 5px\">\n            \n\n<div class=\"kksr-icon\" style=\"width: 22px; height: 22px;\"><\/div>\n        <\/div>\n            <div class=\"kksr-star\" data-star=\"3\" style=\"padding-right: 5px\">\n            \n\n<div class=\"kksr-icon\" style=\"width: 22px; height: 22px;\"><\/div>\n        <\/div>\n            <div class=\"kksr-star\" data-star=\"4\" style=\"padding-right: 5px\">\n            \n\n<div class=\"kksr-icon\" style=\"width: 22px; height: 22px;\"><\/div>\n        <\/div>\n            <div class=\"kksr-star\" data-star=\"5\" style=\"padding-right: 5px\">\n            \n\n<div class=\"kksr-icon\" style=\"width: 22px; height: 22px;\"><\/div>\n        <\/div>\n    <\/div>\n    \n<div class=\"kksr-stars-active\" style=\"width: 0px;\">\n            <div class=\"kksr-star\" style=\"padding-right: 5px\">\n            \n\n<div class=\"kksr-icon\" style=\"width: 22px; height: 22px;\"><\/div>\n        <\/div>\n            <div class=\"kksr-star\" style=\"padding-right: 5px\">\n            \n\n<div class=\"kksr-icon\" style=\"width: 22px; height: 22px;\"><\/div>\n        <\/div>\n            <div class=\"kksr-star\" style=\"padding-right: 5px\">\n            \n\n<div class=\"kksr-icon\" style=\"width: 22px; height: 22px;\"><\/div>\n        <\/div>\n            <div class=\"kksr-star\" style=\"padding-right: 5px\">\n            \n\n<div class=\"kksr-icon\" style=\"width: 22px; height: 22px;\"><\/div>\n        <\/div>\n            <div class=\"kksr-star\" style=\"padding-right: 5px\">\n            \n\n<div class=\"kksr-icon\" style=\"width: 22px; height: 22px;\"><\/div>\n        <\/div>\n    <\/div>\n<\/div>\n                \n\n<div class=\"kksr-legend\" style=\"font-size: 17.6px;\">\n            <span class=\"kksr-muted\">Valora este post<\/span>\n    <\/div>\n    <\/div>\n","protected":false},"excerpt":{"rendered":"<p>Adif Reduce la Velocidad en la L\u00ednea de Angrois Despu\u00e9s de las Alertas de los Conductores de Tren El Administrador de Infraestructuras Ferroviarias (Adif) ha tomado &#8230; <a title=\"\u00a1Atenci\u00f3n viajeros! Adif reduce velocidad en l\u00ednea Angrois por alertas de maquinistas\" class=\"read-more\" href=\"https:\/\/www.diario21.tv\/noticias\/atencion-viajeros-adif-reduce-velocidad-en-linea-angrois-por-alertas-de-maquinistas\/\" aria-label=\"Leer m\u00e1s sobre \u00a1Atenci\u00f3n viajeros! Adif reduce velocidad en l\u00ednea Angrois por alertas de maquinistas\">Seguir leyendo &rarr;<\/a><\/p>\n","protected":false},"author":20,"featured_media":5995,"comment_status":"open","ping_status":"open","sticky":false,"template":"","format":"standard","meta":{"footnotes":""},"categories":[13],"tags":[],"class_list":["post-5994","post","type-post","status-publish","format-standard","has-post-thumbnail","hentry","category-portada"],"yoast_head":"<!-- This site is optimized with the Yoast SEO plugin v25.6 - https:\/\/yoast.com\/wordpress\/plugins\/seo\/ -->\n<title>\u00a1Atenci\u00f3n viajeros! Adif reduce velocidad en l\u00ednea Angrois por alertas de maquinistas - Diario 21<\/title>\n<meta name=\"robots\" content=\"index, follow, max-snippet:-1, max-image-preview:large, max-video-preview:-1\" \/>\n<link rel=\"canonical\" href=\"https:\/\/www.diario21.tv\/noticias\/atencion-viajeros-adif-reduce-velocidad-en-linea-angrois-por-alertas-de-maquinistas\/\" \/>\n<meta property=\"og:locale\" content=\"es_ES\" \/>\n<meta property=\"og:type\" content=\"article\" \/>\n<meta property=\"og:title\" content=\"\u00a1Atenci\u00f3n viajeros! Adif reduce velocidad en l\u00ednea Angrois por alertas de maquinistas - Diario 21\" \/>\n<meta property=\"og:description\" content=\"Adif Reduce la Velocidad en la L\u00ednea de Angrois Despu\u00e9s de las Alertas de los Conductores de Tren El Administrador de Infraestructuras Ferroviarias (Adif) ha tomado ... Seguir leyendo &rarr;\" \/>\n<meta property=\"og:url\" content=\"https:\/\/www.diario21.tv\/noticias\/atencion-viajeros-adif-reduce-velocidad-en-linea-angrois-por-alertas-de-maquinistas\/\" \/>\n<meta property=\"og:site_name\" content=\"Diario 21\" \/>\n<meta property=\"article:published_time\" content=\"2026-01-25T14:15:51+00:00\" \/>\n<meta property=\"article:modified_time\" content=\"2026-01-25T14:15:53+00:00\" \/>\n<meta property=\"og:image\" content=\"https:\/\/www.diario21.tv\/noticias\/wp-content\/uploads\/2026\/01\/\u00a1Atencion-viajeros-Adif-reduce-velocidad-en-linea-Angrois-por-alertas.jpg\" \/>\n\t<meta property=\"og:image:width\" content=\"1200\" \/>\n\t<meta property=\"og:image:height\" content=\"840\" \/>\n\t<meta property=\"og:image:type\" content=\"image\/jpeg\" \/>\n<meta name=\"author\" content=\"Juan P\u00e9rez\" \/>\n<meta name=\"twitter:card\" content=\"summary_large_image\" \/>\n<meta name=\"twitter:label1\" content=\"Escrito por\" \/>\n\t<meta name=\"twitter:data1\" content=\"Juan P\u00e9rez\" \/>\n\t<meta name=\"twitter:label2\" content=\"Tiempo de lectura\" \/>\n\t<meta name=\"twitter:data2\" content=\"3 minutos\" \/>\n<script type=\"application\/ld+json\" class=\"yoast-schema-graph\">{\"@context\":\"https:\/\/schema.org\",\"@graph\":[{\"@type\":\"WebPage\",\"@id\":\"https:\/\/www.diario21.tv\/noticias\/atencion-viajeros-adif-reduce-velocidad-en-linea-angrois-por-alertas-de-maquinistas\/\",\"url\":\"https:\/\/www.diario21.tv\/noticias\/atencion-viajeros-adif-reduce-velocidad-en-linea-angrois-por-alertas-de-maquinistas\/\",\"name\":\"\u00a1Atenci\u00f3n viajeros! Adif reduce velocidad en l\u00ednea Angrois por alertas de maquinistas - Diario 21\",\"isPartOf\":{\"@id\":\"https:\/\/www.diario21.tv\/noticias\/#website\"},\"primaryImageOfPage\":{\"@id\":\"https:\/\/www.diario21.tv\/noticias\/atencion-viajeros-adif-reduce-velocidad-en-linea-angrois-por-alertas-de-maquinistas\/#primaryimage\"},\"image\":{\"@id\":\"https:\/\/www.diario21.tv\/noticias\/atencion-viajeros-adif-reduce-velocidad-en-linea-angrois-por-alertas-de-maquinistas\/#primaryimage\"},\"thumbnailUrl\":\"https:\/\/www.diario21.tv\/noticias\/wp-content\/uploads\/2026\/01\/\u00a1Atencion-viajeros-Adif-reduce-velocidad-en-linea-Angrois-por-alertas.jpg\",\"datePublished\":\"2026-01-25T14:15:51+00:00\",\"dateModified\":\"2026-01-25T14:15:53+00:00\",\"author\":{\"@id\":\"https:\/\/www.diario21.tv\/noticias\/#\/schema\/person\/dfb778f73814d8f09f302618446a526b\"},\"breadcrumb\":{\"@id\":\"https:\/\/www.diario21.tv\/noticias\/atencion-viajeros-adif-reduce-velocidad-en-linea-angrois-por-alertas-de-maquinistas\/#breadcrumb\"},\"inLanguage\":\"es-AR\",\"potentialAction\":[{\"@type\":\"ReadAction\",\"target\":[\"https:\/\/www.diario21.tv\/noticias\/atencion-viajeros-adif-reduce-velocidad-en-linea-angrois-por-alertas-de-maquinistas\/\"]}]},{\"@type\":\"ImageObject\",\"inLanguage\":\"es-AR\",\"@id\":\"https:\/\/www.diario21.tv\/noticias\/atencion-viajeros-adif-reduce-velocidad-en-linea-angrois-por-alertas-de-maquinistas\/#primaryimage\",\"url\":\"https:\/\/www.diario21.tv\/noticias\/wp-content\/uploads\/2026\/01\/\u00a1Atencion-viajeros-Adif-reduce-velocidad-en-linea-Angrois-por-alertas.jpg\",\"contentUrl\":\"https:\/\/www.diario21.tv\/noticias\/wp-content\/uploads\/2026\/01\/\u00a1Atencion-viajeros-Adif-reduce-velocidad-en-linea-Angrois-por-alertas.jpg\",\"width\":1200,\"height\":840,\"caption\":\"Adif baja la velocidad en la l\u00ednea de Angrois tras avisos de los maquinistas\"},{\"@type\":\"BreadcrumbList\",\"@id\":\"https:\/\/www.diario21.tv\/noticias\/atencion-viajeros-adif-reduce-velocidad-en-linea-angrois-por-alertas-de-maquinistas\/#breadcrumb\",\"itemListElement\":[{\"@type\":\"ListItem\",\"position\":1,\"name\":\"Accueil\",\"item\":\"https:\/\/www.diario21.tv\/noticias\/\"},{\"@type\":\"ListItem\",\"position\":2,\"name\":\"\u00a1Atenci\u00f3n viajeros! Adif reduce velocidad en l\u00ednea Angrois por alertas de maquinistas\"}]},{\"@type\":\"WebSite\",\"@id\":\"https:\/\/www.diario21.tv\/noticias\/#website\",\"url\":\"https:\/\/www.diario21.tv\/noticias\/\",\"name\":\"Diario 21\",\"description\":\"\",\"potentialAction\":[{\"@type\":\"SearchAction\",\"target\":{\"@type\":\"EntryPoint\",\"urlTemplate\":\"https:\/\/www.diario21.tv\/noticias\/?s={search_term_string}\"},\"query-input\":{\"@type\":\"PropertyValueSpecification\",\"valueRequired\":true,\"valueName\":\"search_term_string\"}}],\"inLanguage\":\"es-AR\"},{\"@type\":\"Person\",\"@id\":\"https:\/\/www.diario21.tv\/noticias\/#\/schema\/person\/dfb778f73814d8f09f302618446a526b\",\"name\":\"Juan P\u00e9rez\",\"image\":{\"@type\":\"ImageObject\",\"inLanguage\":\"es-AR\",\"@id\":\"https:\/\/www.diario21.tv\/noticias\/#\/schema\/person\/image\/\",\"url\":\"https:\/\/secure.gravatar.com\/avatar\/c478a405bd10621167f4c3167cc770f5?s=96&d=mm&r=g\",\"contentUrl\":\"https:\/\/secure.gravatar.com\/avatar\/c478a405bd10621167f4c3167cc770f5?s=96&d=mm&r=g\",\"caption\":\"Juan P\u00e9rez\"},\"description\":\"Juan P\u00e9rez es el redactor en jefe de Diario 21. Con m\u00e1s de 10 a\u00f1os de experiencia en el periodismo, se especializa en pol\u00edtica nacional y an\u00e1lisis socioecon\u00f3mico. Su enfoque cr\u00edtico y riguroso aporta una perspectiva \u00fanica a cada art\u00edculo.\",\"sameAs\":[\"https:\/\/www.diario21.tv\/noticias\/\"],\"url\":\"https:\/\/www.diario21.tv\/noticias\/author\/juan-perez\/\"}]}<\/script>\n<!-- \/ Yoast SEO plugin. -->","yoast_head_json":{"title":"\u00a1Atenci\u00f3n viajeros! Adif reduce velocidad en l\u00ednea Angrois por alertas de maquinistas - Diario 21","robots":{"index":"index","follow":"follow","max-snippet":"max-snippet:-1","max-image-preview":"max-image-preview:large","max-video-preview":"max-video-preview:-1"},"canonical":"https:\/\/www.diario21.tv\/noticias\/atencion-viajeros-adif-reduce-velocidad-en-linea-angrois-por-alertas-de-maquinistas\/","og_locale":"es_ES","og_type":"article","og_title":"\u00a1Atenci\u00f3n viajeros! Adif reduce velocidad en l\u00ednea Angrois por alertas de maquinistas - Diario 21","og_description":"Adif Reduce la Velocidad en la L\u00ednea de Angrois Despu\u00e9s de las Alertas de los Conductores de Tren El Administrador de Infraestructuras Ferroviarias (Adif) ha tomado ... Seguir leyendo &rarr;","og_url":"https:\/\/www.diario21.tv\/noticias\/atencion-viajeros-adif-reduce-velocidad-en-linea-angrois-por-alertas-de-maquinistas\/","og_site_name":"Diario 21","article_published_time":"2026-01-25T14:15:51+00:00","article_modified_time":"2026-01-25T14:15:53+00:00","og_image":[{"width":1200,"height":840,"url":"https:\/\/www.diario21.tv\/noticias\/wp-content\/uploads\/2026\/01\/\u00a1Atencion-viajeros-Adif-reduce-velocidad-en-linea-Angrois-por-alertas.jpg","type":"image\/jpeg"}],"author":"Juan P\u00e9rez","twitter_card":"summary_large_image","twitter_misc":{"Escrito por":"Juan P\u00e9rez","Tiempo de lectura":"3 minutos"},"schema":{"@context":"https:\/\/schema.org","@graph":[{"@type":"WebPage","@id":"https:\/\/www.diario21.tv\/noticias\/atencion-viajeros-adif-reduce-velocidad-en-linea-angrois-por-alertas-de-maquinistas\/","url":"https:\/\/www.diario21.tv\/noticias\/atencion-viajeros-adif-reduce-velocidad-en-linea-angrois-por-alertas-de-maquinistas\/","name":"\u00a1Atenci\u00f3n viajeros! Adif reduce velocidad en l\u00ednea Angrois por alertas de maquinistas - Diario 21","isPartOf":{"@id":"https:\/\/www.diario21.tv\/noticias\/#website"},"primaryImageOfPage":{"@id":"https:\/\/www.diario21.tv\/noticias\/atencion-viajeros-adif-reduce-velocidad-en-linea-angrois-por-alertas-de-maquinistas\/#primaryimage"},"image":{"@id":"https:\/\/www.diario21.tv\/noticias\/atencion-viajeros-adif-reduce-velocidad-en-linea-angrois-por-alertas-de-maquinistas\/#primaryimage"},"thumbnailUrl":"https:\/\/www.diario21.tv\/noticias\/wp-content\/uploads\/2026\/01\/\u00a1Atencion-viajeros-Adif-reduce-velocidad-en-linea-Angrois-por-alertas.jpg","datePublished":"2026-01-25T14:15:51+00:00","dateModified":"2026-01-25T14:15:53+00:00","author":{"@id":"https:\/\/www.diario21.tv\/noticias\/#\/schema\/person\/dfb778f73814d8f09f302618446a526b"},"breadcrumb":{"@id":"https:\/\/www.diario21.tv\/noticias\/atencion-viajeros-adif-reduce-velocidad-en-linea-angrois-por-alertas-de-maquinistas\/#breadcrumb"},"inLanguage":"es-AR","potentialAction":[{"@type":"ReadAction","target":["https:\/\/www.diario21.tv\/noticias\/atencion-viajeros-adif-reduce-velocidad-en-linea-angrois-por-alertas-de-maquinistas\/"]}]},{"@type":"ImageObject","inLanguage":"es-AR","@id":"https:\/\/www.diario21.tv\/noticias\/atencion-viajeros-adif-reduce-velocidad-en-linea-angrois-por-alertas-de-maquinistas\/#primaryimage","url":"https:\/\/www.diario21.tv\/noticias\/wp-content\/uploads\/2026\/01\/\u00a1Atencion-viajeros-Adif-reduce-velocidad-en-linea-Angrois-por-alertas.jpg","contentUrl":"https:\/\/www.diario21.tv\/noticias\/wp-content\/uploads\/2026\/01\/\u00a1Atencion-viajeros-Adif-reduce-velocidad-en-linea-Angrois-por-alertas.jpg","width":1200,"height":840,"caption":"Adif baja la velocidad en la l\u00ednea de Angrois tras avisos de los maquinistas"},{"@type":"BreadcrumbList","@id":"https:\/\/www.diario21.tv\/noticias\/atencion-viajeros-adif-reduce-velocidad-en-linea-angrois-por-alertas-de-maquinistas\/#breadcrumb","itemListElement":[{"@type":"ListItem","position":1,"name":"Accueil","item":"https:\/\/www.diario21.tv\/noticias\/"},{"@type":"ListItem","position":2,"name":"\u00a1Atenci\u00f3n viajeros! Adif reduce velocidad en l\u00ednea Angrois por alertas de maquinistas"}]},{"@type":"WebSite","@id":"https:\/\/www.diario21.tv\/noticias\/#website","url":"https:\/\/www.diario21.tv\/noticias\/","name":"Diario 21","description":"","potentialAction":[{"@type":"SearchAction","target":{"@type":"EntryPoint","urlTemplate":"https:\/\/www.diario21.tv\/noticias\/?s={search_term_string}"},"query-input":{"@type":"PropertyValueSpecification","valueRequired":true,"valueName":"search_term_string"}}],"inLanguage":"es-AR"},{"@type":"Person","@id":"https:\/\/www.diario21.tv\/noticias\/#\/schema\/person\/dfb778f73814d8f09f302618446a526b","name":"Juan P\u00e9rez","image":{"@type":"ImageObject","inLanguage":"es-AR","@id":"https:\/\/www.diario21.tv\/noticias\/#\/schema\/person\/image\/","url":"https:\/\/secure.gravatar.com\/avatar\/c478a405bd10621167f4c3167cc770f5?s=96&d=mm&r=g","contentUrl":"https:\/\/secure.gravatar.com\/avatar\/c478a405bd10621167f4c3167cc770f5?s=96&d=mm&r=g","caption":"Juan P\u00e9rez"},"description":"Juan P\u00e9rez es el redactor en jefe de Diario 21. Con m\u00e1s de 10 a\u00f1os de experiencia en el periodismo, se especializa en pol\u00edtica nacional y an\u00e1lisis socioecon\u00f3mico. Su enfoque cr\u00edtico y riguroso aporta una perspectiva \u00fanica a cada art\u00edculo.","sameAs":["https:\/\/www.diario21.tv\/noticias\/"],"url":"https:\/\/www.diario21.tv\/noticias\/author\/juan-perez\/"}]}},"_links":{"self":[{"href":"https:\/\/www.diario21.tv\/noticias\/wp-json\/wp\/v2\/posts\/5994"}],"collection":[{"href":"https:\/\/www.diario21.tv\/noticias\/wp-json\/wp\/v2\/posts"}],"about":[{"href":"https:\/\/www.diario21.tv\/noticias\/wp-json\/wp\/v2\/types\/post"}],"author":[{"embeddable":true,"href":"https:\/\/www.diario21.tv\/noticias\/wp-json\/wp\/v2\/users\/20"}],"replies":[{"embeddable":true,"href":"https:\/\/www.diario21.tv\/noticias\/wp-json\/wp\/v2\/comments?post=5994"}],"version-history":[{"count":1,"href":"https:\/\/www.diario21.tv\/noticias\/wp-json\/wp\/v2\/posts\/5994\/revisions"}],"predecessor-version":[{"id":5996,"href":"https:\/\/www.diario21.tv\/noticias\/wp-json\/wp\/v2\/posts\/5994\/revisions\/5996"}],"wp:featuredmedia":[{"embeddable":true,"href":"https:\/\/www.diario21.tv\/noticias\/wp-json\/wp\/v2\/media\/5995"}],"wp:attachment":[{"href":"https:\/\/www.diario21.tv\/noticias\/wp-json\/wp\/v2\/media?parent=5994"}],"wp:term":[{"taxonomy":"category","embeddable":true,"href":"https:\/\/www.diario21.tv\/noticias\/wp-json\/wp\/v2\/categories?post=5994"},{"taxonomy":"post_tag","embeddable":true,"href":"https:\/\/www.diario21.tv\/noticias\/wp-json\/wp\/v2\/tags?post=5994"}],"curies":[{"name":"wp","href":"https:\/\/api.w.org\/{rel}","templated":true}]}}