{"id":5946,"date":"2026-01-21T07:39:51","date_gmt":"2026-01-21T07:39:51","guid":{"rendered":"https:\/\/www.diario21.tv\/noticias\/valencia-despide-con-amor-a-la-familia-indonesia-fernando-lia-quique-y-mateo-siempre-presentes\/"},"modified":"2026-01-21T07:39:52","modified_gmt":"2026-01-21T07:39:52","slug":"valencia-despide-con-amor-a-la-familia-indonesia-fernando-lia-quique-y-mateo-siempre-presentes","status":"publish","type":"post","link":"https:\/\/www.diario21.tv\/noticias\/valencia-despide-con-amor-a-la-familia-indonesia-fernando-lia-quique-y-mateo-siempre-presentes\/","title":{"rendered":"Valencia despide con amor a la familia indonesia: Fernando, L\u00eda, Quique y Mateo, siempre presentes."},"content":{"rendered":"<h2>Valencia Rinde Homenaje a la Familia de Indonesia en una Emotiva Despedida<\/h2>\n<p>En un emotivo acto lleno de cari\u00f1o y recuerdos, la comunidad de Valencia se congreg\u00f3 para despedir a una querida familia originaria de Indonesia, compuesta por Fernando, L\u00eda, Quique y Mateo. El triste evento tuvo lugar tras una inesperada tragedia que conmovi\u00f3 a todos los vecinos y amigos de la familia. <\/p>\n<h3>Una Ceremonia Llena de Memorias y Esperanza<\/h3>\n<p>El acto de despedida se llev\u00f3 a cabo en un ambiente cargado de emociones y solidaridad. Los asistentes, entre los que se encontraban amigos, vecinos y conocidos de la familia, compartieron an\u00e9cdotas y momentos vividos junto a Fernando, L\u00eda, Quique y Mateo, record\u00e1ndolos con amor y respeto.<\/p>\n<p>Durante la ceremonia, se destac\u00f3 la uni\u00f3n y el cari\u00f1o que esta familia hab\u00eda cultivado en su comunidad. &#8220;Fernando, L\u00eda, Quique y Mateo seguir\u00e1n viviendo en nuestros corazones a trav\u00e9s del poderoso v\u00ednculo del amor&#8221;, mencion\u00f3 uno de los oradores, haciendo eco del sentimiento general de los presentes. La tristeza se mezclaba con la gratitud por haberlos conocido y la certeza de que su legado perdurar\u00eda en el tiempo.<\/p>\n<h3>El Legado de Amor y Unidad<\/h3>\n<p>La comunidad de Valencia ha demostrado su fortaleza y uni\u00f3n en momentos de dolor como este. La partida de la familia no solo representa una p\u00e9rdida f\u00edsica, sino tambi\u00e9n el desaf\u00edo de seguir adelante honrando su memoria a trav\u00e9s de actos de bondad y compasi\u00f3n, valores que ellos encarnaban.<\/p>\n<p>La ceremonia concluy\u00f3 con una suelta de globos al cielo, simbolizando la liberaci\u00f3n del dolor y el env\u00edo de un mensaje de amor hacia donde quiera que Fernando, L\u00eda, Quique y Mateo est\u00e9n ahora. Este gesto sirvi\u00f3 para recordar a todos los presentes que, aunque f\u00edsicamente ausentes, el esp\u00edritu de la familia sigue vivo y presente en cada uno de los que tuvieron el placer de conocerlos.<\/p>\n<p>En resumen, la despedida de la familia de Indonesia en Valencia fue un reflejo del impacto profundo que tuvieron en su comunidad. A trav\u00e9s del recuerdo y el cari\u00f1o, Fernando, L\u00eda, Quique y Mateo continuar\u00e1n siendo una fuente de inspiraci\u00f3n y amor para todos los que los conocieron.<\/p>\n\n\n<div class=\"kk-star-ratings kksr-auto kksr-align-left kksr-valign-bottom\"\n    data-payload='{&quot;align&quot;:&quot;left&quot;,&quot;id&quot;:&quot;5946&quot;,&quot;slug&quot;:&quot;default&quot;,&quot;valign&quot;:&quot;bottom&quot;,&quot;ignore&quot;:&quot;&quot;,&quot;reference&quot;:&quot;auto&quot;,&quot;class&quot;:&quot;&quot;,&quot;count&quot;:&quot;0&quot;,&quot;legendonly&quot;:&quot;&quot;,&quot;readonly&quot;:&quot;&quot;,&quot;score&quot;:&quot;0&quot;,&quot;starsonly&quot;:&quot;&quot;,&quot;best&quot;:&quot;5&quot;,&quot;gap&quot;:&quot;5&quot;,&quot;greet&quot;:&quot;Valora este post&quot;,&quot;legend&quot;:&quot;0\\\/5 - (0 votes)&quot;,&quot;size&quot;:&quot;22&quot;,&quot;title&quot;:&quot;Valencia despide con amor a la familia indonesia: Fernando, L\u00eda, Quique y Mateo, siempre presentes.&quot;,&quot;width&quot;:&quot;0&quot;,&quot;_legend&quot;:&quot;{score}\\\/{best} - ({count} {votes})&quot;,&quot;font_factor&quot;:&quot;1.25&quot;}'>\n            \n<div class=\"kksr-stars\">\n    \n<div class=\"kksr-stars-inactive\">\n            <div class=\"kksr-star\" data-star=\"1\" style=\"padding-right: 5px\">\n            \n\n<div class=\"kksr-icon\" style=\"width: 22px; height: 22px;\"><\/div>\n        <\/div>\n            <div class=\"kksr-star\" data-star=\"2\" style=\"padding-right: 5px\">\n            \n\n<div class=\"kksr-icon\" style=\"width: 22px; height: 22px;\"><\/div>\n        <\/div>\n            <div class=\"kksr-star\" data-star=\"3\" style=\"padding-right: 5px\">\n            \n\n<div class=\"kksr-icon\" style=\"width: 22px; height: 22px;\"><\/div>\n        <\/div>\n            <div class=\"kksr-star\" data-star=\"4\" style=\"padding-right: 5px\">\n            \n\n<div class=\"kksr-icon\" style=\"width: 22px; height: 22px;\"><\/div>\n        <\/div>\n            <div class=\"kksr-star\" data-star=\"5\" style=\"padding-right: 5px\">\n            \n\n<div class=\"kksr-icon\" style=\"width: 22px; height: 22px;\"><\/div>\n        <\/div>\n    <\/div>\n    \n<div class=\"kksr-stars-active\" style=\"width: 0px;\">\n            <div class=\"kksr-star\" style=\"padding-right: 5px\">\n            \n\n<div class=\"kksr-icon\" style=\"width: 22px; height: 22px;\"><\/div>\n        <\/div>\n            <div class=\"kksr-star\" style=\"padding-right: 5px\">\n            \n\n<div class=\"kksr-icon\" style=\"width: 22px; height: 22px;\"><\/div>\n        <\/div>\n            <div class=\"kksr-star\" style=\"padding-right: 5px\">\n            \n\n<div class=\"kksr-icon\" style=\"width: 22px; height: 22px;\"><\/div>\n        <\/div>\n            <div class=\"kksr-star\" style=\"padding-right: 5px\">\n            \n\n<div class=\"kksr-icon\" style=\"width: 22px; height: 22px;\"><\/div>\n        <\/div>\n            <div class=\"kksr-star\" style=\"padding-right: 5px\">\n            \n\n<div class=\"kksr-icon\" style=\"width: 22px; height: 22px;\"><\/div>\n        <\/div>\n    <\/div>\n<\/div>\n                \n\n<div class=\"kksr-legend\" style=\"font-size: 17.6px;\">\n            <span class=\"kksr-muted\">Valora este post<\/span>\n    <\/div>\n    <\/div>\n","protected":false},"excerpt":{"rendered":"<p>Valencia Rinde Homenaje a la Familia de Indonesia en una Emotiva Despedida En un emotivo acto lleno de cari\u00f1o y recuerdos, la comunidad de Valencia se &#8230; <a title=\"Valencia despide con amor a la familia indonesia: Fernando, L\u00eda, Quique y Mateo, siempre presentes.\" class=\"read-more\" href=\"https:\/\/www.diario21.tv\/noticias\/valencia-despide-con-amor-a-la-familia-indonesia-fernando-lia-quique-y-mateo-siempre-presentes\/\" aria-label=\"Leer m\u00e1s sobre Valencia despide con amor a la familia indonesia: Fernando, L\u00eda, Quique y Mateo, siempre presentes.\">Seguir leyendo &rarr;<\/a><\/p>\n","protected":false},"author":20,"featured_media":5947,"comment_status":"open","ping_status":"open","sticky":false,"template":"","format":"standard","meta":{"footnotes":""},"categories":[13],"tags":[],"class_list":["post-5946","post","type-post","status-publish","format-standard","has-post-thumbnail","hentry","category-portada"],"yoast_head":"<!-- This site is optimized with the Yoast SEO plugin v25.6 - https:\/\/yoast.com\/wordpress\/plugins\/seo\/ -->\n<title>Valencia despide con amor a la familia indonesia: Fernando, L\u00eda, Quique y Mateo, siempre presentes. - Diario 21<\/title>\n<meta name=\"robots\" content=\"index, follow, max-snippet:-1, max-image-preview:large, max-video-preview:-1\" \/>\n<link rel=\"canonical\" href=\"https:\/\/www.diario21.tv\/noticias\/valencia-despide-con-amor-a-la-familia-indonesia-fernando-lia-quique-y-mateo-siempre-presentes\/\" \/>\n<meta property=\"og:locale\" content=\"es_ES\" \/>\n<meta property=\"og:type\" content=\"article\" \/>\n<meta property=\"og:title\" content=\"Valencia despide con amor a la familia indonesia: Fernando, L\u00eda, Quique y Mateo, siempre presentes. - Diario 21\" \/>\n<meta property=\"og:description\" content=\"Valencia Rinde Homenaje a la Familia de Indonesia en una Emotiva Despedida En un emotivo acto lleno de cari\u00f1o y recuerdos, la comunidad de Valencia se ... Seguir leyendo &rarr;\" \/>\n<meta property=\"og:url\" content=\"https:\/\/www.diario21.tv\/noticias\/valencia-despide-con-amor-a-la-familia-indonesia-fernando-lia-quique-y-mateo-siempre-presentes\/\" \/>\n<meta property=\"og:site_name\" content=\"Diario 21\" \/>\n<meta property=\"article:published_time\" content=\"2026-01-21T07:39:51+00:00\" \/>\n<meta property=\"article:modified_time\" content=\"2026-01-21T07:39:52+00:00\" \/>\n<meta property=\"og:image\" content=\"https:\/\/www.diario21.tv\/noticias\/wp-content\/uploads\/2026\/01\/Valencia-despide-con-amor-a-la-familia-indonesia-Fernando-Lia.jpg\" \/>\n\t<meta property=\"og:image:width\" content=\"1200\" \/>\n\t<meta property=\"og:image:height\" content=\"840\" \/>\n\t<meta property=\"og:image:type\" content=\"image\/jpeg\" \/>\n<meta name=\"author\" content=\"Juan P\u00e9rez\" \/>\n<meta name=\"twitter:card\" content=\"summary_large_image\" \/>\n<meta name=\"twitter:label1\" content=\"Escrito por\" \/>\n\t<meta name=\"twitter:data1\" content=\"Juan P\u00e9rez\" \/>\n\t<meta name=\"twitter:label2\" content=\"Tiempo de lectura\" \/>\n\t<meta name=\"twitter:data2\" content=\"2 minutos\" \/>\n<script type=\"application\/ld+json\" class=\"yoast-schema-graph\">{\"@context\":\"https:\/\/schema.org\",\"@graph\":[{\"@type\":\"WebPage\",\"@id\":\"https:\/\/www.diario21.tv\/noticias\/valencia-despide-con-amor-a-la-familia-indonesia-fernando-lia-quique-y-mateo-siempre-presentes\/\",\"url\":\"https:\/\/www.diario21.tv\/noticias\/valencia-despide-con-amor-a-la-familia-indonesia-fernando-lia-quique-y-mateo-siempre-presentes\/\",\"name\":\"Valencia despide con amor a la familia indonesia: Fernando, L\u00eda, Quique y Mateo, siempre presentes. - Diario 21\",\"isPartOf\":{\"@id\":\"https:\/\/www.diario21.tv\/noticias\/#website\"},\"primaryImageOfPage\":{\"@id\":\"https:\/\/www.diario21.tv\/noticias\/valencia-despide-con-amor-a-la-familia-indonesia-fernando-lia-quique-y-mateo-siempre-presentes\/#primaryimage\"},\"image\":{\"@id\":\"https:\/\/www.diario21.tv\/noticias\/valencia-despide-con-amor-a-la-familia-indonesia-fernando-lia-quique-y-mateo-siempre-presentes\/#primaryimage\"},\"thumbnailUrl\":\"https:\/\/www.diario21.tv\/noticias\/wp-content\/uploads\/2026\/01\/Valencia-despide-con-amor-a-la-familia-indonesia-Fernando-Lia.jpg\",\"datePublished\":\"2026-01-21T07:39:51+00:00\",\"dateModified\":\"2026-01-21T07:39:52+00:00\",\"author\":{\"@id\":\"https:\/\/www.diario21.tv\/noticias\/#\/schema\/person\/dfb778f73814d8f09f302618446a526b\"},\"breadcrumb\":{\"@id\":\"https:\/\/www.diario21.tv\/noticias\/valencia-despide-con-amor-a-la-familia-indonesia-fernando-lia-quique-y-mateo-siempre-presentes\/#breadcrumb\"},\"inLanguage\":\"es-AR\",\"potentialAction\":[{\"@type\":\"ReadAction\",\"target\":[\"https:\/\/www.diario21.tv\/noticias\/valencia-despide-con-amor-a-la-familia-indonesia-fernando-lia-quique-y-mateo-siempre-presentes\/\"]}]},{\"@type\":\"ImageObject\",\"inLanguage\":\"es-AR\",\"@id\":\"https:\/\/www.diario21.tv\/noticias\/valencia-despide-con-amor-a-la-familia-indonesia-fernando-lia-quique-y-mateo-siempre-presentes\/#primaryimage\",\"url\":\"https:\/\/www.diario21.tv\/noticias\/wp-content\/uploads\/2026\/01\/Valencia-despide-con-amor-a-la-familia-indonesia-Fernando-Lia.jpg\",\"contentUrl\":\"https:\/\/www.diario21.tv\/noticias\/wp-content\/uploads\/2026\/01\/Valencia-despide-con-amor-a-la-familia-indonesia-Fernando-Lia.jpg\",\"width\":1200,\"height\":840,\"caption\":\"Valencia se vuelca en el adi\u00f3s a la familia de Indonesia: \u00abFernando, L\u00eda, Quique y Mateo continuar\u00e1n estando presentes con la fuerza del amor\u00bb\"},{\"@type\":\"BreadcrumbList\",\"@id\":\"https:\/\/www.diario21.tv\/noticias\/valencia-despide-con-amor-a-la-familia-indonesia-fernando-lia-quique-y-mateo-siempre-presentes\/#breadcrumb\",\"itemListElement\":[{\"@type\":\"ListItem\",\"position\":1,\"name\":\"Accueil\",\"item\":\"https:\/\/www.diario21.tv\/noticias\/\"},{\"@type\":\"ListItem\",\"position\":2,\"name\":\"Valencia despide con amor a la familia indonesia: Fernando, L\u00eda, Quique y Mateo, siempre presentes.\"}]},{\"@type\":\"WebSite\",\"@id\":\"https:\/\/www.diario21.tv\/noticias\/#website\",\"url\":\"https:\/\/www.diario21.tv\/noticias\/\",\"name\":\"Diario 21\",\"description\":\"\",\"potentialAction\":[{\"@type\":\"SearchAction\",\"target\":{\"@type\":\"EntryPoint\",\"urlTemplate\":\"https:\/\/www.diario21.tv\/noticias\/?s={search_term_string}\"},\"query-input\":{\"@type\":\"PropertyValueSpecification\",\"valueRequired\":true,\"valueName\":\"search_term_string\"}}],\"inLanguage\":\"es-AR\"},{\"@type\":\"Person\",\"@id\":\"https:\/\/www.diario21.tv\/noticias\/#\/schema\/person\/dfb778f73814d8f09f302618446a526b\",\"name\":\"Juan P\u00e9rez\",\"image\":{\"@type\":\"ImageObject\",\"inLanguage\":\"es-AR\",\"@id\":\"https:\/\/www.diario21.tv\/noticias\/#\/schema\/person\/image\/\",\"url\":\"https:\/\/secure.gravatar.com\/avatar\/c478a405bd10621167f4c3167cc770f5?s=96&d=mm&r=g\",\"contentUrl\":\"https:\/\/secure.gravatar.com\/avatar\/c478a405bd10621167f4c3167cc770f5?s=96&d=mm&r=g\",\"caption\":\"Juan P\u00e9rez\"},\"description\":\"Juan P\u00e9rez es el redactor en jefe de Diario 21. Con m\u00e1s de 10 a\u00f1os de experiencia en el periodismo, se especializa en pol\u00edtica nacional y an\u00e1lisis socioecon\u00f3mico. Su enfoque cr\u00edtico y riguroso aporta una perspectiva \u00fanica a cada art\u00edculo.\",\"sameAs\":[\"https:\/\/www.diario21.tv\/noticias\/\"],\"url\":\"https:\/\/www.diario21.tv\/noticias\/author\/juan-perez\/\"}]}<\/script>\n<!-- \/ Yoast SEO plugin. -->","yoast_head_json":{"title":"Valencia despide con amor a la familia indonesia: Fernando, L\u00eda, Quique y Mateo, siempre presentes. - Diario 21","robots":{"index":"index","follow":"follow","max-snippet":"max-snippet:-1","max-image-preview":"max-image-preview:large","max-video-preview":"max-video-preview:-1"},"canonical":"https:\/\/www.diario21.tv\/noticias\/valencia-despide-con-amor-a-la-familia-indonesia-fernando-lia-quique-y-mateo-siempre-presentes\/","og_locale":"es_ES","og_type":"article","og_title":"Valencia despide con amor a la familia indonesia: Fernando, L\u00eda, Quique y Mateo, siempre presentes. - Diario 21","og_description":"Valencia Rinde Homenaje a la Familia de Indonesia en una Emotiva Despedida En un emotivo acto lleno de cari\u00f1o y recuerdos, la comunidad de Valencia se ... Seguir leyendo &rarr;","og_url":"https:\/\/www.diario21.tv\/noticias\/valencia-despide-con-amor-a-la-familia-indonesia-fernando-lia-quique-y-mateo-siempre-presentes\/","og_site_name":"Diario 21","article_published_time":"2026-01-21T07:39:51+00:00","article_modified_time":"2026-01-21T07:39:52+00:00","og_image":[{"width":1200,"height":840,"url":"https:\/\/www.diario21.tv\/noticias\/wp-content\/uploads\/2026\/01\/Valencia-despide-con-amor-a-la-familia-indonesia-Fernando-Lia.jpg","type":"image\/jpeg"}],"author":"Juan P\u00e9rez","twitter_card":"summary_large_image","twitter_misc":{"Escrito por":"Juan P\u00e9rez","Tiempo de lectura":"2 minutos"},"schema":{"@context":"https:\/\/schema.org","@graph":[{"@type":"WebPage","@id":"https:\/\/www.diario21.tv\/noticias\/valencia-despide-con-amor-a-la-familia-indonesia-fernando-lia-quique-y-mateo-siempre-presentes\/","url":"https:\/\/www.diario21.tv\/noticias\/valencia-despide-con-amor-a-la-familia-indonesia-fernando-lia-quique-y-mateo-siempre-presentes\/","name":"Valencia despide con amor a la familia indonesia: Fernando, L\u00eda, Quique y Mateo, siempre presentes. - Diario 21","isPartOf":{"@id":"https:\/\/www.diario21.tv\/noticias\/#website"},"primaryImageOfPage":{"@id":"https:\/\/www.diario21.tv\/noticias\/valencia-despide-con-amor-a-la-familia-indonesia-fernando-lia-quique-y-mateo-siempre-presentes\/#primaryimage"},"image":{"@id":"https:\/\/www.diario21.tv\/noticias\/valencia-despide-con-amor-a-la-familia-indonesia-fernando-lia-quique-y-mateo-siempre-presentes\/#primaryimage"},"thumbnailUrl":"https:\/\/www.diario21.tv\/noticias\/wp-content\/uploads\/2026\/01\/Valencia-despide-con-amor-a-la-familia-indonesia-Fernando-Lia.jpg","datePublished":"2026-01-21T07:39:51+00:00","dateModified":"2026-01-21T07:39:52+00:00","author":{"@id":"https:\/\/www.diario21.tv\/noticias\/#\/schema\/person\/dfb778f73814d8f09f302618446a526b"},"breadcrumb":{"@id":"https:\/\/www.diario21.tv\/noticias\/valencia-despide-con-amor-a-la-familia-indonesia-fernando-lia-quique-y-mateo-siempre-presentes\/#breadcrumb"},"inLanguage":"es-AR","potentialAction":[{"@type":"ReadAction","target":["https:\/\/www.diario21.tv\/noticias\/valencia-despide-con-amor-a-la-familia-indonesia-fernando-lia-quique-y-mateo-siempre-presentes\/"]}]},{"@type":"ImageObject","inLanguage":"es-AR","@id":"https:\/\/www.diario21.tv\/noticias\/valencia-despide-con-amor-a-la-familia-indonesia-fernando-lia-quique-y-mateo-siempre-presentes\/#primaryimage","url":"https:\/\/www.diario21.tv\/noticias\/wp-content\/uploads\/2026\/01\/Valencia-despide-con-amor-a-la-familia-indonesia-Fernando-Lia.jpg","contentUrl":"https:\/\/www.diario21.tv\/noticias\/wp-content\/uploads\/2026\/01\/Valencia-despide-con-amor-a-la-familia-indonesia-Fernando-Lia.jpg","width":1200,"height":840,"caption":"Valencia se vuelca en el adi\u00f3s a la familia de Indonesia: \u00abFernando, L\u00eda, Quique y Mateo continuar\u00e1n estando presentes con la fuerza del amor\u00bb"},{"@type":"BreadcrumbList","@id":"https:\/\/www.diario21.tv\/noticias\/valencia-despide-con-amor-a-la-familia-indonesia-fernando-lia-quique-y-mateo-siempre-presentes\/#breadcrumb","itemListElement":[{"@type":"ListItem","position":1,"name":"Accueil","item":"https:\/\/www.diario21.tv\/noticias\/"},{"@type":"ListItem","position":2,"name":"Valencia despide con amor a la familia indonesia: Fernando, L\u00eda, Quique y Mateo, siempre presentes."}]},{"@type":"WebSite","@id":"https:\/\/www.diario21.tv\/noticias\/#website","url":"https:\/\/www.diario21.tv\/noticias\/","name":"Diario 21","description":"","potentialAction":[{"@type":"SearchAction","target":{"@type":"EntryPoint","urlTemplate":"https:\/\/www.diario21.tv\/noticias\/?s={search_term_string}"},"query-input":{"@type":"PropertyValueSpecification","valueRequired":true,"valueName":"search_term_string"}}],"inLanguage":"es-AR"},{"@type":"Person","@id":"https:\/\/www.diario21.tv\/noticias\/#\/schema\/person\/dfb778f73814d8f09f302618446a526b","name":"Juan P\u00e9rez","image":{"@type":"ImageObject","inLanguage":"es-AR","@id":"https:\/\/www.diario21.tv\/noticias\/#\/schema\/person\/image\/","url":"https:\/\/secure.gravatar.com\/avatar\/c478a405bd10621167f4c3167cc770f5?s=96&d=mm&r=g","contentUrl":"https:\/\/secure.gravatar.com\/avatar\/c478a405bd10621167f4c3167cc770f5?s=96&d=mm&r=g","caption":"Juan P\u00e9rez"},"description":"Juan P\u00e9rez es el redactor en jefe de Diario 21. Con m\u00e1s de 10 a\u00f1os de experiencia en el periodismo, se especializa en pol\u00edtica nacional y an\u00e1lisis socioecon\u00f3mico. Su enfoque cr\u00edtico y riguroso aporta una perspectiva \u00fanica a cada art\u00edculo.","sameAs":["https:\/\/www.diario21.tv\/noticias\/"],"url":"https:\/\/www.diario21.tv\/noticias\/author\/juan-perez\/"}]}},"_links":{"self":[{"href":"https:\/\/www.diario21.tv\/noticias\/wp-json\/wp\/v2\/posts\/5946"}],"collection":[{"href":"https:\/\/www.diario21.tv\/noticias\/wp-json\/wp\/v2\/posts"}],"about":[{"href":"https:\/\/www.diario21.tv\/noticias\/wp-json\/wp\/v2\/types\/post"}],"author":[{"embeddable":true,"href":"https:\/\/www.diario21.tv\/noticias\/wp-json\/wp\/v2\/users\/20"}],"replies":[{"embeddable":true,"href":"https:\/\/www.diario21.tv\/noticias\/wp-json\/wp\/v2\/comments?post=5946"}],"version-history":[{"count":1,"href":"https:\/\/www.diario21.tv\/noticias\/wp-json\/wp\/v2\/posts\/5946\/revisions"}],"predecessor-version":[{"id":5948,"href":"https:\/\/www.diario21.tv\/noticias\/wp-json\/wp\/v2\/posts\/5946\/revisions\/5948"}],"wp:featuredmedia":[{"embeddable":true,"href":"https:\/\/www.diario21.tv\/noticias\/wp-json\/wp\/v2\/media\/5947"}],"wp:attachment":[{"href":"https:\/\/www.diario21.tv\/noticias\/wp-json\/wp\/v2\/media?parent=5946"}],"wp:term":[{"taxonomy":"category","embeddable":true,"href":"https:\/\/www.diario21.tv\/noticias\/wp-json\/wp\/v2\/categories?post=5946"},{"taxonomy":"post_tag","embeddable":true,"href":"https:\/\/www.diario21.tv\/noticias\/wp-json\/wp\/v2\/tags?post=5946"}],"curies":[{"name":"wp","href":"https:\/\/api.w.org\/{rel}","templated":true}]}}