{"id":5943,"date":"2026-01-20T19:23:57","date_gmt":"2026-01-20T19:23:57","guid":{"rendered":"https:\/\/www.diario21.tv\/noticias\/psiquiatra-alerta-el-suicidio-es-la-principal-preocupacion-con-chatgpt\/"},"modified":"2026-01-20T19:23:59","modified_gmt":"2026-01-20T19:23:59","slug":"psiquiatra-alerta-el-suicidio-es-la-principal-preocupacion-con-chatgpt","status":"publish","type":"post","link":"https:\/\/www.diario21.tv\/noticias\/psiquiatra-alerta-el-suicidio-es-la-principal-preocupacion-con-chatgpt\/","title":{"rendered":"Psiquiatra alerta: El suicidio es la principal preocupaci\u00f3n con ChatGPT"},"content":{"rendered":"<h2>El Suicidio es la Mayor Preocupaci\u00f3n con ChatGPT, Seg\u00fan un Psiquiatra<\/h2>\n<p>En recientes declaraciones, un destacado psiquiatra ha expresado su preocupaci\u00f3n principal respecto al uso de ChatGPT, se\u00f1alando que el suicidio es uno de los temas m\u00e1s delicados y preocupantes en relaci\u00f3n con las interacciones de los usuarios con esta avanzada tecnolog\u00eda de inteligencia artificial.<\/p>\n<h3>Implicaciones de ChatGPT en la Salud Mental<\/h3>\n<p>El especialista, cuyo trabajo se ha centrado en la intersecci\u00f3n entre la tecnolog\u00eda y la salud mental, mencion\u00f3 que aunque ChatGPT ha demostrado ser una herramienta \u00fatil en m\u00faltiples campos, existe una preocupaci\u00f3n significativa sobre su impacto en usuarios que pueden estar pasando por crisis emocionales o psicol\u00f3gicas. La capacidad de ChatGPT para generar respuestas convincentes puede, en ciertos casos, no ser adecuada para personas en estados de vulnerabilidad emocional.<\/p>\n<h3>Riesgos y Beneficios del Uso de ChatGPT<\/h3>\n<p>El uso de ChatGPT, como cualquier herramienta tecnol\u00f3gica, conlleva riesgos y beneficios. El psiquiatra se\u00f1al\u00f3 que uno de los principales beneficios es la accesibilidad instant\u00e1nea a informaci\u00f3n y asistencia en una variedad de temas. Sin embargo, el riesgo surge cuando las personas utilizan esta tecnolog\u00eda para buscar apoyo emocional o consejo en momentos de crisis personal. La IA, por muy avanzada que sea, no puede remplazar el juicio humano ni proporcionar la empat\u00eda y comprensi\u00f3n emocional que un profesional de salud mental puede ofrecer.<\/p>\n<h3>La Necesidad de Directrices Claras<\/h3>\n<p>La importancia de establecer directrices claras sobre c\u00f3mo debe utilizarse ChatGPT en contextos de salud mental fue otro punto clave abordado por el experto. Aunque la tecnolog\u00eda ofrece muchas posibilidades, es crucial que los desarrolladores y usuarios entiendan sus limitaciones, especialmente cuando se trata de temas tan sensibles como la salud mental y el suicidio.<\/p>\n<h3>Conclusiones y Recomendaciones<\/h3>\n<p>Para concluir, el psiquiatra enfatiz\u00f3 la necesidad de continuar investigando y monitoreando el impacto de ChatGPT y tecnolog\u00edas similares en la salud mental. Recomend\u00f3 que se implementen medidas de seguridad y protocolos de respuesta para asegurar que los usuarios reciban la orientaci\u00f3n adecuada y sean dirigidos a profesionales de salud mental cuando sea necesario. La colaboraci\u00f3n entre tecn\u00f3logos y profesionales de la salud mental es fundamental para maximizar los beneficios de la IA, minimizando al mismo tiempo los riesgos potenciales.<\/p>\n\n\n<div class=\"kk-star-ratings kksr-auto kksr-align-left kksr-valign-bottom\"\n    data-payload='{&quot;align&quot;:&quot;left&quot;,&quot;id&quot;:&quot;5943&quot;,&quot;slug&quot;:&quot;default&quot;,&quot;valign&quot;:&quot;bottom&quot;,&quot;ignore&quot;:&quot;&quot;,&quot;reference&quot;:&quot;auto&quot;,&quot;class&quot;:&quot;&quot;,&quot;count&quot;:&quot;0&quot;,&quot;legendonly&quot;:&quot;&quot;,&quot;readonly&quot;:&quot;&quot;,&quot;score&quot;:&quot;0&quot;,&quot;starsonly&quot;:&quot;&quot;,&quot;best&quot;:&quot;5&quot;,&quot;gap&quot;:&quot;5&quot;,&quot;greet&quot;:&quot;Valora este post&quot;,&quot;legend&quot;:&quot;0\\\/5 - (0 votes)&quot;,&quot;size&quot;:&quot;22&quot;,&quot;title&quot;:&quot;Psiquiatra alerta: El suicidio es la principal preocupaci\u00f3n con ChatGPT&quot;,&quot;width&quot;:&quot;0&quot;,&quot;_legend&quot;:&quot;{score}\\\/{best} - ({count} {votes})&quot;,&quot;font_factor&quot;:&quot;1.25&quot;}'>\n            \n<div class=\"kksr-stars\">\n    \n<div class=\"kksr-stars-inactive\">\n            <div class=\"kksr-star\" data-star=\"1\" style=\"padding-right: 5px\">\n            \n\n<div class=\"kksr-icon\" style=\"width: 22px; height: 22px;\"><\/div>\n        <\/div>\n            <div class=\"kksr-star\" data-star=\"2\" style=\"padding-right: 5px\">\n            \n\n<div class=\"kksr-icon\" style=\"width: 22px; height: 22px;\"><\/div>\n        <\/div>\n            <div class=\"kksr-star\" data-star=\"3\" style=\"padding-right: 5px\">\n            \n\n<div class=\"kksr-icon\" style=\"width: 22px; height: 22px;\"><\/div>\n        <\/div>\n            <div class=\"kksr-star\" data-star=\"4\" style=\"padding-right: 5px\">\n            \n\n<div class=\"kksr-icon\" style=\"width: 22px; height: 22px;\"><\/div>\n        <\/div>\n            <div class=\"kksr-star\" data-star=\"5\" style=\"padding-right: 5px\">\n            \n\n<div class=\"kksr-icon\" style=\"width: 22px; height: 22px;\"><\/div>\n        <\/div>\n    <\/div>\n    \n<div class=\"kksr-stars-active\" style=\"width: 0px;\">\n            <div class=\"kksr-star\" style=\"padding-right: 5px\">\n            \n\n<div class=\"kksr-icon\" style=\"width: 22px; height: 22px;\"><\/div>\n        <\/div>\n            <div class=\"kksr-star\" style=\"padding-right: 5px\">\n            \n\n<div class=\"kksr-icon\" style=\"width: 22px; height: 22px;\"><\/div>\n        <\/div>\n            <div class=\"kksr-star\" style=\"padding-right: 5px\">\n            \n\n<div class=\"kksr-icon\" style=\"width: 22px; height: 22px;\"><\/div>\n        <\/div>\n            <div class=\"kksr-star\" style=\"padding-right: 5px\">\n            \n\n<div class=\"kksr-icon\" style=\"width: 22px; height: 22px;\"><\/div>\n        <\/div>\n            <div class=\"kksr-star\" style=\"padding-right: 5px\">\n            \n\n<div class=\"kksr-icon\" style=\"width: 22px; height: 22px;\"><\/div>\n        <\/div>\n    <\/div>\n<\/div>\n                \n\n<div class=\"kksr-legend\" style=\"font-size: 17.6px;\">\n            <span class=\"kksr-muted\">Valora este post<\/span>\n    <\/div>\n    <\/div>\n","protected":false},"excerpt":{"rendered":"<p>El Suicidio es la Mayor Preocupaci\u00f3n con ChatGPT, Seg\u00fan un Psiquiatra En recientes declaraciones, un destacado psiquiatra ha expresado su preocupaci\u00f3n principal respecto al uso de &#8230; <a title=\"Psiquiatra alerta: El suicidio es la principal preocupaci\u00f3n con ChatGPT\" class=\"read-more\" href=\"https:\/\/www.diario21.tv\/noticias\/psiquiatra-alerta-el-suicidio-es-la-principal-preocupacion-con-chatgpt\/\" aria-label=\"Leer m\u00e1s sobre Psiquiatra alerta: El suicidio es la principal preocupaci\u00f3n con ChatGPT\">Seguir leyendo &rarr;<\/a><\/p>\n","protected":false},"author":20,"featured_media":5944,"comment_status":"open","ping_status":"open","sticky":false,"template":"","format":"standard","meta":{"footnotes":""},"categories":[13],"tags":[],"class_list":["post-5943","post","type-post","status-publish","format-standard","has-post-thumbnail","hentry","category-portada"],"yoast_head":"<!-- This site is optimized with the Yoast SEO plugin v25.6 - https:\/\/yoast.com\/wordpress\/plugins\/seo\/ -->\n<title>Psiquiatra alerta: El suicidio es la principal preocupaci\u00f3n con ChatGPT - Diario 21<\/title>\n<meta name=\"robots\" content=\"index, follow, max-snippet:-1, max-image-preview:large, max-video-preview:-1\" \/>\n<link rel=\"canonical\" href=\"https:\/\/www.diario21.tv\/noticias\/psiquiatra-alerta-el-suicidio-es-la-principal-preocupacion-con-chatgpt\/\" \/>\n<meta property=\"og:locale\" content=\"es_ES\" \/>\n<meta property=\"og:type\" content=\"article\" \/>\n<meta property=\"og:title\" content=\"Psiquiatra alerta: El suicidio es la principal preocupaci\u00f3n con ChatGPT - Diario 21\" \/>\n<meta property=\"og:description\" content=\"El Suicidio es la Mayor Preocupaci\u00f3n con ChatGPT, Seg\u00fan un Psiquiatra En recientes declaraciones, un destacado psiquiatra ha expresado su preocupaci\u00f3n principal respecto al uso de ... Seguir leyendo &rarr;\" \/>\n<meta property=\"og:url\" content=\"https:\/\/www.diario21.tv\/noticias\/psiquiatra-alerta-el-suicidio-es-la-principal-preocupacion-con-chatgpt\/\" \/>\n<meta property=\"og:site_name\" content=\"Diario 21\" \/>\n<meta property=\"article:published_time\" content=\"2026-01-20T19:23:57+00:00\" \/>\n<meta property=\"article:modified_time\" content=\"2026-01-20T19:23:59+00:00\" \/>\n<meta property=\"og:image\" content=\"https:\/\/www.diario21.tv\/noticias\/wp-content\/uploads\/2026\/01\/Psiquiatra-alerta-El-suicidio-es-la-principal-preocupacion-con-ChatGPT.jpg\" \/>\n\t<meta property=\"og:image:width\" content=\"1200\" \/>\n\t<meta property=\"og:image:height\" content=\"840\" \/>\n\t<meta property=\"og:image:type\" content=\"image\/jpeg\" \/>\n<meta name=\"author\" content=\"Juan P\u00e9rez\" \/>\n<meta name=\"twitter:card\" content=\"summary_large_image\" \/>\n<meta name=\"twitter:label1\" content=\"Escrito por\" \/>\n\t<meta name=\"twitter:data1\" content=\"Juan P\u00e9rez\" \/>\n\t<meta name=\"twitter:label2\" content=\"Tiempo de lectura\" \/>\n\t<meta name=\"twitter:data2\" content=\"2 minutos\" \/>\n<script type=\"application\/ld+json\" class=\"yoast-schema-graph\">{\"@context\":\"https:\/\/schema.org\",\"@graph\":[{\"@type\":\"WebPage\",\"@id\":\"https:\/\/www.diario21.tv\/noticias\/psiquiatra-alerta-el-suicidio-es-la-principal-preocupacion-con-chatgpt\/\",\"url\":\"https:\/\/www.diario21.tv\/noticias\/psiquiatra-alerta-el-suicidio-es-la-principal-preocupacion-con-chatgpt\/\",\"name\":\"Psiquiatra alerta: El suicidio es la principal preocupaci\u00f3n con ChatGPT - Diario 21\",\"isPartOf\":{\"@id\":\"https:\/\/www.diario21.tv\/noticias\/#website\"},\"primaryImageOfPage\":{\"@id\":\"https:\/\/www.diario21.tv\/noticias\/psiquiatra-alerta-el-suicidio-es-la-principal-preocupacion-con-chatgpt\/#primaryimage\"},\"image\":{\"@id\":\"https:\/\/www.diario21.tv\/noticias\/psiquiatra-alerta-el-suicidio-es-la-principal-preocupacion-con-chatgpt\/#primaryimage\"},\"thumbnailUrl\":\"https:\/\/www.diario21.tv\/noticias\/wp-content\/uploads\/2026\/01\/Psiquiatra-alerta-El-suicidio-es-la-principal-preocupacion-con-ChatGPT.jpg\",\"datePublished\":\"2026-01-20T19:23:57+00:00\",\"dateModified\":\"2026-01-20T19:23:59+00:00\",\"author\":{\"@id\":\"https:\/\/www.diario21.tv\/noticias\/#\/schema\/person\/dfb778f73814d8f09f302618446a526b\"},\"breadcrumb\":{\"@id\":\"https:\/\/www.diario21.tv\/noticias\/psiquiatra-alerta-el-suicidio-es-la-principal-preocupacion-con-chatgpt\/#breadcrumb\"},\"inLanguage\":\"es-AR\",\"potentialAction\":[{\"@type\":\"ReadAction\",\"target\":[\"https:\/\/www.diario21.tv\/noticias\/psiquiatra-alerta-el-suicidio-es-la-principal-preocupacion-con-chatgpt\/\"]}]},{\"@type\":\"ImageObject\",\"inLanguage\":\"es-AR\",\"@id\":\"https:\/\/www.diario21.tv\/noticias\/psiquiatra-alerta-el-suicidio-es-la-principal-preocupacion-con-chatgpt\/#primaryimage\",\"url\":\"https:\/\/www.diario21.tv\/noticias\/wp-content\/uploads\/2026\/01\/Psiquiatra-alerta-El-suicidio-es-la-principal-preocupacion-con-ChatGPT.jpg\",\"contentUrl\":\"https:\/\/www.diario21.tv\/noticias\/wp-content\/uploads\/2026\/01\/Psiquiatra-alerta-El-suicidio-es-la-principal-preocupacion-con-ChatGPT.jpg\",\"width\":1200,\"height\":840,\"caption\":\"\u00abEl suicidio es nuestra principal preocupaci\u00f3n con ChatGPT\u00bb, dice un psiquiatra\"},{\"@type\":\"BreadcrumbList\",\"@id\":\"https:\/\/www.diario21.tv\/noticias\/psiquiatra-alerta-el-suicidio-es-la-principal-preocupacion-con-chatgpt\/#breadcrumb\",\"itemListElement\":[{\"@type\":\"ListItem\",\"position\":1,\"name\":\"Accueil\",\"item\":\"https:\/\/www.diario21.tv\/noticias\/\"},{\"@type\":\"ListItem\",\"position\":2,\"name\":\"Psiquiatra alerta: El suicidio es la principal preocupaci\u00f3n con ChatGPT\"}]},{\"@type\":\"WebSite\",\"@id\":\"https:\/\/www.diario21.tv\/noticias\/#website\",\"url\":\"https:\/\/www.diario21.tv\/noticias\/\",\"name\":\"Diario 21\",\"description\":\"\",\"potentialAction\":[{\"@type\":\"SearchAction\",\"target\":{\"@type\":\"EntryPoint\",\"urlTemplate\":\"https:\/\/www.diario21.tv\/noticias\/?s={search_term_string}\"},\"query-input\":{\"@type\":\"PropertyValueSpecification\",\"valueRequired\":true,\"valueName\":\"search_term_string\"}}],\"inLanguage\":\"es-AR\"},{\"@type\":\"Person\",\"@id\":\"https:\/\/www.diario21.tv\/noticias\/#\/schema\/person\/dfb778f73814d8f09f302618446a526b\",\"name\":\"Juan P\u00e9rez\",\"image\":{\"@type\":\"ImageObject\",\"inLanguage\":\"es-AR\",\"@id\":\"https:\/\/www.diario21.tv\/noticias\/#\/schema\/person\/image\/\",\"url\":\"https:\/\/secure.gravatar.com\/avatar\/c478a405bd10621167f4c3167cc770f5?s=96&d=mm&r=g\",\"contentUrl\":\"https:\/\/secure.gravatar.com\/avatar\/c478a405bd10621167f4c3167cc770f5?s=96&d=mm&r=g\",\"caption\":\"Juan P\u00e9rez\"},\"description\":\"Juan P\u00e9rez es el redactor en jefe de Diario 21. Con m\u00e1s de 10 a\u00f1os de experiencia en el periodismo, se especializa en pol\u00edtica nacional y an\u00e1lisis socioecon\u00f3mico. Su enfoque cr\u00edtico y riguroso aporta una perspectiva \u00fanica a cada art\u00edculo.\",\"sameAs\":[\"https:\/\/www.diario21.tv\/noticias\/\"],\"url\":\"https:\/\/www.diario21.tv\/noticias\/author\/juan-perez\/\"}]}<\/script>\n<!-- \/ Yoast SEO plugin. -->","yoast_head_json":{"title":"Psiquiatra alerta: El suicidio es la principal preocupaci\u00f3n con ChatGPT - Diario 21","robots":{"index":"index","follow":"follow","max-snippet":"max-snippet:-1","max-image-preview":"max-image-preview:large","max-video-preview":"max-video-preview:-1"},"canonical":"https:\/\/www.diario21.tv\/noticias\/psiquiatra-alerta-el-suicidio-es-la-principal-preocupacion-con-chatgpt\/","og_locale":"es_ES","og_type":"article","og_title":"Psiquiatra alerta: El suicidio es la principal preocupaci\u00f3n con ChatGPT - Diario 21","og_description":"El Suicidio es la Mayor Preocupaci\u00f3n con ChatGPT, Seg\u00fan un Psiquiatra En recientes declaraciones, un destacado psiquiatra ha expresado su preocupaci\u00f3n principal respecto al uso de ... Seguir leyendo &rarr;","og_url":"https:\/\/www.diario21.tv\/noticias\/psiquiatra-alerta-el-suicidio-es-la-principal-preocupacion-con-chatgpt\/","og_site_name":"Diario 21","article_published_time":"2026-01-20T19:23:57+00:00","article_modified_time":"2026-01-20T19:23:59+00:00","og_image":[{"width":1200,"height":840,"url":"https:\/\/www.diario21.tv\/noticias\/wp-content\/uploads\/2026\/01\/Psiquiatra-alerta-El-suicidio-es-la-principal-preocupacion-con-ChatGPT.jpg","type":"image\/jpeg"}],"author":"Juan P\u00e9rez","twitter_card":"summary_large_image","twitter_misc":{"Escrito por":"Juan P\u00e9rez","Tiempo de lectura":"2 minutos"},"schema":{"@context":"https:\/\/schema.org","@graph":[{"@type":"WebPage","@id":"https:\/\/www.diario21.tv\/noticias\/psiquiatra-alerta-el-suicidio-es-la-principal-preocupacion-con-chatgpt\/","url":"https:\/\/www.diario21.tv\/noticias\/psiquiatra-alerta-el-suicidio-es-la-principal-preocupacion-con-chatgpt\/","name":"Psiquiatra alerta: El suicidio es la principal preocupaci\u00f3n con ChatGPT - Diario 21","isPartOf":{"@id":"https:\/\/www.diario21.tv\/noticias\/#website"},"primaryImageOfPage":{"@id":"https:\/\/www.diario21.tv\/noticias\/psiquiatra-alerta-el-suicidio-es-la-principal-preocupacion-con-chatgpt\/#primaryimage"},"image":{"@id":"https:\/\/www.diario21.tv\/noticias\/psiquiatra-alerta-el-suicidio-es-la-principal-preocupacion-con-chatgpt\/#primaryimage"},"thumbnailUrl":"https:\/\/www.diario21.tv\/noticias\/wp-content\/uploads\/2026\/01\/Psiquiatra-alerta-El-suicidio-es-la-principal-preocupacion-con-ChatGPT.jpg","datePublished":"2026-01-20T19:23:57+00:00","dateModified":"2026-01-20T19:23:59+00:00","author":{"@id":"https:\/\/www.diario21.tv\/noticias\/#\/schema\/person\/dfb778f73814d8f09f302618446a526b"},"breadcrumb":{"@id":"https:\/\/www.diario21.tv\/noticias\/psiquiatra-alerta-el-suicidio-es-la-principal-preocupacion-con-chatgpt\/#breadcrumb"},"inLanguage":"es-AR","potentialAction":[{"@type":"ReadAction","target":["https:\/\/www.diario21.tv\/noticias\/psiquiatra-alerta-el-suicidio-es-la-principal-preocupacion-con-chatgpt\/"]}]},{"@type":"ImageObject","inLanguage":"es-AR","@id":"https:\/\/www.diario21.tv\/noticias\/psiquiatra-alerta-el-suicidio-es-la-principal-preocupacion-con-chatgpt\/#primaryimage","url":"https:\/\/www.diario21.tv\/noticias\/wp-content\/uploads\/2026\/01\/Psiquiatra-alerta-El-suicidio-es-la-principal-preocupacion-con-ChatGPT.jpg","contentUrl":"https:\/\/www.diario21.tv\/noticias\/wp-content\/uploads\/2026\/01\/Psiquiatra-alerta-El-suicidio-es-la-principal-preocupacion-con-ChatGPT.jpg","width":1200,"height":840,"caption":"\u00abEl suicidio es nuestra principal preocupaci\u00f3n con ChatGPT\u00bb, dice un psiquiatra"},{"@type":"BreadcrumbList","@id":"https:\/\/www.diario21.tv\/noticias\/psiquiatra-alerta-el-suicidio-es-la-principal-preocupacion-con-chatgpt\/#breadcrumb","itemListElement":[{"@type":"ListItem","position":1,"name":"Accueil","item":"https:\/\/www.diario21.tv\/noticias\/"},{"@type":"ListItem","position":2,"name":"Psiquiatra alerta: El suicidio es la principal preocupaci\u00f3n con ChatGPT"}]},{"@type":"WebSite","@id":"https:\/\/www.diario21.tv\/noticias\/#website","url":"https:\/\/www.diario21.tv\/noticias\/","name":"Diario 21","description":"","potentialAction":[{"@type":"SearchAction","target":{"@type":"EntryPoint","urlTemplate":"https:\/\/www.diario21.tv\/noticias\/?s={search_term_string}"},"query-input":{"@type":"PropertyValueSpecification","valueRequired":true,"valueName":"search_term_string"}}],"inLanguage":"es-AR"},{"@type":"Person","@id":"https:\/\/www.diario21.tv\/noticias\/#\/schema\/person\/dfb778f73814d8f09f302618446a526b","name":"Juan P\u00e9rez","image":{"@type":"ImageObject","inLanguage":"es-AR","@id":"https:\/\/www.diario21.tv\/noticias\/#\/schema\/person\/image\/","url":"https:\/\/secure.gravatar.com\/avatar\/c478a405bd10621167f4c3167cc770f5?s=96&d=mm&r=g","contentUrl":"https:\/\/secure.gravatar.com\/avatar\/c478a405bd10621167f4c3167cc770f5?s=96&d=mm&r=g","caption":"Juan P\u00e9rez"},"description":"Juan P\u00e9rez es el redactor en jefe de Diario 21. Con m\u00e1s de 10 a\u00f1os de experiencia en el periodismo, se especializa en pol\u00edtica nacional y an\u00e1lisis socioecon\u00f3mico. Su enfoque cr\u00edtico y riguroso aporta una perspectiva \u00fanica a cada art\u00edculo.","sameAs":["https:\/\/www.diario21.tv\/noticias\/"],"url":"https:\/\/www.diario21.tv\/noticias\/author\/juan-perez\/"}]}},"_links":{"self":[{"href":"https:\/\/www.diario21.tv\/noticias\/wp-json\/wp\/v2\/posts\/5943"}],"collection":[{"href":"https:\/\/www.diario21.tv\/noticias\/wp-json\/wp\/v2\/posts"}],"about":[{"href":"https:\/\/www.diario21.tv\/noticias\/wp-json\/wp\/v2\/types\/post"}],"author":[{"embeddable":true,"href":"https:\/\/www.diario21.tv\/noticias\/wp-json\/wp\/v2\/users\/20"}],"replies":[{"embeddable":true,"href":"https:\/\/www.diario21.tv\/noticias\/wp-json\/wp\/v2\/comments?post=5943"}],"version-history":[{"count":1,"href":"https:\/\/www.diario21.tv\/noticias\/wp-json\/wp\/v2\/posts\/5943\/revisions"}],"predecessor-version":[{"id":5945,"href":"https:\/\/www.diario21.tv\/noticias\/wp-json\/wp\/v2\/posts\/5943\/revisions\/5945"}],"wp:featuredmedia":[{"embeddable":true,"href":"https:\/\/www.diario21.tv\/noticias\/wp-json\/wp\/v2\/media\/5944"}],"wp:attachment":[{"href":"https:\/\/www.diario21.tv\/noticias\/wp-json\/wp\/v2\/media?parent=5943"}],"wp:term":[{"taxonomy":"category","embeddable":true,"href":"https:\/\/www.diario21.tv\/noticias\/wp-json\/wp\/v2\/categories?post=5943"},{"taxonomy":"post_tag","embeddable":true,"href":"https:\/\/www.diario21.tv\/noticias\/wp-json\/wp\/v2\/tags?post=5943"}],"curies":[{"name":"wp","href":"https:\/\/api.w.org\/{rel}","templated":true}]}}