{"id":5940,"date":"2026-01-20T13:23:28","date_gmt":"2026-01-20T13:23:28","guid":{"rendered":"https:\/\/www.diario21.tv\/noticias\/adolescentes-al-volante-en-2028-espana-podria-permitir-conducir-desde-los-17-anos\/"},"modified":"2026-01-20T13:23:31","modified_gmt":"2026-01-20T13:23:31","slug":"adolescentes-al-volante-en-2028-espana-podria-permitir-conducir-desde-los-17-anos","status":"publish","type":"post","link":"https:\/\/www.diario21.tv\/noticias\/adolescentes-al-volante-en-2028-espana-podria-permitir-conducir-desde-los-17-anos\/","title":{"rendered":"\u00a1Adolescentes al volante en 2028! Espa\u00f1a podr\u00eda permitir conducir desde los 17 a\u00f1os."},"content":{"rendered":"<h2>La Posibilidad de Conducir a los 17 A\u00f1os en Espa\u00f1a para 2028<\/h2>\n<p>En una propuesta que podr\u00eda transformar significativamente las normas de conducci\u00f3n en Espa\u00f1a, el gobierno espa\u00f1ol est\u00e1 considerando permitir que los j\u00f3venes de 17 a\u00f1os obtengan la licencia de conducci\u00f3n a partir del a\u00f1o 2028. Esta iniciativa busca adaptar la legislaci\u00f3n espa\u00f1ola a las nuevas necesidades y realidades de los j\u00f3venes conductores.<\/p>\n<h3>Cambios Propuestos en la Legislaci\u00f3n de Conducci\u00f3n<\/h3>\n<p>Actualmente, la edad legal para conducir en Espa\u00f1a est\u00e1 fijada en 18 a\u00f1os. Sin embargo, con la nueva propuesta, los adolescentes podr\u00edan empezar a conducir un a\u00f1o antes, bajo ciertas condiciones y regulaciones espec\u00edficas. Este cambio no solo permitir\u00eda a los j\u00f3venes adquirir experiencia en la conducci\u00f3n desde una edad m\u00e1s temprana, sino que tambi\u00e9n podr\u00eda alinear a Espa\u00f1a con otros pa\u00edses europeos donde ya es posible conducir legalmente a los 17 a\u00f1os.<\/p>\n<p>El proceso para implementar esta modificaci\u00f3n incluir\u00eda un sistema de acompa\u00f1amiento, donde los j\u00f3venes conductores deber\u00edan estar acompa\u00f1ados por un adulto con experiencia en conducci\u00f3n. Este modelo, conocido como &#8220;conducci\u00f3n acompa\u00f1ada&#8221;, ha demostrado ser efectivo en otros pa\u00edses para mejorar las habilidades de conducci\u00f3n de los adolescentes y reducir los accidentes de tr\u00e1fico.<\/p>\n<h3>Impacto en la Seguridad Vial y la Educaci\u00f3n de Conductores<\/h3>\n<p>Uno de los principales objetivos de esta reforma es mejorar la seguridad vial. Al permitir que los j\u00f3venes comiencen a conducir bajo supervisi\u00f3n, se espera que adquieran una mayor experiencia antes de conducir de manera independiente. Esto podr\u00eda traducirse en menos accidentes y una mayor responsabilidad al volante.<\/p>\n<p>Adem\u00e1s, esta iniciativa tambi\u00e9n podr\u00eda tener un impacto positivo en la educaci\u00f3n vial de los j\u00f3venes. Al comenzar su educaci\u00f3n en conducci\u00f3n a una edad m\u00e1s temprana y bajo supervisi\u00f3n, los futuros conductores podr\u00edan desarrollar un mejor entendimiento y respeto por las reglas de tr\u00e1fico, lo que es esencial para crear una cultura de conducci\u00f3n segura y responsable.<\/p>\n<h3>Desaf\u00edos y Consideraciones<\/h3>\n<p>Aunque la propuesta ha sido bien recibida por muchos, tambi\u00e9n presenta desaf\u00edos. Uno de los principales es asegurar que los j\u00f3venes reciban una formaci\u00f3n adecuada y que los adultos acompa\u00f1antes est\u00e9n debidamente capacitados para guiar a los nuevos conductores. Adem\u00e1s, ser\u00e1 necesario realizar ajustes en las infraestructuras y en los sistemas de evaluaci\u00f3n de conductores para adaptarlos a la nueva normativa.<\/p>\n<p>Finalmente, otra consideraci\u00f3n importante es la aceptaci\u00f3n social de esta medida. Cambiar la edad legal para conducir puede generar debate entre aquellos que cuestionan la capacidad y madurez de los j\u00f3venes de 17 a\u00f1os para manejar responsabilidades como la conducci\u00f3n.<\/p>\n<h3>Conclusiones y Futuro de la Propuesta<\/h3>\n<p>La posibilidad de reducir la edad legal para conducir a los 17 a\u00f1os en Espa\u00f1a es una propuesta que podr\u00eda ofrecer muchos beneficios, tales como mejorar la seguridad vial y proporcionar a los j\u00f3venes una herramienta valiosa para su independencia y desarrollo personal. Sin embargo, es crucial que se realicen todos los ajustes necesarios para garantizar que esta transici\u00f3n sea segura y efectiva.<\/p>\n<p>El debate sobre esta medida continuar\u00e1 en los pr\u00f3ximos a\u00f1os, y ser\u00e1 fundamental que todas las partes involucradas colaboren para crear un marco que no solo permita a los j\u00f3venes conducir antes, sino que tambi\u00e9n asegure que lo hagan de una manera segura y responsable. La decisi\u00f3n final deber\u00e1 equilibrar los beneficios potenciales con las preocupaciones leg\u00edtimas sobre la seguridad y la formaci\u00f3n de los conductores j\u00f3venes.<\/p>\n\n\n<div class=\"kk-star-ratings kksr-auto kksr-align-left kksr-valign-bottom\"\n    data-payload='{&quot;align&quot;:&quot;left&quot;,&quot;id&quot;:&quot;5940&quot;,&quot;slug&quot;:&quot;default&quot;,&quot;valign&quot;:&quot;bottom&quot;,&quot;ignore&quot;:&quot;&quot;,&quot;reference&quot;:&quot;auto&quot;,&quot;class&quot;:&quot;&quot;,&quot;count&quot;:&quot;0&quot;,&quot;legendonly&quot;:&quot;&quot;,&quot;readonly&quot;:&quot;&quot;,&quot;score&quot;:&quot;0&quot;,&quot;starsonly&quot;:&quot;&quot;,&quot;best&quot;:&quot;5&quot;,&quot;gap&quot;:&quot;5&quot;,&quot;greet&quot;:&quot;Valora este post&quot;,&quot;legend&quot;:&quot;0\\\/5 - (0 votes)&quot;,&quot;size&quot;:&quot;22&quot;,&quot;title&quot;:&quot;\u00a1Adolescentes al volante en 2028! Espa\u00f1a podr\u00eda permitir conducir desde los 17 a\u00f1os.&quot;,&quot;width&quot;:&quot;0&quot;,&quot;_legend&quot;:&quot;{score}\\\/{best} - ({count} {votes})&quot;,&quot;font_factor&quot;:&quot;1.25&quot;}'>\n            \n<div class=\"kksr-stars\">\n    \n<div class=\"kksr-stars-inactive\">\n            <div class=\"kksr-star\" data-star=\"1\" style=\"padding-right: 5px\">\n            \n\n<div class=\"kksr-icon\" style=\"width: 22px; height: 22px;\"><\/div>\n        <\/div>\n            <div class=\"kksr-star\" data-star=\"2\" style=\"padding-right: 5px\">\n            \n\n<div class=\"kksr-icon\" style=\"width: 22px; height: 22px;\"><\/div>\n        <\/div>\n            <div class=\"kksr-star\" data-star=\"3\" style=\"padding-right: 5px\">\n            \n\n<div class=\"kksr-icon\" style=\"width: 22px; height: 22px;\"><\/div>\n        <\/div>\n            <div class=\"kksr-star\" data-star=\"4\" style=\"padding-right: 5px\">\n            \n\n<div class=\"kksr-icon\" style=\"width: 22px; height: 22px;\"><\/div>\n        <\/div>\n            <div class=\"kksr-star\" data-star=\"5\" style=\"padding-right: 5px\">\n            \n\n<div class=\"kksr-icon\" style=\"width: 22px; height: 22px;\"><\/div>\n        <\/div>\n    <\/div>\n    \n<div class=\"kksr-stars-active\" style=\"width: 0px;\">\n            <div class=\"kksr-star\" style=\"padding-right: 5px\">\n            \n\n<div class=\"kksr-icon\" style=\"width: 22px; height: 22px;\"><\/div>\n        <\/div>\n            <div class=\"kksr-star\" style=\"padding-right: 5px\">\n            \n\n<div class=\"kksr-icon\" style=\"width: 22px; height: 22px;\"><\/div>\n        <\/div>\n            <div class=\"kksr-star\" style=\"padding-right: 5px\">\n            \n\n<div class=\"kksr-icon\" style=\"width: 22px; height: 22px;\"><\/div>\n        <\/div>\n            <div class=\"kksr-star\" style=\"padding-right: 5px\">\n            \n\n<div class=\"kksr-icon\" style=\"width: 22px; height: 22px;\"><\/div>\n        <\/div>\n            <div class=\"kksr-star\" style=\"padding-right: 5px\">\n            \n\n<div class=\"kksr-icon\" style=\"width: 22px; height: 22px;\"><\/div>\n        <\/div>\n    <\/div>\n<\/div>\n                \n\n<div class=\"kksr-legend\" style=\"font-size: 17.6px;\">\n            <span class=\"kksr-muted\">Valora este post<\/span>\n    <\/div>\n    <\/div>\n","protected":false},"excerpt":{"rendered":"<p>La Posibilidad de Conducir a los 17 A\u00f1os en Espa\u00f1a para 2028 En una propuesta que podr\u00eda transformar significativamente las normas de conducci\u00f3n en Espa\u00f1a, el &#8230; <a title=\"\u00a1Adolescentes al volante en 2028! Espa\u00f1a podr\u00eda permitir conducir desde los 17 a\u00f1os.\" class=\"read-more\" href=\"https:\/\/www.diario21.tv\/noticias\/adolescentes-al-volante-en-2028-espana-podria-permitir-conducir-desde-los-17-anos\/\" aria-label=\"Leer m\u00e1s sobre \u00a1Adolescentes al volante en 2028! Espa\u00f1a podr\u00eda permitir conducir desde los 17 a\u00f1os.\">Seguir leyendo &rarr;<\/a><\/p>\n","protected":false},"author":20,"featured_media":5941,"comment_status":"open","ping_status":"open","sticky":false,"template":"","format":"standard","meta":{"footnotes":""},"categories":[13],"tags":[],"class_list":["post-5940","post","type-post","status-publish","format-standard","has-post-thumbnail","hentry","category-portada"],"yoast_head":"<!-- This site is optimized with the Yoast SEO plugin v25.6 - https:\/\/yoast.com\/wordpress\/plugins\/seo\/ -->\n<title>\u00a1Adolescentes al volante en 2028! Espa\u00f1a podr\u00eda permitir conducir desde los 17 a\u00f1os. - Diario 21<\/title>\n<meta name=\"robots\" content=\"index, follow, max-snippet:-1, max-image-preview:large, max-video-preview:-1\" \/>\n<link rel=\"canonical\" href=\"https:\/\/www.diario21.tv\/noticias\/adolescentes-al-volante-en-2028-espana-podria-permitir-conducir-desde-los-17-anos\/\" \/>\n<meta property=\"og:locale\" content=\"es_ES\" \/>\n<meta property=\"og:type\" content=\"article\" \/>\n<meta property=\"og:title\" content=\"\u00a1Adolescentes al volante en 2028! Espa\u00f1a podr\u00eda permitir conducir desde los 17 a\u00f1os. - Diario 21\" \/>\n<meta property=\"og:description\" content=\"La Posibilidad de Conducir a los 17 A\u00f1os en Espa\u00f1a para 2028 En una propuesta que podr\u00eda transformar significativamente las normas de conducci\u00f3n en Espa\u00f1a, el ... Seguir leyendo &rarr;\" \/>\n<meta property=\"og:url\" content=\"https:\/\/www.diario21.tv\/noticias\/adolescentes-al-volante-en-2028-espana-podria-permitir-conducir-desde-los-17-anos\/\" \/>\n<meta property=\"og:site_name\" content=\"Diario 21\" \/>\n<meta property=\"article:published_time\" content=\"2026-01-20T13:23:28+00:00\" \/>\n<meta property=\"article:modified_time\" content=\"2026-01-20T13:23:31+00:00\" \/>\n<meta property=\"og:image\" content=\"https:\/\/www.diario21.tv\/noticias\/wp-content\/uploads\/2026\/01\/\u00a1Adolescentes-al-volante-en-2028-Espana-podria-permitir-conducir-desde.jpg\" \/>\n\t<meta property=\"og:image:width\" content=\"1200\" \/>\n\t<meta property=\"og:image:height\" content=\"840\" \/>\n\t<meta property=\"og:image:type\" content=\"image\/jpeg\" \/>\n<meta name=\"author\" content=\"Juan P\u00e9rez\" \/>\n<meta name=\"twitter:card\" content=\"summary_large_image\" \/>\n<meta name=\"twitter:label1\" content=\"Escrito por\" \/>\n\t<meta name=\"twitter:data1\" content=\"Juan P\u00e9rez\" \/>\n\t<meta name=\"twitter:label2\" content=\"Tiempo de lectura\" \/>\n\t<meta name=\"twitter:data2\" content=\"3 minutos\" \/>\n<script type=\"application\/ld+json\" class=\"yoast-schema-graph\">{\"@context\":\"https:\/\/schema.org\",\"@graph\":[{\"@type\":\"WebPage\",\"@id\":\"https:\/\/www.diario21.tv\/noticias\/adolescentes-al-volante-en-2028-espana-podria-permitir-conducir-desde-los-17-anos\/\",\"url\":\"https:\/\/www.diario21.tv\/noticias\/adolescentes-al-volante-en-2028-espana-podria-permitir-conducir-desde-los-17-anos\/\",\"name\":\"\u00a1Adolescentes al volante en 2028! Espa\u00f1a podr\u00eda permitir conducir desde los 17 a\u00f1os. - Diario 21\",\"isPartOf\":{\"@id\":\"https:\/\/www.diario21.tv\/noticias\/#website\"},\"primaryImageOfPage\":{\"@id\":\"https:\/\/www.diario21.tv\/noticias\/adolescentes-al-volante-en-2028-espana-podria-permitir-conducir-desde-los-17-anos\/#primaryimage\"},\"image\":{\"@id\":\"https:\/\/www.diario21.tv\/noticias\/adolescentes-al-volante-en-2028-espana-podria-permitir-conducir-desde-los-17-anos\/#primaryimage\"},\"thumbnailUrl\":\"https:\/\/www.diario21.tv\/noticias\/wp-content\/uploads\/2026\/01\/\u00a1Adolescentes-al-volante-en-2028-Espana-podria-permitir-conducir-desde.jpg\",\"datePublished\":\"2026-01-20T13:23:28+00:00\",\"dateModified\":\"2026-01-20T13:23:31+00:00\",\"author\":{\"@id\":\"https:\/\/www.diario21.tv\/noticias\/#\/schema\/person\/dfb778f73814d8f09f302618446a526b\"},\"breadcrumb\":{\"@id\":\"https:\/\/www.diario21.tv\/noticias\/adolescentes-al-volante-en-2028-espana-podria-permitir-conducir-desde-los-17-anos\/#breadcrumb\"},\"inLanguage\":\"es-AR\",\"potentialAction\":[{\"@type\":\"ReadAction\",\"target\":[\"https:\/\/www.diario21.tv\/noticias\/adolescentes-al-volante-en-2028-espana-podria-permitir-conducir-desde-los-17-anos\/\"]}]},{\"@type\":\"ImageObject\",\"inLanguage\":\"es-AR\",\"@id\":\"https:\/\/www.diario21.tv\/noticias\/adolescentes-al-volante-en-2028-espana-podria-permitir-conducir-desde-los-17-anos\/#primaryimage\",\"url\":\"https:\/\/www.diario21.tv\/noticias\/wp-content\/uploads\/2026\/01\/\u00a1Adolescentes-al-volante-en-2028-Espana-podria-permitir-conducir-desde.jpg\",\"contentUrl\":\"https:\/\/www.diario21.tv\/noticias\/wp-content\/uploads\/2026\/01\/\u00a1Adolescentes-al-volante-en-2028-Espana-podria-permitir-conducir-desde.jpg\",\"width\":1200,\"height\":840,\"caption\":\"Conducir con 17 a\u00f1os podr\u00eda ser legal en 2028: as\u00ed cambiar\u00eda el carnet en Espa\u00f1a\"},{\"@type\":\"BreadcrumbList\",\"@id\":\"https:\/\/www.diario21.tv\/noticias\/adolescentes-al-volante-en-2028-espana-podria-permitir-conducir-desde-los-17-anos\/#breadcrumb\",\"itemListElement\":[{\"@type\":\"ListItem\",\"position\":1,\"name\":\"Accueil\",\"item\":\"https:\/\/www.diario21.tv\/noticias\/\"},{\"@type\":\"ListItem\",\"position\":2,\"name\":\"\u00a1Adolescentes al volante en 2028! Espa\u00f1a podr\u00eda permitir conducir desde los 17 a\u00f1os.\"}]},{\"@type\":\"WebSite\",\"@id\":\"https:\/\/www.diario21.tv\/noticias\/#website\",\"url\":\"https:\/\/www.diario21.tv\/noticias\/\",\"name\":\"Diario 21\",\"description\":\"\",\"potentialAction\":[{\"@type\":\"SearchAction\",\"target\":{\"@type\":\"EntryPoint\",\"urlTemplate\":\"https:\/\/www.diario21.tv\/noticias\/?s={search_term_string}\"},\"query-input\":{\"@type\":\"PropertyValueSpecification\",\"valueRequired\":true,\"valueName\":\"search_term_string\"}}],\"inLanguage\":\"es-AR\"},{\"@type\":\"Person\",\"@id\":\"https:\/\/www.diario21.tv\/noticias\/#\/schema\/person\/dfb778f73814d8f09f302618446a526b\",\"name\":\"Juan P\u00e9rez\",\"image\":{\"@type\":\"ImageObject\",\"inLanguage\":\"es-AR\",\"@id\":\"https:\/\/www.diario21.tv\/noticias\/#\/schema\/person\/image\/\",\"url\":\"https:\/\/secure.gravatar.com\/avatar\/c478a405bd10621167f4c3167cc770f5?s=96&d=mm&r=g\",\"contentUrl\":\"https:\/\/secure.gravatar.com\/avatar\/c478a405bd10621167f4c3167cc770f5?s=96&d=mm&r=g\",\"caption\":\"Juan P\u00e9rez\"},\"description\":\"Juan P\u00e9rez es el redactor en jefe de Diario 21. Con m\u00e1s de 10 a\u00f1os de experiencia en el periodismo, se especializa en pol\u00edtica nacional y an\u00e1lisis socioecon\u00f3mico. Su enfoque cr\u00edtico y riguroso aporta una perspectiva \u00fanica a cada art\u00edculo.\",\"sameAs\":[\"https:\/\/www.diario21.tv\/noticias\/\"],\"url\":\"https:\/\/www.diario21.tv\/noticias\/author\/juan-perez\/\"}]}<\/script>\n<!-- \/ Yoast SEO plugin. -->","yoast_head_json":{"title":"\u00a1Adolescentes al volante en 2028! Espa\u00f1a podr\u00eda permitir conducir desde los 17 a\u00f1os. - Diario 21","robots":{"index":"index","follow":"follow","max-snippet":"max-snippet:-1","max-image-preview":"max-image-preview:large","max-video-preview":"max-video-preview:-1"},"canonical":"https:\/\/www.diario21.tv\/noticias\/adolescentes-al-volante-en-2028-espana-podria-permitir-conducir-desde-los-17-anos\/","og_locale":"es_ES","og_type":"article","og_title":"\u00a1Adolescentes al volante en 2028! Espa\u00f1a podr\u00eda permitir conducir desde los 17 a\u00f1os. - Diario 21","og_description":"La Posibilidad de Conducir a los 17 A\u00f1os en Espa\u00f1a para 2028 En una propuesta que podr\u00eda transformar significativamente las normas de conducci\u00f3n en Espa\u00f1a, el ... Seguir leyendo &rarr;","og_url":"https:\/\/www.diario21.tv\/noticias\/adolescentes-al-volante-en-2028-espana-podria-permitir-conducir-desde-los-17-anos\/","og_site_name":"Diario 21","article_published_time":"2026-01-20T13:23:28+00:00","article_modified_time":"2026-01-20T13:23:31+00:00","og_image":[{"width":1200,"height":840,"url":"https:\/\/www.diario21.tv\/noticias\/wp-content\/uploads\/2026\/01\/\u00a1Adolescentes-al-volante-en-2028-Espana-podria-permitir-conducir-desde.jpg","type":"image\/jpeg"}],"author":"Juan P\u00e9rez","twitter_card":"summary_large_image","twitter_misc":{"Escrito por":"Juan P\u00e9rez","Tiempo de lectura":"3 minutos"},"schema":{"@context":"https:\/\/schema.org","@graph":[{"@type":"WebPage","@id":"https:\/\/www.diario21.tv\/noticias\/adolescentes-al-volante-en-2028-espana-podria-permitir-conducir-desde-los-17-anos\/","url":"https:\/\/www.diario21.tv\/noticias\/adolescentes-al-volante-en-2028-espana-podria-permitir-conducir-desde-los-17-anos\/","name":"\u00a1Adolescentes al volante en 2028! Espa\u00f1a podr\u00eda permitir conducir desde los 17 a\u00f1os. - Diario 21","isPartOf":{"@id":"https:\/\/www.diario21.tv\/noticias\/#website"},"primaryImageOfPage":{"@id":"https:\/\/www.diario21.tv\/noticias\/adolescentes-al-volante-en-2028-espana-podria-permitir-conducir-desde-los-17-anos\/#primaryimage"},"image":{"@id":"https:\/\/www.diario21.tv\/noticias\/adolescentes-al-volante-en-2028-espana-podria-permitir-conducir-desde-los-17-anos\/#primaryimage"},"thumbnailUrl":"https:\/\/www.diario21.tv\/noticias\/wp-content\/uploads\/2026\/01\/\u00a1Adolescentes-al-volante-en-2028-Espana-podria-permitir-conducir-desde.jpg","datePublished":"2026-01-20T13:23:28+00:00","dateModified":"2026-01-20T13:23:31+00:00","author":{"@id":"https:\/\/www.diario21.tv\/noticias\/#\/schema\/person\/dfb778f73814d8f09f302618446a526b"},"breadcrumb":{"@id":"https:\/\/www.diario21.tv\/noticias\/adolescentes-al-volante-en-2028-espana-podria-permitir-conducir-desde-los-17-anos\/#breadcrumb"},"inLanguage":"es-AR","potentialAction":[{"@type":"ReadAction","target":["https:\/\/www.diario21.tv\/noticias\/adolescentes-al-volante-en-2028-espana-podria-permitir-conducir-desde-los-17-anos\/"]}]},{"@type":"ImageObject","inLanguage":"es-AR","@id":"https:\/\/www.diario21.tv\/noticias\/adolescentes-al-volante-en-2028-espana-podria-permitir-conducir-desde-los-17-anos\/#primaryimage","url":"https:\/\/www.diario21.tv\/noticias\/wp-content\/uploads\/2026\/01\/\u00a1Adolescentes-al-volante-en-2028-Espana-podria-permitir-conducir-desde.jpg","contentUrl":"https:\/\/www.diario21.tv\/noticias\/wp-content\/uploads\/2026\/01\/\u00a1Adolescentes-al-volante-en-2028-Espana-podria-permitir-conducir-desde.jpg","width":1200,"height":840,"caption":"Conducir con 17 a\u00f1os podr\u00eda ser legal en 2028: as\u00ed cambiar\u00eda el carnet en Espa\u00f1a"},{"@type":"BreadcrumbList","@id":"https:\/\/www.diario21.tv\/noticias\/adolescentes-al-volante-en-2028-espana-podria-permitir-conducir-desde-los-17-anos\/#breadcrumb","itemListElement":[{"@type":"ListItem","position":1,"name":"Accueil","item":"https:\/\/www.diario21.tv\/noticias\/"},{"@type":"ListItem","position":2,"name":"\u00a1Adolescentes al volante en 2028! Espa\u00f1a podr\u00eda permitir conducir desde los 17 a\u00f1os."}]},{"@type":"WebSite","@id":"https:\/\/www.diario21.tv\/noticias\/#website","url":"https:\/\/www.diario21.tv\/noticias\/","name":"Diario 21","description":"","potentialAction":[{"@type":"SearchAction","target":{"@type":"EntryPoint","urlTemplate":"https:\/\/www.diario21.tv\/noticias\/?s={search_term_string}"},"query-input":{"@type":"PropertyValueSpecification","valueRequired":true,"valueName":"search_term_string"}}],"inLanguage":"es-AR"},{"@type":"Person","@id":"https:\/\/www.diario21.tv\/noticias\/#\/schema\/person\/dfb778f73814d8f09f302618446a526b","name":"Juan P\u00e9rez","image":{"@type":"ImageObject","inLanguage":"es-AR","@id":"https:\/\/www.diario21.tv\/noticias\/#\/schema\/person\/image\/","url":"https:\/\/secure.gravatar.com\/avatar\/c478a405bd10621167f4c3167cc770f5?s=96&d=mm&r=g","contentUrl":"https:\/\/secure.gravatar.com\/avatar\/c478a405bd10621167f4c3167cc770f5?s=96&d=mm&r=g","caption":"Juan P\u00e9rez"},"description":"Juan P\u00e9rez es el redactor en jefe de Diario 21. Con m\u00e1s de 10 a\u00f1os de experiencia en el periodismo, se especializa en pol\u00edtica nacional y an\u00e1lisis socioecon\u00f3mico. Su enfoque cr\u00edtico y riguroso aporta una perspectiva \u00fanica a cada art\u00edculo.","sameAs":["https:\/\/www.diario21.tv\/noticias\/"],"url":"https:\/\/www.diario21.tv\/noticias\/author\/juan-perez\/"}]}},"_links":{"self":[{"href":"https:\/\/www.diario21.tv\/noticias\/wp-json\/wp\/v2\/posts\/5940"}],"collection":[{"href":"https:\/\/www.diario21.tv\/noticias\/wp-json\/wp\/v2\/posts"}],"about":[{"href":"https:\/\/www.diario21.tv\/noticias\/wp-json\/wp\/v2\/types\/post"}],"author":[{"embeddable":true,"href":"https:\/\/www.diario21.tv\/noticias\/wp-json\/wp\/v2\/users\/20"}],"replies":[{"embeddable":true,"href":"https:\/\/www.diario21.tv\/noticias\/wp-json\/wp\/v2\/comments?post=5940"}],"version-history":[{"count":1,"href":"https:\/\/www.diario21.tv\/noticias\/wp-json\/wp\/v2\/posts\/5940\/revisions"}],"predecessor-version":[{"id":5942,"href":"https:\/\/www.diario21.tv\/noticias\/wp-json\/wp\/v2\/posts\/5940\/revisions\/5942"}],"wp:featuredmedia":[{"embeddable":true,"href":"https:\/\/www.diario21.tv\/noticias\/wp-json\/wp\/v2\/media\/5941"}],"wp:attachment":[{"href":"https:\/\/www.diario21.tv\/noticias\/wp-json\/wp\/v2\/media?parent=5940"}],"wp:term":[{"taxonomy":"category","embeddable":true,"href":"https:\/\/www.diario21.tv\/noticias\/wp-json\/wp\/v2\/categories?post=5940"},{"taxonomy":"post_tag","embeddable":true,"href":"https:\/\/www.diario21.tv\/noticias\/wp-json\/wp\/v2\/tags?post=5940"}],"curies":[{"name":"wp","href":"https:\/\/api.w.org\/{rel}","templated":true}]}}