{"id":5916,"date":"2026-01-18T07:12:41","date_gmt":"2026-01-18T07:12:41","guid":{"rendered":"https:\/\/www.diario21.tv\/noticias\/increible-pero-cierto-camina-solo-5-minutos-mas-cada-dia-y-prolonga-tu-vida\/"},"modified":"2026-01-18T07:12:45","modified_gmt":"2026-01-18T07:12:45","slug":"increible-pero-cierto-camina-solo-5-minutos-mas-cada-dia-y-prolonga-tu-vida","status":"publish","type":"post","link":"https:\/\/www.diario21.tv\/noticias\/increible-pero-cierto-camina-solo-5-minutos-mas-cada-dia-y-prolonga-tu-vida\/","title":{"rendered":"\u00a1Incre\u00edble pero cierto! Camina solo 5 minutos m\u00e1s cada d\u00eda y prolonga tu vida"},"content":{"rendered":"<h2>Incrementar cinco minutos diarios de caminata podr\u00eda prolongar la vida<\/h2>\n<p>Caminar es una actividad f\u00edsica sencilla pero poderosa. Un estudio reciente ha descubierto que a\u00f1adir tan solo cinco minutos adicionales de caminata diaria puede tener efectos significativos en la longevidad. Este hallazgo ofrece una perspectiva alentadora para aquellos que buscan mejorar su salud sin necesidad de grandes cambios en su rutina diaria.<\/p>\n<h3>Los beneficios de caminar un poco m\u00e1s<\/h3>\n<p>Caminar ha sido reconocido desde hace tiempo por sus m\u00faltiples beneficios para la salud, incluyendo la mejora de la salud cardiovascular y la reducci\u00f3n del estr\u00e9s. Sin embargo, la novedad de este estudio radica en la especificidad de su recomendaci\u00f3n: solo cinco minutos adicionales. Seg\u00fan los investigadores, este peque\u00f1o incremento en la actividad f\u00edsica diaria podr\u00eda traducirse en mejoras notables en la esperanza de vida de una persona.<\/p>\n<p>El estudio, llevado a cabo por un equipo de expertos en salud p\u00fablica, analiz\u00f3 los datos de miles de participantes a lo largo de varios a\u00f1os. Los resultados mostraron que aquellos que aumentaron su tiempo de caminata diaria en solo cinco minutos experimentaron una disminuci\u00f3n en las tasas de mortalidad en comparaci\u00f3n con aquellos que no cambiaron sus h\u00e1bitos de caminata.<\/p>\n<h3>\u00bfC\u00f3mo empezar a caminar m\u00e1s?<\/h3>\n<p>Incorporar cinco minutos adicionales de caminata en la rutina diaria es m\u00e1s f\u00e1cil de lo que parece. Puede comenzar por tomar peque\u00f1as decisiones como estacionar el coche un poco m\u00e1s lejos de su destino habitual, optar por las escaleras en lugar del ascensor, o simplemente disfrutar de una breve caminata despu\u00e9s de comer.<\/p>\n<p>Para aquellos que trabajan en oficina, una buena estrategia puede ser realizar caminatas cortas durante los descansos o incluso optar por reuniones caminando, si el contexto lo permite. Todas estas peque\u00f1as acciones pueden sumar significativamente al total diario recomendado.<\/p>\n<h3>Una perspectiva a largo plazo<\/h3>\n<p>Aunque caminar cinco minutos adicionales al d\u00eda pueda parecer insignificante, cuando se considera a lo largo del tiempo, los beneficios pueden ser enormes. No solo en t\u00e9rminos de salud f\u00edsica, sino tambi\u00e9n para la salud mental y emocional. Caminar permite despejar la mente, reducir el nivel de estr\u00e9s y, en general, mejorar la calidad de vida.<\/p>\n<p>Es importante recordar que cualquier aumento en la actividad f\u00edsica debe ser progresivo y adaptado a las capacidades individuales, especialmente para aquellos que est\u00e1n comenzando o tienen condiciones m\u00e9dicas preexistentes. Como siempre, es recomendable consultar con un profesional de la salud antes de iniciar cualquier nuevo r\u00e9gimen de ejercicio.<\/p>\n<p>Este estudio subraya la importancia de la actividad f\u00edsica regular, incluso en peque\u00f1as dosis, como un medio efectivo para mejorar la salud y prolongar la vida. As\u00ed que, la pr\u00f3xima vez que considere si vale la pena caminar esos cinco minutos extra, recuerde que podr\u00eda estar haciendo una inversi\u00f3n valiosa en su futuro a largo plazo.<\/p>\n\n\n<div class=\"kk-star-ratings kksr-auto kksr-align-left kksr-valign-bottom\"\n    data-payload='{&quot;align&quot;:&quot;left&quot;,&quot;id&quot;:&quot;5916&quot;,&quot;slug&quot;:&quot;default&quot;,&quot;valign&quot;:&quot;bottom&quot;,&quot;ignore&quot;:&quot;&quot;,&quot;reference&quot;:&quot;auto&quot;,&quot;class&quot;:&quot;&quot;,&quot;count&quot;:&quot;0&quot;,&quot;legendonly&quot;:&quot;&quot;,&quot;readonly&quot;:&quot;&quot;,&quot;score&quot;:&quot;0&quot;,&quot;starsonly&quot;:&quot;&quot;,&quot;best&quot;:&quot;5&quot;,&quot;gap&quot;:&quot;5&quot;,&quot;greet&quot;:&quot;Valora este post&quot;,&quot;legend&quot;:&quot;0\\\/5 - (0 votes)&quot;,&quot;size&quot;:&quot;22&quot;,&quot;title&quot;:&quot;\u00a1Incre\u00edble pero cierto! Camina solo 5 minutos m\u00e1s cada d\u00eda y prolonga tu vida&quot;,&quot;width&quot;:&quot;0&quot;,&quot;_legend&quot;:&quot;{score}\\\/{best} - ({count} {votes})&quot;,&quot;font_factor&quot;:&quot;1.25&quot;}'>\n            \n<div class=\"kksr-stars\">\n    \n<div class=\"kksr-stars-inactive\">\n            <div class=\"kksr-star\" data-star=\"1\" style=\"padding-right: 5px\">\n            \n\n<div class=\"kksr-icon\" style=\"width: 22px; height: 22px;\"><\/div>\n        <\/div>\n            <div class=\"kksr-star\" data-star=\"2\" style=\"padding-right: 5px\">\n            \n\n<div class=\"kksr-icon\" style=\"width: 22px; height: 22px;\"><\/div>\n        <\/div>\n            <div class=\"kksr-star\" data-star=\"3\" style=\"padding-right: 5px\">\n            \n\n<div class=\"kksr-icon\" style=\"width: 22px; height: 22px;\"><\/div>\n        <\/div>\n            <div class=\"kksr-star\" data-star=\"4\" style=\"padding-right: 5px\">\n            \n\n<div class=\"kksr-icon\" style=\"width: 22px; height: 22px;\"><\/div>\n        <\/div>\n            <div class=\"kksr-star\" data-star=\"5\" style=\"padding-right: 5px\">\n            \n\n<div class=\"kksr-icon\" style=\"width: 22px; height: 22px;\"><\/div>\n        <\/div>\n    <\/div>\n    \n<div class=\"kksr-stars-active\" style=\"width: 0px;\">\n            <div class=\"kksr-star\" style=\"padding-right: 5px\">\n            \n\n<div class=\"kksr-icon\" style=\"width: 22px; height: 22px;\"><\/div>\n        <\/div>\n            <div class=\"kksr-star\" style=\"padding-right: 5px\">\n            \n\n<div class=\"kksr-icon\" style=\"width: 22px; height: 22px;\"><\/div>\n        <\/div>\n            <div class=\"kksr-star\" style=\"padding-right: 5px\">\n            \n\n<div class=\"kksr-icon\" style=\"width: 22px; height: 22px;\"><\/div>\n        <\/div>\n            <div class=\"kksr-star\" style=\"padding-right: 5px\">\n            \n\n<div class=\"kksr-icon\" style=\"width: 22px; height: 22px;\"><\/div>\n        <\/div>\n            <div class=\"kksr-star\" style=\"padding-right: 5px\">\n            \n\n<div class=\"kksr-icon\" style=\"width: 22px; height: 22px;\"><\/div>\n        <\/div>\n    <\/div>\n<\/div>\n                \n\n<div class=\"kksr-legend\" style=\"font-size: 17.6px;\">\n            <span class=\"kksr-muted\">Valora este post<\/span>\n    <\/div>\n    <\/div>\n","protected":false},"excerpt":{"rendered":"<p>Incrementar cinco minutos diarios de caminata podr\u00eda prolongar la vida Caminar es una actividad f\u00edsica sencilla pero poderosa. Un estudio reciente ha descubierto que a\u00f1adir tan &#8230; <a title=\"\u00a1Incre\u00edble pero cierto! Camina solo 5 minutos m\u00e1s cada d\u00eda y prolonga tu vida\" class=\"read-more\" href=\"https:\/\/www.diario21.tv\/noticias\/increible-pero-cierto-camina-solo-5-minutos-mas-cada-dia-y-prolonga-tu-vida\/\" aria-label=\"Leer m\u00e1s sobre \u00a1Incre\u00edble pero cierto! Camina solo 5 minutos m\u00e1s cada d\u00eda y prolonga tu vida\">Seguir leyendo &rarr;<\/a><\/p>\n","protected":false},"author":20,"featured_media":5917,"comment_status":"open","ping_status":"open","sticky":false,"template":"","format":"standard","meta":{"footnotes":""},"categories":[13],"tags":[],"class_list":["post-5916","post","type-post","status-publish","format-standard","has-post-thumbnail","hentry","category-portada"],"yoast_head":"<!-- This site is optimized with the Yoast SEO plugin v25.6 - https:\/\/yoast.com\/wordpress\/plugins\/seo\/ -->\n<title>\u00a1Incre\u00edble pero cierto! Camina solo 5 minutos m\u00e1s cada d\u00eda y prolonga tu vida - Diario 21<\/title>\n<meta name=\"robots\" content=\"index, follow, max-snippet:-1, max-image-preview:large, max-video-preview:-1\" \/>\n<link rel=\"canonical\" href=\"https:\/\/www.diario21.tv\/noticias\/increible-pero-cierto-camina-solo-5-minutos-mas-cada-dia-y-prolonga-tu-vida\/\" \/>\n<meta property=\"og:locale\" content=\"es_ES\" \/>\n<meta property=\"og:type\" content=\"article\" \/>\n<meta property=\"og:title\" content=\"\u00a1Incre\u00edble pero cierto! Camina solo 5 minutos m\u00e1s cada d\u00eda y prolonga tu vida - Diario 21\" \/>\n<meta property=\"og:description\" content=\"Incrementar cinco minutos diarios de caminata podr\u00eda prolongar la vida Caminar es una actividad f\u00edsica sencilla pero poderosa. Un estudio reciente ha descubierto que a\u00f1adir tan ... Seguir leyendo &rarr;\" \/>\n<meta property=\"og:url\" content=\"https:\/\/www.diario21.tv\/noticias\/increible-pero-cierto-camina-solo-5-minutos-mas-cada-dia-y-prolonga-tu-vida\/\" \/>\n<meta property=\"og:site_name\" content=\"Diario 21\" \/>\n<meta property=\"article:published_time\" content=\"2026-01-18T07:12:41+00:00\" \/>\n<meta property=\"article:modified_time\" content=\"2026-01-18T07:12:45+00:00\" \/>\n<meta property=\"og:image\" content=\"https:\/\/www.diario21.tv\/noticias\/wp-content\/uploads\/2026\/01\/\u00a1Increible-pero-cierto-Camina-solo-5-minutos-mas-cada-dia.jpg\" \/>\n\t<meta property=\"og:image:width\" content=\"1200\" \/>\n\t<meta property=\"og:image:height\" content=\"840\" \/>\n\t<meta property=\"og:image:type\" content=\"image\/jpeg\" \/>\n<meta name=\"author\" content=\"Juan P\u00e9rez\" \/>\n<meta name=\"twitter:card\" content=\"summary_large_image\" \/>\n<meta name=\"twitter:label1\" content=\"Escrito por\" \/>\n\t<meta name=\"twitter:data1\" content=\"Juan P\u00e9rez\" \/>\n\t<meta name=\"twitter:label2\" content=\"Tiempo de lectura\" \/>\n\t<meta name=\"twitter:data2\" content=\"3 minutos\" \/>\n<script type=\"application\/ld+json\" class=\"yoast-schema-graph\">{\"@context\":\"https:\/\/schema.org\",\"@graph\":[{\"@type\":\"WebPage\",\"@id\":\"https:\/\/www.diario21.tv\/noticias\/increible-pero-cierto-camina-solo-5-minutos-mas-cada-dia-y-prolonga-tu-vida\/\",\"url\":\"https:\/\/www.diario21.tv\/noticias\/increible-pero-cierto-camina-solo-5-minutos-mas-cada-dia-y-prolonga-tu-vida\/\",\"name\":\"\u00a1Incre\u00edble pero cierto! Camina solo 5 minutos m\u00e1s cada d\u00eda y prolonga tu vida - Diario 21\",\"isPartOf\":{\"@id\":\"https:\/\/www.diario21.tv\/noticias\/#website\"},\"primaryImageOfPage\":{\"@id\":\"https:\/\/www.diario21.tv\/noticias\/increible-pero-cierto-camina-solo-5-minutos-mas-cada-dia-y-prolonga-tu-vida\/#primaryimage\"},\"image\":{\"@id\":\"https:\/\/www.diario21.tv\/noticias\/increible-pero-cierto-camina-solo-5-minutos-mas-cada-dia-y-prolonga-tu-vida\/#primaryimage\"},\"thumbnailUrl\":\"https:\/\/www.diario21.tv\/noticias\/wp-content\/uploads\/2026\/01\/\u00a1Increible-pero-cierto-Camina-solo-5-minutos-mas-cada-dia.jpg\",\"datePublished\":\"2026-01-18T07:12:41+00:00\",\"dateModified\":\"2026-01-18T07:12:45+00:00\",\"author\":{\"@id\":\"https:\/\/www.diario21.tv\/noticias\/#\/schema\/person\/dfb778f73814d8f09f302618446a526b\"},\"breadcrumb\":{\"@id\":\"https:\/\/www.diario21.tv\/noticias\/increible-pero-cierto-camina-solo-5-minutos-mas-cada-dia-y-prolonga-tu-vida\/#breadcrumb\"},\"inLanguage\":\"es-AR\",\"potentialAction\":[{\"@type\":\"ReadAction\",\"target\":[\"https:\/\/www.diario21.tv\/noticias\/increible-pero-cierto-camina-solo-5-minutos-mas-cada-dia-y-prolonga-tu-vida\/\"]}]},{\"@type\":\"ImageObject\",\"inLanguage\":\"es-AR\",\"@id\":\"https:\/\/www.diario21.tv\/noticias\/increible-pero-cierto-camina-solo-5-minutos-mas-cada-dia-y-prolonga-tu-vida\/#primaryimage\",\"url\":\"https:\/\/www.diario21.tv\/noticias\/wp-content\/uploads\/2026\/01\/\u00a1Increible-pero-cierto-Camina-solo-5-minutos-mas-cada-dia.jpg\",\"contentUrl\":\"https:\/\/www.diario21.tv\/noticias\/wp-content\/uploads\/2026\/01\/\u00a1Increible-pero-cierto-Camina-solo-5-minutos-mas-cada-dia.jpg\",\"width\":1200,\"height\":840,\"caption\":\"Para alargar la vida basta con caminar cinco minutos m\u00e1s al d\u00eda\"},{\"@type\":\"BreadcrumbList\",\"@id\":\"https:\/\/www.diario21.tv\/noticias\/increible-pero-cierto-camina-solo-5-minutos-mas-cada-dia-y-prolonga-tu-vida\/#breadcrumb\",\"itemListElement\":[{\"@type\":\"ListItem\",\"position\":1,\"name\":\"Accueil\",\"item\":\"https:\/\/www.diario21.tv\/noticias\/\"},{\"@type\":\"ListItem\",\"position\":2,\"name\":\"\u00a1Incre\u00edble pero cierto! Camina solo 5 minutos m\u00e1s cada d\u00eda y prolonga tu vida\"}]},{\"@type\":\"WebSite\",\"@id\":\"https:\/\/www.diario21.tv\/noticias\/#website\",\"url\":\"https:\/\/www.diario21.tv\/noticias\/\",\"name\":\"Diario 21\",\"description\":\"\",\"potentialAction\":[{\"@type\":\"SearchAction\",\"target\":{\"@type\":\"EntryPoint\",\"urlTemplate\":\"https:\/\/www.diario21.tv\/noticias\/?s={search_term_string}\"},\"query-input\":{\"@type\":\"PropertyValueSpecification\",\"valueRequired\":true,\"valueName\":\"search_term_string\"}}],\"inLanguage\":\"es-AR\"},{\"@type\":\"Person\",\"@id\":\"https:\/\/www.diario21.tv\/noticias\/#\/schema\/person\/dfb778f73814d8f09f302618446a526b\",\"name\":\"Juan P\u00e9rez\",\"image\":{\"@type\":\"ImageObject\",\"inLanguage\":\"es-AR\",\"@id\":\"https:\/\/www.diario21.tv\/noticias\/#\/schema\/person\/image\/\",\"url\":\"https:\/\/secure.gravatar.com\/avatar\/c478a405bd10621167f4c3167cc770f5?s=96&d=mm&r=g\",\"contentUrl\":\"https:\/\/secure.gravatar.com\/avatar\/c478a405bd10621167f4c3167cc770f5?s=96&d=mm&r=g\",\"caption\":\"Juan P\u00e9rez\"},\"description\":\"Juan P\u00e9rez es el redactor en jefe de Diario 21. Con m\u00e1s de 10 a\u00f1os de experiencia en el periodismo, se especializa en pol\u00edtica nacional y an\u00e1lisis socioecon\u00f3mico. Su enfoque cr\u00edtico y riguroso aporta una perspectiva \u00fanica a cada art\u00edculo.\",\"sameAs\":[\"https:\/\/www.diario21.tv\/noticias\/\"],\"url\":\"https:\/\/www.diario21.tv\/noticias\/author\/juan-perez\/\"}]}<\/script>\n<!-- \/ Yoast SEO plugin. -->","yoast_head_json":{"title":"\u00a1Incre\u00edble pero cierto! Camina solo 5 minutos m\u00e1s cada d\u00eda y prolonga tu vida - Diario 21","robots":{"index":"index","follow":"follow","max-snippet":"max-snippet:-1","max-image-preview":"max-image-preview:large","max-video-preview":"max-video-preview:-1"},"canonical":"https:\/\/www.diario21.tv\/noticias\/increible-pero-cierto-camina-solo-5-minutos-mas-cada-dia-y-prolonga-tu-vida\/","og_locale":"es_ES","og_type":"article","og_title":"\u00a1Incre\u00edble pero cierto! Camina solo 5 minutos m\u00e1s cada d\u00eda y prolonga tu vida - Diario 21","og_description":"Incrementar cinco minutos diarios de caminata podr\u00eda prolongar la vida Caminar es una actividad f\u00edsica sencilla pero poderosa. Un estudio reciente ha descubierto que a\u00f1adir tan ... Seguir leyendo &rarr;","og_url":"https:\/\/www.diario21.tv\/noticias\/increible-pero-cierto-camina-solo-5-minutos-mas-cada-dia-y-prolonga-tu-vida\/","og_site_name":"Diario 21","article_published_time":"2026-01-18T07:12:41+00:00","article_modified_time":"2026-01-18T07:12:45+00:00","og_image":[{"width":1200,"height":840,"url":"https:\/\/www.diario21.tv\/noticias\/wp-content\/uploads\/2026\/01\/\u00a1Increible-pero-cierto-Camina-solo-5-minutos-mas-cada-dia.jpg","type":"image\/jpeg"}],"author":"Juan P\u00e9rez","twitter_card":"summary_large_image","twitter_misc":{"Escrito por":"Juan P\u00e9rez","Tiempo de lectura":"3 minutos"},"schema":{"@context":"https:\/\/schema.org","@graph":[{"@type":"WebPage","@id":"https:\/\/www.diario21.tv\/noticias\/increible-pero-cierto-camina-solo-5-minutos-mas-cada-dia-y-prolonga-tu-vida\/","url":"https:\/\/www.diario21.tv\/noticias\/increible-pero-cierto-camina-solo-5-minutos-mas-cada-dia-y-prolonga-tu-vida\/","name":"\u00a1Incre\u00edble pero cierto! Camina solo 5 minutos m\u00e1s cada d\u00eda y prolonga tu vida - Diario 21","isPartOf":{"@id":"https:\/\/www.diario21.tv\/noticias\/#website"},"primaryImageOfPage":{"@id":"https:\/\/www.diario21.tv\/noticias\/increible-pero-cierto-camina-solo-5-minutos-mas-cada-dia-y-prolonga-tu-vida\/#primaryimage"},"image":{"@id":"https:\/\/www.diario21.tv\/noticias\/increible-pero-cierto-camina-solo-5-minutos-mas-cada-dia-y-prolonga-tu-vida\/#primaryimage"},"thumbnailUrl":"https:\/\/www.diario21.tv\/noticias\/wp-content\/uploads\/2026\/01\/\u00a1Increible-pero-cierto-Camina-solo-5-minutos-mas-cada-dia.jpg","datePublished":"2026-01-18T07:12:41+00:00","dateModified":"2026-01-18T07:12:45+00:00","author":{"@id":"https:\/\/www.diario21.tv\/noticias\/#\/schema\/person\/dfb778f73814d8f09f302618446a526b"},"breadcrumb":{"@id":"https:\/\/www.diario21.tv\/noticias\/increible-pero-cierto-camina-solo-5-minutos-mas-cada-dia-y-prolonga-tu-vida\/#breadcrumb"},"inLanguage":"es-AR","potentialAction":[{"@type":"ReadAction","target":["https:\/\/www.diario21.tv\/noticias\/increible-pero-cierto-camina-solo-5-minutos-mas-cada-dia-y-prolonga-tu-vida\/"]}]},{"@type":"ImageObject","inLanguage":"es-AR","@id":"https:\/\/www.diario21.tv\/noticias\/increible-pero-cierto-camina-solo-5-minutos-mas-cada-dia-y-prolonga-tu-vida\/#primaryimage","url":"https:\/\/www.diario21.tv\/noticias\/wp-content\/uploads\/2026\/01\/\u00a1Increible-pero-cierto-Camina-solo-5-minutos-mas-cada-dia.jpg","contentUrl":"https:\/\/www.diario21.tv\/noticias\/wp-content\/uploads\/2026\/01\/\u00a1Increible-pero-cierto-Camina-solo-5-minutos-mas-cada-dia.jpg","width":1200,"height":840,"caption":"Para alargar la vida basta con caminar cinco minutos m\u00e1s al d\u00eda"},{"@type":"BreadcrumbList","@id":"https:\/\/www.diario21.tv\/noticias\/increible-pero-cierto-camina-solo-5-minutos-mas-cada-dia-y-prolonga-tu-vida\/#breadcrumb","itemListElement":[{"@type":"ListItem","position":1,"name":"Accueil","item":"https:\/\/www.diario21.tv\/noticias\/"},{"@type":"ListItem","position":2,"name":"\u00a1Incre\u00edble pero cierto! Camina solo 5 minutos m\u00e1s cada d\u00eda y prolonga tu vida"}]},{"@type":"WebSite","@id":"https:\/\/www.diario21.tv\/noticias\/#website","url":"https:\/\/www.diario21.tv\/noticias\/","name":"Diario 21","description":"","potentialAction":[{"@type":"SearchAction","target":{"@type":"EntryPoint","urlTemplate":"https:\/\/www.diario21.tv\/noticias\/?s={search_term_string}"},"query-input":{"@type":"PropertyValueSpecification","valueRequired":true,"valueName":"search_term_string"}}],"inLanguage":"es-AR"},{"@type":"Person","@id":"https:\/\/www.diario21.tv\/noticias\/#\/schema\/person\/dfb778f73814d8f09f302618446a526b","name":"Juan P\u00e9rez","image":{"@type":"ImageObject","inLanguage":"es-AR","@id":"https:\/\/www.diario21.tv\/noticias\/#\/schema\/person\/image\/","url":"https:\/\/secure.gravatar.com\/avatar\/c478a405bd10621167f4c3167cc770f5?s=96&d=mm&r=g","contentUrl":"https:\/\/secure.gravatar.com\/avatar\/c478a405bd10621167f4c3167cc770f5?s=96&d=mm&r=g","caption":"Juan P\u00e9rez"},"description":"Juan P\u00e9rez es el redactor en jefe de Diario 21. Con m\u00e1s de 10 a\u00f1os de experiencia en el periodismo, se especializa en pol\u00edtica nacional y an\u00e1lisis socioecon\u00f3mico. Su enfoque cr\u00edtico y riguroso aporta una perspectiva \u00fanica a cada art\u00edculo.","sameAs":["https:\/\/www.diario21.tv\/noticias\/"],"url":"https:\/\/www.diario21.tv\/noticias\/author\/juan-perez\/"}]}},"_links":{"self":[{"href":"https:\/\/www.diario21.tv\/noticias\/wp-json\/wp\/v2\/posts\/5916"}],"collection":[{"href":"https:\/\/www.diario21.tv\/noticias\/wp-json\/wp\/v2\/posts"}],"about":[{"href":"https:\/\/www.diario21.tv\/noticias\/wp-json\/wp\/v2\/types\/post"}],"author":[{"embeddable":true,"href":"https:\/\/www.diario21.tv\/noticias\/wp-json\/wp\/v2\/users\/20"}],"replies":[{"embeddable":true,"href":"https:\/\/www.diario21.tv\/noticias\/wp-json\/wp\/v2\/comments?post=5916"}],"version-history":[{"count":1,"href":"https:\/\/www.diario21.tv\/noticias\/wp-json\/wp\/v2\/posts\/5916\/revisions"}],"predecessor-version":[{"id":5918,"href":"https:\/\/www.diario21.tv\/noticias\/wp-json\/wp\/v2\/posts\/5916\/revisions\/5918"}],"wp:featuredmedia":[{"embeddable":true,"href":"https:\/\/www.diario21.tv\/noticias\/wp-json\/wp\/v2\/media\/5917"}],"wp:attachment":[{"href":"https:\/\/www.diario21.tv\/noticias\/wp-json\/wp\/v2\/media?parent=5916"}],"wp:term":[{"taxonomy":"category","embeddable":true,"href":"https:\/\/www.diario21.tv\/noticias\/wp-json\/wp\/v2\/categories?post=5916"},{"taxonomy":"post_tag","embeddable":true,"href":"https:\/\/www.diario21.tv\/noticias\/wp-json\/wp\/v2\/tags?post=5916"}],"curies":[{"name":"wp","href":"https:\/\/api.w.org\/{rel}","templated":true}]}}