{"id":5907,"date":"2026-01-17T13:10:09","date_gmt":"2026-01-17T13:10:09","guid":{"rendered":"https:\/\/www.diario21.tv\/noticias\/alerta-en-burgos-tratamiento-fatal-de-cancer-excedia-seis-veces-la-dosis-adecuada\/"},"modified":"2026-01-17T13:10:11","modified_gmt":"2026-01-17T13:10:11","slug":"alerta-en-burgos-tratamiento-fatal-de-cancer-excedia-seis-veces-la-dosis-adecuada","status":"publish","type":"post","link":"https:\/\/www.diario21.tv\/noticias\/alerta-en-burgos-tratamiento-fatal-de-cancer-excedia-seis-veces-la-dosis-adecuada\/","title":{"rendered":"\u00a1Alerta en Burgos! Tratamiento fatal de c\u00e1ncer exced\u00eda seis veces la dosis adecuada"},"content":{"rendered":"<h2>El Error en el Tratamiento Oncol\u00f3gico de Burgos que Result\u00f3 Fatal<\/h2>\n<p>En un lamentable incidente en Burgos, varios pacientes de c\u00e1ncer fallecieron tras recibir una dosis de tratamiento que exced\u00eda en seis veces la cantidad recomendada. Este grave error ha puesto en relieve las consecuencias potencialmente mortales de los errores m\u00e9dicos en tratamientos de alta precisi\u00f3n como la oncolog\u00eda.<\/p>\n<h3>Dosificaci\u00f3n Excesiva en el Tratamiento<\/h3>\n<p>Los hechos ocurrieron en un reconocido centro m\u00e9dico de Burgos, donde los pacientes que estaban bajo tratamiento para combatir el c\u00e1ncer recibieron una dosis de medicaci\u00f3n que sobrepasaba ampliamente lo establecido en los protocolos m\u00e9dicos. La dosis administrada era seis veces superior a la que los especialistas hab\u00edan prescrito inicialmente. Este error no solo exacerb\u00f3 los efectos secundarios asociados al tratamiento, sino que desafortunadamente result\u00f3 ser letal.<\/p>\n<h3>Investigaci\u00f3n y Consecuencias<\/h3>\n<p>Tras los tr\u00e1gicos sucesos, las autoridades sanitarias junto con la direcci\u00f3n del hospital iniciaron una exhaustiva investigaci\u00f3n para determinar la cadena de errores que llev\u00f3 a esta fatal sobredosis. Los primeros indicios sugieren fallos en el proceso de revisi\u00f3n y administraci\u00f3n de las dosis prescritas. La comunidad m\u00e9dica y los familiares de las v\u00edctimas buscan respuestas y asegurarse de que tales errores no se repitan en el futuro.<\/p>\n<h3>Reacciones y Medidas Adoptadas<\/h3>\n<p>La noticia de estos eventos ha causado una gran consternaci\u00f3n tanto en la comunidad local como en el \u00e1mbito nacional. Profesionales de la salud y autoridades han enfatizado la importancia de adherirse estrictamente a los protocolos m\u00e9dicos y de revisar todos los procedimientos relacionados con la administraci\u00f3n de tratamientos. Adem\u00e1s, se est\u00e1n revisando y fortaleciendo los sistemas de control y seguimiento para prevenir que incidentes de esta naturaleza ocurran nuevamente.<\/p>\n<p>Este tr\u00e1gico incidente subraya la vital importancia de la precisi\u00f3n y el cuidado en la administraci\u00f3n de tratamientos m\u00e9dicos, especialmente en aquellos relacionados con enfermedades tan graves como el c\u00e1ncer. Se espera que este doloroso episodio sirva para reforzar las medidas de seguridad y los protocolos de tratamiento, con el objetivo de proteger la salud y la vida de los pacientes.<\/p>\n\n\n<div class=\"kk-star-ratings kksr-auto kksr-align-left kksr-valign-bottom\"\n    data-payload='{&quot;align&quot;:&quot;left&quot;,&quot;id&quot;:&quot;5907&quot;,&quot;slug&quot;:&quot;default&quot;,&quot;valign&quot;:&quot;bottom&quot;,&quot;ignore&quot;:&quot;&quot;,&quot;reference&quot;:&quot;auto&quot;,&quot;class&quot;:&quot;&quot;,&quot;count&quot;:&quot;0&quot;,&quot;legendonly&quot;:&quot;&quot;,&quot;readonly&quot;:&quot;&quot;,&quot;score&quot;:&quot;0&quot;,&quot;starsonly&quot;:&quot;&quot;,&quot;best&quot;:&quot;5&quot;,&quot;gap&quot;:&quot;5&quot;,&quot;greet&quot;:&quot;Valora este post&quot;,&quot;legend&quot;:&quot;0\\\/5 - (0 votes)&quot;,&quot;size&quot;:&quot;22&quot;,&quot;title&quot;:&quot;\u00a1Alerta en Burgos! Tratamiento fatal de c\u00e1ncer exced\u00eda seis veces la dosis adecuada&quot;,&quot;width&quot;:&quot;0&quot;,&quot;_legend&quot;:&quot;{score}\\\/{best} - ({count} {votes})&quot;,&quot;font_factor&quot;:&quot;1.25&quot;}'>\n            \n<div class=\"kksr-stars\">\n    \n<div class=\"kksr-stars-inactive\">\n            <div class=\"kksr-star\" data-star=\"1\" style=\"padding-right: 5px\">\n            \n\n<div class=\"kksr-icon\" style=\"width: 22px; height: 22px;\"><\/div>\n        <\/div>\n            <div class=\"kksr-star\" data-star=\"2\" style=\"padding-right: 5px\">\n            \n\n<div class=\"kksr-icon\" style=\"width: 22px; height: 22px;\"><\/div>\n        <\/div>\n            <div class=\"kksr-star\" data-star=\"3\" style=\"padding-right: 5px\">\n            \n\n<div class=\"kksr-icon\" style=\"width: 22px; height: 22px;\"><\/div>\n        <\/div>\n            <div class=\"kksr-star\" data-star=\"4\" style=\"padding-right: 5px\">\n            \n\n<div class=\"kksr-icon\" style=\"width: 22px; height: 22px;\"><\/div>\n        <\/div>\n            <div class=\"kksr-star\" data-star=\"5\" style=\"padding-right: 5px\">\n            \n\n<div class=\"kksr-icon\" style=\"width: 22px; height: 22px;\"><\/div>\n        <\/div>\n    <\/div>\n    \n<div class=\"kksr-stars-active\" style=\"width: 0px;\">\n            <div class=\"kksr-star\" style=\"padding-right: 5px\">\n            \n\n<div class=\"kksr-icon\" style=\"width: 22px; height: 22px;\"><\/div>\n        <\/div>\n            <div class=\"kksr-star\" style=\"padding-right: 5px\">\n            \n\n<div class=\"kksr-icon\" style=\"width: 22px; height: 22px;\"><\/div>\n        <\/div>\n            <div class=\"kksr-star\" style=\"padding-right: 5px\">\n            \n\n<div class=\"kksr-icon\" style=\"width: 22px; height: 22px;\"><\/div>\n        <\/div>\n            <div class=\"kksr-star\" style=\"padding-right: 5px\">\n            \n\n<div class=\"kksr-icon\" style=\"width: 22px; height: 22px;\"><\/div>\n        <\/div>\n            <div class=\"kksr-star\" style=\"padding-right: 5px\">\n            \n\n<div class=\"kksr-icon\" style=\"width: 22px; height: 22px;\"><\/div>\n        <\/div>\n    <\/div>\n<\/div>\n                \n\n<div class=\"kksr-legend\" style=\"font-size: 17.6px;\">\n            <span class=\"kksr-muted\">Valora este post<\/span>\n    <\/div>\n    <\/div>\n","protected":false},"excerpt":{"rendered":"<p>El Error en el Tratamiento Oncol\u00f3gico de Burgos que Result\u00f3 Fatal En un lamentable incidente en Burgos, varios pacientes de c\u00e1ncer fallecieron tras recibir una dosis &#8230; <a title=\"\u00a1Alerta en Burgos! Tratamiento fatal de c\u00e1ncer exced\u00eda seis veces la dosis adecuada\" class=\"read-more\" href=\"https:\/\/www.diario21.tv\/noticias\/alerta-en-burgos-tratamiento-fatal-de-cancer-excedia-seis-veces-la-dosis-adecuada\/\" aria-label=\"Leer m\u00e1s sobre \u00a1Alerta en Burgos! Tratamiento fatal de c\u00e1ncer exced\u00eda seis veces la dosis adecuada\">Seguir leyendo &rarr;<\/a><\/p>\n","protected":false},"author":20,"featured_media":5908,"comment_status":"open","ping_status":"open","sticky":false,"template":"","format":"standard","meta":{"footnotes":""},"categories":[13],"tags":[],"class_list":["post-5907","post","type-post","status-publish","format-standard","has-post-thumbnail","hentry","category-portada"],"yoast_head":"<!-- This site is optimized with the Yoast SEO plugin v25.6 - https:\/\/yoast.com\/wordpress\/plugins\/seo\/ -->\n<title>\u00a1Alerta en Burgos! Tratamiento fatal de c\u00e1ncer exced\u00eda seis veces la dosis adecuada - Diario 21<\/title>\n<meta name=\"robots\" content=\"index, follow, max-snippet:-1, max-image-preview:large, max-video-preview:-1\" \/>\n<link rel=\"canonical\" href=\"https:\/\/www.diario21.tv\/noticias\/alerta-en-burgos-tratamiento-fatal-de-cancer-excedia-seis-veces-la-dosis-adecuada\/\" \/>\n<meta property=\"og:locale\" content=\"es_ES\" \/>\n<meta property=\"og:type\" content=\"article\" \/>\n<meta property=\"og:title\" content=\"\u00a1Alerta en Burgos! Tratamiento fatal de c\u00e1ncer exced\u00eda seis veces la dosis adecuada - Diario 21\" \/>\n<meta property=\"og:description\" content=\"El Error en el Tratamiento Oncol\u00f3gico de Burgos que Result\u00f3 Fatal En un lamentable incidente en Burgos, varios pacientes de c\u00e1ncer fallecieron tras recibir una dosis ... Seguir leyendo &rarr;\" \/>\n<meta property=\"og:url\" content=\"https:\/\/www.diario21.tv\/noticias\/alerta-en-burgos-tratamiento-fatal-de-cancer-excedia-seis-veces-la-dosis-adecuada\/\" \/>\n<meta property=\"og:site_name\" content=\"Diario 21\" \/>\n<meta property=\"article:published_time\" content=\"2026-01-17T13:10:09+00:00\" \/>\n<meta property=\"article:modified_time\" content=\"2026-01-17T13:10:11+00:00\" \/>\n<meta property=\"og:image\" content=\"https:\/\/www.diario21.tv\/noticias\/wp-content\/uploads\/2026\/01\/\u00a1Alerta-en-Burgos-Tratamiento-fatal-de-cancer-excedia-seis-veces.png\" \/>\n\t<meta property=\"og:image:width\" content=\"1200\" \/>\n\t<meta property=\"og:image:height\" content=\"840\" \/>\n\t<meta property=\"og:image:type\" content=\"image\/png\" \/>\n<meta name=\"author\" content=\"Juan P\u00e9rez\" \/>\n<meta name=\"twitter:card\" content=\"summary_large_image\" \/>\n<meta name=\"twitter:label1\" content=\"Escrito por\" \/>\n\t<meta name=\"twitter:data1\" content=\"Juan P\u00e9rez\" \/>\n\t<meta name=\"twitter:label2\" content=\"Tiempo de lectura\" \/>\n\t<meta name=\"twitter:data2\" content=\"2 minutos\" \/>\n<script type=\"application\/ld+json\" class=\"yoast-schema-graph\">{\"@context\":\"https:\/\/schema.org\",\"@graph\":[{\"@type\":\"WebPage\",\"@id\":\"https:\/\/www.diario21.tv\/noticias\/alerta-en-burgos-tratamiento-fatal-de-cancer-excedia-seis-veces-la-dosis-adecuada\/\",\"url\":\"https:\/\/www.diario21.tv\/noticias\/alerta-en-burgos-tratamiento-fatal-de-cancer-excedia-seis-veces-la-dosis-adecuada\/\",\"name\":\"\u00a1Alerta en Burgos! Tratamiento fatal de c\u00e1ncer exced\u00eda seis veces la dosis adecuada - Diario 21\",\"isPartOf\":{\"@id\":\"https:\/\/www.diario21.tv\/noticias\/#website\"},\"primaryImageOfPage\":{\"@id\":\"https:\/\/www.diario21.tv\/noticias\/alerta-en-burgos-tratamiento-fatal-de-cancer-excedia-seis-veces-la-dosis-adecuada\/#primaryimage\"},\"image\":{\"@id\":\"https:\/\/www.diario21.tv\/noticias\/alerta-en-burgos-tratamiento-fatal-de-cancer-excedia-seis-veces-la-dosis-adecuada\/#primaryimage\"},\"thumbnailUrl\":\"https:\/\/www.diario21.tv\/noticias\/wp-content\/uploads\/2026\/01\/\u00a1Alerta-en-Burgos-Tratamiento-fatal-de-cancer-excedia-seis-veces.png\",\"datePublished\":\"2026-01-17T13:10:09+00:00\",\"dateModified\":\"2026-01-17T13:10:11+00:00\",\"author\":{\"@id\":\"https:\/\/www.diario21.tv\/noticias\/#\/schema\/person\/dfb778f73814d8f09f302618446a526b\"},\"breadcrumb\":{\"@id\":\"https:\/\/www.diario21.tv\/noticias\/alerta-en-burgos-tratamiento-fatal-de-cancer-excedia-seis-veces-la-dosis-adecuada\/#breadcrumb\"},\"inLanguage\":\"es-AR\",\"potentialAction\":[{\"@type\":\"ReadAction\",\"target\":[\"https:\/\/www.diario21.tv\/noticias\/alerta-en-burgos-tratamiento-fatal-de-cancer-excedia-seis-veces-la-dosis-adecuada\/\"]}]},{\"@type\":\"ImageObject\",\"inLanguage\":\"es-AR\",\"@id\":\"https:\/\/www.diario21.tv\/noticias\/alerta-en-burgos-tratamiento-fatal-de-cancer-excedia-seis-veces-la-dosis-adecuada\/#primaryimage\",\"url\":\"https:\/\/www.diario21.tv\/noticias\/wp-content\/uploads\/2026\/01\/\u00a1Alerta-en-Burgos-Tratamiento-fatal-de-cancer-excedia-seis-veces.png\",\"contentUrl\":\"https:\/\/www.diario21.tv\/noticias\/wp-content\/uploads\/2026\/01\/\u00a1Alerta-en-Burgos-Tratamiento-fatal-de-cancer-excedia-seis-veces.png\",\"width\":1200,\"height\":840,\"caption\":\"El tratamiento que caus\u00f3 la muerte a los pacientes de c\u00e1ncer en Burgos multiplicaba por seis la pauta correcta\"},{\"@type\":\"BreadcrumbList\",\"@id\":\"https:\/\/www.diario21.tv\/noticias\/alerta-en-burgos-tratamiento-fatal-de-cancer-excedia-seis-veces-la-dosis-adecuada\/#breadcrumb\",\"itemListElement\":[{\"@type\":\"ListItem\",\"position\":1,\"name\":\"Accueil\",\"item\":\"https:\/\/www.diario21.tv\/noticias\/\"},{\"@type\":\"ListItem\",\"position\":2,\"name\":\"\u00a1Alerta en Burgos! Tratamiento fatal de c\u00e1ncer exced\u00eda seis veces la dosis adecuada\"}]},{\"@type\":\"WebSite\",\"@id\":\"https:\/\/www.diario21.tv\/noticias\/#website\",\"url\":\"https:\/\/www.diario21.tv\/noticias\/\",\"name\":\"Diario 21\",\"description\":\"\",\"potentialAction\":[{\"@type\":\"SearchAction\",\"target\":{\"@type\":\"EntryPoint\",\"urlTemplate\":\"https:\/\/www.diario21.tv\/noticias\/?s={search_term_string}\"},\"query-input\":{\"@type\":\"PropertyValueSpecification\",\"valueRequired\":true,\"valueName\":\"search_term_string\"}}],\"inLanguage\":\"es-AR\"},{\"@type\":\"Person\",\"@id\":\"https:\/\/www.diario21.tv\/noticias\/#\/schema\/person\/dfb778f73814d8f09f302618446a526b\",\"name\":\"Juan P\u00e9rez\",\"image\":{\"@type\":\"ImageObject\",\"inLanguage\":\"es-AR\",\"@id\":\"https:\/\/www.diario21.tv\/noticias\/#\/schema\/person\/image\/\",\"url\":\"https:\/\/secure.gravatar.com\/avatar\/c478a405bd10621167f4c3167cc770f5?s=96&d=mm&r=g\",\"contentUrl\":\"https:\/\/secure.gravatar.com\/avatar\/c478a405bd10621167f4c3167cc770f5?s=96&d=mm&r=g\",\"caption\":\"Juan P\u00e9rez\"},\"description\":\"Juan P\u00e9rez es el redactor en jefe de Diario 21. Con m\u00e1s de 10 a\u00f1os de experiencia en el periodismo, se especializa en pol\u00edtica nacional y an\u00e1lisis socioecon\u00f3mico. Su enfoque cr\u00edtico y riguroso aporta una perspectiva \u00fanica a cada art\u00edculo.\",\"sameAs\":[\"https:\/\/www.diario21.tv\/noticias\/\"],\"url\":\"https:\/\/www.diario21.tv\/noticias\/author\/juan-perez\/\"}]}<\/script>\n<!-- \/ Yoast SEO plugin. -->","yoast_head_json":{"title":"\u00a1Alerta en Burgos! Tratamiento fatal de c\u00e1ncer exced\u00eda seis veces la dosis adecuada - Diario 21","robots":{"index":"index","follow":"follow","max-snippet":"max-snippet:-1","max-image-preview":"max-image-preview:large","max-video-preview":"max-video-preview:-1"},"canonical":"https:\/\/www.diario21.tv\/noticias\/alerta-en-burgos-tratamiento-fatal-de-cancer-excedia-seis-veces-la-dosis-adecuada\/","og_locale":"es_ES","og_type":"article","og_title":"\u00a1Alerta en Burgos! Tratamiento fatal de c\u00e1ncer exced\u00eda seis veces la dosis adecuada - Diario 21","og_description":"El Error en el Tratamiento Oncol\u00f3gico de Burgos que Result\u00f3 Fatal En un lamentable incidente en Burgos, varios pacientes de c\u00e1ncer fallecieron tras recibir una dosis ... Seguir leyendo &rarr;","og_url":"https:\/\/www.diario21.tv\/noticias\/alerta-en-burgos-tratamiento-fatal-de-cancer-excedia-seis-veces-la-dosis-adecuada\/","og_site_name":"Diario 21","article_published_time":"2026-01-17T13:10:09+00:00","article_modified_time":"2026-01-17T13:10:11+00:00","og_image":[{"width":1200,"height":840,"url":"https:\/\/www.diario21.tv\/noticias\/wp-content\/uploads\/2026\/01\/\u00a1Alerta-en-Burgos-Tratamiento-fatal-de-cancer-excedia-seis-veces.png","type":"image\/png"}],"author":"Juan P\u00e9rez","twitter_card":"summary_large_image","twitter_misc":{"Escrito por":"Juan P\u00e9rez","Tiempo de lectura":"2 minutos"},"schema":{"@context":"https:\/\/schema.org","@graph":[{"@type":"WebPage","@id":"https:\/\/www.diario21.tv\/noticias\/alerta-en-burgos-tratamiento-fatal-de-cancer-excedia-seis-veces-la-dosis-adecuada\/","url":"https:\/\/www.diario21.tv\/noticias\/alerta-en-burgos-tratamiento-fatal-de-cancer-excedia-seis-veces-la-dosis-adecuada\/","name":"\u00a1Alerta en Burgos! Tratamiento fatal de c\u00e1ncer exced\u00eda seis veces la dosis adecuada - Diario 21","isPartOf":{"@id":"https:\/\/www.diario21.tv\/noticias\/#website"},"primaryImageOfPage":{"@id":"https:\/\/www.diario21.tv\/noticias\/alerta-en-burgos-tratamiento-fatal-de-cancer-excedia-seis-veces-la-dosis-adecuada\/#primaryimage"},"image":{"@id":"https:\/\/www.diario21.tv\/noticias\/alerta-en-burgos-tratamiento-fatal-de-cancer-excedia-seis-veces-la-dosis-adecuada\/#primaryimage"},"thumbnailUrl":"https:\/\/www.diario21.tv\/noticias\/wp-content\/uploads\/2026\/01\/\u00a1Alerta-en-Burgos-Tratamiento-fatal-de-cancer-excedia-seis-veces.png","datePublished":"2026-01-17T13:10:09+00:00","dateModified":"2026-01-17T13:10:11+00:00","author":{"@id":"https:\/\/www.diario21.tv\/noticias\/#\/schema\/person\/dfb778f73814d8f09f302618446a526b"},"breadcrumb":{"@id":"https:\/\/www.diario21.tv\/noticias\/alerta-en-burgos-tratamiento-fatal-de-cancer-excedia-seis-veces-la-dosis-adecuada\/#breadcrumb"},"inLanguage":"es-AR","potentialAction":[{"@type":"ReadAction","target":["https:\/\/www.diario21.tv\/noticias\/alerta-en-burgos-tratamiento-fatal-de-cancer-excedia-seis-veces-la-dosis-adecuada\/"]}]},{"@type":"ImageObject","inLanguage":"es-AR","@id":"https:\/\/www.diario21.tv\/noticias\/alerta-en-burgos-tratamiento-fatal-de-cancer-excedia-seis-veces-la-dosis-adecuada\/#primaryimage","url":"https:\/\/www.diario21.tv\/noticias\/wp-content\/uploads\/2026\/01\/\u00a1Alerta-en-Burgos-Tratamiento-fatal-de-cancer-excedia-seis-veces.png","contentUrl":"https:\/\/www.diario21.tv\/noticias\/wp-content\/uploads\/2026\/01\/\u00a1Alerta-en-Burgos-Tratamiento-fatal-de-cancer-excedia-seis-veces.png","width":1200,"height":840,"caption":"El tratamiento que caus\u00f3 la muerte a los pacientes de c\u00e1ncer en Burgos multiplicaba por seis la pauta correcta"},{"@type":"BreadcrumbList","@id":"https:\/\/www.diario21.tv\/noticias\/alerta-en-burgos-tratamiento-fatal-de-cancer-excedia-seis-veces-la-dosis-adecuada\/#breadcrumb","itemListElement":[{"@type":"ListItem","position":1,"name":"Accueil","item":"https:\/\/www.diario21.tv\/noticias\/"},{"@type":"ListItem","position":2,"name":"\u00a1Alerta en Burgos! Tratamiento fatal de c\u00e1ncer exced\u00eda seis veces la dosis adecuada"}]},{"@type":"WebSite","@id":"https:\/\/www.diario21.tv\/noticias\/#website","url":"https:\/\/www.diario21.tv\/noticias\/","name":"Diario 21","description":"","potentialAction":[{"@type":"SearchAction","target":{"@type":"EntryPoint","urlTemplate":"https:\/\/www.diario21.tv\/noticias\/?s={search_term_string}"},"query-input":{"@type":"PropertyValueSpecification","valueRequired":true,"valueName":"search_term_string"}}],"inLanguage":"es-AR"},{"@type":"Person","@id":"https:\/\/www.diario21.tv\/noticias\/#\/schema\/person\/dfb778f73814d8f09f302618446a526b","name":"Juan P\u00e9rez","image":{"@type":"ImageObject","inLanguage":"es-AR","@id":"https:\/\/www.diario21.tv\/noticias\/#\/schema\/person\/image\/","url":"https:\/\/secure.gravatar.com\/avatar\/c478a405bd10621167f4c3167cc770f5?s=96&d=mm&r=g","contentUrl":"https:\/\/secure.gravatar.com\/avatar\/c478a405bd10621167f4c3167cc770f5?s=96&d=mm&r=g","caption":"Juan P\u00e9rez"},"description":"Juan P\u00e9rez es el redactor en jefe de Diario 21. Con m\u00e1s de 10 a\u00f1os de experiencia en el periodismo, se especializa en pol\u00edtica nacional y an\u00e1lisis socioecon\u00f3mico. Su enfoque cr\u00edtico y riguroso aporta una perspectiva \u00fanica a cada art\u00edculo.","sameAs":["https:\/\/www.diario21.tv\/noticias\/"],"url":"https:\/\/www.diario21.tv\/noticias\/author\/juan-perez\/"}]}},"_links":{"self":[{"href":"https:\/\/www.diario21.tv\/noticias\/wp-json\/wp\/v2\/posts\/5907"}],"collection":[{"href":"https:\/\/www.diario21.tv\/noticias\/wp-json\/wp\/v2\/posts"}],"about":[{"href":"https:\/\/www.diario21.tv\/noticias\/wp-json\/wp\/v2\/types\/post"}],"author":[{"embeddable":true,"href":"https:\/\/www.diario21.tv\/noticias\/wp-json\/wp\/v2\/users\/20"}],"replies":[{"embeddable":true,"href":"https:\/\/www.diario21.tv\/noticias\/wp-json\/wp\/v2\/comments?post=5907"}],"version-history":[{"count":1,"href":"https:\/\/www.diario21.tv\/noticias\/wp-json\/wp\/v2\/posts\/5907\/revisions"}],"predecessor-version":[{"id":5909,"href":"https:\/\/www.diario21.tv\/noticias\/wp-json\/wp\/v2\/posts\/5907\/revisions\/5909"}],"wp:featuredmedia":[{"embeddable":true,"href":"https:\/\/www.diario21.tv\/noticias\/wp-json\/wp\/v2\/media\/5908"}],"wp:attachment":[{"href":"https:\/\/www.diario21.tv\/noticias\/wp-json\/wp\/v2\/media?parent=5907"}],"wp:term":[{"taxonomy":"category","embeddable":true,"href":"https:\/\/www.diario21.tv\/noticias\/wp-json\/wp\/v2\/categories?post=5907"},{"taxonomy":"post_tag","embeddable":true,"href":"https:\/\/www.diario21.tv\/noticias\/wp-json\/wp\/v2\/tags?post=5907"}],"curies":[{"name":"wp","href":"https:\/\/api.w.org\/{rel}","templated":true}]}}