{"id":5904,"date":"2026-01-17T07:08:42","date_gmt":"2026-01-17T07:08:42","guid":{"rendered":"https:\/\/www.diario21.tv\/noticias\/descubre-cuales-son-los-tres-aceites-de-oliva-que-han-subido-mas-de-precio-este-mes\/"},"modified":"2026-01-17T07:08:44","modified_gmt":"2026-01-17T07:08:44","slug":"descubre-cuales-son-los-tres-aceites-de-oliva-que-han-subido-mas-de-precio-este-mes","status":"publish","type":"post","link":"https:\/\/www.diario21.tv\/noticias\/descubre-cuales-son-los-tres-aceites-de-oliva-que-han-subido-mas-de-precio-este-mes\/","title":{"rendered":"\u00a1Descubre cu\u00e1les son los tres aceites de oliva que han subido m\u00e1s de precio este mes!"},"content":{"rendered":"<h2>Los tres tipos de aceite de oliva con mayor aumento de precio en un mes<\/h2>\n<p>En el mercado actual, el precio de los alimentos es un tema de constante actualizaci\u00f3n. Dentro de estos, el aceite de oliva ha experimentado fluctuaciones significativas que merecen atenci\u00f3n. En particular, hay tres variedades de aceite de oliva que han visto un incremento notable en sus precios en el lapso de apenas un mes.<\/p>\n<h3>Aceite de Oliva Virgen Extra<\/h3>\n<p>El aceite de oliva virgen extra, conocido por su calidad y pureza, ha sido uno de los que mayor aumento ha registrado recientemente. Este tipo de aceite se caracteriza por ser obtenido directamente de las aceitunas y mediante procesos mec\u00e1nicos que no alteran el aceite de ninguna manera. Su sabor es m\u00e1s intenso y contiene m\u00e1s antioxidantes que otros tipos de aceites de oliva. El aumento de precio se atribuye a la reducci\u00f3n en la producci\u00f3n de aceitunas de calidad necesarias para producir este tipo de aceite, influenciada por factores clim\u00e1ticos adversos que han afectado a las principales regiones productoras.<\/p>\n<h3>Aceite de Oliva Virgen<\/h3>\n<p>El aceite de oliva virgen tambi\u00e9n ha experimentado un incremento en su costo. Este aceite es similar al virgen extra en cuanto a su m\u00e9todo de extracci\u00f3n; sin embargo, tiene un nivel ligeramente inferior en t\u00e9rminos de calidad sensorial y de acidez. A pesar de estos detalles, sigue siendo una opci\u00f3n preferida por muchos consumidores que buscan un buen aceite a un precio algo m\u00e1s accesible que el virgen extra. El aumento de su precio puede estar relacionado con el mismo declive en la producci\u00f3n general que ha impactado al sector.<\/p>\n<h3>Aceite de Oliva Refinado<\/h3>\n<p>Finalmente, el aceite de oliva refinado no se queda atr\u00e1s en cuanto a los aumentos de precio. Este tipo de aceite se produce a partir de aceites de oliva de menor calidad que son refinados para eliminar imperfecciones, resultando en un producto que tiene una acidez m\u00e1s baja y un sabor menos pronunciado. La demanda de aceite de oliva refinado ha crecido, en parte, por ser m\u00e1s econ\u00f3mico que los tipos virgen y virgen extra, y este incremento en la demanda ha llevado a un aumento en su precio, especialmente en contextos donde los consumidores buscan alternativas m\u00e1s costeables.<\/p>\n<p>Estos incrementos en los precios de los aceites de oliva pueden afectar tanto a consumidores como a productores, alterando significativamente los h\u00e1bitos de compra y consumo. Adem\u00e1s de los factores de producci\u00f3n y demanda ya mencionados, aspectos como cambios en la legislaci\u00f3n, fluctuaciones en las tasas de cambio y la especulaci\u00f3n de mercado tambi\u00e9n pueden jugar un papel crucial en la definici\u00f3n de los precios. A quienes les interese mantener un consumo regular de estos productos, se les recomienda estar atentos a las tendencias del mercado y explorar diferentes marcas y tipos para ajustarse a sus presupuestos sin sacrificar demasiado en calidad.<\/p>\n\n\n<div class=\"kk-star-ratings kksr-auto kksr-align-left kksr-valign-bottom\"\n    data-payload='{&quot;align&quot;:&quot;left&quot;,&quot;id&quot;:&quot;5904&quot;,&quot;slug&quot;:&quot;default&quot;,&quot;valign&quot;:&quot;bottom&quot;,&quot;ignore&quot;:&quot;&quot;,&quot;reference&quot;:&quot;auto&quot;,&quot;class&quot;:&quot;&quot;,&quot;count&quot;:&quot;0&quot;,&quot;legendonly&quot;:&quot;&quot;,&quot;readonly&quot;:&quot;&quot;,&quot;score&quot;:&quot;0&quot;,&quot;starsonly&quot;:&quot;&quot;,&quot;best&quot;:&quot;5&quot;,&quot;gap&quot;:&quot;5&quot;,&quot;greet&quot;:&quot;Valora este post&quot;,&quot;legend&quot;:&quot;0\\\/5 - (0 votes)&quot;,&quot;size&quot;:&quot;22&quot;,&quot;title&quot;:&quot;\u00a1Descubre cu\u00e1les son los tres aceites de oliva que han subido m\u00e1s de precio este mes!&quot;,&quot;width&quot;:&quot;0&quot;,&quot;_legend&quot;:&quot;{score}\\\/{best} - ({count} {votes})&quot;,&quot;font_factor&quot;:&quot;1.25&quot;}'>\n            \n<div class=\"kksr-stars\">\n    \n<div class=\"kksr-stars-inactive\">\n            <div class=\"kksr-star\" data-star=\"1\" style=\"padding-right: 5px\">\n            \n\n<div class=\"kksr-icon\" style=\"width: 22px; height: 22px;\"><\/div>\n        <\/div>\n            <div class=\"kksr-star\" data-star=\"2\" style=\"padding-right: 5px\">\n            \n\n<div class=\"kksr-icon\" style=\"width: 22px; height: 22px;\"><\/div>\n        <\/div>\n            <div class=\"kksr-star\" data-star=\"3\" style=\"padding-right: 5px\">\n            \n\n<div class=\"kksr-icon\" style=\"width: 22px; height: 22px;\"><\/div>\n        <\/div>\n            <div class=\"kksr-star\" data-star=\"4\" style=\"padding-right: 5px\">\n            \n\n<div class=\"kksr-icon\" style=\"width: 22px; height: 22px;\"><\/div>\n        <\/div>\n            <div class=\"kksr-star\" data-star=\"5\" style=\"padding-right: 5px\">\n            \n\n<div class=\"kksr-icon\" style=\"width: 22px; height: 22px;\"><\/div>\n        <\/div>\n    <\/div>\n    \n<div class=\"kksr-stars-active\" style=\"width: 0px;\">\n            <div class=\"kksr-star\" style=\"padding-right: 5px\">\n            \n\n<div class=\"kksr-icon\" style=\"width: 22px; height: 22px;\"><\/div>\n        <\/div>\n            <div class=\"kksr-star\" style=\"padding-right: 5px\">\n            \n\n<div class=\"kksr-icon\" style=\"width: 22px; height: 22px;\"><\/div>\n        <\/div>\n            <div class=\"kksr-star\" style=\"padding-right: 5px\">\n            \n\n<div class=\"kksr-icon\" style=\"width: 22px; height: 22px;\"><\/div>\n        <\/div>\n            <div class=\"kksr-star\" style=\"padding-right: 5px\">\n            \n\n<div class=\"kksr-icon\" style=\"width: 22px; height: 22px;\"><\/div>\n        <\/div>\n            <div class=\"kksr-star\" style=\"padding-right: 5px\">\n            \n\n<div class=\"kksr-icon\" style=\"width: 22px; height: 22px;\"><\/div>\n        <\/div>\n    <\/div>\n<\/div>\n                \n\n<div class=\"kksr-legend\" style=\"font-size: 17.6px;\">\n            <span class=\"kksr-muted\">Valora este post<\/span>\n    <\/div>\n    <\/div>\n","protected":false},"excerpt":{"rendered":"<p>Los tres tipos de aceite de oliva con mayor aumento de precio en un mes En el mercado actual, el precio de los alimentos es un &#8230; <a title=\"\u00a1Descubre cu\u00e1les son los tres aceites de oliva que han subido m\u00e1s de precio este mes!\" class=\"read-more\" href=\"https:\/\/www.diario21.tv\/noticias\/descubre-cuales-son-los-tres-aceites-de-oliva-que-han-subido-mas-de-precio-este-mes\/\" aria-label=\"Leer m\u00e1s sobre \u00a1Descubre cu\u00e1les son los tres aceites de oliva que han subido m\u00e1s de precio este mes!\">Seguir leyendo &rarr;<\/a><\/p>\n","protected":false},"author":20,"featured_media":5905,"comment_status":"open","ping_status":"open","sticky":false,"template":"","format":"standard","meta":{"footnotes":""},"categories":[13],"tags":[],"class_list":["post-5904","post","type-post","status-publish","format-standard","has-post-thumbnail","hentry","category-portada"],"yoast_head":"<!-- This site is optimized with the Yoast SEO plugin v25.6 - https:\/\/yoast.com\/wordpress\/plugins\/seo\/ -->\n<title>\u00a1Descubre cu\u00e1les son los tres aceites de oliva que han subido m\u00e1s de precio este mes! - Diario 21<\/title>\n<meta name=\"robots\" content=\"index, follow, max-snippet:-1, max-image-preview:large, max-video-preview:-1\" \/>\n<link rel=\"canonical\" href=\"https:\/\/www.diario21.tv\/noticias\/descubre-cuales-son-los-tres-aceites-de-oliva-que-han-subido-mas-de-precio-este-mes\/\" \/>\n<meta property=\"og:locale\" content=\"es_ES\" \/>\n<meta property=\"og:type\" content=\"article\" \/>\n<meta property=\"og:title\" content=\"\u00a1Descubre cu\u00e1les son los tres aceites de oliva que han subido m\u00e1s de precio este mes! - Diario 21\" \/>\n<meta property=\"og:description\" content=\"Los tres tipos de aceite de oliva con mayor aumento de precio en un mes En el mercado actual, el precio de los alimentos es un ... Seguir leyendo &rarr;\" \/>\n<meta property=\"og:url\" content=\"https:\/\/www.diario21.tv\/noticias\/descubre-cuales-son-los-tres-aceites-de-oliva-que-han-subido-mas-de-precio-este-mes\/\" \/>\n<meta property=\"og:site_name\" content=\"Diario 21\" \/>\n<meta property=\"article:published_time\" content=\"2026-01-17T07:08:42+00:00\" \/>\n<meta property=\"article:modified_time\" content=\"2026-01-17T07:08:44+00:00\" \/>\n<meta property=\"og:image\" content=\"https:\/\/www.diario21.tv\/noticias\/wp-content\/uploads\/2026\/01\/\u00a1Descubre-cuales-son-los-tres-aceites-de-oliva-que-han.jpg\" \/>\n\t<meta property=\"og:image:width\" content=\"1200\" \/>\n\t<meta property=\"og:image:height\" content=\"840\" \/>\n\t<meta property=\"og:image:type\" content=\"image\/jpeg\" \/>\n<meta name=\"author\" content=\"Juan P\u00e9rez\" \/>\n<meta name=\"twitter:card\" content=\"summary_large_image\" \/>\n<meta name=\"twitter:label1\" content=\"Escrito por\" \/>\n\t<meta name=\"twitter:data1\" content=\"Juan P\u00e9rez\" \/>\n\t<meta name=\"twitter:label2\" content=\"Tiempo de lectura\" \/>\n\t<meta name=\"twitter:data2\" content=\"3 minutos\" \/>\n<script type=\"application\/ld+json\" class=\"yoast-schema-graph\">{\"@context\":\"https:\/\/schema.org\",\"@graph\":[{\"@type\":\"WebPage\",\"@id\":\"https:\/\/www.diario21.tv\/noticias\/descubre-cuales-son-los-tres-aceites-de-oliva-que-han-subido-mas-de-precio-este-mes\/\",\"url\":\"https:\/\/www.diario21.tv\/noticias\/descubre-cuales-son-los-tres-aceites-de-oliva-que-han-subido-mas-de-precio-este-mes\/\",\"name\":\"\u00a1Descubre cu\u00e1les son los tres aceites de oliva que han subido m\u00e1s de precio este mes! - Diario 21\",\"isPartOf\":{\"@id\":\"https:\/\/www.diario21.tv\/noticias\/#website\"},\"primaryImageOfPage\":{\"@id\":\"https:\/\/www.diario21.tv\/noticias\/descubre-cuales-son-los-tres-aceites-de-oliva-que-han-subido-mas-de-precio-este-mes\/#primaryimage\"},\"image\":{\"@id\":\"https:\/\/www.diario21.tv\/noticias\/descubre-cuales-son-los-tres-aceites-de-oliva-que-han-subido-mas-de-precio-este-mes\/#primaryimage\"},\"thumbnailUrl\":\"https:\/\/www.diario21.tv\/noticias\/wp-content\/uploads\/2026\/01\/\u00a1Descubre-cuales-son-los-tres-aceites-de-oliva-que-han.jpg\",\"datePublished\":\"2026-01-17T07:08:42+00:00\",\"dateModified\":\"2026-01-17T07:08:44+00:00\",\"author\":{\"@id\":\"https:\/\/www.diario21.tv\/noticias\/#\/schema\/person\/dfb778f73814d8f09f302618446a526b\"},\"breadcrumb\":{\"@id\":\"https:\/\/www.diario21.tv\/noticias\/descubre-cuales-son-los-tres-aceites-de-oliva-que-han-subido-mas-de-precio-este-mes\/#breadcrumb\"},\"inLanguage\":\"es-AR\",\"potentialAction\":[{\"@type\":\"ReadAction\",\"target\":[\"https:\/\/www.diario21.tv\/noticias\/descubre-cuales-son-los-tres-aceites-de-oliva-que-han-subido-mas-de-precio-este-mes\/\"]}]},{\"@type\":\"ImageObject\",\"inLanguage\":\"es-AR\",\"@id\":\"https:\/\/www.diario21.tv\/noticias\/descubre-cuales-son-los-tres-aceites-de-oliva-que-han-subido-mas-de-precio-este-mes\/#primaryimage\",\"url\":\"https:\/\/www.diario21.tv\/noticias\/wp-content\/uploads\/2026\/01\/\u00a1Descubre-cuales-son-los-tres-aceites-de-oliva-que-han.jpg\",\"contentUrl\":\"https:\/\/www.diario21.tv\/noticias\/wp-content\/uploads\/2026\/01\/\u00a1Descubre-cuales-son-los-tres-aceites-de-oliva-que-han.jpg\",\"width\":1200,\"height\":840,\"caption\":\"Los tres aceites de oliva que m\u00e1s se han disparado de precio en solo un mes\"},{\"@type\":\"BreadcrumbList\",\"@id\":\"https:\/\/www.diario21.tv\/noticias\/descubre-cuales-son-los-tres-aceites-de-oliva-que-han-subido-mas-de-precio-este-mes\/#breadcrumb\",\"itemListElement\":[{\"@type\":\"ListItem\",\"position\":1,\"name\":\"Accueil\",\"item\":\"https:\/\/www.diario21.tv\/noticias\/\"},{\"@type\":\"ListItem\",\"position\":2,\"name\":\"\u00a1Descubre cu\u00e1les son los tres aceites de oliva que han subido m\u00e1s de precio este mes!\"}]},{\"@type\":\"WebSite\",\"@id\":\"https:\/\/www.diario21.tv\/noticias\/#website\",\"url\":\"https:\/\/www.diario21.tv\/noticias\/\",\"name\":\"Diario 21\",\"description\":\"\",\"potentialAction\":[{\"@type\":\"SearchAction\",\"target\":{\"@type\":\"EntryPoint\",\"urlTemplate\":\"https:\/\/www.diario21.tv\/noticias\/?s={search_term_string}\"},\"query-input\":{\"@type\":\"PropertyValueSpecification\",\"valueRequired\":true,\"valueName\":\"search_term_string\"}}],\"inLanguage\":\"es-AR\"},{\"@type\":\"Person\",\"@id\":\"https:\/\/www.diario21.tv\/noticias\/#\/schema\/person\/dfb778f73814d8f09f302618446a526b\",\"name\":\"Juan P\u00e9rez\",\"image\":{\"@type\":\"ImageObject\",\"inLanguage\":\"es-AR\",\"@id\":\"https:\/\/www.diario21.tv\/noticias\/#\/schema\/person\/image\/\",\"url\":\"https:\/\/secure.gravatar.com\/avatar\/c478a405bd10621167f4c3167cc770f5?s=96&d=mm&r=g\",\"contentUrl\":\"https:\/\/secure.gravatar.com\/avatar\/c478a405bd10621167f4c3167cc770f5?s=96&d=mm&r=g\",\"caption\":\"Juan P\u00e9rez\"},\"description\":\"Juan P\u00e9rez es el redactor en jefe de Diario 21. Con m\u00e1s de 10 a\u00f1os de experiencia en el periodismo, se especializa en pol\u00edtica nacional y an\u00e1lisis socioecon\u00f3mico. Su enfoque cr\u00edtico y riguroso aporta una perspectiva \u00fanica a cada art\u00edculo.\",\"sameAs\":[\"https:\/\/www.diario21.tv\/noticias\/\"],\"url\":\"https:\/\/www.diario21.tv\/noticias\/author\/juan-perez\/\"}]}<\/script>\n<!-- \/ Yoast SEO plugin. -->","yoast_head_json":{"title":"\u00a1Descubre cu\u00e1les son los tres aceites de oliva que han subido m\u00e1s de precio este mes! - Diario 21","robots":{"index":"index","follow":"follow","max-snippet":"max-snippet:-1","max-image-preview":"max-image-preview:large","max-video-preview":"max-video-preview:-1"},"canonical":"https:\/\/www.diario21.tv\/noticias\/descubre-cuales-son-los-tres-aceites-de-oliva-que-han-subido-mas-de-precio-este-mes\/","og_locale":"es_ES","og_type":"article","og_title":"\u00a1Descubre cu\u00e1les son los tres aceites de oliva que han subido m\u00e1s de precio este mes! - Diario 21","og_description":"Los tres tipos de aceite de oliva con mayor aumento de precio en un mes En el mercado actual, el precio de los alimentos es un ... Seguir leyendo &rarr;","og_url":"https:\/\/www.diario21.tv\/noticias\/descubre-cuales-son-los-tres-aceites-de-oliva-que-han-subido-mas-de-precio-este-mes\/","og_site_name":"Diario 21","article_published_time":"2026-01-17T07:08:42+00:00","article_modified_time":"2026-01-17T07:08:44+00:00","og_image":[{"width":1200,"height":840,"url":"https:\/\/www.diario21.tv\/noticias\/wp-content\/uploads\/2026\/01\/\u00a1Descubre-cuales-son-los-tres-aceites-de-oliva-que-han.jpg","type":"image\/jpeg"}],"author":"Juan P\u00e9rez","twitter_card":"summary_large_image","twitter_misc":{"Escrito por":"Juan P\u00e9rez","Tiempo de lectura":"3 minutos"},"schema":{"@context":"https:\/\/schema.org","@graph":[{"@type":"WebPage","@id":"https:\/\/www.diario21.tv\/noticias\/descubre-cuales-son-los-tres-aceites-de-oliva-que-han-subido-mas-de-precio-este-mes\/","url":"https:\/\/www.diario21.tv\/noticias\/descubre-cuales-son-los-tres-aceites-de-oliva-que-han-subido-mas-de-precio-este-mes\/","name":"\u00a1Descubre cu\u00e1les son los tres aceites de oliva que han subido m\u00e1s de precio este mes! - Diario 21","isPartOf":{"@id":"https:\/\/www.diario21.tv\/noticias\/#website"},"primaryImageOfPage":{"@id":"https:\/\/www.diario21.tv\/noticias\/descubre-cuales-son-los-tres-aceites-de-oliva-que-han-subido-mas-de-precio-este-mes\/#primaryimage"},"image":{"@id":"https:\/\/www.diario21.tv\/noticias\/descubre-cuales-son-los-tres-aceites-de-oliva-que-han-subido-mas-de-precio-este-mes\/#primaryimage"},"thumbnailUrl":"https:\/\/www.diario21.tv\/noticias\/wp-content\/uploads\/2026\/01\/\u00a1Descubre-cuales-son-los-tres-aceites-de-oliva-que-han.jpg","datePublished":"2026-01-17T07:08:42+00:00","dateModified":"2026-01-17T07:08:44+00:00","author":{"@id":"https:\/\/www.diario21.tv\/noticias\/#\/schema\/person\/dfb778f73814d8f09f302618446a526b"},"breadcrumb":{"@id":"https:\/\/www.diario21.tv\/noticias\/descubre-cuales-son-los-tres-aceites-de-oliva-que-han-subido-mas-de-precio-este-mes\/#breadcrumb"},"inLanguage":"es-AR","potentialAction":[{"@type":"ReadAction","target":["https:\/\/www.diario21.tv\/noticias\/descubre-cuales-son-los-tres-aceites-de-oliva-que-han-subido-mas-de-precio-este-mes\/"]}]},{"@type":"ImageObject","inLanguage":"es-AR","@id":"https:\/\/www.diario21.tv\/noticias\/descubre-cuales-son-los-tres-aceites-de-oliva-que-han-subido-mas-de-precio-este-mes\/#primaryimage","url":"https:\/\/www.diario21.tv\/noticias\/wp-content\/uploads\/2026\/01\/\u00a1Descubre-cuales-son-los-tres-aceites-de-oliva-que-han.jpg","contentUrl":"https:\/\/www.diario21.tv\/noticias\/wp-content\/uploads\/2026\/01\/\u00a1Descubre-cuales-son-los-tres-aceites-de-oliva-que-han.jpg","width":1200,"height":840,"caption":"Los tres aceites de oliva que m\u00e1s se han disparado de precio en solo un mes"},{"@type":"BreadcrumbList","@id":"https:\/\/www.diario21.tv\/noticias\/descubre-cuales-son-los-tres-aceites-de-oliva-que-han-subido-mas-de-precio-este-mes\/#breadcrumb","itemListElement":[{"@type":"ListItem","position":1,"name":"Accueil","item":"https:\/\/www.diario21.tv\/noticias\/"},{"@type":"ListItem","position":2,"name":"\u00a1Descubre cu\u00e1les son los tres aceites de oliva que han subido m\u00e1s de precio este mes!"}]},{"@type":"WebSite","@id":"https:\/\/www.diario21.tv\/noticias\/#website","url":"https:\/\/www.diario21.tv\/noticias\/","name":"Diario 21","description":"","potentialAction":[{"@type":"SearchAction","target":{"@type":"EntryPoint","urlTemplate":"https:\/\/www.diario21.tv\/noticias\/?s={search_term_string}"},"query-input":{"@type":"PropertyValueSpecification","valueRequired":true,"valueName":"search_term_string"}}],"inLanguage":"es-AR"},{"@type":"Person","@id":"https:\/\/www.diario21.tv\/noticias\/#\/schema\/person\/dfb778f73814d8f09f302618446a526b","name":"Juan P\u00e9rez","image":{"@type":"ImageObject","inLanguage":"es-AR","@id":"https:\/\/www.diario21.tv\/noticias\/#\/schema\/person\/image\/","url":"https:\/\/secure.gravatar.com\/avatar\/c478a405bd10621167f4c3167cc770f5?s=96&d=mm&r=g","contentUrl":"https:\/\/secure.gravatar.com\/avatar\/c478a405bd10621167f4c3167cc770f5?s=96&d=mm&r=g","caption":"Juan P\u00e9rez"},"description":"Juan P\u00e9rez es el redactor en jefe de Diario 21. Con m\u00e1s de 10 a\u00f1os de experiencia en el periodismo, se especializa en pol\u00edtica nacional y an\u00e1lisis socioecon\u00f3mico. Su enfoque cr\u00edtico y riguroso aporta una perspectiva \u00fanica a cada art\u00edculo.","sameAs":["https:\/\/www.diario21.tv\/noticias\/"],"url":"https:\/\/www.diario21.tv\/noticias\/author\/juan-perez\/"}]}},"_links":{"self":[{"href":"https:\/\/www.diario21.tv\/noticias\/wp-json\/wp\/v2\/posts\/5904"}],"collection":[{"href":"https:\/\/www.diario21.tv\/noticias\/wp-json\/wp\/v2\/posts"}],"about":[{"href":"https:\/\/www.diario21.tv\/noticias\/wp-json\/wp\/v2\/types\/post"}],"author":[{"embeddable":true,"href":"https:\/\/www.diario21.tv\/noticias\/wp-json\/wp\/v2\/users\/20"}],"replies":[{"embeddable":true,"href":"https:\/\/www.diario21.tv\/noticias\/wp-json\/wp\/v2\/comments?post=5904"}],"version-history":[{"count":1,"href":"https:\/\/www.diario21.tv\/noticias\/wp-json\/wp\/v2\/posts\/5904\/revisions"}],"predecessor-version":[{"id":5906,"href":"https:\/\/www.diario21.tv\/noticias\/wp-json\/wp\/v2\/posts\/5904\/revisions\/5906"}],"wp:featuredmedia":[{"embeddable":true,"href":"https:\/\/www.diario21.tv\/noticias\/wp-json\/wp\/v2\/media\/5905"}],"wp:attachment":[{"href":"https:\/\/www.diario21.tv\/noticias\/wp-json\/wp\/v2\/media?parent=5904"}],"wp:term":[{"taxonomy":"category","embeddable":true,"href":"https:\/\/www.diario21.tv\/noticias\/wp-json\/wp\/v2\/categories?post=5904"},{"taxonomy":"post_tag","embeddable":true,"href":"https:\/\/www.diario21.tv\/noticias\/wp-json\/wp\/v2\/tags?post=5904"}],"curies":[{"name":"wp","href":"https:\/\/api.w.org\/{rel}","templated":true}]}}