{"id":5901,"date":"2026-01-17T01:08:12","date_gmt":"2026-01-17T01:08:12","guid":{"rendered":"https:\/\/www.diario21.tv\/noticias\/escandalo-en-burgos-error-humano-mata-a-dos-pacientes-con-cancer-por-medicamento-mal-preparado\/"},"modified":"2026-01-17T01:08:14","modified_gmt":"2026-01-17T01:08:14","slug":"escandalo-en-burgos-error-humano-mata-a-dos-pacientes-con-cancer-por-medicamento-mal-preparado","status":"publish","type":"post","link":"https:\/\/www.diario21.tv\/noticias\/escandalo-en-burgos-error-humano-mata-a-dos-pacientes-con-cancer-por-medicamento-mal-preparado\/","title":{"rendered":"\u00a1Esc\u00e1ndalo en Burgos! Error humano mata a dos pacientes con c\u00e1ncer por medicamento mal preparado"},"content":{"rendered":"<h2>Tragedia en el Hospital de Burgos: Fallecen Dos Enfermos de C\u00e1ncer<\/h2>\n<p>El Hospital Universitario de Burgos ha sido escenario de un lamentable suceso que result\u00f3 en la muerte de dos pacientes oncol\u00f3gicos. Seg\u00fan fuentes oficiales, estos decesos fueron provocados por un fallo humano durante el proceso de preparaci\u00f3n de un tratamiento m\u00e9dico.<\/p>\n<h3>Un Error con Consecuencias Fatales<\/h3>\n<p>Los hechos ocurrieron cuando un medicamento, que deb\u00eda ser administrado a los pacientes para tratar su enfermedad, fue preparado incorrectamente. La equivocaci\u00f3n en la dosificaci\u00f3n o composici\u00f3n del f\u00e1rmaco llev\u00f3 a que ambos pacientes sufrieran reacciones adversas severas, que finalmente causaron su fallecimiento.<\/p>\n<p>La direcci\u00f3n del hospital ha confirmado que la causa de estos tr\u00e1gicos eventos fue un error humano. Se ha iniciado una investigaci\u00f3n exhaustiva para determinar las circunstancias exactas y los detalles de c\u00f3mo se produjo este error, as\u00ed como para identificar medidas que prevengan incidentes similares en el futuro.<\/p>\n<h3>Respuestas y Medidas Inmediatas<\/h3>\n<p>Inmediatamente despu\u00e9s de confirmarse las muertes, el hospital tom\u00f3 medidas para asegurar la seguridad de otros pacientes. Esto incluye la revisi\u00f3n de todos los protocolos relacionados con la preparaci\u00f3n y administraci\u00f3n de medicamentos. Adem\u00e1s, se est\u00e1 brindando apoyo a las familias de los fallecidos durante este dif\u00edcil momento.<\/p>\n<p>El personal involucrado ha sido apartado de sus funciones mientras dura la investigaci\u00f3n, y se est\u00e1n revisando sus antecedentes y trayectoria profesional para asegurar que cumplen con todos los requisitos y est\u00e1ndares necesarios para la manipulaci\u00f3n de tratamientos m\u00e9dicos.<\/p>\n<h3>Compromiso con la Seguridad del Paciente<\/h3>\n<p>El Hospital Universitario de Burgos ha expresado su profundo pesar por los sucesos y ha reiterado su compromiso con la seguridad de todos los pacientes. Se est\u00e1n tomando todas las medidas necesarias para fortalecer los sistemas de control y evitar que tales errores se repitan.<\/p>\n<p>Las autoridades sanitarias locales tambi\u00e9n han intervenido, realizando inspecciones adicionales y trabajando en conjunto con el hospital para mejorar las pr\u00e1cticas de seguridad. La comunidad m\u00e9dica, por su parte, ha reaccionado con consternaci\u00f3n y est\u00e1 colaborando activamente en la implementaci\u00f3n de mejoras.<\/p>\n<p>Este tr\u00e1gico incidente ha puesto de relieve la importancia de la precisi\u00f3n y el cuidado en la preparaci\u00f3n de medicamentos, especialmente en tratamientos para enfermedades tan graves como el c\u00e1ncer. La esperanza es que este doloroso evento sirva para reforzar los est\u00e1ndares de seguridad y proteger a futuros pacientes.<\/p>\n\n\n<div class=\"kk-star-ratings kksr-auto kksr-align-left kksr-valign-bottom\"\n    data-payload='{&quot;align&quot;:&quot;left&quot;,&quot;id&quot;:&quot;5901&quot;,&quot;slug&quot;:&quot;default&quot;,&quot;valign&quot;:&quot;bottom&quot;,&quot;ignore&quot;:&quot;&quot;,&quot;reference&quot;:&quot;auto&quot;,&quot;class&quot;:&quot;&quot;,&quot;count&quot;:&quot;0&quot;,&quot;legendonly&quot;:&quot;&quot;,&quot;readonly&quot;:&quot;&quot;,&quot;score&quot;:&quot;0&quot;,&quot;starsonly&quot;:&quot;&quot;,&quot;best&quot;:&quot;5&quot;,&quot;gap&quot;:&quot;5&quot;,&quot;greet&quot;:&quot;Valora este post&quot;,&quot;legend&quot;:&quot;0\\\/5 - (0 votes)&quot;,&quot;size&quot;:&quot;22&quot;,&quot;title&quot;:&quot;\u00a1Esc\u00e1ndalo en Burgos! Error humano mata a dos pacientes con c\u00e1ncer por medicamento mal preparado&quot;,&quot;width&quot;:&quot;0&quot;,&quot;_legend&quot;:&quot;{score}\\\/{best} - ({count} {votes})&quot;,&quot;font_factor&quot;:&quot;1.25&quot;}'>\n            \n<div class=\"kksr-stars\">\n    \n<div class=\"kksr-stars-inactive\">\n            <div class=\"kksr-star\" data-star=\"1\" style=\"padding-right: 5px\">\n            \n\n<div class=\"kksr-icon\" style=\"width: 22px; height: 22px;\"><\/div>\n        <\/div>\n            <div class=\"kksr-star\" data-star=\"2\" style=\"padding-right: 5px\">\n            \n\n<div class=\"kksr-icon\" style=\"width: 22px; height: 22px;\"><\/div>\n        <\/div>\n            <div class=\"kksr-star\" data-star=\"3\" style=\"padding-right: 5px\">\n            \n\n<div class=\"kksr-icon\" style=\"width: 22px; height: 22px;\"><\/div>\n        <\/div>\n            <div class=\"kksr-star\" data-star=\"4\" style=\"padding-right: 5px\">\n            \n\n<div class=\"kksr-icon\" style=\"width: 22px; height: 22px;\"><\/div>\n        <\/div>\n            <div class=\"kksr-star\" data-star=\"5\" style=\"padding-right: 5px\">\n            \n\n<div class=\"kksr-icon\" style=\"width: 22px; height: 22px;\"><\/div>\n        <\/div>\n    <\/div>\n    \n<div class=\"kksr-stars-active\" style=\"width: 0px;\">\n            <div class=\"kksr-star\" style=\"padding-right: 5px\">\n            \n\n<div class=\"kksr-icon\" style=\"width: 22px; height: 22px;\"><\/div>\n        <\/div>\n            <div class=\"kksr-star\" style=\"padding-right: 5px\">\n            \n\n<div class=\"kksr-icon\" style=\"width: 22px; height: 22px;\"><\/div>\n        <\/div>\n            <div class=\"kksr-star\" style=\"padding-right: 5px\">\n            \n\n<div class=\"kksr-icon\" style=\"width: 22px; height: 22px;\"><\/div>\n        <\/div>\n            <div class=\"kksr-star\" style=\"padding-right: 5px\">\n            \n\n<div class=\"kksr-icon\" style=\"width: 22px; height: 22px;\"><\/div>\n        <\/div>\n            <div class=\"kksr-star\" style=\"padding-right: 5px\">\n            \n\n<div class=\"kksr-icon\" style=\"width: 22px; height: 22px;\"><\/div>\n        <\/div>\n    <\/div>\n<\/div>\n                \n\n<div class=\"kksr-legend\" style=\"font-size: 17.6px;\">\n            <span class=\"kksr-muted\">Valora este post<\/span>\n    <\/div>\n    <\/div>\n","protected":false},"excerpt":{"rendered":"<p>Tragedia en el Hospital de Burgos: Fallecen Dos Enfermos de C\u00e1ncer El Hospital Universitario de Burgos ha sido escenario de un lamentable suceso que result\u00f3 en &#8230; <a title=\"\u00a1Esc\u00e1ndalo en Burgos! Error humano mata a dos pacientes con c\u00e1ncer por medicamento mal preparado\" class=\"read-more\" href=\"https:\/\/www.diario21.tv\/noticias\/escandalo-en-burgos-error-humano-mata-a-dos-pacientes-con-cancer-por-medicamento-mal-preparado\/\" aria-label=\"Leer m\u00e1s sobre \u00a1Esc\u00e1ndalo en Burgos! Error humano mata a dos pacientes con c\u00e1ncer por medicamento mal preparado\">Seguir leyendo &rarr;<\/a><\/p>\n","protected":false},"author":20,"featured_media":5902,"comment_status":"open","ping_status":"open","sticky":false,"template":"","format":"standard","meta":{"footnotes":""},"categories":[13],"tags":[],"class_list":["post-5901","post","type-post","status-publish","format-standard","has-post-thumbnail","hentry","category-portada"],"yoast_head":"<!-- This site is optimized with the Yoast SEO plugin v25.6 - https:\/\/yoast.com\/wordpress\/plugins\/seo\/ -->\n<title>\u00a1Esc\u00e1ndalo en Burgos! Error humano mata a dos pacientes con c\u00e1ncer por medicamento mal preparado - Diario 21<\/title>\n<meta name=\"robots\" content=\"index, follow, max-snippet:-1, max-image-preview:large, max-video-preview:-1\" \/>\n<link rel=\"canonical\" href=\"https:\/\/www.diario21.tv\/noticias\/escandalo-en-burgos-error-humano-mata-a-dos-pacientes-con-cancer-por-medicamento-mal-preparado\/\" \/>\n<meta property=\"og:locale\" content=\"es_ES\" \/>\n<meta property=\"og:type\" content=\"article\" \/>\n<meta property=\"og:title\" content=\"\u00a1Esc\u00e1ndalo en Burgos! Error humano mata a dos pacientes con c\u00e1ncer por medicamento mal preparado - Diario 21\" \/>\n<meta property=\"og:description\" content=\"Tragedia en el Hospital de Burgos: Fallecen Dos Enfermos de C\u00e1ncer El Hospital Universitario de Burgos ha sido escenario de un lamentable suceso que result\u00f3 en ... Seguir leyendo &rarr;\" \/>\n<meta property=\"og:url\" content=\"https:\/\/www.diario21.tv\/noticias\/escandalo-en-burgos-error-humano-mata-a-dos-pacientes-con-cancer-por-medicamento-mal-preparado\/\" \/>\n<meta property=\"og:site_name\" content=\"Diario 21\" \/>\n<meta property=\"article:published_time\" content=\"2026-01-17T01:08:12+00:00\" \/>\n<meta property=\"article:modified_time\" content=\"2026-01-17T01:08:14+00:00\" \/>\n<meta property=\"og:image\" content=\"https:\/\/www.diario21.tv\/noticias\/wp-content\/uploads\/2026\/01\/\u00a1Escandalo-en-Burgos-Error-humano-mata-a-dos-pacientes-con.jpg\" \/>\n\t<meta property=\"og:image:width\" content=\"1200\" \/>\n\t<meta property=\"og:image:height\" content=\"840\" \/>\n\t<meta property=\"og:image:type\" content=\"image\/jpeg\" \/>\n<meta name=\"author\" content=\"Juan P\u00e9rez\" \/>\n<meta name=\"twitter:card\" content=\"summary_large_image\" \/>\n<meta name=\"twitter:label1\" content=\"Escrito por\" \/>\n\t<meta name=\"twitter:data1\" content=\"Juan P\u00e9rez\" \/>\n\t<meta name=\"twitter:label2\" content=\"Tiempo de lectura\" \/>\n\t<meta name=\"twitter:data2\" content=\"2 minutos\" \/>\n<script type=\"application\/ld+json\" class=\"yoast-schema-graph\">{\"@context\":\"https:\/\/schema.org\",\"@graph\":[{\"@type\":\"WebPage\",\"@id\":\"https:\/\/www.diario21.tv\/noticias\/escandalo-en-burgos-error-humano-mata-a-dos-pacientes-con-cancer-por-medicamento-mal-preparado\/\",\"url\":\"https:\/\/www.diario21.tv\/noticias\/escandalo-en-burgos-error-humano-mata-a-dos-pacientes-con-cancer-por-medicamento-mal-preparado\/\",\"name\":\"\u00a1Esc\u00e1ndalo en Burgos! Error humano mata a dos pacientes con c\u00e1ncer por medicamento mal preparado - Diario 21\",\"isPartOf\":{\"@id\":\"https:\/\/www.diario21.tv\/noticias\/#website\"},\"primaryImageOfPage\":{\"@id\":\"https:\/\/www.diario21.tv\/noticias\/escandalo-en-burgos-error-humano-mata-a-dos-pacientes-con-cancer-por-medicamento-mal-preparado\/#primaryimage\"},\"image\":{\"@id\":\"https:\/\/www.diario21.tv\/noticias\/escandalo-en-burgos-error-humano-mata-a-dos-pacientes-con-cancer-por-medicamento-mal-preparado\/#primaryimage\"},\"thumbnailUrl\":\"https:\/\/www.diario21.tv\/noticias\/wp-content\/uploads\/2026\/01\/\u00a1Escandalo-en-Burgos-Error-humano-mata-a-dos-pacientes-con.jpg\",\"datePublished\":\"2026-01-17T01:08:12+00:00\",\"dateModified\":\"2026-01-17T01:08:14+00:00\",\"author\":{\"@id\":\"https:\/\/www.diario21.tv\/noticias\/#\/schema\/person\/dfb778f73814d8f09f302618446a526b\"},\"breadcrumb\":{\"@id\":\"https:\/\/www.diario21.tv\/noticias\/escandalo-en-burgos-error-humano-mata-a-dos-pacientes-con-cancer-por-medicamento-mal-preparado\/#breadcrumb\"},\"inLanguage\":\"es-AR\",\"potentialAction\":[{\"@type\":\"ReadAction\",\"target\":[\"https:\/\/www.diario21.tv\/noticias\/escandalo-en-burgos-error-humano-mata-a-dos-pacientes-con-cancer-por-medicamento-mal-preparado\/\"]}]},{\"@type\":\"ImageObject\",\"inLanguage\":\"es-AR\",\"@id\":\"https:\/\/www.diario21.tv\/noticias\/escandalo-en-burgos-error-humano-mata-a-dos-pacientes-con-cancer-por-medicamento-mal-preparado\/#primaryimage\",\"url\":\"https:\/\/www.diario21.tv\/noticias\/wp-content\/uploads\/2026\/01\/\u00a1Escandalo-en-Burgos-Error-humano-mata-a-dos-pacientes-con.jpg\",\"contentUrl\":\"https:\/\/www.diario21.tv\/noticias\/wp-content\/uploads\/2026\/01\/\u00a1Escandalo-en-Burgos-Error-humano-mata-a-dos-pacientes-con.jpg\",\"width\":1200,\"height\":840,\"caption\":\"Mueren dos pacientes con c\u00e1ncer en el Hospital de Burgos por \u00abun error humano\u00bb en la preparaci\u00f3n de un medicamento\"},{\"@type\":\"BreadcrumbList\",\"@id\":\"https:\/\/www.diario21.tv\/noticias\/escandalo-en-burgos-error-humano-mata-a-dos-pacientes-con-cancer-por-medicamento-mal-preparado\/#breadcrumb\",\"itemListElement\":[{\"@type\":\"ListItem\",\"position\":1,\"name\":\"Accueil\",\"item\":\"https:\/\/www.diario21.tv\/noticias\/\"},{\"@type\":\"ListItem\",\"position\":2,\"name\":\"\u00a1Esc\u00e1ndalo en Burgos! Error humano mata a dos pacientes con c\u00e1ncer por medicamento mal preparado\"}]},{\"@type\":\"WebSite\",\"@id\":\"https:\/\/www.diario21.tv\/noticias\/#website\",\"url\":\"https:\/\/www.diario21.tv\/noticias\/\",\"name\":\"Diario 21\",\"description\":\"\",\"potentialAction\":[{\"@type\":\"SearchAction\",\"target\":{\"@type\":\"EntryPoint\",\"urlTemplate\":\"https:\/\/www.diario21.tv\/noticias\/?s={search_term_string}\"},\"query-input\":{\"@type\":\"PropertyValueSpecification\",\"valueRequired\":true,\"valueName\":\"search_term_string\"}}],\"inLanguage\":\"es-AR\"},{\"@type\":\"Person\",\"@id\":\"https:\/\/www.diario21.tv\/noticias\/#\/schema\/person\/dfb778f73814d8f09f302618446a526b\",\"name\":\"Juan P\u00e9rez\",\"image\":{\"@type\":\"ImageObject\",\"inLanguage\":\"es-AR\",\"@id\":\"https:\/\/www.diario21.tv\/noticias\/#\/schema\/person\/image\/\",\"url\":\"https:\/\/secure.gravatar.com\/avatar\/c478a405bd10621167f4c3167cc770f5?s=96&d=mm&r=g\",\"contentUrl\":\"https:\/\/secure.gravatar.com\/avatar\/c478a405bd10621167f4c3167cc770f5?s=96&d=mm&r=g\",\"caption\":\"Juan P\u00e9rez\"},\"description\":\"Juan P\u00e9rez es el redactor en jefe de Diario 21. Con m\u00e1s de 10 a\u00f1os de experiencia en el periodismo, se especializa en pol\u00edtica nacional y an\u00e1lisis socioecon\u00f3mico. Su enfoque cr\u00edtico y riguroso aporta una perspectiva \u00fanica a cada art\u00edculo.\",\"sameAs\":[\"https:\/\/www.diario21.tv\/noticias\/\"],\"url\":\"https:\/\/www.diario21.tv\/noticias\/author\/juan-perez\/\"}]}<\/script>\n<!-- \/ Yoast SEO plugin. -->","yoast_head_json":{"title":"\u00a1Esc\u00e1ndalo en Burgos! Error humano mata a dos pacientes con c\u00e1ncer por medicamento mal preparado - Diario 21","robots":{"index":"index","follow":"follow","max-snippet":"max-snippet:-1","max-image-preview":"max-image-preview:large","max-video-preview":"max-video-preview:-1"},"canonical":"https:\/\/www.diario21.tv\/noticias\/escandalo-en-burgos-error-humano-mata-a-dos-pacientes-con-cancer-por-medicamento-mal-preparado\/","og_locale":"es_ES","og_type":"article","og_title":"\u00a1Esc\u00e1ndalo en Burgos! Error humano mata a dos pacientes con c\u00e1ncer por medicamento mal preparado - Diario 21","og_description":"Tragedia en el Hospital de Burgos: Fallecen Dos Enfermos de C\u00e1ncer El Hospital Universitario de Burgos ha sido escenario de un lamentable suceso que result\u00f3 en ... Seguir leyendo &rarr;","og_url":"https:\/\/www.diario21.tv\/noticias\/escandalo-en-burgos-error-humano-mata-a-dos-pacientes-con-cancer-por-medicamento-mal-preparado\/","og_site_name":"Diario 21","article_published_time":"2026-01-17T01:08:12+00:00","article_modified_time":"2026-01-17T01:08:14+00:00","og_image":[{"width":1200,"height":840,"url":"https:\/\/www.diario21.tv\/noticias\/wp-content\/uploads\/2026\/01\/\u00a1Escandalo-en-Burgos-Error-humano-mata-a-dos-pacientes-con.jpg","type":"image\/jpeg"}],"author":"Juan P\u00e9rez","twitter_card":"summary_large_image","twitter_misc":{"Escrito por":"Juan P\u00e9rez","Tiempo de lectura":"2 minutos"},"schema":{"@context":"https:\/\/schema.org","@graph":[{"@type":"WebPage","@id":"https:\/\/www.diario21.tv\/noticias\/escandalo-en-burgos-error-humano-mata-a-dos-pacientes-con-cancer-por-medicamento-mal-preparado\/","url":"https:\/\/www.diario21.tv\/noticias\/escandalo-en-burgos-error-humano-mata-a-dos-pacientes-con-cancer-por-medicamento-mal-preparado\/","name":"\u00a1Esc\u00e1ndalo en Burgos! Error humano mata a dos pacientes con c\u00e1ncer por medicamento mal preparado - Diario 21","isPartOf":{"@id":"https:\/\/www.diario21.tv\/noticias\/#website"},"primaryImageOfPage":{"@id":"https:\/\/www.diario21.tv\/noticias\/escandalo-en-burgos-error-humano-mata-a-dos-pacientes-con-cancer-por-medicamento-mal-preparado\/#primaryimage"},"image":{"@id":"https:\/\/www.diario21.tv\/noticias\/escandalo-en-burgos-error-humano-mata-a-dos-pacientes-con-cancer-por-medicamento-mal-preparado\/#primaryimage"},"thumbnailUrl":"https:\/\/www.diario21.tv\/noticias\/wp-content\/uploads\/2026\/01\/\u00a1Escandalo-en-Burgos-Error-humano-mata-a-dos-pacientes-con.jpg","datePublished":"2026-01-17T01:08:12+00:00","dateModified":"2026-01-17T01:08:14+00:00","author":{"@id":"https:\/\/www.diario21.tv\/noticias\/#\/schema\/person\/dfb778f73814d8f09f302618446a526b"},"breadcrumb":{"@id":"https:\/\/www.diario21.tv\/noticias\/escandalo-en-burgos-error-humano-mata-a-dos-pacientes-con-cancer-por-medicamento-mal-preparado\/#breadcrumb"},"inLanguage":"es-AR","potentialAction":[{"@type":"ReadAction","target":["https:\/\/www.diario21.tv\/noticias\/escandalo-en-burgos-error-humano-mata-a-dos-pacientes-con-cancer-por-medicamento-mal-preparado\/"]}]},{"@type":"ImageObject","inLanguage":"es-AR","@id":"https:\/\/www.diario21.tv\/noticias\/escandalo-en-burgos-error-humano-mata-a-dos-pacientes-con-cancer-por-medicamento-mal-preparado\/#primaryimage","url":"https:\/\/www.diario21.tv\/noticias\/wp-content\/uploads\/2026\/01\/\u00a1Escandalo-en-Burgos-Error-humano-mata-a-dos-pacientes-con.jpg","contentUrl":"https:\/\/www.diario21.tv\/noticias\/wp-content\/uploads\/2026\/01\/\u00a1Escandalo-en-Burgos-Error-humano-mata-a-dos-pacientes-con.jpg","width":1200,"height":840,"caption":"Mueren dos pacientes con c\u00e1ncer en el Hospital de Burgos por \u00abun error humano\u00bb en la preparaci\u00f3n de un medicamento"},{"@type":"BreadcrumbList","@id":"https:\/\/www.diario21.tv\/noticias\/escandalo-en-burgos-error-humano-mata-a-dos-pacientes-con-cancer-por-medicamento-mal-preparado\/#breadcrumb","itemListElement":[{"@type":"ListItem","position":1,"name":"Accueil","item":"https:\/\/www.diario21.tv\/noticias\/"},{"@type":"ListItem","position":2,"name":"\u00a1Esc\u00e1ndalo en Burgos! Error humano mata a dos pacientes con c\u00e1ncer por medicamento mal preparado"}]},{"@type":"WebSite","@id":"https:\/\/www.diario21.tv\/noticias\/#website","url":"https:\/\/www.diario21.tv\/noticias\/","name":"Diario 21","description":"","potentialAction":[{"@type":"SearchAction","target":{"@type":"EntryPoint","urlTemplate":"https:\/\/www.diario21.tv\/noticias\/?s={search_term_string}"},"query-input":{"@type":"PropertyValueSpecification","valueRequired":true,"valueName":"search_term_string"}}],"inLanguage":"es-AR"},{"@type":"Person","@id":"https:\/\/www.diario21.tv\/noticias\/#\/schema\/person\/dfb778f73814d8f09f302618446a526b","name":"Juan P\u00e9rez","image":{"@type":"ImageObject","inLanguage":"es-AR","@id":"https:\/\/www.diario21.tv\/noticias\/#\/schema\/person\/image\/","url":"https:\/\/secure.gravatar.com\/avatar\/c478a405bd10621167f4c3167cc770f5?s=96&d=mm&r=g","contentUrl":"https:\/\/secure.gravatar.com\/avatar\/c478a405bd10621167f4c3167cc770f5?s=96&d=mm&r=g","caption":"Juan P\u00e9rez"},"description":"Juan P\u00e9rez es el redactor en jefe de Diario 21. Con m\u00e1s de 10 a\u00f1os de experiencia en el periodismo, se especializa en pol\u00edtica nacional y an\u00e1lisis socioecon\u00f3mico. Su enfoque cr\u00edtico y riguroso aporta una perspectiva \u00fanica a cada art\u00edculo.","sameAs":["https:\/\/www.diario21.tv\/noticias\/"],"url":"https:\/\/www.diario21.tv\/noticias\/author\/juan-perez\/"}]}},"_links":{"self":[{"href":"https:\/\/www.diario21.tv\/noticias\/wp-json\/wp\/v2\/posts\/5901"}],"collection":[{"href":"https:\/\/www.diario21.tv\/noticias\/wp-json\/wp\/v2\/posts"}],"about":[{"href":"https:\/\/www.diario21.tv\/noticias\/wp-json\/wp\/v2\/types\/post"}],"author":[{"embeddable":true,"href":"https:\/\/www.diario21.tv\/noticias\/wp-json\/wp\/v2\/users\/20"}],"replies":[{"embeddable":true,"href":"https:\/\/www.diario21.tv\/noticias\/wp-json\/wp\/v2\/comments?post=5901"}],"version-history":[{"count":1,"href":"https:\/\/www.diario21.tv\/noticias\/wp-json\/wp\/v2\/posts\/5901\/revisions"}],"predecessor-version":[{"id":5903,"href":"https:\/\/www.diario21.tv\/noticias\/wp-json\/wp\/v2\/posts\/5901\/revisions\/5903"}],"wp:featuredmedia":[{"embeddable":true,"href":"https:\/\/www.diario21.tv\/noticias\/wp-json\/wp\/v2\/media\/5902"}],"wp:attachment":[{"href":"https:\/\/www.diario21.tv\/noticias\/wp-json\/wp\/v2\/media?parent=5901"}],"wp:term":[{"taxonomy":"category","embeddable":true,"href":"https:\/\/www.diario21.tv\/noticias\/wp-json\/wp\/v2\/categories?post=5901"},{"taxonomy":"post_tag","embeddable":true,"href":"https:\/\/www.diario21.tv\/noticias\/wp-json\/wp\/v2\/tags?post=5901"}],"curies":[{"name":"wp","href":"https:\/\/api.w.org\/{rel}","templated":true}]}}