{"id":590,"date":"2024-09-28T11:36:04","date_gmt":"2024-09-28T11:36:04","guid":{"rendered":"https:\/\/www.diario21.tv\/noticias\/espana-en-la-mira-bruselas-sanciona-por-no-pagar-ultimas-semanas-de-permiso-parental\/"},"modified":"2024-10-14T09:42:51","modified_gmt":"2024-10-14T09:42:51","slug":"espana-en-la-mira-bruselas-sanciona-por-no-pagar-ultimas-semanas-de-permiso-parental","status":"publish","type":"post","link":"https:\/\/www.diario21.tv\/noticias\/espana-en-la-mira-bruselas-sanciona-por-no-pagar-ultimas-semanas-de-permiso-parental\/","title":{"rendered":"\u00a1Espa\u00f1a en la Mira! Bruselas Sanciona por No Pagar \u00daltimas Semanas de Permiso Parental!"},"content":{"rendered":"<h2>Bruselas inicia procedimiento contra Espa\u00f1a por no abonar las \u00faltimas semanas del permiso parental<\/h2>\n<p>La Comisi\u00f3n Europea ha iniciado un procedimiento de infracci\u00f3n contra Espa\u00f1a debido a que no se ha remunerado adecuadamente las \u00faltimas semanas del permiso parental. Esta acci\u00f3n se ha llevado a cabo porque, seg\u00fan Bruselas, Espa\u00f1a no est\u00e1 cumpliendo con las normativas laborales de la Uni\u00f3n Europea que se refieren a los derechos de los padres trabajadores.<\/p>\n<p>La Comisi\u00f3n ha remitido una carta de emplazamiento a las autoridades espa\u00f1olas, en la que expresa su preocupaci\u00f3n por la falta de pago de las \u00faltimas semanas del permiso parental. Este permiso es un derecho que tienen los trabajadores de la Uni\u00f3n Europea, y su objetivo es permitir a los padres pasar tiempo con sus hijos reci\u00e9n nacidos o adoptados, sin tener que preocuparse por las consecuencias financieras.<\/p>\n<p>La normativa europea establece que, durante el permiso parental, los trabajadores deben recibir al menos una compensaci\u00f3n econ\u00f3mica o, en su caso, los beneficios que correspondan seg\u00fan las leyes de seguridad social del pa\u00eds. Sin embargo, en Espa\u00f1a, las \u00faltimas semanas de este permiso no est\u00e1n remuneradas, lo que supone una violaci\u00f3n de las normas laborales europeas.<\/p>\n<h3>Posibles consecuencias del expediente<\/h3>\n<p>Si Espa\u00f1a no rectifica esta situaci\u00f3n y se ajusta a la normativa europea, podr\u00eda enfrentarse a posibles sanciones. En un primer momento, la Comisi\u00f3n Europea le dar\u00e1 un plazo a Espa\u00f1a para que responda a la carta de emplazamiento y solucione la situaci\u00f3n. En caso de que no se produzca una respuesta satisfactoria, Bruselas podr\u00eda llevar el caso ante el Tribunal de Justicia de la Uni\u00f3n Europea.<\/p>\n<p>Este expediente de infracci\u00f3n es un procedimiento formal que inicia la Comisi\u00f3n Europea cuando considera que un Estado miembro no est\u00e1 cumpliendo con alguna de las obligaciones que le corresponden en virtud del derecho de la Uni\u00f3n Europea. En el caso de Espa\u00f1a, la Comisi\u00f3n considera que no se est\u00e1 cumpliendo con la normativa laboral europea en lo que respecta al permiso parental.<\/p>\n<h2>La respuesta de Espa\u00f1a<\/h2>\n<p>Hasta el momento, las autoridades espa\u00f1olas no han emitido una respuesta oficial al emplazamiento de Bruselas. Sin embargo, es de esperar que en las pr\u00f3ximas semanas se produzca un di\u00e1logo entre ambas partes para tratar de resolver la situaci\u00f3n.<\/p>\n<p>Si finalmente se confirma que Espa\u00f1a ha violado las normas laborales de la Uni\u00f3n Europea, el pa\u00eds tendr\u00eda que modificar su legislaci\u00f3n para garantizar que las \u00faltimas semanas del permiso parental sean remuneradas. Esto podr\u00eda suponer un cambio significativo en la pol\u00edtica laboral espa\u00f1ola y tendr\u00eda repercusiones en los derechos de los trabajadores del pa\u00eds.<\/p>\n\n\n<div class=\"kk-star-ratings kksr-auto kksr-align-left kksr-valign-bottom\"\n    data-payload='{&quot;align&quot;:&quot;left&quot;,&quot;id&quot;:&quot;590&quot;,&quot;slug&quot;:&quot;default&quot;,&quot;valign&quot;:&quot;bottom&quot;,&quot;ignore&quot;:&quot;&quot;,&quot;reference&quot;:&quot;auto&quot;,&quot;class&quot;:&quot;&quot;,&quot;count&quot;:&quot;0&quot;,&quot;legendonly&quot;:&quot;&quot;,&quot;readonly&quot;:&quot;&quot;,&quot;score&quot;:&quot;0&quot;,&quot;starsonly&quot;:&quot;&quot;,&quot;best&quot;:&quot;5&quot;,&quot;gap&quot;:&quot;5&quot;,&quot;greet&quot;:&quot;Valora este post&quot;,&quot;legend&quot;:&quot;0\\\/5 - (0 votes)&quot;,&quot;size&quot;:&quot;22&quot;,&quot;title&quot;:&quot;\u00a1Espa\u00f1a en la Mira! Bruselas Sanciona por No Pagar \u00daltimas Semanas de Permiso Parental!&quot;,&quot;width&quot;:&quot;0&quot;,&quot;_legend&quot;:&quot;{score}\\\/{best} - ({count} {votes})&quot;,&quot;font_factor&quot;:&quot;1.25&quot;}'>\n            \n<div class=\"kksr-stars\">\n    \n<div class=\"kksr-stars-inactive\">\n            <div class=\"kksr-star\" data-star=\"1\" style=\"padding-right: 5px\">\n            \n\n<div class=\"kksr-icon\" style=\"width: 22px; height: 22px;\"><\/div>\n        <\/div>\n            <div class=\"kksr-star\" data-star=\"2\" style=\"padding-right: 5px\">\n            \n\n<div class=\"kksr-icon\" style=\"width: 22px; height: 22px;\"><\/div>\n        <\/div>\n            <div class=\"kksr-star\" data-star=\"3\" style=\"padding-right: 5px\">\n            \n\n<div class=\"kksr-icon\" style=\"width: 22px; height: 22px;\"><\/div>\n        <\/div>\n            <div class=\"kksr-star\" data-star=\"4\" style=\"padding-right: 5px\">\n            \n\n<div class=\"kksr-icon\" style=\"width: 22px; height: 22px;\"><\/div>\n        <\/div>\n            <div class=\"kksr-star\" data-star=\"5\" style=\"padding-right: 5px\">\n            \n\n<div class=\"kksr-icon\" style=\"width: 22px; height: 22px;\"><\/div>\n        <\/div>\n    <\/div>\n    \n<div class=\"kksr-stars-active\" style=\"width: 0px;\">\n            <div class=\"kksr-star\" style=\"padding-right: 5px\">\n            \n\n<div class=\"kksr-icon\" style=\"width: 22px; height: 22px;\"><\/div>\n        <\/div>\n            <div class=\"kksr-star\" style=\"padding-right: 5px\">\n            \n\n<div class=\"kksr-icon\" style=\"width: 22px; height: 22px;\"><\/div>\n        <\/div>\n            <div class=\"kksr-star\" style=\"padding-right: 5px\">\n            \n\n<div class=\"kksr-icon\" style=\"width: 22px; height: 22px;\"><\/div>\n        <\/div>\n            <div class=\"kksr-star\" style=\"padding-right: 5px\">\n            \n\n<div class=\"kksr-icon\" style=\"width: 22px; height: 22px;\"><\/div>\n        <\/div>\n            <div class=\"kksr-star\" style=\"padding-right: 5px\">\n            \n\n<div class=\"kksr-icon\" style=\"width: 22px; height: 22px;\"><\/div>\n        <\/div>\n    <\/div>\n<\/div>\n                \n\n<div class=\"kksr-legend\" style=\"font-size: 17.6px;\">\n            <span class=\"kksr-muted\">Valora este post<\/span>\n    <\/div>\n    <\/div>\n","protected":false},"excerpt":{"rendered":"<p>Bruselas inicia procedimiento contra Espa\u00f1a por no abonar las \u00faltimas semanas del permiso parental La Comisi\u00f3n Europea ha iniciado un procedimiento de infracci\u00f3n contra Espa\u00f1a debido &#8230; <a title=\"\u00a1Espa\u00f1a en la Mira! Bruselas Sanciona por No Pagar \u00daltimas Semanas de Permiso Parental!\" class=\"read-more\" href=\"https:\/\/www.diario21.tv\/noticias\/espana-en-la-mira-bruselas-sanciona-por-no-pagar-ultimas-semanas-de-permiso-parental\/\" aria-label=\"Leer m\u00e1s sobre \u00a1Espa\u00f1a en la Mira! Bruselas Sanciona por No Pagar \u00daltimas Semanas de Permiso Parental!\">Seguir leyendo &rarr;<\/a><\/p>\n","protected":false},"author":20,"featured_media":591,"comment_status":"open","ping_status":"open","sticky":false,"template":"","format":"standard","meta":{"footnotes":""},"categories":[12],"tags":[],"class_list":["post-590","post","type-post","status-publish","format-standard","has-post-thumbnail","hentry","category-tendencia"],"yoast_head":"<!-- This site is optimized with the Yoast SEO plugin v25.6 - https:\/\/yoast.com\/wordpress\/plugins\/seo\/ -->\n<title>\u00a1Espa\u00f1a en la Mira! Bruselas Sanciona por No Pagar \u00daltimas Semanas de Permiso Parental! - Diario 21<\/title>\n<meta name=\"robots\" content=\"index, follow, max-snippet:-1, max-image-preview:large, max-video-preview:-1\" \/>\n<link rel=\"canonical\" href=\"https:\/\/www.diario21.tv\/noticias\/espana-en-la-mira-bruselas-sanciona-por-no-pagar-ultimas-semanas-de-permiso-parental\/\" \/>\n<meta property=\"og:locale\" content=\"es_ES\" \/>\n<meta property=\"og:type\" content=\"article\" \/>\n<meta property=\"og:title\" content=\"\u00a1Espa\u00f1a en la Mira! Bruselas Sanciona por No Pagar \u00daltimas Semanas de Permiso Parental! - Diario 21\" \/>\n<meta property=\"og:description\" content=\"Bruselas inicia procedimiento contra Espa\u00f1a por no abonar las \u00faltimas semanas del permiso parental La Comisi\u00f3n Europea ha iniciado un procedimiento de infracci\u00f3n contra Espa\u00f1a debido ... Seguir leyendo &rarr;\" \/>\n<meta property=\"og:url\" content=\"https:\/\/www.diario21.tv\/noticias\/espana-en-la-mira-bruselas-sanciona-por-no-pagar-ultimas-semanas-de-permiso-parental\/\" \/>\n<meta property=\"og:site_name\" content=\"Diario 21\" \/>\n<meta property=\"article:published_time\" content=\"2024-09-28T11:36:04+00:00\" \/>\n<meta property=\"article:modified_time\" content=\"2024-10-14T09:42:51+00:00\" \/>\n<meta property=\"og:image\" content=\"https:\/\/www.diario21.tv\/noticias\/wp-content\/uploads\/2024\/09\/\u00a1Espana-en-la-Mira-Bruselas-Sanciona-por-No-Pagar-Ultimas.jpg\" \/>\n\t<meta property=\"og:image:width\" content=\"1916\" \/>\n\t<meta property=\"og:image:height\" content=\"1080\" \/>\n\t<meta property=\"og:image:type\" content=\"image\/jpeg\" \/>\n<meta name=\"author\" content=\"Juan P\u00e9rez\" \/>\n<meta name=\"twitter:card\" content=\"summary_large_image\" \/>\n<meta name=\"twitter:label1\" content=\"Escrito por\" \/>\n\t<meta name=\"twitter:data1\" content=\"Juan P\u00e9rez\" \/>\n\t<meta name=\"twitter:label2\" content=\"Tiempo de lectura\" \/>\n\t<meta name=\"twitter:data2\" content=\"2 minutos\" \/>\n<script type=\"application\/ld+json\" class=\"yoast-schema-graph\">{\"@context\":\"https:\/\/schema.org\",\"@graph\":[{\"@type\":\"WebPage\",\"@id\":\"https:\/\/www.diario21.tv\/noticias\/espana-en-la-mira-bruselas-sanciona-por-no-pagar-ultimas-semanas-de-permiso-parental\/\",\"url\":\"https:\/\/www.diario21.tv\/noticias\/espana-en-la-mira-bruselas-sanciona-por-no-pagar-ultimas-semanas-de-permiso-parental\/\",\"name\":\"\u00a1Espa\u00f1a en la Mira! Bruselas Sanciona por No Pagar \u00daltimas Semanas de Permiso Parental! - Diario 21\",\"isPartOf\":{\"@id\":\"https:\/\/www.diario21.tv\/noticias\/#website\"},\"primaryImageOfPage\":{\"@id\":\"https:\/\/www.diario21.tv\/noticias\/espana-en-la-mira-bruselas-sanciona-por-no-pagar-ultimas-semanas-de-permiso-parental\/#primaryimage\"},\"image\":{\"@id\":\"https:\/\/www.diario21.tv\/noticias\/espana-en-la-mira-bruselas-sanciona-por-no-pagar-ultimas-semanas-de-permiso-parental\/#primaryimage\"},\"thumbnailUrl\":\"https:\/\/www.diario21.tv\/noticias\/wp-content\/uploads\/2024\/09\/\u00a1Espana-en-la-Mira-Bruselas-Sanciona-por-No-Pagar-Ultimas.jpg\",\"datePublished\":\"2024-09-28T11:36:04+00:00\",\"dateModified\":\"2024-10-14T09:42:51+00:00\",\"author\":{\"@id\":\"https:\/\/www.diario21.tv\/noticias\/#\/schema\/person\/dfb778f73814d8f09f302618446a526b\"},\"breadcrumb\":{\"@id\":\"https:\/\/www.diario21.tv\/noticias\/espana-en-la-mira-bruselas-sanciona-por-no-pagar-ultimas-semanas-de-permiso-parental\/#breadcrumb\"},\"inLanguage\":\"es-AR\",\"potentialAction\":[{\"@type\":\"ReadAction\",\"target\":[\"https:\/\/www.diario21.tv\/noticias\/espana-en-la-mira-bruselas-sanciona-por-no-pagar-ultimas-semanas-de-permiso-parental\/\"]}]},{\"@type\":\"ImageObject\",\"inLanguage\":\"es-AR\",\"@id\":\"https:\/\/www.diario21.tv\/noticias\/espana-en-la-mira-bruselas-sanciona-por-no-pagar-ultimas-semanas-de-permiso-parental\/#primaryimage\",\"url\":\"https:\/\/www.diario21.tv\/noticias\/wp-content\/uploads\/2024\/09\/\u00a1Espana-en-la-Mira-Bruselas-Sanciona-por-No-Pagar-Ultimas.jpg\",\"contentUrl\":\"https:\/\/www.diario21.tv\/noticias\/wp-content\/uploads\/2024\/09\/\u00a1Espana-en-la-Mira-Bruselas-Sanciona-por-No-Pagar-Ultimas.jpg\",\"width\":1916,\"height\":1080,\"caption\":\"Bruselas expedienta a Espa\u00f1a por no retribuir las \u00faltimas semanas del permiso parental\"},{\"@type\":\"BreadcrumbList\",\"@id\":\"https:\/\/www.diario21.tv\/noticias\/espana-en-la-mira-bruselas-sanciona-por-no-pagar-ultimas-semanas-de-permiso-parental\/#breadcrumb\",\"itemListElement\":[{\"@type\":\"ListItem\",\"position\":1,\"name\":\"Accueil\",\"item\":\"https:\/\/www.diario21.tv\/noticias\/\"},{\"@type\":\"ListItem\",\"position\":2,\"name\":\"\u00a1Espa\u00f1a en la Mira! Bruselas Sanciona por No Pagar \u00daltimas Semanas de Permiso Parental!\"}]},{\"@type\":\"WebSite\",\"@id\":\"https:\/\/www.diario21.tv\/noticias\/#website\",\"url\":\"https:\/\/www.diario21.tv\/noticias\/\",\"name\":\"Diario 21\",\"description\":\"\",\"potentialAction\":[{\"@type\":\"SearchAction\",\"target\":{\"@type\":\"EntryPoint\",\"urlTemplate\":\"https:\/\/www.diario21.tv\/noticias\/?s={search_term_string}\"},\"query-input\":{\"@type\":\"PropertyValueSpecification\",\"valueRequired\":true,\"valueName\":\"search_term_string\"}}],\"inLanguage\":\"es-AR\"},{\"@type\":\"Person\",\"@id\":\"https:\/\/www.diario21.tv\/noticias\/#\/schema\/person\/dfb778f73814d8f09f302618446a526b\",\"name\":\"Juan P\u00e9rez\",\"image\":{\"@type\":\"ImageObject\",\"inLanguage\":\"es-AR\",\"@id\":\"https:\/\/www.diario21.tv\/noticias\/#\/schema\/person\/image\/\",\"url\":\"https:\/\/secure.gravatar.com\/avatar\/c478a405bd10621167f4c3167cc770f5?s=96&d=mm&r=g\",\"contentUrl\":\"https:\/\/secure.gravatar.com\/avatar\/c478a405bd10621167f4c3167cc770f5?s=96&d=mm&r=g\",\"caption\":\"Juan P\u00e9rez\"},\"description\":\"Juan P\u00e9rez es el redactor en jefe de Diario 21. Con m\u00e1s de 10 a\u00f1os de experiencia en el periodismo, se especializa en pol\u00edtica nacional y an\u00e1lisis socioecon\u00f3mico. Su enfoque cr\u00edtico y riguroso aporta una perspectiva \u00fanica a cada art\u00edculo.\",\"sameAs\":[\"https:\/\/www.diario21.tv\/noticias\/\"],\"url\":\"https:\/\/www.diario21.tv\/noticias\/author\/juan-perez\/\"}]}<\/script>\n<!-- \/ Yoast SEO plugin. -->","yoast_head_json":{"title":"\u00a1Espa\u00f1a en la Mira! Bruselas Sanciona por No Pagar \u00daltimas Semanas de Permiso Parental! - Diario 21","robots":{"index":"index","follow":"follow","max-snippet":"max-snippet:-1","max-image-preview":"max-image-preview:large","max-video-preview":"max-video-preview:-1"},"canonical":"https:\/\/www.diario21.tv\/noticias\/espana-en-la-mira-bruselas-sanciona-por-no-pagar-ultimas-semanas-de-permiso-parental\/","og_locale":"es_ES","og_type":"article","og_title":"\u00a1Espa\u00f1a en la Mira! Bruselas Sanciona por No Pagar \u00daltimas Semanas de Permiso Parental! - Diario 21","og_description":"Bruselas inicia procedimiento contra Espa\u00f1a por no abonar las \u00faltimas semanas del permiso parental La Comisi\u00f3n Europea ha iniciado un procedimiento de infracci\u00f3n contra Espa\u00f1a debido ... Seguir leyendo &rarr;","og_url":"https:\/\/www.diario21.tv\/noticias\/espana-en-la-mira-bruselas-sanciona-por-no-pagar-ultimas-semanas-de-permiso-parental\/","og_site_name":"Diario 21","article_published_time":"2024-09-28T11:36:04+00:00","article_modified_time":"2024-10-14T09:42:51+00:00","og_image":[{"width":1916,"height":1080,"url":"https:\/\/www.diario21.tv\/noticias\/wp-content\/uploads\/2024\/09\/\u00a1Espana-en-la-Mira-Bruselas-Sanciona-por-No-Pagar-Ultimas.jpg","type":"image\/jpeg"}],"author":"Juan P\u00e9rez","twitter_card":"summary_large_image","twitter_misc":{"Escrito por":"Juan P\u00e9rez","Tiempo de lectura":"2 minutos"},"schema":{"@context":"https:\/\/schema.org","@graph":[{"@type":"WebPage","@id":"https:\/\/www.diario21.tv\/noticias\/espana-en-la-mira-bruselas-sanciona-por-no-pagar-ultimas-semanas-de-permiso-parental\/","url":"https:\/\/www.diario21.tv\/noticias\/espana-en-la-mira-bruselas-sanciona-por-no-pagar-ultimas-semanas-de-permiso-parental\/","name":"\u00a1Espa\u00f1a en la Mira! Bruselas Sanciona por No Pagar \u00daltimas Semanas de Permiso Parental! - Diario 21","isPartOf":{"@id":"https:\/\/www.diario21.tv\/noticias\/#website"},"primaryImageOfPage":{"@id":"https:\/\/www.diario21.tv\/noticias\/espana-en-la-mira-bruselas-sanciona-por-no-pagar-ultimas-semanas-de-permiso-parental\/#primaryimage"},"image":{"@id":"https:\/\/www.diario21.tv\/noticias\/espana-en-la-mira-bruselas-sanciona-por-no-pagar-ultimas-semanas-de-permiso-parental\/#primaryimage"},"thumbnailUrl":"https:\/\/www.diario21.tv\/noticias\/wp-content\/uploads\/2024\/09\/\u00a1Espana-en-la-Mira-Bruselas-Sanciona-por-No-Pagar-Ultimas.jpg","datePublished":"2024-09-28T11:36:04+00:00","dateModified":"2024-10-14T09:42:51+00:00","author":{"@id":"https:\/\/www.diario21.tv\/noticias\/#\/schema\/person\/dfb778f73814d8f09f302618446a526b"},"breadcrumb":{"@id":"https:\/\/www.diario21.tv\/noticias\/espana-en-la-mira-bruselas-sanciona-por-no-pagar-ultimas-semanas-de-permiso-parental\/#breadcrumb"},"inLanguage":"es-AR","potentialAction":[{"@type":"ReadAction","target":["https:\/\/www.diario21.tv\/noticias\/espana-en-la-mira-bruselas-sanciona-por-no-pagar-ultimas-semanas-de-permiso-parental\/"]}]},{"@type":"ImageObject","inLanguage":"es-AR","@id":"https:\/\/www.diario21.tv\/noticias\/espana-en-la-mira-bruselas-sanciona-por-no-pagar-ultimas-semanas-de-permiso-parental\/#primaryimage","url":"https:\/\/www.diario21.tv\/noticias\/wp-content\/uploads\/2024\/09\/\u00a1Espana-en-la-Mira-Bruselas-Sanciona-por-No-Pagar-Ultimas.jpg","contentUrl":"https:\/\/www.diario21.tv\/noticias\/wp-content\/uploads\/2024\/09\/\u00a1Espana-en-la-Mira-Bruselas-Sanciona-por-No-Pagar-Ultimas.jpg","width":1916,"height":1080,"caption":"Bruselas expedienta a Espa\u00f1a por no retribuir las \u00faltimas semanas del permiso parental"},{"@type":"BreadcrumbList","@id":"https:\/\/www.diario21.tv\/noticias\/espana-en-la-mira-bruselas-sanciona-por-no-pagar-ultimas-semanas-de-permiso-parental\/#breadcrumb","itemListElement":[{"@type":"ListItem","position":1,"name":"Accueil","item":"https:\/\/www.diario21.tv\/noticias\/"},{"@type":"ListItem","position":2,"name":"\u00a1Espa\u00f1a en la Mira! Bruselas Sanciona por No Pagar \u00daltimas Semanas de Permiso Parental!"}]},{"@type":"WebSite","@id":"https:\/\/www.diario21.tv\/noticias\/#website","url":"https:\/\/www.diario21.tv\/noticias\/","name":"Diario 21","description":"","potentialAction":[{"@type":"SearchAction","target":{"@type":"EntryPoint","urlTemplate":"https:\/\/www.diario21.tv\/noticias\/?s={search_term_string}"},"query-input":{"@type":"PropertyValueSpecification","valueRequired":true,"valueName":"search_term_string"}}],"inLanguage":"es-AR"},{"@type":"Person","@id":"https:\/\/www.diario21.tv\/noticias\/#\/schema\/person\/dfb778f73814d8f09f302618446a526b","name":"Juan P\u00e9rez","image":{"@type":"ImageObject","inLanguage":"es-AR","@id":"https:\/\/www.diario21.tv\/noticias\/#\/schema\/person\/image\/","url":"https:\/\/secure.gravatar.com\/avatar\/c478a405bd10621167f4c3167cc770f5?s=96&d=mm&r=g","contentUrl":"https:\/\/secure.gravatar.com\/avatar\/c478a405bd10621167f4c3167cc770f5?s=96&d=mm&r=g","caption":"Juan P\u00e9rez"},"description":"Juan P\u00e9rez es el redactor en jefe de Diario 21. Con m\u00e1s de 10 a\u00f1os de experiencia en el periodismo, se especializa en pol\u00edtica nacional y an\u00e1lisis socioecon\u00f3mico. Su enfoque cr\u00edtico y riguroso aporta una perspectiva \u00fanica a cada art\u00edculo.","sameAs":["https:\/\/www.diario21.tv\/noticias\/"],"url":"https:\/\/www.diario21.tv\/noticias\/author\/juan-perez\/"}]}},"_links":{"self":[{"href":"https:\/\/www.diario21.tv\/noticias\/wp-json\/wp\/v2\/posts\/590"}],"collection":[{"href":"https:\/\/www.diario21.tv\/noticias\/wp-json\/wp\/v2\/posts"}],"about":[{"href":"https:\/\/www.diario21.tv\/noticias\/wp-json\/wp\/v2\/types\/post"}],"author":[{"embeddable":true,"href":"https:\/\/www.diario21.tv\/noticias\/wp-json\/wp\/v2\/users\/20"}],"replies":[{"embeddable":true,"href":"https:\/\/www.diario21.tv\/noticias\/wp-json\/wp\/v2\/comments?post=590"}],"version-history":[{"count":1,"href":"https:\/\/www.diario21.tv\/noticias\/wp-json\/wp\/v2\/posts\/590\/revisions"}],"predecessor-version":[{"id":592,"href":"https:\/\/www.diario21.tv\/noticias\/wp-json\/wp\/v2\/posts\/590\/revisions\/592"}],"wp:featuredmedia":[{"embeddable":true,"href":"https:\/\/www.diario21.tv\/noticias\/wp-json\/wp\/v2\/media\/591"}],"wp:attachment":[{"href":"https:\/\/www.diario21.tv\/noticias\/wp-json\/wp\/v2\/media?parent=590"}],"wp:term":[{"taxonomy":"category","embeddable":true,"href":"https:\/\/www.diario21.tv\/noticias\/wp-json\/wp\/v2\/categories?post=590"},{"taxonomy":"post_tag","embeddable":true,"href":"https:\/\/www.diario21.tv\/noticias\/wp-json\/wp\/v2\/tags?post=590"}],"curies":[{"name":"wp","href":"https:\/\/api.w.org\/{rel}","templated":true}]}}