{"id":5877,"date":"2026-01-15T00:55:06","date_gmt":"2026-01-15T00:55:06","guid":{"rendered":"https:\/\/www.diario21.tv\/noticias\/increible-trabajador-de-aeropuerto-usa-coche-de-turista-para-ir-de-compras-en-bilbao\/"},"modified":"2026-01-15T00:55:08","modified_gmt":"2026-01-15T00:55:08","slug":"increible-trabajador-de-aeropuerto-usa-coche-de-turista-para-ir-de-compras-en-bilbao","status":"publish","type":"post","link":"https:\/\/www.diario21.tv\/noticias\/increible-trabajador-de-aeropuerto-usa-coche-de-turista-para-ir-de-compras-en-bilbao\/","title":{"rendered":"\u00a1Incre\u00edble! Trabajador de aeropuerto usa coche de turista para ir de compras en Bilbao"},"content":{"rendered":"<h2>Un empleado del aeropuerto utiliza el autom\u00f3vil de una visitante para realizar compras en Bilbao<\/h2>\n<p>En un incidente ins\u00f3lito que ha generado sorpresa y descontento, un empleado de un aeropuerto aprovech\u00f3 el veh\u00edculo de una turista para trasladarse hasta Bilbao con el fin de hacer compras personales. Este hecho no solo pone en cuesti\u00f3n la seguridad y la confianza depositada en los servicios aeroportuarios, sino que tambi\u00e9n destaca la falta de vigilancia sobre los bienes personales de los viajeros durante su estancia en las instalaciones.<\/p>\n<h3>Detalles del incidente<\/h3>\n<p>El suceso tuvo lugar cuando la turista, que hab\u00eda llegado a la ciudad para disfrutar de unas vacaciones, dej\u00f3 su coche en el estacionamiento del aeropuerto. El empleado, cuya identidad no ha sido divulgada, decidi\u00f3 utilizar el veh\u00edculo sin permiso de la propietaria. Con total desfachatez, se dirigi\u00f3 a Bilbao, ubicado a varios kil\u00f3metros de distancia, para llevar a cabo sus compras.<\/p>\n<p>La situaci\u00f3n sali\u00f3 a la luz cuando la turista fue a recoger su coche y not\u00f3 que el kilometraje no coincid\u00eda con el que ten\u00eda antes de dejarlo en el estacionamiento. Alarmada, report\u00f3 la discrepancia a las autoridades del aeropuerto, quienes iniciaron una investigaci\u00f3n que eventualmente llev\u00f3 a la identificaci\u00f3n del empleado responsable.<\/p>\n<h3>Reacciones y consecuencias<\/h3>\n<p>El acto del empleado ha provocado una ola de reacciones entre la comunidad y los usuarios del aeropuerto. Muchos expresan su preocupaci\u00f3n por la seguridad de sus veh\u00edculos cuando estos se quedan en parkings de largo plazo. Adem\u00e1s, el incidente ha motivado a los responsables del aeropuerto a revisar y potencialmente modificar las medidas de seguridad existentes para evitar que situaciones similares se repitan en el futuro.<\/p>\n<p>Por su parte, la turista afectada ha recibido disculpas formales por parte de la administraci\u00f3n del aeropuerto, y se est\u00e1n tomando medidas para compensarla por los inconvenientes sufridos. El empleado, por otro lado, enfrenta una posible sanci\u00f3n y el riesgo de perder su empleo, dependiendo de los resultados de la investigaci\u00f3n interna que se est\u00e1 llevando a cabo.<\/p>\n<p>Este incidente ha servido como un recordatorio cr\u00edtico de la importancia de mantener y respetar la privacidad y la propiedad de los visitantes, y tambi\u00e9n pone de relieve la necesidad de establecer controles m\u00e1s estrictos sobre el personal que tiene acceso a propiedades personales en instalaciones cr\u00edticas como los aeropuertos.<\/p>\n\n\n<div class=\"kk-star-ratings kksr-auto kksr-align-left kksr-valign-bottom\"\n    data-payload='{&quot;align&quot;:&quot;left&quot;,&quot;id&quot;:&quot;5877&quot;,&quot;slug&quot;:&quot;default&quot;,&quot;valign&quot;:&quot;bottom&quot;,&quot;ignore&quot;:&quot;&quot;,&quot;reference&quot;:&quot;auto&quot;,&quot;class&quot;:&quot;&quot;,&quot;count&quot;:&quot;0&quot;,&quot;legendonly&quot;:&quot;&quot;,&quot;readonly&quot;:&quot;&quot;,&quot;score&quot;:&quot;0&quot;,&quot;starsonly&quot;:&quot;&quot;,&quot;best&quot;:&quot;5&quot;,&quot;gap&quot;:&quot;5&quot;,&quot;greet&quot;:&quot;Valora este post&quot;,&quot;legend&quot;:&quot;0\\\/5 - (0 votes)&quot;,&quot;size&quot;:&quot;22&quot;,&quot;title&quot;:&quot;\u00a1Incre\u00edble! Trabajador de aeropuerto usa coche de turista para ir de compras en Bilbao&quot;,&quot;width&quot;:&quot;0&quot;,&quot;_legend&quot;:&quot;{score}\\\/{best} - ({count} {votes})&quot;,&quot;font_factor&quot;:&quot;1.25&quot;}'>\n            \n<div class=\"kksr-stars\">\n    \n<div class=\"kksr-stars-inactive\">\n            <div class=\"kksr-star\" data-star=\"1\" style=\"padding-right: 5px\">\n            \n\n<div class=\"kksr-icon\" style=\"width: 22px; height: 22px;\"><\/div>\n        <\/div>\n            <div class=\"kksr-star\" data-star=\"2\" style=\"padding-right: 5px\">\n            \n\n<div class=\"kksr-icon\" style=\"width: 22px; height: 22px;\"><\/div>\n        <\/div>\n            <div class=\"kksr-star\" data-star=\"3\" style=\"padding-right: 5px\">\n            \n\n<div class=\"kksr-icon\" style=\"width: 22px; height: 22px;\"><\/div>\n        <\/div>\n            <div class=\"kksr-star\" data-star=\"4\" style=\"padding-right: 5px\">\n            \n\n<div class=\"kksr-icon\" style=\"width: 22px; height: 22px;\"><\/div>\n        <\/div>\n            <div class=\"kksr-star\" data-star=\"5\" style=\"padding-right: 5px\">\n            \n\n<div class=\"kksr-icon\" style=\"width: 22px; height: 22px;\"><\/div>\n        <\/div>\n    <\/div>\n    \n<div class=\"kksr-stars-active\" style=\"width: 0px;\">\n            <div class=\"kksr-star\" style=\"padding-right: 5px\">\n            \n\n<div class=\"kksr-icon\" style=\"width: 22px; height: 22px;\"><\/div>\n        <\/div>\n            <div class=\"kksr-star\" style=\"padding-right: 5px\">\n            \n\n<div class=\"kksr-icon\" style=\"width: 22px; height: 22px;\"><\/div>\n        <\/div>\n            <div class=\"kksr-star\" style=\"padding-right: 5px\">\n            \n\n<div class=\"kksr-icon\" style=\"width: 22px; height: 22px;\"><\/div>\n        <\/div>\n            <div class=\"kksr-star\" style=\"padding-right: 5px\">\n            \n\n<div class=\"kksr-icon\" style=\"width: 22px; height: 22px;\"><\/div>\n        <\/div>\n            <div class=\"kksr-star\" style=\"padding-right: 5px\">\n            \n\n<div class=\"kksr-icon\" style=\"width: 22px; height: 22px;\"><\/div>\n        <\/div>\n    <\/div>\n<\/div>\n                \n\n<div class=\"kksr-legend\" style=\"font-size: 17.6px;\">\n            <span class=\"kksr-muted\">Valora este post<\/span>\n    <\/div>\n    <\/div>\n","protected":false},"excerpt":{"rendered":"<p>Un empleado del aeropuerto utiliza el autom\u00f3vil de una visitante para realizar compras en Bilbao En un incidente ins\u00f3lito que ha generado sorpresa y descontento, un &#8230; <a title=\"\u00a1Incre\u00edble! Trabajador de aeropuerto usa coche de turista para ir de compras en Bilbao\" class=\"read-more\" href=\"https:\/\/www.diario21.tv\/noticias\/increible-trabajador-de-aeropuerto-usa-coche-de-turista-para-ir-de-compras-en-bilbao\/\" aria-label=\"Leer m\u00e1s sobre \u00a1Incre\u00edble! Trabajador de aeropuerto usa coche de turista para ir de compras en Bilbao\">Seguir leyendo &rarr;<\/a><\/p>\n","protected":false},"author":20,"featured_media":5878,"comment_status":"open","ping_status":"open","sticky":false,"template":"","format":"standard","meta":{"footnotes":""},"categories":[13],"tags":[],"class_list":["post-5877","post","type-post","status-publish","format-standard","has-post-thumbnail","hentry","category-portada"],"yoast_head":"<!-- This site is optimized with the Yoast SEO plugin v25.6 - https:\/\/yoast.com\/wordpress\/plugins\/seo\/ -->\n<title>\u00a1Incre\u00edble! Trabajador de aeropuerto usa coche de turista para ir de compras en Bilbao - Diario 21<\/title>\n<meta name=\"robots\" content=\"index, follow, max-snippet:-1, max-image-preview:large, max-video-preview:-1\" \/>\n<link rel=\"canonical\" href=\"https:\/\/www.diario21.tv\/noticias\/increible-trabajador-de-aeropuerto-usa-coche-de-turista-para-ir-de-compras-en-bilbao\/\" \/>\n<meta property=\"og:locale\" content=\"es_ES\" \/>\n<meta property=\"og:type\" content=\"article\" \/>\n<meta property=\"og:title\" content=\"\u00a1Incre\u00edble! Trabajador de aeropuerto usa coche de turista para ir de compras en Bilbao - Diario 21\" \/>\n<meta property=\"og:description\" content=\"Un empleado del aeropuerto utiliza el autom\u00f3vil de una visitante para realizar compras en Bilbao En un incidente ins\u00f3lito que ha generado sorpresa y descontento, un ... Seguir leyendo &rarr;\" \/>\n<meta property=\"og:url\" content=\"https:\/\/www.diario21.tv\/noticias\/increible-trabajador-de-aeropuerto-usa-coche-de-turista-para-ir-de-compras-en-bilbao\/\" \/>\n<meta property=\"og:site_name\" content=\"Diario 21\" \/>\n<meta property=\"article:published_time\" content=\"2026-01-15T00:55:06+00:00\" \/>\n<meta property=\"article:modified_time\" content=\"2026-01-15T00:55:08+00:00\" \/>\n<meta property=\"og:image\" content=\"https:\/\/www.diario21.tv\/noticias\/wp-content\/uploads\/2026\/01\/\u00a1Increible-Trabajador-de-aeropuerto-usa-coche-de-turista-para-ir.jpg\" \/>\n\t<meta property=\"og:image:width\" content=\"1200\" \/>\n\t<meta property=\"og:image:height\" content=\"840\" \/>\n\t<meta property=\"og:image:type\" content=\"image\/jpeg\" \/>\n<meta name=\"author\" content=\"Juan P\u00e9rez\" \/>\n<meta name=\"twitter:card\" content=\"summary_large_image\" \/>\n<meta name=\"twitter:label1\" content=\"Escrito por\" \/>\n\t<meta name=\"twitter:data1\" content=\"Juan P\u00e9rez\" \/>\n\t<meta name=\"twitter:label2\" content=\"Tiempo de lectura\" \/>\n\t<meta name=\"twitter:data2\" content=\"2 minutos\" \/>\n<script type=\"application\/ld+json\" class=\"yoast-schema-graph\">{\"@context\":\"https:\/\/schema.org\",\"@graph\":[{\"@type\":\"WebPage\",\"@id\":\"https:\/\/www.diario21.tv\/noticias\/increible-trabajador-de-aeropuerto-usa-coche-de-turista-para-ir-de-compras-en-bilbao\/\",\"url\":\"https:\/\/www.diario21.tv\/noticias\/increible-trabajador-de-aeropuerto-usa-coche-de-turista-para-ir-de-compras-en-bilbao\/\",\"name\":\"\u00a1Incre\u00edble! Trabajador de aeropuerto usa coche de turista para ir de compras en Bilbao - Diario 21\",\"isPartOf\":{\"@id\":\"https:\/\/www.diario21.tv\/noticias\/#website\"},\"primaryImageOfPage\":{\"@id\":\"https:\/\/www.diario21.tv\/noticias\/increible-trabajador-de-aeropuerto-usa-coche-de-turista-para-ir-de-compras-en-bilbao\/#primaryimage\"},\"image\":{\"@id\":\"https:\/\/www.diario21.tv\/noticias\/increible-trabajador-de-aeropuerto-usa-coche-de-turista-para-ir-de-compras-en-bilbao\/#primaryimage\"},\"thumbnailUrl\":\"https:\/\/www.diario21.tv\/noticias\/wp-content\/uploads\/2026\/01\/\u00a1Increible-Trabajador-de-aeropuerto-usa-coche-de-turista-para-ir.jpg\",\"datePublished\":\"2026-01-15T00:55:06+00:00\",\"dateModified\":\"2026-01-15T00:55:08+00:00\",\"author\":{\"@id\":\"https:\/\/www.diario21.tv\/noticias\/#\/schema\/person\/dfb778f73814d8f09f302618446a526b\"},\"breadcrumb\":{\"@id\":\"https:\/\/www.diario21.tv\/noticias\/increible-trabajador-de-aeropuerto-usa-coche-de-turista-para-ir-de-compras-en-bilbao\/#breadcrumb\"},\"inLanguage\":\"es-AR\",\"potentialAction\":[{\"@type\":\"ReadAction\",\"target\":[\"https:\/\/www.diario21.tv\/noticias\/increible-trabajador-de-aeropuerto-usa-coche-de-turista-para-ir-de-compras-en-bilbao\/\"]}]},{\"@type\":\"ImageObject\",\"inLanguage\":\"es-AR\",\"@id\":\"https:\/\/www.diario21.tv\/noticias\/increible-trabajador-de-aeropuerto-usa-coche-de-turista-para-ir-de-compras-en-bilbao\/#primaryimage\",\"url\":\"https:\/\/www.diario21.tv\/noticias\/wp-content\/uploads\/2026\/01\/\u00a1Increible-Trabajador-de-aeropuerto-usa-coche-de-turista-para-ir.jpg\",\"contentUrl\":\"https:\/\/www.diario21.tv\/noticias\/wp-content\/uploads\/2026\/01\/\u00a1Increible-Trabajador-de-aeropuerto-usa-coche-de-turista-para-ir.jpg\",\"width\":1200,\"height\":840,\"caption\":\"Un trabajador del aeropuerto coge el coche de una turista para irse a hacer la compra a Bilbao\"},{\"@type\":\"BreadcrumbList\",\"@id\":\"https:\/\/www.diario21.tv\/noticias\/increible-trabajador-de-aeropuerto-usa-coche-de-turista-para-ir-de-compras-en-bilbao\/#breadcrumb\",\"itemListElement\":[{\"@type\":\"ListItem\",\"position\":1,\"name\":\"Accueil\",\"item\":\"https:\/\/www.diario21.tv\/noticias\/\"},{\"@type\":\"ListItem\",\"position\":2,\"name\":\"\u00a1Incre\u00edble! Trabajador de aeropuerto usa coche de turista para ir de compras en Bilbao\"}]},{\"@type\":\"WebSite\",\"@id\":\"https:\/\/www.diario21.tv\/noticias\/#website\",\"url\":\"https:\/\/www.diario21.tv\/noticias\/\",\"name\":\"Diario 21\",\"description\":\"\",\"potentialAction\":[{\"@type\":\"SearchAction\",\"target\":{\"@type\":\"EntryPoint\",\"urlTemplate\":\"https:\/\/www.diario21.tv\/noticias\/?s={search_term_string}\"},\"query-input\":{\"@type\":\"PropertyValueSpecification\",\"valueRequired\":true,\"valueName\":\"search_term_string\"}}],\"inLanguage\":\"es-AR\"},{\"@type\":\"Person\",\"@id\":\"https:\/\/www.diario21.tv\/noticias\/#\/schema\/person\/dfb778f73814d8f09f302618446a526b\",\"name\":\"Juan P\u00e9rez\",\"image\":{\"@type\":\"ImageObject\",\"inLanguage\":\"es-AR\",\"@id\":\"https:\/\/www.diario21.tv\/noticias\/#\/schema\/person\/image\/\",\"url\":\"https:\/\/secure.gravatar.com\/avatar\/c478a405bd10621167f4c3167cc770f5?s=96&d=mm&r=g\",\"contentUrl\":\"https:\/\/secure.gravatar.com\/avatar\/c478a405bd10621167f4c3167cc770f5?s=96&d=mm&r=g\",\"caption\":\"Juan P\u00e9rez\"},\"description\":\"Juan P\u00e9rez es el redactor en jefe de Diario 21. Con m\u00e1s de 10 a\u00f1os de experiencia en el periodismo, se especializa en pol\u00edtica nacional y an\u00e1lisis socioecon\u00f3mico. Su enfoque cr\u00edtico y riguroso aporta una perspectiva \u00fanica a cada art\u00edculo.\",\"sameAs\":[\"https:\/\/www.diario21.tv\/noticias\/\"],\"url\":\"https:\/\/www.diario21.tv\/noticias\/author\/juan-perez\/\"}]}<\/script>\n<!-- \/ Yoast SEO plugin. -->","yoast_head_json":{"title":"\u00a1Incre\u00edble! Trabajador de aeropuerto usa coche de turista para ir de compras en Bilbao - Diario 21","robots":{"index":"index","follow":"follow","max-snippet":"max-snippet:-1","max-image-preview":"max-image-preview:large","max-video-preview":"max-video-preview:-1"},"canonical":"https:\/\/www.diario21.tv\/noticias\/increible-trabajador-de-aeropuerto-usa-coche-de-turista-para-ir-de-compras-en-bilbao\/","og_locale":"es_ES","og_type":"article","og_title":"\u00a1Incre\u00edble! Trabajador de aeropuerto usa coche de turista para ir de compras en Bilbao - Diario 21","og_description":"Un empleado del aeropuerto utiliza el autom\u00f3vil de una visitante para realizar compras en Bilbao En un incidente ins\u00f3lito que ha generado sorpresa y descontento, un ... Seguir leyendo &rarr;","og_url":"https:\/\/www.diario21.tv\/noticias\/increible-trabajador-de-aeropuerto-usa-coche-de-turista-para-ir-de-compras-en-bilbao\/","og_site_name":"Diario 21","article_published_time":"2026-01-15T00:55:06+00:00","article_modified_time":"2026-01-15T00:55:08+00:00","og_image":[{"width":1200,"height":840,"url":"https:\/\/www.diario21.tv\/noticias\/wp-content\/uploads\/2026\/01\/\u00a1Increible-Trabajador-de-aeropuerto-usa-coche-de-turista-para-ir.jpg","type":"image\/jpeg"}],"author":"Juan P\u00e9rez","twitter_card":"summary_large_image","twitter_misc":{"Escrito por":"Juan P\u00e9rez","Tiempo de lectura":"2 minutos"},"schema":{"@context":"https:\/\/schema.org","@graph":[{"@type":"WebPage","@id":"https:\/\/www.diario21.tv\/noticias\/increible-trabajador-de-aeropuerto-usa-coche-de-turista-para-ir-de-compras-en-bilbao\/","url":"https:\/\/www.diario21.tv\/noticias\/increible-trabajador-de-aeropuerto-usa-coche-de-turista-para-ir-de-compras-en-bilbao\/","name":"\u00a1Incre\u00edble! Trabajador de aeropuerto usa coche de turista para ir de compras en Bilbao - Diario 21","isPartOf":{"@id":"https:\/\/www.diario21.tv\/noticias\/#website"},"primaryImageOfPage":{"@id":"https:\/\/www.diario21.tv\/noticias\/increible-trabajador-de-aeropuerto-usa-coche-de-turista-para-ir-de-compras-en-bilbao\/#primaryimage"},"image":{"@id":"https:\/\/www.diario21.tv\/noticias\/increible-trabajador-de-aeropuerto-usa-coche-de-turista-para-ir-de-compras-en-bilbao\/#primaryimage"},"thumbnailUrl":"https:\/\/www.diario21.tv\/noticias\/wp-content\/uploads\/2026\/01\/\u00a1Increible-Trabajador-de-aeropuerto-usa-coche-de-turista-para-ir.jpg","datePublished":"2026-01-15T00:55:06+00:00","dateModified":"2026-01-15T00:55:08+00:00","author":{"@id":"https:\/\/www.diario21.tv\/noticias\/#\/schema\/person\/dfb778f73814d8f09f302618446a526b"},"breadcrumb":{"@id":"https:\/\/www.diario21.tv\/noticias\/increible-trabajador-de-aeropuerto-usa-coche-de-turista-para-ir-de-compras-en-bilbao\/#breadcrumb"},"inLanguage":"es-AR","potentialAction":[{"@type":"ReadAction","target":["https:\/\/www.diario21.tv\/noticias\/increible-trabajador-de-aeropuerto-usa-coche-de-turista-para-ir-de-compras-en-bilbao\/"]}]},{"@type":"ImageObject","inLanguage":"es-AR","@id":"https:\/\/www.diario21.tv\/noticias\/increible-trabajador-de-aeropuerto-usa-coche-de-turista-para-ir-de-compras-en-bilbao\/#primaryimage","url":"https:\/\/www.diario21.tv\/noticias\/wp-content\/uploads\/2026\/01\/\u00a1Increible-Trabajador-de-aeropuerto-usa-coche-de-turista-para-ir.jpg","contentUrl":"https:\/\/www.diario21.tv\/noticias\/wp-content\/uploads\/2026\/01\/\u00a1Increible-Trabajador-de-aeropuerto-usa-coche-de-turista-para-ir.jpg","width":1200,"height":840,"caption":"Un trabajador del aeropuerto coge el coche de una turista para irse a hacer la compra a Bilbao"},{"@type":"BreadcrumbList","@id":"https:\/\/www.diario21.tv\/noticias\/increible-trabajador-de-aeropuerto-usa-coche-de-turista-para-ir-de-compras-en-bilbao\/#breadcrumb","itemListElement":[{"@type":"ListItem","position":1,"name":"Accueil","item":"https:\/\/www.diario21.tv\/noticias\/"},{"@type":"ListItem","position":2,"name":"\u00a1Incre\u00edble! Trabajador de aeropuerto usa coche de turista para ir de compras en Bilbao"}]},{"@type":"WebSite","@id":"https:\/\/www.diario21.tv\/noticias\/#website","url":"https:\/\/www.diario21.tv\/noticias\/","name":"Diario 21","description":"","potentialAction":[{"@type":"SearchAction","target":{"@type":"EntryPoint","urlTemplate":"https:\/\/www.diario21.tv\/noticias\/?s={search_term_string}"},"query-input":{"@type":"PropertyValueSpecification","valueRequired":true,"valueName":"search_term_string"}}],"inLanguage":"es-AR"},{"@type":"Person","@id":"https:\/\/www.diario21.tv\/noticias\/#\/schema\/person\/dfb778f73814d8f09f302618446a526b","name":"Juan P\u00e9rez","image":{"@type":"ImageObject","inLanguage":"es-AR","@id":"https:\/\/www.diario21.tv\/noticias\/#\/schema\/person\/image\/","url":"https:\/\/secure.gravatar.com\/avatar\/c478a405bd10621167f4c3167cc770f5?s=96&d=mm&r=g","contentUrl":"https:\/\/secure.gravatar.com\/avatar\/c478a405bd10621167f4c3167cc770f5?s=96&d=mm&r=g","caption":"Juan P\u00e9rez"},"description":"Juan P\u00e9rez es el redactor en jefe de Diario 21. Con m\u00e1s de 10 a\u00f1os de experiencia en el periodismo, se especializa en pol\u00edtica nacional y an\u00e1lisis socioecon\u00f3mico. Su enfoque cr\u00edtico y riguroso aporta una perspectiva \u00fanica a cada art\u00edculo.","sameAs":["https:\/\/www.diario21.tv\/noticias\/"],"url":"https:\/\/www.diario21.tv\/noticias\/author\/juan-perez\/"}]}},"_links":{"self":[{"href":"https:\/\/www.diario21.tv\/noticias\/wp-json\/wp\/v2\/posts\/5877"}],"collection":[{"href":"https:\/\/www.diario21.tv\/noticias\/wp-json\/wp\/v2\/posts"}],"about":[{"href":"https:\/\/www.diario21.tv\/noticias\/wp-json\/wp\/v2\/types\/post"}],"author":[{"embeddable":true,"href":"https:\/\/www.diario21.tv\/noticias\/wp-json\/wp\/v2\/users\/20"}],"replies":[{"embeddable":true,"href":"https:\/\/www.diario21.tv\/noticias\/wp-json\/wp\/v2\/comments?post=5877"}],"version-history":[{"count":1,"href":"https:\/\/www.diario21.tv\/noticias\/wp-json\/wp\/v2\/posts\/5877\/revisions"}],"predecessor-version":[{"id":5879,"href":"https:\/\/www.diario21.tv\/noticias\/wp-json\/wp\/v2\/posts\/5877\/revisions\/5879"}],"wp:featuredmedia":[{"embeddable":true,"href":"https:\/\/www.diario21.tv\/noticias\/wp-json\/wp\/v2\/media\/5878"}],"wp:attachment":[{"href":"https:\/\/www.diario21.tv\/noticias\/wp-json\/wp\/v2\/media?parent=5877"}],"wp:term":[{"taxonomy":"category","embeddable":true,"href":"https:\/\/www.diario21.tv\/noticias\/wp-json\/wp\/v2\/categories?post=5877"},{"taxonomy":"post_tag","embeddable":true,"href":"https:\/\/www.diario21.tv\/noticias\/wp-json\/wp\/v2\/tags?post=5877"}],"curies":[{"name":"wp","href":"https:\/\/api.w.org\/{rel}","templated":true}]}}