{"id":5874,"date":"2026-01-14T18:53:22","date_gmt":"2026-01-14T18:53:22","guid":{"rendered":"https:\/\/www.diario21.tv\/noticias\/escandalo-en-valencia-colegio-afirma-haber-seguido-protocolo-tras-violacion-grupal-a-menor\/"},"modified":"2026-01-14T18:53:23","modified_gmt":"2026-01-14T18:53:23","slug":"escandalo-en-valencia-colegio-afirma-haber-seguido-protocolo-tras-violacion-grupal-a-menor","status":"publish","type":"post","link":"https:\/\/www.diario21.tv\/noticias\/escandalo-en-valencia-colegio-afirma-haber-seguido-protocolo-tras-violacion-grupal-a-menor\/","title":{"rendered":"\u00a1Esc\u00e1ndalo en Valencia! Colegio afirma haber seguido protocolo tras violaci\u00f3n grupal a menor."},"content":{"rendered":"<h2>El centro educativo del ni\u00f1o v\u00edctima de agresi\u00f3n sexual en Valencia defiende su actuaci\u00f3n<\/h2>\n<p>El instituto donde estudia el joven que fue v\u00edctima de una violaci\u00f3n en grupo en Valencia ha declarado que se siguieron todos los procedimientos establecidos en casos como este. Seg\u00fan representantes del centro, una vez se tuvo conocimiento de los hechos, se activaron de inmediato los protocolos de actuaci\u00f3n para responder de manera adecuada a la situaci\u00f3n.<\/p>\n<h3>Detalles del incidente<\/h3>\n<p>El suceso, que ha conmocionado a la comunidad educativa y a la sociedad valenciana, tuvo lugar dentro de las instalaciones del colegio. El menor, cuya identidad se mantiene en reserva por razones legales, fue presuntamente atacado por un grupo de estudiantes, lo que ha levantado una ola de preocupaci\u00f3n sobre la seguridad en los entornos educativos.<\/p>\n<h3>Respuesta del centro educativo<\/h3>\n<p>Tras el incidente, la direcci\u00f3n del colegio asegur\u00f3 que se tomaron medidas inmediatas para proteger al estudiante y garantizar que los presuntos responsables enfrentaran las consecuencias de sus actos. &#8220;Nuestro primer compromiso es con el bienestar y la seguridad de nuestros estudiantes&#8221;, afirmaron los directivos del centro. Adem\u00e1s, se proporcion\u00f3 apoyo psicol\u00f3gico al menor afectado y se estableci\u00f3 una comunicaci\u00f3n constante con su familia para ofrecerles toda la asistencia necesaria.<\/p>\n<h3>Medidas adoptadas<\/h3>\n<p>Con el fin de prevenir futuras incidencias, el colegio ha revisado y fortalecido sus protocolos de seguridad. Esto incluye la realizaci\u00f3n de talleres y charlas sobre respeto y convivencia, as\u00ed como un seguimiento m\u00e1s riguroso del comportamiento de los estudiantes dentro del recinto escolar. &#8220;Estamos comprometidos con crear un ambiente seguro para todos nuestros alumnos&#8221;, explic\u00f3 un portavoz del colegio.<\/p>\n<h3>Investigaci\u00f3n en curso<\/h3>\n<p>Por su parte, las autoridades contin\u00faan investigando el caso para esclarecer completamente los hechos y determinar la responsabilidad de los involucrados. La fiscal\u00eda ha tomado cartas en el asunto y est\u00e1 en proceso de recabar todas las pruebas necesarias para llevar a cabo un juicio justo.<\/p>\n<p>Este lamentable evento ha puesto de relieve la necesidad de mantener y reforzar las medidas de seguridad y los protocolos de actuaci\u00f3n en los centros educativos, para asegurar que estos sean espacios seguros para el aprendizaje y el desarrollo de los j\u00f3venes.<\/p>\n\n\n<div class=\"kk-star-ratings kksr-auto kksr-align-left kksr-valign-bottom\"\n    data-payload='{&quot;align&quot;:&quot;left&quot;,&quot;id&quot;:&quot;5874&quot;,&quot;slug&quot;:&quot;default&quot;,&quot;valign&quot;:&quot;bottom&quot;,&quot;ignore&quot;:&quot;&quot;,&quot;reference&quot;:&quot;auto&quot;,&quot;class&quot;:&quot;&quot;,&quot;count&quot;:&quot;0&quot;,&quot;legendonly&quot;:&quot;&quot;,&quot;readonly&quot;:&quot;&quot;,&quot;score&quot;:&quot;0&quot;,&quot;starsonly&quot;:&quot;&quot;,&quot;best&quot;:&quot;5&quot;,&quot;gap&quot;:&quot;5&quot;,&quot;greet&quot;:&quot;Valora este post&quot;,&quot;legend&quot;:&quot;0\\\/5 - (0 votes)&quot;,&quot;size&quot;:&quot;22&quot;,&quot;title&quot;:&quot;\u00a1Esc\u00e1ndalo en Valencia! Colegio afirma haber seguido protocolo tras violaci\u00f3n grupal a menor.&quot;,&quot;width&quot;:&quot;0&quot;,&quot;_legend&quot;:&quot;{score}\\\/{best} - ({count} {votes})&quot;,&quot;font_factor&quot;:&quot;1.25&quot;}'>\n            \n<div class=\"kksr-stars\">\n    \n<div class=\"kksr-stars-inactive\">\n            <div class=\"kksr-star\" data-star=\"1\" style=\"padding-right: 5px\">\n            \n\n<div class=\"kksr-icon\" style=\"width: 22px; height: 22px;\"><\/div>\n        <\/div>\n            <div class=\"kksr-star\" data-star=\"2\" style=\"padding-right: 5px\">\n            \n\n<div class=\"kksr-icon\" style=\"width: 22px; height: 22px;\"><\/div>\n        <\/div>\n            <div class=\"kksr-star\" data-star=\"3\" style=\"padding-right: 5px\">\n            \n\n<div class=\"kksr-icon\" style=\"width: 22px; height: 22px;\"><\/div>\n        <\/div>\n            <div class=\"kksr-star\" data-star=\"4\" style=\"padding-right: 5px\">\n            \n\n<div class=\"kksr-icon\" style=\"width: 22px; height: 22px;\"><\/div>\n        <\/div>\n            <div class=\"kksr-star\" data-star=\"5\" style=\"padding-right: 5px\">\n            \n\n<div class=\"kksr-icon\" style=\"width: 22px; height: 22px;\"><\/div>\n        <\/div>\n    <\/div>\n    \n<div class=\"kksr-stars-active\" style=\"width: 0px;\">\n            <div class=\"kksr-star\" style=\"padding-right: 5px\">\n            \n\n<div class=\"kksr-icon\" style=\"width: 22px; height: 22px;\"><\/div>\n        <\/div>\n            <div class=\"kksr-star\" style=\"padding-right: 5px\">\n            \n\n<div class=\"kksr-icon\" style=\"width: 22px; height: 22px;\"><\/div>\n        <\/div>\n            <div class=\"kksr-star\" style=\"padding-right: 5px\">\n            \n\n<div class=\"kksr-icon\" style=\"width: 22px; height: 22px;\"><\/div>\n        <\/div>\n            <div class=\"kksr-star\" style=\"padding-right: 5px\">\n            \n\n<div class=\"kksr-icon\" style=\"width: 22px; height: 22px;\"><\/div>\n        <\/div>\n            <div class=\"kksr-star\" style=\"padding-right: 5px\">\n            \n\n<div class=\"kksr-icon\" style=\"width: 22px; height: 22px;\"><\/div>\n        <\/div>\n    <\/div>\n<\/div>\n                \n\n<div class=\"kksr-legend\" style=\"font-size: 17.6px;\">\n            <span class=\"kksr-muted\">Valora este post<\/span>\n    <\/div>\n    <\/div>\n","protected":false},"excerpt":{"rendered":"<p>El centro educativo del ni\u00f1o v\u00edctima de agresi\u00f3n sexual en Valencia defiende su actuaci\u00f3n El instituto donde estudia el joven que fue v\u00edctima de una violaci\u00f3n &#8230; <a title=\"\u00a1Esc\u00e1ndalo en Valencia! Colegio afirma haber seguido protocolo tras violaci\u00f3n grupal a menor.\" class=\"read-more\" href=\"https:\/\/www.diario21.tv\/noticias\/escandalo-en-valencia-colegio-afirma-haber-seguido-protocolo-tras-violacion-grupal-a-menor\/\" aria-label=\"Leer m\u00e1s sobre \u00a1Esc\u00e1ndalo en Valencia! Colegio afirma haber seguido protocolo tras violaci\u00f3n grupal a menor.\">Seguir leyendo &rarr;<\/a><\/p>\n","protected":false},"author":20,"featured_media":5875,"comment_status":"open","ping_status":"open","sticky":false,"template":"","format":"standard","meta":{"footnotes":""},"categories":[13],"tags":[],"class_list":["post-5874","post","type-post","status-publish","format-standard","has-post-thumbnail","hentry","category-portada"],"yoast_head":"<!-- This site is optimized with the Yoast SEO plugin v25.6 - https:\/\/yoast.com\/wordpress\/plugins\/seo\/ -->\n<title>\u00a1Esc\u00e1ndalo en Valencia! Colegio afirma haber seguido protocolo tras violaci\u00f3n grupal a menor. - Diario 21<\/title>\n<meta name=\"robots\" content=\"index, follow, max-snippet:-1, max-image-preview:large, max-video-preview:-1\" \/>\n<link rel=\"canonical\" href=\"https:\/\/www.diario21.tv\/noticias\/escandalo-en-valencia-colegio-afirma-haber-seguido-protocolo-tras-violacion-grupal-a-menor\/\" \/>\n<meta property=\"og:locale\" content=\"es_ES\" \/>\n<meta property=\"og:type\" content=\"article\" \/>\n<meta property=\"og:title\" content=\"\u00a1Esc\u00e1ndalo en Valencia! Colegio afirma haber seguido protocolo tras violaci\u00f3n grupal a menor. - Diario 21\" \/>\n<meta property=\"og:description\" content=\"El centro educativo del ni\u00f1o v\u00edctima de agresi\u00f3n sexual en Valencia defiende su actuaci\u00f3n El instituto donde estudia el joven que fue v\u00edctima de una violaci\u00f3n ... Seguir leyendo &rarr;\" \/>\n<meta property=\"og:url\" content=\"https:\/\/www.diario21.tv\/noticias\/escandalo-en-valencia-colegio-afirma-haber-seguido-protocolo-tras-violacion-grupal-a-menor\/\" \/>\n<meta property=\"og:site_name\" content=\"Diario 21\" \/>\n<meta property=\"article:published_time\" content=\"2026-01-14T18:53:22+00:00\" \/>\n<meta property=\"article:modified_time\" content=\"2026-01-14T18:53:23+00:00\" \/>\n<meta property=\"og:image\" content=\"https:\/\/www.diario21.tv\/noticias\/wp-content\/uploads\/2026\/01\/\u00a1Escandalo-en-Valencia-Colegio-afirma-haber-seguido-protocolo-tras-violacion.jpg\" \/>\n\t<meta property=\"og:image:width\" content=\"1200\" \/>\n\t<meta property=\"og:image:height\" content=\"840\" \/>\n\t<meta property=\"og:image:type\" content=\"image\/jpeg\" \/>\n<meta name=\"author\" content=\"Juan P\u00e9rez\" \/>\n<meta name=\"twitter:card\" content=\"summary_large_image\" \/>\n<meta name=\"twitter:label1\" content=\"Escrito por\" \/>\n\t<meta name=\"twitter:data1\" content=\"Juan P\u00e9rez\" \/>\n\t<meta name=\"twitter:label2\" content=\"Tiempo de lectura\" \/>\n\t<meta name=\"twitter:data2\" content=\"2 minutos\" \/>\n<script type=\"application\/ld+json\" class=\"yoast-schema-graph\">{\"@context\":\"https:\/\/schema.org\",\"@graph\":[{\"@type\":\"WebPage\",\"@id\":\"https:\/\/www.diario21.tv\/noticias\/escandalo-en-valencia-colegio-afirma-haber-seguido-protocolo-tras-violacion-grupal-a-menor\/\",\"url\":\"https:\/\/www.diario21.tv\/noticias\/escandalo-en-valencia-colegio-afirma-haber-seguido-protocolo-tras-violacion-grupal-a-menor\/\",\"name\":\"\u00a1Esc\u00e1ndalo en Valencia! Colegio afirma haber seguido protocolo tras violaci\u00f3n grupal a menor. - Diario 21\",\"isPartOf\":{\"@id\":\"https:\/\/www.diario21.tv\/noticias\/#website\"},\"primaryImageOfPage\":{\"@id\":\"https:\/\/www.diario21.tv\/noticias\/escandalo-en-valencia-colegio-afirma-haber-seguido-protocolo-tras-violacion-grupal-a-menor\/#primaryimage\"},\"image\":{\"@id\":\"https:\/\/www.diario21.tv\/noticias\/escandalo-en-valencia-colegio-afirma-haber-seguido-protocolo-tras-violacion-grupal-a-menor\/#primaryimage\"},\"thumbnailUrl\":\"https:\/\/www.diario21.tv\/noticias\/wp-content\/uploads\/2026\/01\/\u00a1Escandalo-en-Valencia-Colegio-afirma-haber-seguido-protocolo-tras-violacion.jpg\",\"datePublished\":\"2026-01-14T18:53:22+00:00\",\"dateModified\":\"2026-01-14T18:53:23+00:00\",\"author\":{\"@id\":\"https:\/\/www.diario21.tv\/noticias\/#\/schema\/person\/dfb778f73814d8f09f302618446a526b\"},\"breadcrumb\":{\"@id\":\"https:\/\/www.diario21.tv\/noticias\/escandalo-en-valencia-colegio-afirma-haber-seguido-protocolo-tras-violacion-grupal-a-menor\/#breadcrumb\"},\"inLanguage\":\"es-AR\",\"potentialAction\":[{\"@type\":\"ReadAction\",\"target\":[\"https:\/\/www.diario21.tv\/noticias\/escandalo-en-valencia-colegio-afirma-haber-seguido-protocolo-tras-violacion-grupal-a-menor\/\"]}]},{\"@type\":\"ImageObject\",\"inLanguage\":\"es-AR\",\"@id\":\"https:\/\/www.diario21.tv\/noticias\/escandalo-en-valencia-colegio-afirma-haber-seguido-protocolo-tras-violacion-grupal-a-menor\/#primaryimage\",\"url\":\"https:\/\/www.diario21.tv\/noticias\/wp-content\/uploads\/2026\/01\/\u00a1Escandalo-en-Valencia-Colegio-afirma-haber-seguido-protocolo-tras-violacion.jpg\",\"contentUrl\":\"https:\/\/www.diario21.tv\/noticias\/wp-content\/uploads\/2026\/01\/\u00a1Escandalo-en-Valencia-Colegio-afirma-haber-seguido-protocolo-tras-violacion.jpg\",\"width\":1200,\"height\":840,\"caption\":\"El colegio del menor que sufri\u00f3 una violaci\u00f3n grupal en Valencia alega que cumplieron el protocolo\"},{\"@type\":\"BreadcrumbList\",\"@id\":\"https:\/\/www.diario21.tv\/noticias\/escandalo-en-valencia-colegio-afirma-haber-seguido-protocolo-tras-violacion-grupal-a-menor\/#breadcrumb\",\"itemListElement\":[{\"@type\":\"ListItem\",\"position\":1,\"name\":\"Accueil\",\"item\":\"https:\/\/www.diario21.tv\/noticias\/\"},{\"@type\":\"ListItem\",\"position\":2,\"name\":\"\u00a1Esc\u00e1ndalo en Valencia! Colegio afirma haber seguido protocolo tras violaci\u00f3n grupal a menor.\"}]},{\"@type\":\"WebSite\",\"@id\":\"https:\/\/www.diario21.tv\/noticias\/#website\",\"url\":\"https:\/\/www.diario21.tv\/noticias\/\",\"name\":\"Diario 21\",\"description\":\"\",\"potentialAction\":[{\"@type\":\"SearchAction\",\"target\":{\"@type\":\"EntryPoint\",\"urlTemplate\":\"https:\/\/www.diario21.tv\/noticias\/?s={search_term_string}\"},\"query-input\":{\"@type\":\"PropertyValueSpecification\",\"valueRequired\":true,\"valueName\":\"search_term_string\"}}],\"inLanguage\":\"es-AR\"},{\"@type\":\"Person\",\"@id\":\"https:\/\/www.diario21.tv\/noticias\/#\/schema\/person\/dfb778f73814d8f09f302618446a526b\",\"name\":\"Juan P\u00e9rez\",\"image\":{\"@type\":\"ImageObject\",\"inLanguage\":\"es-AR\",\"@id\":\"https:\/\/www.diario21.tv\/noticias\/#\/schema\/person\/image\/\",\"url\":\"https:\/\/secure.gravatar.com\/avatar\/c478a405bd10621167f4c3167cc770f5?s=96&d=mm&r=g\",\"contentUrl\":\"https:\/\/secure.gravatar.com\/avatar\/c478a405bd10621167f4c3167cc770f5?s=96&d=mm&r=g\",\"caption\":\"Juan P\u00e9rez\"},\"description\":\"Juan P\u00e9rez es el redactor en jefe de Diario 21. Con m\u00e1s de 10 a\u00f1os de experiencia en el periodismo, se especializa en pol\u00edtica nacional y an\u00e1lisis socioecon\u00f3mico. Su enfoque cr\u00edtico y riguroso aporta una perspectiva \u00fanica a cada art\u00edculo.\",\"sameAs\":[\"https:\/\/www.diario21.tv\/noticias\/\"],\"url\":\"https:\/\/www.diario21.tv\/noticias\/author\/juan-perez\/\"}]}<\/script>\n<!-- \/ Yoast SEO plugin. -->","yoast_head_json":{"title":"\u00a1Esc\u00e1ndalo en Valencia! Colegio afirma haber seguido protocolo tras violaci\u00f3n grupal a menor. - Diario 21","robots":{"index":"index","follow":"follow","max-snippet":"max-snippet:-1","max-image-preview":"max-image-preview:large","max-video-preview":"max-video-preview:-1"},"canonical":"https:\/\/www.diario21.tv\/noticias\/escandalo-en-valencia-colegio-afirma-haber-seguido-protocolo-tras-violacion-grupal-a-menor\/","og_locale":"es_ES","og_type":"article","og_title":"\u00a1Esc\u00e1ndalo en Valencia! Colegio afirma haber seguido protocolo tras violaci\u00f3n grupal a menor. - Diario 21","og_description":"El centro educativo del ni\u00f1o v\u00edctima de agresi\u00f3n sexual en Valencia defiende su actuaci\u00f3n El instituto donde estudia el joven que fue v\u00edctima de una violaci\u00f3n ... Seguir leyendo &rarr;","og_url":"https:\/\/www.diario21.tv\/noticias\/escandalo-en-valencia-colegio-afirma-haber-seguido-protocolo-tras-violacion-grupal-a-menor\/","og_site_name":"Diario 21","article_published_time":"2026-01-14T18:53:22+00:00","article_modified_time":"2026-01-14T18:53:23+00:00","og_image":[{"width":1200,"height":840,"url":"https:\/\/www.diario21.tv\/noticias\/wp-content\/uploads\/2026\/01\/\u00a1Escandalo-en-Valencia-Colegio-afirma-haber-seguido-protocolo-tras-violacion.jpg","type":"image\/jpeg"}],"author":"Juan P\u00e9rez","twitter_card":"summary_large_image","twitter_misc":{"Escrito por":"Juan P\u00e9rez","Tiempo de lectura":"2 minutos"},"schema":{"@context":"https:\/\/schema.org","@graph":[{"@type":"WebPage","@id":"https:\/\/www.diario21.tv\/noticias\/escandalo-en-valencia-colegio-afirma-haber-seguido-protocolo-tras-violacion-grupal-a-menor\/","url":"https:\/\/www.diario21.tv\/noticias\/escandalo-en-valencia-colegio-afirma-haber-seguido-protocolo-tras-violacion-grupal-a-menor\/","name":"\u00a1Esc\u00e1ndalo en Valencia! Colegio afirma haber seguido protocolo tras violaci\u00f3n grupal a menor. - Diario 21","isPartOf":{"@id":"https:\/\/www.diario21.tv\/noticias\/#website"},"primaryImageOfPage":{"@id":"https:\/\/www.diario21.tv\/noticias\/escandalo-en-valencia-colegio-afirma-haber-seguido-protocolo-tras-violacion-grupal-a-menor\/#primaryimage"},"image":{"@id":"https:\/\/www.diario21.tv\/noticias\/escandalo-en-valencia-colegio-afirma-haber-seguido-protocolo-tras-violacion-grupal-a-menor\/#primaryimage"},"thumbnailUrl":"https:\/\/www.diario21.tv\/noticias\/wp-content\/uploads\/2026\/01\/\u00a1Escandalo-en-Valencia-Colegio-afirma-haber-seguido-protocolo-tras-violacion.jpg","datePublished":"2026-01-14T18:53:22+00:00","dateModified":"2026-01-14T18:53:23+00:00","author":{"@id":"https:\/\/www.diario21.tv\/noticias\/#\/schema\/person\/dfb778f73814d8f09f302618446a526b"},"breadcrumb":{"@id":"https:\/\/www.diario21.tv\/noticias\/escandalo-en-valencia-colegio-afirma-haber-seguido-protocolo-tras-violacion-grupal-a-menor\/#breadcrumb"},"inLanguage":"es-AR","potentialAction":[{"@type":"ReadAction","target":["https:\/\/www.diario21.tv\/noticias\/escandalo-en-valencia-colegio-afirma-haber-seguido-protocolo-tras-violacion-grupal-a-menor\/"]}]},{"@type":"ImageObject","inLanguage":"es-AR","@id":"https:\/\/www.diario21.tv\/noticias\/escandalo-en-valencia-colegio-afirma-haber-seguido-protocolo-tras-violacion-grupal-a-menor\/#primaryimage","url":"https:\/\/www.diario21.tv\/noticias\/wp-content\/uploads\/2026\/01\/\u00a1Escandalo-en-Valencia-Colegio-afirma-haber-seguido-protocolo-tras-violacion.jpg","contentUrl":"https:\/\/www.diario21.tv\/noticias\/wp-content\/uploads\/2026\/01\/\u00a1Escandalo-en-Valencia-Colegio-afirma-haber-seguido-protocolo-tras-violacion.jpg","width":1200,"height":840,"caption":"El colegio del menor que sufri\u00f3 una violaci\u00f3n grupal en Valencia alega que cumplieron el protocolo"},{"@type":"BreadcrumbList","@id":"https:\/\/www.diario21.tv\/noticias\/escandalo-en-valencia-colegio-afirma-haber-seguido-protocolo-tras-violacion-grupal-a-menor\/#breadcrumb","itemListElement":[{"@type":"ListItem","position":1,"name":"Accueil","item":"https:\/\/www.diario21.tv\/noticias\/"},{"@type":"ListItem","position":2,"name":"\u00a1Esc\u00e1ndalo en Valencia! Colegio afirma haber seguido protocolo tras violaci\u00f3n grupal a menor."}]},{"@type":"WebSite","@id":"https:\/\/www.diario21.tv\/noticias\/#website","url":"https:\/\/www.diario21.tv\/noticias\/","name":"Diario 21","description":"","potentialAction":[{"@type":"SearchAction","target":{"@type":"EntryPoint","urlTemplate":"https:\/\/www.diario21.tv\/noticias\/?s={search_term_string}"},"query-input":{"@type":"PropertyValueSpecification","valueRequired":true,"valueName":"search_term_string"}}],"inLanguage":"es-AR"},{"@type":"Person","@id":"https:\/\/www.diario21.tv\/noticias\/#\/schema\/person\/dfb778f73814d8f09f302618446a526b","name":"Juan P\u00e9rez","image":{"@type":"ImageObject","inLanguage":"es-AR","@id":"https:\/\/www.diario21.tv\/noticias\/#\/schema\/person\/image\/","url":"https:\/\/secure.gravatar.com\/avatar\/c478a405bd10621167f4c3167cc770f5?s=96&d=mm&r=g","contentUrl":"https:\/\/secure.gravatar.com\/avatar\/c478a405bd10621167f4c3167cc770f5?s=96&d=mm&r=g","caption":"Juan P\u00e9rez"},"description":"Juan P\u00e9rez es el redactor en jefe de Diario 21. Con m\u00e1s de 10 a\u00f1os de experiencia en el periodismo, se especializa en pol\u00edtica nacional y an\u00e1lisis socioecon\u00f3mico. Su enfoque cr\u00edtico y riguroso aporta una perspectiva \u00fanica a cada art\u00edculo.","sameAs":["https:\/\/www.diario21.tv\/noticias\/"],"url":"https:\/\/www.diario21.tv\/noticias\/author\/juan-perez\/"}]}},"_links":{"self":[{"href":"https:\/\/www.diario21.tv\/noticias\/wp-json\/wp\/v2\/posts\/5874"}],"collection":[{"href":"https:\/\/www.diario21.tv\/noticias\/wp-json\/wp\/v2\/posts"}],"about":[{"href":"https:\/\/www.diario21.tv\/noticias\/wp-json\/wp\/v2\/types\/post"}],"author":[{"embeddable":true,"href":"https:\/\/www.diario21.tv\/noticias\/wp-json\/wp\/v2\/users\/20"}],"replies":[{"embeddable":true,"href":"https:\/\/www.diario21.tv\/noticias\/wp-json\/wp\/v2\/comments?post=5874"}],"version-history":[{"count":1,"href":"https:\/\/www.diario21.tv\/noticias\/wp-json\/wp\/v2\/posts\/5874\/revisions"}],"predecessor-version":[{"id":5876,"href":"https:\/\/www.diario21.tv\/noticias\/wp-json\/wp\/v2\/posts\/5874\/revisions\/5876"}],"wp:featuredmedia":[{"embeddable":true,"href":"https:\/\/www.diario21.tv\/noticias\/wp-json\/wp\/v2\/media\/5875"}],"wp:attachment":[{"href":"https:\/\/www.diario21.tv\/noticias\/wp-json\/wp\/v2\/media?parent=5874"}],"wp:term":[{"taxonomy":"category","embeddable":true,"href":"https:\/\/www.diario21.tv\/noticias\/wp-json\/wp\/v2\/categories?post=5874"},{"taxonomy":"post_tag","embeddable":true,"href":"https:\/\/www.diario21.tv\/noticias\/wp-json\/wp\/v2\/tags?post=5874"}],"curies":[{"name":"wp","href":"https:\/\/api.w.org\/{rel}","templated":true}]}}