{"id":587,"date":"2024-09-28T03:34:19","date_gmt":"2024-09-28T03:34:19","guid":{"rendered":"https:\/\/www.diario21.tv\/noticias\/impactante-joven-mata-a-su-madre-con-cuchillo-en-pontevedra-y-es-arrestado\/"},"modified":"2024-10-14T09:42:51","modified_gmt":"2024-10-14T09:42:51","slug":"impactante-joven-mata-a-su-madre-con-cuchillo-en-pontevedra-y-es-arrestado","status":"publish","type":"post","link":"https:\/\/www.diario21.tv\/noticias\/impactante-joven-mata-a-su-madre-con-cuchillo-en-pontevedra-y-es-arrestado\/","title":{"rendered":"\u00a1Impactante! Joven mata a su madre con cuchillo en Pontevedra y es arrestado"},"content":{"rendered":"<h2>Un adolescente arrestado en Pontevedra despu\u00e9s de asesinar a su madre con un cuchillo<\/h2>\n<p>En la ciudad de Pontevedra, un incidente tr\u00e1gico ha sacudido a la comunidad local. Un joven ha sido arrestado por las autoridades despu\u00e9s de matar a su propia madre utilizando un cuchillo. Este suceso desgarrador ha causado una gran conmoci\u00f3n tanto en la ciudad como en el pa\u00eds.<\/p>\n<p>El protagonista de este suceso, un adolescente, fue detenido por la polic\u00eda local de Pontevedra tras cometer el asesinato. Seg\u00fan los informes, utiliz\u00f3 un cuchillo para llevar a cabo su acto inimaginablemente cruel.<\/p>\n<p>La v\u00edctima, la madre del joven, muri\u00f3 en el lugar a causa de las heridas infligidas por su propio hijo. Es un hecho que ha dejado a la comunidad local en estado de shock y luto.<\/p>\n<p>El homicidio ocurri\u00f3 en la residencia familiar en Pontevedra. Las circunstancias exactas que llevaron al joven a perpetrar este acto a\u00fan est\u00e1n bajo investigaci\u00f3n. La polic\u00eda est\u00e1 trabajando diligentemente para esclarecer los hechos que rodean este terrible incidente.<\/p>\n<h2>Detalles del arresto<\/h2>\n<p>Tras el incidente, la polic\u00eda local de Pontevedra tom\u00f3 medidas inmediatas y arrest\u00f3 al adolescente. Fue detenido en la escena del crimen sin oponer resistencia.<\/p>\n<p>El joven ahora est\u00e1 bajo custodia y se enfrentar\u00e1 a cargos por el asesinato de su madre. Dependiendo de los resultados de la investigaci\u00f3n en curso, estos cargos podr\u00edan aumentar.<\/p>\n<h2>Reacci\u00f3n de la comunidad<\/h2>\n<p>La noticia del asesinato ha dejado a la comunidad local de Pontevedra en estado de shock. Muchos residentes est\u00e1n lidiando con una mezcla de emociones, desde incredulidad hasta ira y tristeza.<\/p>\n<p>Este incidente ha arrojado una sombra sobre la ciudad, ya que la gente lucha por entender c\u00f3mo un hijo pudo llevar a cabo un acto tan atroz contra su propia madre. Todo el pa\u00eds est\u00e1 en shock y de luto por este tr\u00e1gico suceso.<\/p>\n<p>En conclusi\u00f3n, este tr\u00e1gico incidente ha sacudido a la ciudad de Pontevedra. Un adolescente ha sido arrestado despu\u00e9s de matar a su madre con un cuchillo en un acto de violencia incomprensible. La investigaci\u00f3n sobre el incidente est\u00e1 en curso y la comunidad est\u00e1 tratando de lidiar con la tragedia.<\/p>\n\n\n<div class=\"kk-star-ratings kksr-auto kksr-align-left kksr-valign-bottom\"\n    data-payload='{&quot;align&quot;:&quot;left&quot;,&quot;id&quot;:&quot;587&quot;,&quot;slug&quot;:&quot;default&quot;,&quot;valign&quot;:&quot;bottom&quot;,&quot;ignore&quot;:&quot;&quot;,&quot;reference&quot;:&quot;auto&quot;,&quot;class&quot;:&quot;&quot;,&quot;count&quot;:&quot;0&quot;,&quot;legendonly&quot;:&quot;&quot;,&quot;readonly&quot;:&quot;&quot;,&quot;score&quot;:&quot;0&quot;,&quot;starsonly&quot;:&quot;&quot;,&quot;best&quot;:&quot;5&quot;,&quot;gap&quot;:&quot;5&quot;,&quot;greet&quot;:&quot;Valora este post&quot;,&quot;legend&quot;:&quot;0\\\/5 - (0 votes)&quot;,&quot;size&quot;:&quot;22&quot;,&quot;title&quot;:&quot;\u00a1Impactante! Joven mata a su madre con cuchillo en Pontevedra y es arrestado&quot;,&quot;width&quot;:&quot;0&quot;,&quot;_legend&quot;:&quot;{score}\\\/{best} - ({count} {votes})&quot;,&quot;font_factor&quot;:&quot;1.25&quot;}'>\n            \n<div class=\"kksr-stars\">\n    \n<div class=\"kksr-stars-inactive\">\n            <div class=\"kksr-star\" data-star=\"1\" style=\"padding-right: 5px\">\n            \n\n<div class=\"kksr-icon\" style=\"width: 22px; height: 22px;\"><\/div>\n        <\/div>\n            <div class=\"kksr-star\" data-star=\"2\" style=\"padding-right: 5px\">\n            \n\n<div class=\"kksr-icon\" style=\"width: 22px; height: 22px;\"><\/div>\n        <\/div>\n            <div class=\"kksr-star\" data-star=\"3\" style=\"padding-right: 5px\">\n            \n\n<div class=\"kksr-icon\" style=\"width: 22px; height: 22px;\"><\/div>\n        <\/div>\n            <div class=\"kksr-star\" data-star=\"4\" style=\"padding-right: 5px\">\n            \n\n<div class=\"kksr-icon\" style=\"width: 22px; height: 22px;\"><\/div>\n        <\/div>\n            <div class=\"kksr-star\" data-star=\"5\" style=\"padding-right: 5px\">\n            \n\n<div class=\"kksr-icon\" style=\"width: 22px; height: 22px;\"><\/div>\n        <\/div>\n    <\/div>\n    \n<div class=\"kksr-stars-active\" style=\"width: 0px;\">\n            <div class=\"kksr-star\" style=\"padding-right: 5px\">\n            \n\n<div class=\"kksr-icon\" style=\"width: 22px; height: 22px;\"><\/div>\n        <\/div>\n            <div class=\"kksr-star\" style=\"padding-right: 5px\">\n            \n\n<div class=\"kksr-icon\" style=\"width: 22px; height: 22px;\"><\/div>\n        <\/div>\n            <div class=\"kksr-star\" style=\"padding-right: 5px\">\n            \n\n<div class=\"kksr-icon\" style=\"width: 22px; height: 22px;\"><\/div>\n        <\/div>\n            <div class=\"kksr-star\" style=\"padding-right: 5px\">\n            \n\n<div class=\"kksr-icon\" style=\"width: 22px; height: 22px;\"><\/div>\n        <\/div>\n            <div class=\"kksr-star\" style=\"padding-right: 5px\">\n            \n\n<div class=\"kksr-icon\" style=\"width: 22px; height: 22px;\"><\/div>\n        <\/div>\n    <\/div>\n<\/div>\n                \n\n<div class=\"kksr-legend\" style=\"font-size: 17.6px;\">\n            <span class=\"kksr-muted\">Valora este post<\/span>\n    <\/div>\n    <\/div>\n","protected":false},"excerpt":{"rendered":"<p>Un adolescente arrestado en Pontevedra despu\u00e9s de asesinar a su madre con un cuchillo En la ciudad de Pontevedra, un incidente tr\u00e1gico ha sacudido a la &#8230; <a title=\"\u00a1Impactante! Joven mata a su madre con cuchillo en Pontevedra y es arrestado\" class=\"read-more\" href=\"https:\/\/www.diario21.tv\/noticias\/impactante-joven-mata-a-su-madre-con-cuchillo-en-pontevedra-y-es-arrestado\/\" aria-label=\"Leer m\u00e1s sobre \u00a1Impactante! Joven mata a su madre con cuchillo en Pontevedra y es arrestado\">Seguir leyendo &rarr;<\/a><\/p>\n","protected":false},"author":20,"featured_media":588,"comment_status":"open","ping_status":"open","sticky":false,"template":"","format":"standard","meta":{"footnotes":""},"categories":[12],"tags":[],"class_list":["post-587","post","type-post","status-publish","format-standard","has-post-thumbnail","hentry","category-tendencia"],"yoast_head":"<!-- This site is optimized with the Yoast SEO plugin v25.6 - https:\/\/yoast.com\/wordpress\/plugins\/seo\/ -->\n<title>\u00a1Impactante! Joven mata a su madre con cuchillo en Pontevedra y es arrestado - Diario 21<\/title>\n<meta name=\"robots\" content=\"index, follow, max-snippet:-1, max-image-preview:large, max-video-preview:-1\" \/>\n<link rel=\"canonical\" href=\"https:\/\/www.diario21.tv\/noticias\/impactante-joven-mata-a-su-madre-con-cuchillo-en-pontevedra-y-es-arrestado\/\" \/>\n<meta property=\"og:locale\" content=\"es_ES\" \/>\n<meta property=\"og:type\" content=\"article\" \/>\n<meta property=\"og:title\" content=\"\u00a1Impactante! Joven mata a su madre con cuchillo en Pontevedra y es arrestado - Diario 21\" \/>\n<meta property=\"og:description\" content=\"Un adolescente arrestado en Pontevedra despu\u00e9s de asesinar a su madre con un cuchillo En la ciudad de Pontevedra, un incidente tr\u00e1gico ha sacudido a la ... Seguir leyendo &rarr;\" \/>\n<meta property=\"og:url\" content=\"https:\/\/www.diario21.tv\/noticias\/impactante-joven-mata-a-su-madre-con-cuchillo-en-pontevedra-y-es-arrestado\/\" \/>\n<meta property=\"og:site_name\" content=\"Diario 21\" \/>\n<meta property=\"article:published_time\" content=\"2024-09-28T03:34:19+00:00\" \/>\n<meta property=\"article:modified_time\" content=\"2024-10-14T09:42:51+00:00\" \/>\n<meta property=\"og:image\" content=\"https:\/\/www.diario21.tv\/noticias\/wp-content\/uploads\/2024\/09\/\u00a1Impactante-Joven-mata-a-su-madre-con-cuchillo-en-Pontevedra.jpg\" \/>\n\t<meta property=\"og:image:width\" content=\"1042\" \/>\n\t<meta property=\"og:image:height\" content=\"693\" \/>\n\t<meta property=\"og:image:type\" content=\"image\/jpeg\" \/>\n<meta name=\"author\" content=\"Juan P\u00e9rez\" \/>\n<meta name=\"twitter:card\" content=\"summary_large_image\" \/>\n<meta name=\"twitter:label1\" content=\"Escrito por\" \/>\n\t<meta name=\"twitter:data1\" content=\"Juan P\u00e9rez\" \/>\n\t<meta name=\"twitter:label2\" content=\"Tiempo de lectura\" \/>\n\t<meta name=\"twitter:data2\" content=\"2 minutos\" \/>\n<script type=\"application\/ld+json\" class=\"yoast-schema-graph\">{\"@context\":\"https:\/\/schema.org\",\"@graph\":[{\"@type\":\"WebPage\",\"@id\":\"https:\/\/www.diario21.tv\/noticias\/impactante-joven-mata-a-su-madre-con-cuchillo-en-pontevedra-y-es-arrestado\/\",\"url\":\"https:\/\/www.diario21.tv\/noticias\/impactante-joven-mata-a-su-madre-con-cuchillo-en-pontevedra-y-es-arrestado\/\",\"name\":\"\u00a1Impactante! Joven mata a su madre con cuchillo en Pontevedra y es arrestado - Diario 21\",\"isPartOf\":{\"@id\":\"https:\/\/www.diario21.tv\/noticias\/#website\"},\"primaryImageOfPage\":{\"@id\":\"https:\/\/www.diario21.tv\/noticias\/impactante-joven-mata-a-su-madre-con-cuchillo-en-pontevedra-y-es-arrestado\/#primaryimage\"},\"image\":{\"@id\":\"https:\/\/www.diario21.tv\/noticias\/impactante-joven-mata-a-su-madre-con-cuchillo-en-pontevedra-y-es-arrestado\/#primaryimage\"},\"thumbnailUrl\":\"https:\/\/www.diario21.tv\/noticias\/wp-content\/uploads\/2024\/09\/\u00a1Impactante-Joven-mata-a-su-madre-con-cuchillo-en-Pontevedra.jpg\",\"datePublished\":\"2024-09-28T03:34:19+00:00\",\"dateModified\":\"2024-10-14T09:42:51+00:00\",\"author\":{\"@id\":\"https:\/\/www.diario21.tv\/noticias\/#\/schema\/person\/dfb778f73814d8f09f302618446a526b\"},\"breadcrumb\":{\"@id\":\"https:\/\/www.diario21.tv\/noticias\/impactante-joven-mata-a-su-madre-con-cuchillo-en-pontevedra-y-es-arrestado\/#breadcrumb\"},\"inLanguage\":\"es-AR\",\"potentialAction\":[{\"@type\":\"ReadAction\",\"target\":[\"https:\/\/www.diario21.tv\/noticias\/impactante-joven-mata-a-su-madre-con-cuchillo-en-pontevedra-y-es-arrestado\/\"]}]},{\"@type\":\"ImageObject\",\"inLanguage\":\"es-AR\",\"@id\":\"https:\/\/www.diario21.tv\/noticias\/impactante-joven-mata-a-su-madre-con-cuchillo-en-pontevedra-y-es-arrestado\/#primaryimage\",\"url\":\"https:\/\/www.diario21.tv\/noticias\/wp-content\/uploads\/2024\/09\/\u00a1Impactante-Joven-mata-a-su-madre-con-cuchillo-en-Pontevedra.jpg\",\"contentUrl\":\"https:\/\/www.diario21.tv\/noticias\/wp-content\/uploads\/2024\/09\/\u00a1Impactante-Joven-mata-a-su-madre-con-cuchillo-en-Pontevedra.jpg\",\"width\":1042,\"height\":693,\"caption\":\"Detenido un joven en Pontevedra tras matar a su madre con un cuchillo\"},{\"@type\":\"BreadcrumbList\",\"@id\":\"https:\/\/www.diario21.tv\/noticias\/impactante-joven-mata-a-su-madre-con-cuchillo-en-pontevedra-y-es-arrestado\/#breadcrumb\",\"itemListElement\":[{\"@type\":\"ListItem\",\"position\":1,\"name\":\"Accueil\",\"item\":\"https:\/\/www.diario21.tv\/noticias\/\"},{\"@type\":\"ListItem\",\"position\":2,\"name\":\"\u00a1Impactante! Joven mata a su madre con cuchillo en Pontevedra y es arrestado\"}]},{\"@type\":\"WebSite\",\"@id\":\"https:\/\/www.diario21.tv\/noticias\/#website\",\"url\":\"https:\/\/www.diario21.tv\/noticias\/\",\"name\":\"Diario 21\",\"description\":\"\",\"potentialAction\":[{\"@type\":\"SearchAction\",\"target\":{\"@type\":\"EntryPoint\",\"urlTemplate\":\"https:\/\/www.diario21.tv\/noticias\/?s={search_term_string}\"},\"query-input\":{\"@type\":\"PropertyValueSpecification\",\"valueRequired\":true,\"valueName\":\"search_term_string\"}}],\"inLanguage\":\"es-AR\"},{\"@type\":\"Person\",\"@id\":\"https:\/\/www.diario21.tv\/noticias\/#\/schema\/person\/dfb778f73814d8f09f302618446a526b\",\"name\":\"Juan P\u00e9rez\",\"image\":{\"@type\":\"ImageObject\",\"inLanguage\":\"es-AR\",\"@id\":\"https:\/\/www.diario21.tv\/noticias\/#\/schema\/person\/image\/\",\"url\":\"https:\/\/secure.gravatar.com\/avatar\/c478a405bd10621167f4c3167cc770f5?s=96&d=mm&r=g\",\"contentUrl\":\"https:\/\/secure.gravatar.com\/avatar\/c478a405bd10621167f4c3167cc770f5?s=96&d=mm&r=g\",\"caption\":\"Juan P\u00e9rez\"},\"description\":\"Juan P\u00e9rez es el redactor en jefe de Diario 21. Con m\u00e1s de 10 a\u00f1os de experiencia en el periodismo, se especializa en pol\u00edtica nacional y an\u00e1lisis socioecon\u00f3mico. Su enfoque cr\u00edtico y riguroso aporta una perspectiva \u00fanica a cada art\u00edculo.\",\"sameAs\":[\"https:\/\/www.diario21.tv\/noticias\/\"],\"url\":\"https:\/\/www.diario21.tv\/noticias\/author\/juan-perez\/\"}]}<\/script>\n<!-- \/ Yoast SEO plugin. -->","yoast_head_json":{"title":"\u00a1Impactante! Joven mata a su madre con cuchillo en Pontevedra y es arrestado - Diario 21","robots":{"index":"index","follow":"follow","max-snippet":"max-snippet:-1","max-image-preview":"max-image-preview:large","max-video-preview":"max-video-preview:-1"},"canonical":"https:\/\/www.diario21.tv\/noticias\/impactante-joven-mata-a-su-madre-con-cuchillo-en-pontevedra-y-es-arrestado\/","og_locale":"es_ES","og_type":"article","og_title":"\u00a1Impactante! Joven mata a su madre con cuchillo en Pontevedra y es arrestado - Diario 21","og_description":"Un adolescente arrestado en Pontevedra despu\u00e9s de asesinar a su madre con un cuchillo En la ciudad de Pontevedra, un incidente tr\u00e1gico ha sacudido a la ... Seguir leyendo &rarr;","og_url":"https:\/\/www.diario21.tv\/noticias\/impactante-joven-mata-a-su-madre-con-cuchillo-en-pontevedra-y-es-arrestado\/","og_site_name":"Diario 21","article_published_time":"2024-09-28T03:34:19+00:00","article_modified_time":"2024-10-14T09:42:51+00:00","og_image":[{"width":1042,"height":693,"url":"https:\/\/www.diario21.tv\/noticias\/wp-content\/uploads\/2024\/09\/\u00a1Impactante-Joven-mata-a-su-madre-con-cuchillo-en-Pontevedra.jpg","type":"image\/jpeg"}],"author":"Juan P\u00e9rez","twitter_card":"summary_large_image","twitter_misc":{"Escrito por":"Juan P\u00e9rez","Tiempo de lectura":"2 minutos"},"schema":{"@context":"https:\/\/schema.org","@graph":[{"@type":"WebPage","@id":"https:\/\/www.diario21.tv\/noticias\/impactante-joven-mata-a-su-madre-con-cuchillo-en-pontevedra-y-es-arrestado\/","url":"https:\/\/www.diario21.tv\/noticias\/impactante-joven-mata-a-su-madre-con-cuchillo-en-pontevedra-y-es-arrestado\/","name":"\u00a1Impactante! Joven mata a su madre con cuchillo en Pontevedra y es arrestado - Diario 21","isPartOf":{"@id":"https:\/\/www.diario21.tv\/noticias\/#website"},"primaryImageOfPage":{"@id":"https:\/\/www.diario21.tv\/noticias\/impactante-joven-mata-a-su-madre-con-cuchillo-en-pontevedra-y-es-arrestado\/#primaryimage"},"image":{"@id":"https:\/\/www.diario21.tv\/noticias\/impactante-joven-mata-a-su-madre-con-cuchillo-en-pontevedra-y-es-arrestado\/#primaryimage"},"thumbnailUrl":"https:\/\/www.diario21.tv\/noticias\/wp-content\/uploads\/2024\/09\/\u00a1Impactante-Joven-mata-a-su-madre-con-cuchillo-en-Pontevedra.jpg","datePublished":"2024-09-28T03:34:19+00:00","dateModified":"2024-10-14T09:42:51+00:00","author":{"@id":"https:\/\/www.diario21.tv\/noticias\/#\/schema\/person\/dfb778f73814d8f09f302618446a526b"},"breadcrumb":{"@id":"https:\/\/www.diario21.tv\/noticias\/impactante-joven-mata-a-su-madre-con-cuchillo-en-pontevedra-y-es-arrestado\/#breadcrumb"},"inLanguage":"es-AR","potentialAction":[{"@type":"ReadAction","target":["https:\/\/www.diario21.tv\/noticias\/impactante-joven-mata-a-su-madre-con-cuchillo-en-pontevedra-y-es-arrestado\/"]}]},{"@type":"ImageObject","inLanguage":"es-AR","@id":"https:\/\/www.diario21.tv\/noticias\/impactante-joven-mata-a-su-madre-con-cuchillo-en-pontevedra-y-es-arrestado\/#primaryimage","url":"https:\/\/www.diario21.tv\/noticias\/wp-content\/uploads\/2024\/09\/\u00a1Impactante-Joven-mata-a-su-madre-con-cuchillo-en-Pontevedra.jpg","contentUrl":"https:\/\/www.diario21.tv\/noticias\/wp-content\/uploads\/2024\/09\/\u00a1Impactante-Joven-mata-a-su-madre-con-cuchillo-en-Pontevedra.jpg","width":1042,"height":693,"caption":"Detenido un joven en Pontevedra tras matar a su madre con un cuchillo"},{"@type":"BreadcrumbList","@id":"https:\/\/www.diario21.tv\/noticias\/impactante-joven-mata-a-su-madre-con-cuchillo-en-pontevedra-y-es-arrestado\/#breadcrumb","itemListElement":[{"@type":"ListItem","position":1,"name":"Accueil","item":"https:\/\/www.diario21.tv\/noticias\/"},{"@type":"ListItem","position":2,"name":"\u00a1Impactante! Joven mata a su madre con cuchillo en Pontevedra y es arrestado"}]},{"@type":"WebSite","@id":"https:\/\/www.diario21.tv\/noticias\/#website","url":"https:\/\/www.diario21.tv\/noticias\/","name":"Diario 21","description":"","potentialAction":[{"@type":"SearchAction","target":{"@type":"EntryPoint","urlTemplate":"https:\/\/www.diario21.tv\/noticias\/?s={search_term_string}"},"query-input":{"@type":"PropertyValueSpecification","valueRequired":true,"valueName":"search_term_string"}}],"inLanguage":"es-AR"},{"@type":"Person","@id":"https:\/\/www.diario21.tv\/noticias\/#\/schema\/person\/dfb778f73814d8f09f302618446a526b","name":"Juan P\u00e9rez","image":{"@type":"ImageObject","inLanguage":"es-AR","@id":"https:\/\/www.diario21.tv\/noticias\/#\/schema\/person\/image\/","url":"https:\/\/secure.gravatar.com\/avatar\/c478a405bd10621167f4c3167cc770f5?s=96&d=mm&r=g","contentUrl":"https:\/\/secure.gravatar.com\/avatar\/c478a405bd10621167f4c3167cc770f5?s=96&d=mm&r=g","caption":"Juan P\u00e9rez"},"description":"Juan P\u00e9rez es el redactor en jefe de Diario 21. Con m\u00e1s de 10 a\u00f1os de experiencia en el periodismo, se especializa en pol\u00edtica nacional y an\u00e1lisis socioecon\u00f3mico. Su enfoque cr\u00edtico y riguroso aporta una perspectiva \u00fanica a cada art\u00edculo.","sameAs":["https:\/\/www.diario21.tv\/noticias\/"],"url":"https:\/\/www.diario21.tv\/noticias\/author\/juan-perez\/"}]}},"_links":{"self":[{"href":"https:\/\/www.diario21.tv\/noticias\/wp-json\/wp\/v2\/posts\/587"}],"collection":[{"href":"https:\/\/www.diario21.tv\/noticias\/wp-json\/wp\/v2\/posts"}],"about":[{"href":"https:\/\/www.diario21.tv\/noticias\/wp-json\/wp\/v2\/types\/post"}],"author":[{"embeddable":true,"href":"https:\/\/www.diario21.tv\/noticias\/wp-json\/wp\/v2\/users\/20"}],"replies":[{"embeddable":true,"href":"https:\/\/www.diario21.tv\/noticias\/wp-json\/wp\/v2\/comments?post=587"}],"version-history":[{"count":1,"href":"https:\/\/www.diario21.tv\/noticias\/wp-json\/wp\/v2\/posts\/587\/revisions"}],"predecessor-version":[{"id":589,"href":"https:\/\/www.diario21.tv\/noticias\/wp-json\/wp\/v2\/posts\/587\/revisions\/589"}],"wp:featuredmedia":[{"embeddable":true,"href":"https:\/\/www.diario21.tv\/noticias\/wp-json\/wp\/v2\/media\/588"}],"wp:attachment":[{"href":"https:\/\/www.diario21.tv\/noticias\/wp-json\/wp\/v2\/media?parent=587"}],"wp:term":[{"taxonomy":"category","embeddable":true,"href":"https:\/\/www.diario21.tv\/noticias\/wp-json\/wp\/v2\/categories?post=587"},{"taxonomy":"post_tag","embeddable":true,"href":"https:\/\/www.diario21.tv\/noticias\/wp-json\/wp\/v2\/tags?post=587"}],"curies":[{"name":"wp","href":"https:\/\/api.w.org\/{rel}","templated":true}]}}