{"id":5844,"date":"2026-01-11T18:33:33","date_gmt":"2026-01-11T18:33:33","guid":{"rendered":"https:\/\/www.diario21.tv\/noticias\/exclusivo-el-papa-visitara-madrid-barcelona-y-canarias-en-su-proximo-viaje-a-espana\/"},"modified":"2026-01-11T18:33:36","modified_gmt":"2026-01-11T18:33:36","slug":"exclusivo-el-papa-visitara-madrid-barcelona-y-canarias-en-su-proximo-viaje-a-espana","status":"publish","type":"post","link":"https:\/\/www.diario21.tv\/noticias\/exclusivo-el-papa-visitara-madrid-barcelona-y-canarias-en-su-proximo-viaje-a-espana\/","title":{"rendered":"\u00a1Exclusivo! El Papa visitar\u00e1 Madrid, Barcelona y Canarias en su pr\u00f3ximo viaje a Espa\u00f1a"},"content":{"rendered":"<h2>El Itinerario del Papa en Espa\u00f1a Incluir\u00e1 Madrid, Barcelona y las Islas Canarias<\/h2>\n<p>El Papa Francisco tiene programado un viaje que incluir\u00e1 visitas a Madrid, Barcelona y las Islas Canarias, seg\u00fan los detalles proporcionados recientemente por el Vaticano. Este viaje, que forma parte de su agenda de visitas internacionales, buscar\u00e1 no solo reforzar la fe entre los creyentes en Espa\u00f1a, sino tambi\u00e9n abordar temas sociales y culturales de relevancia en estas regiones.<\/p>\n<h3>Madrid: Primera Parada en la Agenda<\/h3>\n<p>La capital espa\u00f1ola ser\u00e1 el primer destino del Papa en su recorrido por Espa\u00f1a. Aqu\u00ed, se espera que Francisco participe en varias actividades eclesi\u00e1sticas y encuentros significativos con l\u00edderes religiosos y civiles. La visita a Madrid no solo ser\u00e1 un momento para la oraci\u00f3n y la liturgia, sino tambi\u00e9n una oportunidad para dialogar sobre temas de importancia nacional como la educaci\u00f3n y la integraci\u00f3n social.<\/p>\n<h3>Barcelona: Enfoque en Arte y Cultura<\/h3>\n<p>Despu\u00e9s de Madrid, el Papa se dirigir\u00e1 a Barcelona, una ciudad conocida por su rica herencia cultural y art\u00edstica. En esta etapa del viaje, se anticipa que el Papa Francisco dedique tiempo a explorar la influencia de la religi\u00f3n en el arte y la cultura locales. Adem\u00e1s, es probable que se realicen eventos que destaquen la contribuci\u00f3n de la iglesia a la promoci\u00f3n de las artes y el di\u00e1logo intercultural.<\/p>\n<h3>Las Islas Canarias: Cierre con Reflexi\u00f3n Espiritual<\/h3>\n<p>El viaje concluir\u00e1 en las Islas Canarias, donde el Papa buscar\u00e1 un ambiente m\u00e1s tranquilo y reflexivo. Esta visita ser\u00e1 una excelente ocasi\u00f3n para que Francisco se re\u00fana con comunidades insulares y hable sobre la importancia de la conservaci\u00f3n ambiental y el desarrollo sostenible. Las Islas Canarias, conocidas por su belleza natural \u00fanica, proporcionar\u00e1n el escenario perfecto para discusiones sobre c\u00f3mo la fe puede jugar un rol en la protecci\u00f3n del medio ambiente.<\/p>\n<p>Este itinerario no solo demuestra el compromiso del Papa Francisco con Espa\u00f1a sino tambi\u00e9n su deseo de abordar una variedad de temas que resuenan con las preocupaciones actuales de la sociedad. Con cada parada, se espera que fortalezca los lazos entre la Iglesia y las comunidades locales, al tiempo que promueve un mensaje de esperanza y unidad.<\/p>\n\n\n<div class=\"kk-star-ratings kksr-auto kksr-align-left kksr-valign-bottom\"\n    data-payload='{&quot;align&quot;:&quot;left&quot;,&quot;id&quot;:&quot;5844&quot;,&quot;slug&quot;:&quot;default&quot;,&quot;valign&quot;:&quot;bottom&quot;,&quot;ignore&quot;:&quot;&quot;,&quot;reference&quot;:&quot;auto&quot;,&quot;class&quot;:&quot;&quot;,&quot;count&quot;:&quot;0&quot;,&quot;legendonly&quot;:&quot;&quot;,&quot;readonly&quot;:&quot;&quot;,&quot;score&quot;:&quot;0&quot;,&quot;starsonly&quot;:&quot;&quot;,&quot;best&quot;:&quot;5&quot;,&quot;gap&quot;:&quot;5&quot;,&quot;greet&quot;:&quot;Valora este post&quot;,&quot;legend&quot;:&quot;0\\\/5 - (0 votes)&quot;,&quot;size&quot;:&quot;22&quot;,&quot;title&quot;:&quot;\u00a1Exclusivo! El Papa visitar\u00e1 Madrid, Barcelona y Canarias en su pr\u00f3ximo viaje a Espa\u00f1a&quot;,&quot;width&quot;:&quot;0&quot;,&quot;_legend&quot;:&quot;{score}\\\/{best} - ({count} {votes})&quot;,&quot;font_factor&quot;:&quot;1.25&quot;}'>\n            \n<div class=\"kksr-stars\">\n    \n<div class=\"kksr-stars-inactive\">\n            <div class=\"kksr-star\" data-star=\"1\" style=\"padding-right: 5px\">\n            \n\n<div class=\"kksr-icon\" style=\"width: 22px; height: 22px;\"><\/div>\n        <\/div>\n            <div class=\"kksr-star\" data-star=\"2\" style=\"padding-right: 5px\">\n            \n\n<div class=\"kksr-icon\" style=\"width: 22px; height: 22px;\"><\/div>\n        <\/div>\n            <div class=\"kksr-star\" data-star=\"3\" style=\"padding-right: 5px\">\n            \n\n<div class=\"kksr-icon\" style=\"width: 22px; height: 22px;\"><\/div>\n        <\/div>\n            <div class=\"kksr-star\" data-star=\"4\" style=\"padding-right: 5px\">\n            \n\n<div class=\"kksr-icon\" style=\"width: 22px; height: 22px;\"><\/div>\n        <\/div>\n            <div class=\"kksr-star\" data-star=\"5\" style=\"padding-right: 5px\">\n            \n\n<div class=\"kksr-icon\" style=\"width: 22px; height: 22px;\"><\/div>\n        <\/div>\n    <\/div>\n    \n<div class=\"kksr-stars-active\" style=\"width: 0px;\">\n            <div class=\"kksr-star\" style=\"padding-right: 5px\">\n            \n\n<div class=\"kksr-icon\" style=\"width: 22px; height: 22px;\"><\/div>\n        <\/div>\n            <div class=\"kksr-star\" style=\"padding-right: 5px\">\n            \n\n<div class=\"kksr-icon\" style=\"width: 22px; height: 22px;\"><\/div>\n        <\/div>\n            <div class=\"kksr-star\" style=\"padding-right: 5px\">\n            \n\n<div class=\"kksr-icon\" style=\"width: 22px; height: 22px;\"><\/div>\n        <\/div>\n            <div class=\"kksr-star\" style=\"padding-right: 5px\">\n            \n\n<div class=\"kksr-icon\" style=\"width: 22px; height: 22px;\"><\/div>\n        <\/div>\n            <div class=\"kksr-star\" style=\"padding-right: 5px\">\n            \n\n<div class=\"kksr-icon\" style=\"width: 22px; height: 22px;\"><\/div>\n        <\/div>\n    <\/div>\n<\/div>\n                \n\n<div class=\"kksr-legend\" style=\"font-size: 17.6px;\">\n            <span class=\"kksr-muted\">Valora este post<\/span>\n    <\/div>\n    <\/div>\n","protected":false},"excerpt":{"rendered":"<p>El Itinerario del Papa en Espa\u00f1a Incluir\u00e1 Madrid, Barcelona y las Islas Canarias El Papa Francisco tiene programado un viaje que incluir\u00e1 visitas a Madrid, Barcelona &#8230; <a title=\"\u00a1Exclusivo! El Papa visitar\u00e1 Madrid, Barcelona y Canarias en su pr\u00f3ximo viaje a Espa\u00f1a\" class=\"read-more\" href=\"https:\/\/www.diario21.tv\/noticias\/exclusivo-el-papa-visitara-madrid-barcelona-y-canarias-en-su-proximo-viaje-a-espana\/\" aria-label=\"Leer m\u00e1s sobre \u00a1Exclusivo! El Papa visitar\u00e1 Madrid, Barcelona y Canarias en su pr\u00f3ximo viaje a Espa\u00f1a\">Seguir leyendo &rarr;<\/a><\/p>\n","protected":false},"author":20,"featured_media":5845,"comment_status":"open","ping_status":"open","sticky":false,"template":"","format":"standard","meta":{"footnotes":""},"categories":[13],"tags":[],"class_list":["post-5844","post","type-post","status-publish","format-standard","has-post-thumbnail","hentry","category-portada"],"yoast_head":"<!-- This site is optimized with the Yoast SEO plugin v25.6 - https:\/\/yoast.com\/wordpress\/plugins\/seo\/ -->\n<title>\u00a1Exclusivo! El Papa visitar\u00e1 Madrid, Barcelona y Canarias en su pr\u00f3ximo viaje a Espa\u00f1a - Diario 21<\/title>\n<meta name=\"robots\" content=\"index, follow, max-snippet:-1, max-image-preview:large, max-video-preview:-1\" \/>\n<link rel=\"canonical\" href=\"https:\/\/www.diario21.tv\/noticias\/exclusivo-el-papa-visitara-madrid-barcelona-y-canarias-en-su-proximo-viaje-a-espana\/\" \/>\n<meta property=\"og:locale\" content=\"es_ES\" \/>\n<meta property=\"og:type\" content=\"article\" \/>\n<meta property=\"og:title\" content=\"\u00a1Exclusivo! El Papa visitar\u00e1 Madrid, Barcelona y Canarias en su pr\u00f3ximo viaje a Espa\u00f1a - Diario 21\" \/>\n<meta property=\"og:description\" content=\"El Itinerario del Papa en Espa\u00f1a Incluir\u00e1 Madrid, Barcelona y las Islas Canarias El Papa Francisco tiene programado un viaje que incluir\u00e1 visitas a Madrid, Barcelona ... Seguir leyendo &rarr;\" \/>\n<meta property=\"og:url\" content=\"https:\/\/www.diario21.tv\/noticias\/exclusivo-el-papa-visitara-madrid-barcelona-y-canarias-en-su-proximo-viaje-a-espana\/\" \/>\n<meta property=\"og:site_name\" content=\"Diario 21\" \/>\n<meta property=\"article:published_time\" content=\"2026-01-11T18:33:33+00:00\" \/>\n<meta property=\"article:modified_time\" content=\"2026-01-11T18:33:36+00:00\" \/>\n<meta property=\"og:image\" content=\"https:\/\/www.diario21.tv\/noticias\/wp-content\/uploads\/2026\/01\/\u00a1Exclusivo-El-Papa-visitara-Madrid-Barcelona-y-Canarias-en-su.JPG\" \/>\n\t<meta property=\"og:image:width\" content=\"1600\" \/>\n\t<meta property=\"og:image:height\" content=\"1065\" \/>\n\t<meta property=\"og:image:type\" content=\"image\/jpeg\" \/>\n<meta name=\"author\" content=\"Juan P\u00e9rez\" \/>\n<meta name=\"twitter:card\" content=\"summary_large_image\" \/>\n<meta name=\"twitter:label1\" content=\"Escrito por\" \/>\n\t<meta name=\"twitter:data1\" content=\"Juan P\u00e9rez\" \/>\n\t<meta name=\"twitter:label2\" content=\"Tiempo de lectura\" \/>\n\t<meta name=\"twitter:data2\" content=\"2 minutos\" \/>\n<script type=\"application\/ld+json\" class=\"yoast-schema-graph\">{\"@context\":\"https:\/\/schema.org\",\"@graph\":[{\"@type\":\"WebPage\",\"@id\":\"https:\/\/www.diario21.tv\/noticias\/exclusivo-el-papa-visitara-madrid-barcelona-y-canarias-en-su-proximo-viaje-a-espana\/\",\"url\":\"https:\/\/www.diario21.tv\/noticias\/exclusivo-el-papa-visitara-madrid-barcelona-y-canarias-en-su-proximo-viaje-a-espana\/\",\"name\":\"\u00a1Exclusivo! El Papa visitar\u00e1 Madrid, Barcelona y Canarias en su pr\u00f3ximo viaje a Espa\u00f1a - Diario 21\",\"isPartOf\":{\"@id\":\"https:\/\/www.diario21.tv\/noticias\/#website\"},\"primaryImageOfPage\":{\"@id\":\"https:\/\/www.diario21.tv\/noticias\/exclusivo-el-papa-visitara-madrid-barcelona-y-canarias-en-su-proximo-viaje-a-espana\/#primaryimage\"},\"image\":{\"@id\":\"https:\/\/www.diario21.tv\/noticias\/exclusivo-el-papa-visitara-madrid-barcelona-y-canarias-en-su-proximo-viaje-a-espana\/#primaryimage\"},\"thumbnailUrl\":\"https:\/\/www.diario21.tv\/noticias\/wp-content\/uploads\/2026\/01\/\u00a1Exclusivo-El-Papa-visitara-Madrid-Barcelona-y-Canarias-en-su.JPG\",\"datePublished\":\"2026-01-11T18:33:33+00:00\",\"dateModified\":\"2026-01-11T18:33:36+00:00\",\"author\":{\"@id\":\"https:\/\/www.diario21.tv\/noticias\/#\/schema\/person\/dfb778f73814d8f09f302618446a526b\"},\"breadcrumb\":{\"@id\":\"https:\/\/www.diario21.tv\/noticias\/exclusivo-el-papa-visitara-madrid-barcelona-y-canarias-en-su-proximo-viaje-a-espana\/#breadcrumb\"},\"inLanguage\":\"es-AR\",\"potentialAction\":[{\"@type\":\"ReadAction\",\"target\":[\"https:\/\/www.diario21.tv\/noticias\/exclusivo-el-papa-visitara-madrid-barcelona-y-canarias-en-su-proximo-viaje-a-espana\/\"]}]},{\"@type\":\"ImageObject\",\"inLanguage\":\"es-AR\",\"@id\":\"https:\/\/www.diario21.tv\/noticias\/exclusivo-el-papa-visitara-madrid-barcelona-y-canarias-en-su-proximo-viaje-a-espana\/#primaryimage\",\"url\":\"https:\/\/www.diario21.tv\/noticias\/wp-content\/uploads\/2026\/01\/\u00a1Exclusivo-El-Papa-visitara-Madrid-Barcelona-y-Canarias-en-su.JPG\",\"contentUrl\":\"https:\/\/www.diario21.tv\/noticias\/wp-content\/uploads\/2026\/01\/\u00a1Exclusivo-El-Papa-visitara-Madrid-Barcelona-y-Canarias-en-su.JPG\",\"width\":1600,\"height\":1065,\"caption\":\"Madrid, Barcelona y Canarias ser\u00e1n las etapas del viaje del Papa a Espa\u00f1a\"},{\"@type\":\"BreadcrumbList\",\"@id\":\"https:\/\/www.diario21.tv\/noticias\/exclusivo-el-papa-visitara-madrid-barcelona-y-canarias-en-su-proximo-viaje-a-espana\/#breadcrumb\",\"itemListElement\":[{\"@type\":\"ListItem\",\"position\":1,\"name\":\"Accueil\",\"item\":\"https:\/\/www.diario21.tv\/noticias\/\"},{\"@type\":\"ListItem\",\"position\":2,\"name\":\"\u00a1Exclusivo! El Papa visitar\u00e1 Madrid, Barcelona y Canarias en su pr\u00f3ximo viaje a Espa\u00f1a\"}]},{\"@type\":\"WebSite\",\"@id\":\"https:\/\/www.diario21.tv\/noticias\/#website\",\"url\":\"https:\/\/www.diario21.tv\/noticias\/\",\"name\":\"Diario 21\",\"description\":\"\",\"potentialAction\":[{\"@type\":\"SearchAction\",\"target\":{\"@type\":\"EntryPoint\",\"urlTemplate\":\"https:\/\/www.diario21.tv\/noticias\/?s={search_term_string}\"},\"query-input\":{\"@type\":\"PropertyValueSpecification\",\"valueRequired\":true,\"valueName\":\"search_term_string\"}}],\"inLanguage\":\"es-AR\"},{\"@type\":\"Person\",\"@id\":\"https:\/\/www.diario21.tv\/noticias\/#\/schema\/person\/dfb778f73814d8f09f302618446a526b\",\"name\":\"Juan P\u00e9rez\",\"image\":{\"@type\":\"ImageObject\",\"inLanguage\":\"es-AR\",\"@id\":\"https:\/\/www.diario21.tv\/noticias\/#\/schema\/person\/image\/\",\"url\":\"https:\/\/secure.gravatar.com\/avatar\/c478a405bd10621167f4c3167cc770f5?s=96&d=mm&r=g\",\"contentUrl\":\"https:\/\/secure.gravatar.com\/avatar\/c478a405bd10621167f4c3167cc770f5?s=96&d=mm&r=g\",\"caption\":\"Juan P\u00e9rez\"},\"description\":\"Juan P\u00e9rez es el redactor en jefe de Diario 21. Con m\u00e1s de 10 a\u00f1os de experiencia en el periodismo, se especializa en pol\u00edtica nacional y an\u00e1lisis socioecon\u00f3mico. Su enfoque cr\u00edtico y riguroso aporta una perspectiva \u00fanica a cada art\u00edculo.\",\"sameAs\":[\"https:\/\/www.diario21.tv\/noticias\/\"],\"url\":\"https:\/\/www.diario21.tv\/noticias\/author\/juan-perez\/\"}]}<\/script>\n<!-- \/ Yoast SEO plugin. -->","yoast_head_json":{"title":"\u00a1Exclusivo! El Papa visitar\u00e1 Madrid, Barcelona y Canarias en su pr\u00f3ximo viaje a Espa\u00f1a - Diario 21","robots":{"index":"index","follow":"follow","max-snippet":"max-snippet:-1","max-image-preview":"max-image-preview:large","max-video-preview":"max-video-preview:-1"},"canonical":"https:\/\/www.diario21.tv\/noticias\/exclusivo-el-papa-visitara-madrid-barcelona-y-canarias-en-su-proximo-viaje-a-espana\/","og_locale":"es_ES","og_type":"article","og_title":"\u00a1Exclusivo! El Papa visitar\u00e1 Madrid, Barcelona y Canarias en su pr\u00f3ximo viaje a Espa\u00f1a - Diario 21","og_description":"El Itinerario del Papa en Espa\u00f1a Incluir\u00e1 Madrid, Barcelona y las Islas Canarias El Papa Francisco tiene programado un viaje que incluir\u00e1 visitas a Madrid, Barcelona ... Seguir leyendo &rarr;","og_url":"https:\/\/www.diario21.tv\/noticias\/exclusivo-el-papa-visitara-madrid-barcelona-y-canarias-en-su-proximo-viaje-a-espana\/","og_site_name":"Diario 21","article_published_time":"2026-01-11T18:33:33+00:00","article_modified_time":"2026-01-11T18:33:36+00:00","og_image":[{"width":1600,"height":1065,"url":"https:\/\/www.diario21.tv\/noticias\/wp-content\/uploads\/2026\/01\/\u00a1Exclusivo-El-Papa-visitara-Madrid-Barcelona-y-Canarias-en-su.JPG","type":"image\/jpeg"}],"author":"Juan P\u00e9rez","twitter_card":"summary_large_image","twitter_misc":{"Escrito por":"Juan P\u00e9rez","Tiempo de lectura":"2 minutos"},"schema":{"@context":"https:\/\/schema.org","@graph":[{"@type":"WebPage","@id":"https:\/\/www.diario21.tv\/noticias\/exclusivo-el-papa-visitara-madrid-barcelona-y-canarias-en-su-proximo-viaje-a-espana\/","url":"https:\/\/www.diario21.tv\/noticias\/exclusivo-el-papa-visitara-madrid-barcelona-y-canarias-en-su-proximo-viaje-a-espana\/","name":"\u00a1Exclusivo! El Papa visitar\u00e1 Madrid, Barcelona y Canarias en su pr\u00f3ximo viaje a Espa\u00f1a - Diario 21","isPartOf":{"@id":"https:\/\/www.diario21.tv\/noticias\/#website"},"primaryImageOfPage":{"@id":"https:\/\/www.diario21.tv\/noticias\/exclusivo-el-papa-visitara-madrid-barcelona-y-canarias-en-su-proximo-viaje-a-espana\/#primaryimage"},"image":{"@id":"https:\/\/www.diario21.tv\/noticias\/exclusivo-el-papa-visitara-madrid-barcelona-y-canarias-en-su-proximo-viaje-a-espana\/#primaryimage"},"thumbnailUrl":"https:\/\/www.diario21.tv\/noticias\/wp-content\/uploads\/2026\/01\/\u00a1Exclusivo-El-Papa-visitara-Madrid-Barcelona-y-Canarias-en-su.JPG","datePublished":"2026-01-11T18:33:33+00:00","dateModified":"2026-01-11T18:33:36+00:00","author":{"@id":"https:\/\/www.diario21.tv\/noticias\/#\/schema\/person\/dfb778f73814d8f09f302618446a526b"},"breadcrumb":{"@id":"https:\/\/www.diario21.tv\/noticias\/exclusivo-el-papa-visitara-madrid-barcelona-y-canarias-en-su-proximo-viaje-a-espana\/#breadcrumb"},"inLanguage":"es-AR","potentialAction":[{"@type":"ReadAction","target":["https:\/\/www.diario21.tv\/noticias\/exclusivo-el-papa-visitara-madrid-barcelona-y-canarias-en-su-proximo-viaje-a-espana\/"]}]},{"@type":"ImageObject","inLanguage":"es-AR","@id":"https:\/\/www.diario21.tv\/noticias\/exclusivo-el-papa-visitara-madrid-barcelona-y-canarias-en-su-proximo-viaje-a-espana\/#primaryimage","url":"https:\/\/www.diario21.tv\/noticias\/wp-content\/uploads\/2026\/01\/\u00a1Exclusivo-El-Papa-visitara-Madrid-Barcelona-y-Canarias-en-su.JPG","contentUrl":"https:\/\/www.diario21.tv\/noticias\/wp-content\/uploads\/2026\/01\/\u00a1Exclusivo-El-Papa-visitara-Madrid-Barcelona-y-Canarias-en-su.JPG","width":1600,"height":1065,"caption":"Madrid, Barcelona y Canarias ser\u00e1n las etapas del viaje del Papa a Espa\u00f1a"},{"@type":"BreadcrumbList","@id":"https:\/\/www.diario21.tv\/noticias\/exclusivo-el-papa-visitara-madrid-barcelona-y-canarias-en-su-proximo-viaje-a-espana\/#breadcrumb","itemListElement":[{"@type":"ListItem","position":1,"name":"Accueil","item":"https:\/\/www.diario21.tv\/noticias\/"},{"@type":"ListItem","position":2,"name":"\u00a1Exclusivo! El Papa visitar\u00e1 Madrid, Barcelona y Canarias en su pr\u00f3ximo viaje a Espa\u00f1a"}]},{"@type":"WebSite","@id":"https:\/\/www.diario21.tv\/noticias\/#website","url":"https:\/\/www.diario21.tv\/noticias\/","name":"Diario 21","description":"","potentialAction":[{"@type":"SearchAction","target":{"@type":"EntryPoint","urlTemplate":"https:\/\/www.diario21.tv\/noticias\/?s={search_term_string}"},"query-input":{"@type":"PropertyValueSpecification","valueRequired":true,"valueName":"search_term_string"}}],"inLanguage":"es-AR"},{"@type":"Person","@id":"https:\/\/www.diario21.tv\/noticias\/#\/schema\/person\/dfb778f73814d8f09f302618446a526b","name":"Juan P\u00e9rez","image":{"@type":"ImageObject","inLanguage":"es-AR","@id":"https:\/\/www.diario21.tv\/noticias\/#\/schema\/person\/image\/","url":"https:\/\/secure.gravatar.com\/avatar\/c478a405bd10621167f4c3167cc770f5?s=96&d=mm&r=g","contentUrl":"https:\/\/secure.gravatar.com\/avatar\/c478a405bd10621167f4c3167cc770f5?s=96&d=mm&r=g","caption":"Juan P\u00e9rez"},"description":"Juan P\u00e9rez es el redactor en jefe de Diario 21. Con m\u00e1s de 10 a\u00f1os de experiencia en el periodismo, se especializa en pol\u00edtica nacional y an\u00e1lisis socioecon\u00f3mico. Su enfoque cr\u00edtico y riguroso aporta una perspectiva \u00fanica a cada art\u00edculo.","sameAs":["https:\/\/www.diario21.tv\/noticias\/"],"url":"https:\/\/www.diario21.tv\/noticias\/author\/juan-perez\/"}]}},"_links":{"self":[{"href":"https:\/\/www.diario21.tv\/noticias\/wp-json\/wp\/v2\/posts\/5844"}],"collection":[{"href":"https:\/\/www.diario21.tv\/noticias\/wp-json\/wp\/v2\/posts"}],"about":[{"href":"https:\/\/www.diario21.tv\/noticias\/wp-json\/wp\/v2\/types\/post"}],"author":[{"embeddable":true,"href":"https:\/\/www.diario21.tv\/noticias\/wp-json\/wp\/v2\/users\/20"}],"replies":[{"embeddable":true,"href":"https:\/\/www.diario21.tv\/noticias\/wp-json\/wp\/v2\/comments?post=5844"}],"version-history":[{"count":1,"href":"https:\/\/www.diario21.tv\/noticias\/wp-json\/wp\/v2\/posts\/5844\/revisions"}],"predecessor-version":[{"id":5846,"href":"https:\/\/www.diario21.tv\/noticias\/wp-json\/wp\/v2\/posts\/5844\/revisions\/5846"}],"wp:featuredmedia":[{"embeddable":true,"href":"https:\/\/www.diario21.tv\/noticias\/wp-json\/wp\/v2\/media\/5845"}],"wp:attachment":[{"href":"https:\/\/www.diario21.tv\/noticias\/wp-json\/wp\/v2\/media?parent=5844"}],"wp:term":[{"taxonomy":"category","embeddable":true,"href":"https:\/\/www.diario21.tv\/noticias\/wp-json\/wp\/v2\/categories?post=5844"},{"taxonomy":"post_tag","embeddable":true,"href":"https:\/\/www.diario21.tv\/noticias\/wp-json\/wp\/v2\/tags?post=5844"}],"curies":[{"name":"wp","href":"https:\/\/api.w.org\/{rel}","templated":true}]}}