{"id":584,"date":"2024-09-27T11:07:00","date_gmt":"2024-09-27T11:07:00","guid":{"rendered":"https:\/\/www.diario21.tv\/noticias\/sanidad-lo-hace-protesis-y-sillas-de-ruedas-gratis-para-los-mas-vulnerables-descubrelo-aqui\/"},"modified":"2024-10-14T09:42:51","modified_gmt":"2024-10-14T09:42:51","slug":"sanidad-lo-hace-protesis-y-sillas-de-ruedas-gratis-para-los-mas-vulnerables-descubrelo-aqui","status":"publish","type":"post","link":"https:\/\/www.diario21.tv\/noticias\/sanidad-lo-hace-protesis-y-sillas-de-ruedas-gratis-para-los-mas-vulnerables-descubrelo-aqui\/","title":{"rendered":"\u00a1Sanidad lo hace! Pr\u00f3tesis y sillas de ruedas GRATIS para los m\u00e1s vulnerables. \u00a1Desc\u00fabrelo aqu\u00ed!"},"content":{"rendered":"<h2>El Ministerio de Salud planea liberar a los m\u00e1s desfavorecidos del costo de las pr\u00f3tesis y sillas de ruedas<\/h2>\n<p>El Ministerio de Salud tiene la intenci\u00f3n de eximir a las personas m\u00e1s vulnerables de la sociedad del costo de elementos esenciales para su movilidad y calidad de vida, como lo son las pr\u00f3tesis y las sillas de ruedas. Esta decisi\u00f3n surge de la necesidad de proporcionar un apoyo m\u00e1s efectivo a aquellos que m\u00e1s lo necesitan, con el objetivo de garantizarles una vida digna e independiente.<\/p>\n<h2>La iniciativa de Salud para apoyar a los m\u00e1s necesitados<\/h2>\n<p>El Ministerio de Salud est\u00e1 considerando la posibilidad de eximir del pago de pr\u00f3tesis y sillas de ruedas a las personas m\u00e1s vulnerables de la sociedad. Esta iniciativa tiene como objetivo garantizar que todas las personas, independientemente de su situaci\u00f3n econ\u00f3mica, puedan tener acceso a los dispositivos m\u00e9dicos necesarios para su movilidad y autonom\u00eda.<\/p>\n<h2>La exenci\u00f3n del costo de las pr\u00f3tesis y sillas de ruedas<\/h2>\n<p>Las pr\u00f3tesis y las sillas de ruedas son dispositivos m\u00e9dicos esenciales para muchas personas con discapacidades f\u00edsicas. Sin embargo, su alto costo puede ser un obst\u00e1culo para aquellos que no tienen los recursos econ\u00f3micos suficientes. Por este motivo, el Ministerio de Salud est\u00e1 trabajando en la implementaci\u00f3n de una medida que permita a las personas m\u00e1s vulnerables acceder a estos dispositivos sin tener que preocuparse por su costo.<\/p>\n<h2>El compromiso del Ministerio de Salud con los m\u00e1s vulnerables<\/h2>\n<p>El Ministerio de Salud ha demostrado su compromiso con las personas m\u00e1s vulnerables de la sociedad al tomar medidas para garantizar que tengan acceso a los dispositivos m\u00e9dicos esenciales para su calidad de vida. Esta iniciativa de eximir del pago de pr\u00f3tesis y sillas de ruedas a los m\u00e1s necesitados es un claro ejemplo de este compromiso.<\/p>\n\n\n<div class=\"kk-star-ratings kksr-auto kksr-align-left kksr-valign-bottom\"\n    data-payload='{&quot;align&quot;:&quot;left&quot;,&quot;id&quot;:&quot;584&quot;,&quot;slug&quot;:&quot;default&quot;,&quot;valign&quot;:&quot;bottom&quot;,&quot;ignore&quot;:&quot;&quot;,&quot;reference&quot;:&quot;auto&quot;,&quot;class&quot;:&quot;&quot;,&quot;count&quot;:&quot;0&quot;,&quot;legendonly&quot;:&quot;&quot;,&quot;readonly&quot;:&quot;&quot;,&quot;score&quot;:&quot;0&quot;,&quot;starsonly&quot;:&quot;&quot;,&quot;best&quot;:&quot;5&quot;,&quot;gap&quot;:&quot;5&quot;,&quot;greet&quot;:&quot;Valora este post&quot;,&quot;legend&quot;:&quot;0\\\/5 - (0 votes)&quot;,&quot;size&quot;:&quot;22&quot;,&quot;title&quot;:&quot;\u00a1Sanidad lo hace! Pr\u00f3tesis y sillas de ruedas GRATIS para los m\u00e1s vulnerables. \u00a1Desc\u00fabrelo aqu\u00ed!&quot;,&quot;width&quot;:&quot;0&quot;,&quot;_legend&quot;:&quot;{score}\\\/{best} - ({count} {votes})&quot;,&quot;font_factor&quot;:&quot;1.25&quot;}'>\n            \n<div class=\"kksr-stars\">\n    \n<div class=\"kksr-stars-inactive\">\n            <div class=\"kksr-star\" data-star=\"1\" style=\"padding-right: 5px\">\n            \n\n<div class=\"kksr-icon\" style=\"width: 22px; height: 22px;\"><\/div>\n        <\/div>\n            <div class=\"kksr-star\" data-star=\"2\" style=\"padding-right: 5px\">\n            \n\n<div class=\"kksr-icon\" style=\"width: 22px; height: 22px;\"><\/div>\n        <\/div>\n            <div class=\"kksr-star\" data-star=\"3\" style=\"padding-right: 5px\">\n            \n\n<div class=\"kksr-icon\" style=\"width: 22px; height: 22px;\"><\/div>\n        <\/div>\n            <div class=\"kksr-star\" data-star=\"4\" style=\"padding-right: 5px\">\n            \n\n<div class=\"kksr-icon\" style=\"width: 22px; height: 22px;\"><\/div>\n        <\/div>\n            <div class=\"kksr-star\" data-star=\"5\" style=\"padding-right: 5px\">\n            \n\n<div class=\"kksr-icon\" style=\"width: 22px; height: 22px;\"><\/div>\n        <\/div>\n    <\/div>\n    \n<div class=\"kksr-stars-active\" style=\"width: 0px;\">\n            <div class=\"kksr-star\" style=\"padding-right: 5px\">\n            \n\n<div class=\"kksr-icon\" style=\"width: 22px; height: 22px;\"><\/div>\n        <\/div>\n            <div class=\"kksr-star\" style=\"padding-right: 5px\">\n            \n\n<div class=\"kksr-icon\" style=\"width: 22px; height: 22px;\"><\/div>\n        <\/div>\n            <div class=\"kksr-star\" style=\"padding-right: 5px\">\n            \n\n<div class=\"kksr-icon\" style=\"width: 22px; height: 22px;\"><\/div>\n        <\/div>\n            <div class=\"kksr-star\" style=\"padding-right: 5px\">\n            \n\n<div class=\"kksr-icon\" style=\"width: 22px; height: 22px;\"><\/div>\n        <\/div>\n            <div class=\"kksr-star\" style=\"padding-right: 5px\">\n            \n\n<div class=\"kksr-icon\" style=\"width: 22px; height: 22px;\"><\/div>\n        <\/div>\n    <\/div>\n<\/div>\n                \n\n<div class=\"kksr-legend\" style=\"font-size: 17.6px;\">\n            <span class=\"kksr-muted\">Valora este post<\/span>\n    <\/div>\n    <\/div>\n","protected":false},"excerpt":{"rendered":"<p>El Ministerio de Salud planea liberar a los m\u00e1s desfavorecidos del costo de las pr\u00f3tesis y sillas de ruedas El Ministerio de Salud tiene la intenci\u00f3n &#8230; <a title=\"\u00a1Sanidad lo hace! Pr\u00f3tesis y sillas de ruedas GRATIS para los m\u00e1s vulnerables. \u00a1Desc\u00fabrelo aqu\u00ed!\" class=\"read-more\" href=\"https:\/\/www.diario21.tv\/noticias\/sanidad-lo-hace-protesis-y-sillas-de-ruedas-gratis-para-los-mas-vulnerables-descubrelo-aqui\/\" aria-label=\"Leer m\u00e1s sobre \u00a1Sanidad lo hace! Pr\u00f3tesis y sillas de ruedas GRATIS para los m\u00e1s vulnerables. \u00a1Desc\u00fabrelo aqu\u00ed!\">Seguir leyendo &rarr;<\/a><\/p>\n","protected":false},"author":20,"featured_media":585,"comment_status":"open","ping_status":"open","sticky":false,"template":"","format":"standard","meta":{"footnotes":""},"categories":[12],"tags":[],"class_list":["post-584","post","type-post","status-publish","format-standard","has-post-thumbnail","hentry","category-tendencia"],"yoast_head":"<!-- This site is optimized with the Yoast SEO plugin v25.6 - https:\/\/yoast.com\/wordpress\/plugins\/seo\/ -->\n<title>\u00a1Sanidad lo hace! Pr\u00f3tesis y sillas de ruedas GRATIS para los m\u00e1s vulnerables. \u00a1Desc\u00fabrelo aqu\u00ed! - Diario 21<\/title>\n<meta name=\"robots\" content=\"index, follow, max-snippet:-1, max-image-preview:large, max-video-preview:-1\" \/>\n<link rel=\"canonical\" href=\"https:\/\/www.diario21.tv\/noticias\/sanidad-lo-hace-protesis-y-sillas-de-ruedas-gratis-para-los-mas-vulnerables-descubrelo-aqui\/\" \/>\n<meta property=\"og:locale\" content=\"es_ES\" \/>\n<meta property=\"og:type\" content=\"article\" \/>\n<meta property=\"og:title\" content=\"\u00a1Sanidad lo hace! Pr\u00f3tesis y sillas de ruedas GRATIS para los m\u00e1s vulnerables. \u00a1Desc\u00fabrelo aqu\u00ed! - Diario 21\" \/>\n<meta property=\"og:description\" content=\"El Ministerio de Salud planea liberar a los m\u00e1s desfavorecidos del costo de las pr\u00f3tesis y sillas de ruedas El Ministerio de Salud tiene la intenci\u00f3n ... Seguir leyendo &rarr;\" \/>\n<meta property=\"og:url\" content=\"https:\/\/www.diario21.tv\/noticias\/sanidad-lo-hace-protesis-y-sillas-de-ruedas-gratis-para-los-mas-vulnerables-descubrelo-aqui\/\" \/>\n<meta property=\"og:site_name\" content=\"Diario 21\" \/>\n<meta property=\"article:published_time\" content=\"2024-09-27T11:07:00+00:00\" \/>\n<meta property=\"article:modified_time\" content=\"2024-10-14T09:42:51+00:00\" \/>\n<meta property=\"og:image\" content=\"https:\/\/www.diario21.tv\/noticias\/wp-content\/uploads\/2024\/09\/\u00a1Sanidad-lo-hace-Protesis-y-sillas-de-ruedas-GRATIS-para.jpg\" \/>\n\t<meta property=\"og:image:width\" content=\"1920\" \/>\n\t<meta property=\"og:image:height\" content=\"1080\" \/>\n\t<meta property=\"og:image:type\" content=\"image\/jpeg\" \/>\n<meta name=\"author\" content=\"Juan P\u00e9rez\" \/>\n<meta name=\"twitter:card\" content=\"summary_large_image\" \/>\n<meta name=\"twitter:label1\" content=\"Escrito por\" \/>\n\t<meta name=\"twitter:data1\" content=\"Juan P\u00e9rez\" \/>\n\t<meta name=\"twitter:label2\" content=\"Tiempo de lectura\" \/>\n\t<meta name=\"twitter:data2\" content=\"2 minutos\" \/>\n<script type=\"application\/ld+json\" class=\"yoast-schema-graph\">{\"@context\":\"https:\/\/schema.org\",\"@graph\":[{\"@type\":\"WebPage\",\"@id\":\"https:\/\/www.diario21.tv\/noticias\/sanidad-lo-hace-protesis-y-sillas-de-ruedas-gratis-para-los-mas-vulnerables-descubrelo-aqui\/\",\"url\":\"https:\/\/www.diario21.tv\/noticias\/sanidad-lo-hace-protesis-y-sillas-de-ruedas-gratis-para-los-mas-vulnerables-descubrelo-aqui\/\",\"name\":\"\u00a1Sanidad lo hace! Pr\u00f3tesis y sillas de ruedas GRATIS para los m\u00e1s vulnerables. \u00a1Desc\u00fabrelo aqu\u00ed! - Diario 21\",\"isPartOf\":{\"@id\":\"https:\/\/www.diario21.tv\/noticias\/#website\"},\"primaryImageOfPage\":{\"@id\":\"https:\/\/www.diario21.tv\/noticias\/sanidad-lo-hace-protesis-y-sillas-de-ruedas-gratis-para-los-mas-vulnerables-descubrelo-aqui\/#primaryimage\"},\"image\":{\"@id\":\"https:\/\/www.diario21.tv\/noticias\/sanidad-lo-hace-protesis-y-sillas-de-ruedas-gratis-para-los-mas-vulnerables-descubrelo-aqui\/#primaryimage\"},\"thumbnailUrl\":\"https:\/\/www.diario21.tv\/noticias\/wp-content\/uploads\/2024\/09\/\u00a1Sanidad-lo-hace-Protesis-y-sillas-de-ruedas-GRATIS-para.jpg\",\"datePublished\":\"2024-09-27T11:07:00+00:00\",\"dateModified\":\"2024-10-14T09:42:51+00:00\",\"author\":{\"@id\":\"https:\/\/www.diario21.tv\/noticias\/#\/schema\/person\/dfb778f73814d8f09f302618446a526b\"},\"breadcrumb\":{\"@id\":\"https:\/\/www.diario21.tv\/noticias\/sanidad-lo-hace-protesis-y-sillas-de-ruedas-gratis-para-los-mas-vulnerables-descubrelo-aqui\/#breadcrumb\"},\"inLanguage\":\"es-AR\",\"potentialAction\":[{\"@type\":\"ReadAction\",\"target\":[\"https:\/\/www.diario21.tv\/noticias\/sanidad-lo-hace-protesis-y-sillas-de-ruedas-gratis-para-los-mas-vulnerables-descubrelo-aqui\/\"]}]},{\"@type\":\"ImageObject\",\"inLanguage\":\"es-AR\",\"@id\":\"https:\/\/www.diario21.tv\/noticias\/sanidad-lo-hace-protesis-y-sillas-de-ruedas-gratis-para-los-mas-vulnerables-descubrelo-aqui\/#primaryimage\",\"url\":\"https:\/\/www.diario21.tv\/noticias\/wp-content\/uploads\/2024\/09\/\u00a1Sanidad-lo-hace-Protesis-y-sillas-de-ruedas-GRATIS-para.jpg\",\"contentUrl\":\"https:\/\/www.diario21.tv\/noticias\/wp-content\/uploads\/2024\/09\/\u00a1Sanidad-lo-hace-Protesis-y-sillas-de-ruedas-GRATIS-para.jpg\",\"width\":1920,\"height\":1080,\"caption\":\"Sanidad quiere eximir del pago de pr\u00f3tesis y sillas de ruedas a los m\u00e1s vulnerables\"},{\"@type\":\"BreadcrumbList\",\"@id\":\"https:\/\/www.diario21.tv\/noticias\/sanidad-lo-hace-protesis-y-sillas-de-ruedas-gratis-para-los-mas-vulnerables-descubrelo-aqui\/#breadcrumb\",\"itemListElement\":[{\"@type\":\"ListItem\",\"position\":1,\"name\":\"Accueil\",\"item\":\"https:\/\/www.diario21.tv\/noticias\/\"},{\"@type\":\"ListItem\",\"position\":2,\"name\":\"\u00a1Sanidad lo hace! Pr\u00f3tesis y sillas de ruedas GRATIS para los m\u00e1s vulnerables. \u00a1Desc\u00fabrelo aqu\u00ed!\"}]},{\"@type\":\"WebSite\",\"@id\":\"https:\/\/www.diario21.tv\/noticias\/#website\",\"url\":\"https:\/\/www.diario21.tv\/noticias\/\",\"name\":\"Diario 21\",\"description\":\"\",\"potentialAction\":[{\"@type\":\"SearchAction\",\"target\":{\"@type\":\"EntryPoint\",\"urlTemplate\":\"https:\/\/www.diario21.tv\/noticias\/?s={search_term_string}\"},\"query-input\":{\"@type\":\"PropertyValueSpecification\",\"valueRequired\":true,\"valueName\":\"search_term_string\"}}],\"inLanguage\":\"es-AR\"},{\"@type\":\"Person\",\"@id\":\"https:\/\/www.diario21.tv\/noticias\/#\/schema\/person\/dfb778f73814d8f09f302618446a526b\",\"name\":\"Juan P\u00e9rez\",\"image\":{\"@type\":\"ImageObject\",\"inLanguage\":\"es-AR\",\"@id\":\"https:\/\/www.diario21.tv\/noticias\/#\/schema\/person\/image\/\",\"url\":\"https:\/\/secure.gravatar.com\/avatar\/c478a405bd10621167f4c3167cc770f5?s=96&d=mm&r=g\",\"contentUrl\":\"https:\/\/secure.gravatar.com\/avatar\/c478a405bd10621167f4c3167cc770f5?s=96&d=mm&r=g\",\"caption\":\"Juan P\u00e9rez\"},\"description\":\"Juan P\u00e9rez es el redactor en jefe de Diario 21. Con m\u00e1s de 10 a\u00f1os de experiencia en el periodismo, se especializa en pol\u00edtica nacional y an\u00e1lisis socioecon\u00f3mico. Su enfoque cr\u00edtico y riguroso aporta una perspectiva \u00fanica a cada art\u00edculo.\",\"sameAs\":[\"https:\/\/www.diario21.tv\/noticias\/\"],\"url\":\"https:\/\/www.diario21.tv\/noticias\/author\/juan-perez\/\"}]}<\/script>\n<!-- \/ Yoast SEO plugin. -->","yoast_head_json":{"title":"\u00a1Sanidad lo hace! Pr\u00f3tesis y sillas de ruedas GRATIS para los m\u00e1s vulnerables. \u00a1Desc\u00fabrelo aqu\u00ed! - Diario 21","robots":{"index":"index","follow":"follow","max-snippet":"max-snippet:-1","max-image-preview":"max-image-preview:large","max-video-preview":"max-video-preview:-1"},"canonical":"https:\/\/www.diario21.tv\/noticias\/sanidad-lo-hace-protesis-y-sillas-de-ruedas-gratis-para-los-mas-vulnerables-descubrelo-aqui\/","og_locale":"es_ES","og_type":"article","og_title":"\u00a1Sanidad lo hace! Pr\u00f3tesis y sillas de ruedas GRATIS para los m\u00e1s vulnerables. \u00a1Desc\u00fabrelo aqu\u00ed! - Diario 21","og_description":"El Ministerio de Salud planea liberar a los m\u00e1s desfavorecidos del costo de las pr\u00f3tesis y sillas de ruedas El Ministerio de Salud tiene la intenci\u00f3n ... Seguir leyendo &rarr;","og_url":"https:\/\/www.diario21.tv\/noticias\/sanidad-lo-hace-protesis-y-sillas-de-ruedas-gratis-para-los-mas-vulnerables-descubrelo-aqui\/","og_site_name":"Diario 21","article_published_time":"2024-09-27T11:07:00+00:00","article_modified_time":"2024-10-14T09:42:51+00:00","og_image":[{"width":1920,"height":1080,"url":"https:\/\/www.diario21.tv\/noticias\/wp-content\/uploads\/2024\/09\/\u00a1Sanidad-lo-hace-Protesis-y-sillas-de-ruedas-GRATIS-para.jpg","type":"image\/jpeg"}],"author":"Juan P\u00e9rez","twitter_card":"summary_large_image","twitter_misc":{"Escrito por":"Juan P\u00e9rez","Tiempo de lectura":"2 minutos"},"schema":{"@context":"https:\/\/schema.org","@graph":[{"@type":"WebPage","@id":"https:\/\/www.diario21.tv\/noticias\/sanidad-lo-hace-protesis-y-sillas-de-ruedas-gratis-para-los-mas-vulnerables-descubrelo-aqui\/","url":"https:\/\/www.diario21.tv\/noticias\/sanidad-lo-hace-protesis-y-sillas-de-ruedas-gratis-para-los-mas-vulnerables-descubrelo-aqui\/","name":"\u00a1Sanidad lo hace! Pr\u00f3tesis y sillas de ruedas GRATIS para los m\u00e1s vulnerables. \u00a1Desc\u00fabrelo aqu\u00ed! - Diario 21","isPartOf":{"@id":"https:\/\/www.diario21.tv\/noticias\/#website"},"primaryImageOfPage":{"@id":"https:\/\/www.diario21.tv\/noticias\/sanidad-lo-hace-protesis-y-sillas-de-ruedas-gratis-para-los-mas-vulnerables-descubrelo-aqui\/#primaryimage"},"image":{"@id":"https:\/\/www.diario21.tv\/noticias\/sanidad-lo-hace-protesis-y-sillas-de-ruedas-gratis-para-los-mas-vulnerables-descubrelo-aqui\/#primaryimage"},"thumbnailUrl":"https:\/\/www.diario21.tv\/noticias\/wp-content\/uploads\/2024\/09\/\u00a1Sanidad-lo-hace-Protesis-y-sillas-de-ruedas-GRATIS-para.jpg","datePublished":"2024-09-27T11:07:00+00:00","dateModified":"2024-10-14T09:42:51+00:00","author":{"@id":"https:\/\/www.diario21.tv\/noticias\/#\/schema\/person\/dfb778f73814d8f09f302618446a526b"},"breadcrumb":{"@id":"https:\/\/www.diario21.tv\/noticias\/sanidad-lo-hace-protesis-y-sillas-de-ruedas-gratis-para-los-mas-vulnerables-descubrelo-aqui\/#breadcrumb"},"inLanguage":"es-AR","potentialAction":[{"@type":"ReadAction","target":["https:\/\/www.diario21.tv\/noticias\/sanidad-lo-hace-protesis-y-sillas-de-ruedas-gratis-para-los-mas-vulnerables-descubrelo-aqui\/"]}]},{"@type":"ImageObject","inLanguage":"es-AR","@id":"https:\/\/www.diario21.tv\/noticias\/sanidad-lo-hace-protesis-y-sillas-de-ruedas-gratis-para-los-mas-vulnerables-descubrelo-aqui\/#primaryimage","url":"https:\/\/www.diario21.tv\/noticias\/wp-content\/uploads\/2024\/09\/\u00a1Sanidad-lo-hace-Protesis-y-sillas-de-ruedas-GRATIS-para.jpg","contentUrl":"https:\/\/www.diario21.tv\/noticias\/wp-content\/uploads\/2024\/09\/\u00a1Sanidad-lo-hace-Protesis-y-sillas-de-ruedas-GRATIS-para.jpg","width":1920,"height":1080,"caption":"Sanidad quiere eximir del pago de pr\u00f3tesis y sillas de ruedas a los m\u00e1s vulnerables"},{"@type":"BreadcrumbList","@id":"https:\/\/www.diario21.tv\/noticias\/sanidad-lo-hace-protesis-y-sillas-de-ruedas-gratis-para-los-mas-vulnerables-descubrelo-aqui\/#breadcrumb","itemListElement":[{"@type":"ListItem","position":1,"name":"Accueil","item":"https:\/\/www.diario21.tv\/noticias\/"},{"@type":"ListItem","position":2,"name":"\u00a1Sanidad lo hace! Pr\u00f3tesis y sillas de ruedas GRATIS para los m\u00e1s vulnerables. \u00a1Desc\u00fabrelo aqu\u00ed!"}]},{"@type":"WebSite","@id":"https:\/\/www.diario21.tv\/noticias\/#website","url":"https:\/\/www.diario21.tv\/noticias\/","name":"Diario 21","description":"","potentialAction":[{"@type":"SearchAction","target":{"@type":"EntryPoint","urlTemplate":"https:\/\/www.diario21.tv\/noticias\/?s={search_term_string}"},"query-input":{"@type":"PropertyValueSpecification","valueRequired":true,"valueName":"search_term_string"}}],"inLanguage":"es-AR"},{"@type":"Person","@id":"https:\/\/www.diario21.tv\/noticias\/#\/schema\/person\/dfb778f73814d8f09f302618446a526b","name":"Juan P\u00e9rez","image":{"@type":"ImageObject","inLanguage":"es-AR","@id":"https:\/\/www.diario21.tv\/noticias\/#\/schema\/person\/image\/","url":"https:\/\/secure.gravatar.com\/avatar\/c478a405bd10621167f4c3167cc770f5?s=96&d=mm&r=g","contentUrl":"https:\/\/secure.gravatar.com\/avatar\/c478a405bd10621167f4c3167cc770f5?s=96&d=mm&r=g","caption":"Juan P\u00e9rez"},"description":"Juan P\u00e9rez es el redactor en jefe de Diario 21. Con m\u00e1s de 10 a\u00f1os de experiencia en el periodismo, se especializa en pol\u00edtica nacional y an\u00e1lisis socioecon\u00f3mico. Su enfoque cr\u00edtico y riguroso aporta una perspectiva \u00fanica a cada art\u00edculo.","sameAs":["https:\/\/www.diario21.tv\/noticias\/"],"url":"https:\/\/www.diario21.tv\/noticias\/author\/juan-perez\/"}]}},"_links":{"self":[{"href":"https:\/\/www.diario21.tv\/noticias\/wp-json\/wp\/v2\/posts\/584"}],"collection":[{"href":"https:\/\/www.diario21.tv\/noticias\/wp-json\/wp\/v2\/posts"}],"about":[{"href":"https:\/\/www.diario21.tv\/noticias\/wp-json\/wp\/v2\/types\/post"}],"author":[{"embeddable":true,"href":"https:\/\/www.diario21.tv\/noticias\/wp-json\/wp\/v2\/users\/20"}],"replies":[{"embeddable":true,"href":"https:\/\/www.diario21.tv\/noticias\/wp-json\/wp\/v2\/comments?post=584"}],"version-history":[{"count":1,"href":"https:\/\/www.diario21.tv\/noticias\/wp-json\/wp\/v2\/posts\/584\/revisions"}],"predecessor-version":[{"id":586,"href":"https:\/\/www.diario21.tv\/noticias\/wp-json\/wp\/v2\/posts\/584\/revisions\/586"}],"wp:featuredmedia":[{"embeddable":true,"href":"https:\/\/www.diario21.tv\/noticias\/wp-json\/wp\/v2\/media\/585"}],"wp:attachment":[{"href":"https:\/\/www.diario21.tv\/noticias\/wp-json\/wp\/v2\/media?parent=584"}],"wp:term":[{"taxonomy":"category","embeddable":true,"href":"https:\/\/www.diario21.tv\/noticias\/wp-json\/wp\/v2\/categories?post=584"},{"taxonomy":"post_tag","embeddable":true,"href":"https:\/\/www.diario21.tv\/noticias\/wp-json\/wp\/v2\/tags?post=584"}],"curies":[{"name":"wp","href":"https:\/\/api.w.org\/{rel}","templated":true}]}}