{"id":5829,"date":"2026-01-10T06:22:10","date_gmt":"2026-01-10T06:22:10","guid":{"rendered":"https:\/\/www.diario21.tv\/noticias\/escalofriante-policia-investiga-doble-homicidio-en-casa-de-las-palmas\/"},"modified":"2026-01-10T06:22:12","modified_gmt":"2026-01-10T06:22:12","slug":"escalofriante-policia-investiga-doble-homicidio-en-casa-de-las-palmas","status":"publish","type":"post","link":"https:\/\/www.diario21.tv\/noticias\/escalofriante-policia-investiga-doble-homicidio-en-casa-de-las-palmas\/","title":{"rendered":"\u00a1Escalofriante! Polic\u00eda investiga doble homicidio en casa de Las Palmas"},"content":{"rendered":"<h2>Investigaci\u00f3n en Curso por el Homicidio de una Pareja en Las Palmas<\/h2>\n<p>La Polic\u00eda se encuentra actualmente indagando sobre un caso perturbador tras el hallazgo de dos cuerpos sin vida en una residencia ubicada en Las Palmas. La pareja fallecida, cuyas identidades a\u00fan no han sido divulgadas a la espera de notificar a los familiares, fue encontrada en circunstancias que apuntan a una muerte violenta.<\/p>\n<h3>Descubrimiento de los Cuerpos<\/h3>\n<p>El descubrimiento ocurri\u00f3 la tarde del jueves, cuando vecinos alertaron a las autoridades sobre la falta de actividad usual en la vivienda de los ahora fallecidos. Al llegar, los oficiales de la polic\u00eda encontraron las puertas cerradas pero no forzadas. Tras ingresar a la propiedad con precauciones, se toparon con la escena tr\u00e1gica: ambos miembros del matrimonio yac\u00edan sin vida, con evidentes signos de violencia.<\/p>\n<h3>Investigaciones Preliminares<\/h3>\n<p>Los primeros informes de la investigaci\u00f3n sugieren que no se encontraron signos claros de un allanamiento o robo, lo que complica las teor\u00edas detr\u00e1s del motivo del crimen. La polic\u00eda ha iniciado una serie de entrevistas a familiares, amigos y conocidos de las v\u00edctimas en busca de pistas que puedan esclarecer este acto horrendo.<\/p>\n<h3>Reacciones de la Comunidad<\/h3>\n<p>La noticia de la muerte de esta pareja ha conmocionado a la comunidad de Las Palmas, una zona generalmente tranquila y con bajo \u00edndice de criminalidad. Vecinos y conocidos de las v\u00edctimas han expresado su profunda tristeza y desconcierto ante el suceso, destacando la cordialidad y buen trato que siempre caracteriz\u00f3 a la pareja.<\/p>\n<h3>Medidas de Seguridad<\/h3>\n<p>En respuesta al incidente, las autoridades locales han incrementado la presencia policial en el \u00e1rea para garantizar la seguridad y tranquilidad de los residentes. Asimismo, se ha hecho un llamado a la poblaci\u00f3n para que colabore con cualquier informaci\u00f3n que pueda ser relevante para resolver el caso.<\/p>\n<h3>Contin\u00faa la Investigaci\u00f3n<\/h3>\n<p>La polic\u00eda ha asegurado que se est\u00e1 haciendo todo lo posible para dar con los responsables de este doble homicidio. Se han recabado evidencias en la escena del crimen y se est\u00e1 trabajando en conjunto con expertos forenses para analizar los detalles y encontrar respuestas. La comunidad espera que este esfuerzo conjunto entre ciudadanos y autoridades conduzca pronto a la resoluci\u00f3n de este tr\u00e1gico suceso y al esclarecimiento de las circunstancias que llevaron a la muerte de la pareja.<\/p>\n\n\n<div class=\"kk-star-ratings kksr-auto kksr-align-left kksr-valign-bottom\"\n    data-payload='{&quot;align&quot;:&quot;left&quot;,&quot;id&quot;:&quot;5829&quot;,&quot;slug&quot;:&quot;default&quot;,&quot;valign&quot;:&quot;bottom&quot;,&quot;ignore&quot;:&quot;&quot;,&quot;reference&quot;:&quot;auto&quot;,&quot;class&quot;:&quot;&quot;,&quot;count&quot;:&quot;0&quot;,&quot;legendonly&quot;:&quot;&quot;,&quot;readonly&quot;:&quot;&quot;,&quot;score&quot;:&quot;0&quot;,&quot;starsonly&quot;:&quot;&quot;,&quot;best&quot;:&quot;5&quot;,&quot;gap&quot;:&quot;5&quot;,&quot;greet&quot;:&quot;Valora este post&quot;,&quot;legend&quot;:&quot;0\\\/5 - (0 votes)&quot;,&quot;size&quot;:&quot;22&quot;,&quot;title&quot;:&quot;\u00a1Escalofriante! Polic\u00eda investiga doble homicidio en casa de Las Palmas&quot;,&quot;width&quot;:&quot;0&quot;,&quot;_legend&quot;:&quot;{score}\\\/{best} - ({count} {votes})&quot;,&quot;font_factor&quot;:&quot;1.25&quot;}'>\n            \n<div class=\"kksr-stars\">\n    \n<div class=\"kksr-stars-inactive\">\n            <div class=\"kksr-star\" data-star=\"1\" style=\"padding-right: 5px\">\n            \n\n<div class=\"kksr-icon\" style=\"width: 22px; height: 22px;\"><\/div>\n        <\/div>\n            <div class=\"kksr-star\" data-star=\"2\" style=\"padding-right: 5px\">\n            \n\n<div class=\"kksr-icon\" style=\"width: 22px; height: 22px;\"><\/div>\n        <\/div>\n            <div class=\"kksr-star\" data-star=\"3\" style=\"padding-right: 5px\">\n            \n\n<div class=\"kksr-icon\" style=\"width: 22px; height: 22px;\"><\/div>\n        <\/div>\n            <div class=\"kksr-star\" data-star=\"4\" style=\"padding-right: 5px\">\n            \n\n<div class=\"kksr-icon\" style=\"width: 22px; height: 22px;\"><\/div>\n        <\/div>\n            <div class=\"kksr-star\" data-star=\"5\" style=\"padding-right: 5px\">\n            \n\n<div class=\"kksr-icon\" style=\"width: 22px; height: 22px;\"><\/div>\n        <\/div>\n    <\/div>\n    \n<div class=\"kksr-stars-active\" style=\"width: 0px;\">\n            <div class=\"kksr-star\" style=\"padding-right: 5px\">\n            \n\n<div class=\"kksr-icon\" style=\"width: 22px; height: 22px;\"><\/div>\n        <\/div>\n            <div class=\"kksr-star\" style=\"padding-right: 5px\">\n            \n\n<div class=\"kksr-icon\" style=\"width: 22px; height: 22px;\"><\/div>\n        <\/div>\n            <div class=\"kksr-star\" style=\"padding-right: 5px\">\n            \n\n<div class=\"kksr-icon\" style=\"width: 22px; height: 22px;\"><\/div>\n        <\/div>\n            <div class=\"kksr-star\" style=\"padding-right: 5px\">\n            \n\n<div class=\"kksr-icon\" style=\"width: 22px; height: 22px;\"><\/div>\n        <\/div>\n            <div class=\"kksr-star\" style=\"padding-right: 5px\">\n            \n\n<div class=\"kksr-icon\" style=\"width: 22px; height: 22px;\"><\/div>\n        <\/div>\n    <\/div>\n<\/div>\n                \n\n<div class=\"kksr-legend\" style=\"font-size: 17.6px;\">\n            <span class=\"kksr-muted\">Valora este post<\/span>\n    <\/div>\n    <\/div>\n","protected":false},"excerpt":{"rendered":"<p>Investigaci\u00f3n en Curso por el Homicidio de una Pareja en Las Palmas La Polic\u00eda se encuentra actualmente indagando sobre un caso perturbador tras el hallazgo de &#8230; <a title=\"\u00a1Escalofriante! Polic\u00eda investiga doble homicidio en casa de Las Palmas\" class=\"read-more\" href=\"https:\/\/www.diario21.tv\/noticias\/escalofriante-policia-investiga-doble-homicidio-en-casa-de-las-palmas\/\" aria-label=\"Leer m\u00e1s sobre \u00a1Escalofriante! Polic\u00eda investiga doble homicidio en casa de Las Palmas\">Seguir leyendo &rarr;<\/a><\/p>\n","protected":false},"author":20,"featured_media":5830,"comment_status":"open","ping_status":"open","sticky":false,"template":"","format":"standard","meta":{"footnotes":""},"categories":[13],"tags":[],"class_list":["post-5829","post","type-post","status-publish","format-standard","has-post-thumbnail","hentry","category-portada"],"yoast_head":"<!-- This site is optimized with the Yoast SEO plugin v25.6 - https:\/\/yoast.com\/wordpress\/plugins\/seo\/ -->\n<title>\u00a1Escalofriante! Polic\u00eda investiga doble homicidio en casa de Las Palmas - Diario 21<\/title>\n<meta name=\"robots\" content=\"index, follow, max-snippet:-1, max-image-preview:large, max-video-preview:-1\" \/>\n<link rel=\"canonical\" href=\"https:\/\/www.diario21.tv\/noticias\/escalofriante-policia-investiga-doble-homicidio-en-casa-de-las-palmas\/\" \/>\n<meta property=\"og:locale\" content=\"es_ES\" \/>\n<meta property=\"og:type\" content=\"article\" \/>\n<meta property=\"og:title\" content=\"\u00a1Escalofriante! Polic\u00eda investiga doble homicidio en casa de Las Palmas - Diario 21\" \/>\n<meta property=\"og:description\" content=\"Investigaci\u00f3n en Curso por el Homicidio de una Pareja en Las Palmas La Polic\u00eda se encuentra actualmente indagando sobre un caso perturbador tras el hallazgo de ... Seguir leyendo &rarr;\" \/>\n<meta property=\"og:url\" content=\"https:\/\/www.diario21.tv\/noticias\/escalofriante-policia-investiga-doble-homicidio-en-casa-de-las-palmas\/\" \/>\n<meta property=\"og:site_name\" content=\"Diario 21\" \/>\n<meta property=\"article:published_time\" content=\"2026-01-10T06:22:10+00:00\" \/>\n<meta property=\"article:modified_time\" content=\"2026-01-10T06:22:12+00:00\" \/>\n<meta property=\"og:image\" content=\"https:\/\/www.diario21.tv\/noticias\/wp-content\/uploads\/2026\/01\/\u00a1Escalofriante-Policia-investiga-doble-homicidio-en-casa-de-Las-Palmas.jpg\" \/>\n\t<meta property=\"og:image:width\" content=\"1200\" \/>\n\t<meta property=\"og:image:height\" content=\"840\" \/>\n\t<meta property=\"og:image:type\" content=\"image\/jpeg\" \/>\n<meta name=\"author\" content=\"Juan P\u00e9rez\" \/>\n<meta name=\"twitter:card\" content=\"summary_large_image\" \/>\n<meta name=\"twitter:label1\" content=\"Escrito por\" \/>\n\t<meta name=\"twitter:data1\" content=\"Juan P\u00e9rez\" \/>\n\t<meta name=\"twitter:label2\" content=\"Tiempo de lectura\" \/>\n\t<meta name=\"twitter:data2\" content=\"2 minutos\" \/>\n<script type=\"application\/ld+json\" class=\"yoast-schema-graph\">{\"@context\":\"https:\/\/schema.org\",\"@graph\":[{\"@type\":\"WebPage\",\"@id\":\"https:\/\/www.diario21.tv\/noticias\/escalofriante-policia-investiga-doble-homicidio-en-casa-de-las-palmas\/\",\"url\":\"https:\/\/www.diario21.tv\/noticias\/escalofriante-policia-investiga-doble-homicidio-en-casa-de-las-palmas\/\",\"name\":\"\u00a1Escalofriante! Polic\u00eda investiga doble homicidio en casa de Las Palmas - Diario 21\",\"isPartOf\":{\"@id\":\"https:\/\/www.diario21.tv\/noticias\/#website\"},\"primaryImageOfPage\":{\"@id\":\"https:\/\/www.diario21.tv\/noticias\/escalofriante-policia-investiga-doble-homicidio-en-casa-de-las-palmas\/#primaryimage\"},\"image\":{\"@id\":\"https:\/\/www.diario21.tv\/noticias\/escalofriante-policia-investiga-doble-homicidio-en-casa-de-las-palmas\/#primaryimage\"},\"thumbnailUrl\":\"https:\/\/www.diario21.tv\/noticias\/wp-content\/uploads\/2026\/01\/\u00a1Escalofriante-Policia-investiga-doble-homicidio-en-casa-de-Las-Palmas.jpg\",\"datePublished\":\"2026-01-10T06:22:10+00:00\",\"dateModified\":\"2026-01-10T06:22:12+00:00\",\"author\":{\"@id\":\"https:\/\/www.diario21.tv\/noticias\/#\/schema\/person\/dfb778f73814d8f09f302618446a526b\"},\"breadcrumb\":{\"@id\":\"https:\/\/www.diario21.tv\/noticias\/escalofriante-policia-investiga-doble-homicidio-en-casa-de-las-palmas\/#breadcrumb\"},\"inLanguage\":\"es-AR\",\"potentialAction\":[{\"@type\":\"ReadAction\",\"target\":[\"https:\/\/www.diario21.tv\/noticias\/escalofriante-policia-investiga-doble-homicidio-en-casa-de-las-palmas\/\"]}]},{\"@type\":\"ImageObject\",\"inLanguage\":\"es-AR\",\"@id\":\"https:\/\/www.diario21.tv\/noticias\/escalofriante-policia-investiga-doble-homicidio-en-casa-de-las-palmas\/#primaryimage\",\"url\":\"https:\/\/www.diario21.tv\/noticias\/wp-content\/uploads\/2026\/01\/\u00a1Escalofriante-Policia-investiga-doble-homicidio-en-casa-de-Las-Palmas.jpg\",\"contentUrl\":\"https:\/\/www.diario21.tv\/noticias\/wp-content\/uploads\/2026\/01\/\u00a1Escalofriante-Policia-investiga-doble-homicidio-en-casa-de-Las-Palmas.jpg\",\"width\":1200,\"height\":840,\"caption\":\"La Polic\u00eda investiga la muerte violenta de un matrimonio en su casa de Las Palmas\"},{\"@type\":\"BreadcrumbList\",\"@id\":\"https:\/\/www.diario21.tv\/noticias\/escalofriante-policia-investiga-doble-homicidio-en-casa-de-las-palmas\/#breadcrumb\",\"itemListElement\":[{\"@type\":\"ListItem\",\"position\":1,\"name\":\"Accueil\",\"item\":\"https:\/\/www.diario21.tv\/noticias\/\"},{\"@type\":\"ListItem\",\"position\":2,\"name\":\"\u00a1Escalofriante! Polic\u00eda investiga doble homicidio en casa de Las Palmas\"}]},{\"@type\":\"WebSite\",\"@id\":\"https:\/\/www.diario21.tv\/noticias\/#website\",\"url\":\"https:\/\/www.diario21.tv\/noticias\/\",\"name\":\"Diario 21\",\"description\":\"\",\"potentialAction\":[{\"@type\":\"SearchAction\",\"target\":{\"@type\":\"EntryPoint\",\"urlTemplate\":\"https:\/\/www.diario21.tv\/noticias\/?s={search_term_string}\"},\"query-input\":{\"@type\":\"PropertyValueSpecification\",\"valueRequired\":true,\"valueName\":\"search_term_string\"}}],\"inLanguage\":\"es-AR\"},{\"@type\":\"Person\",\"@id\":\"https:\/\/www.diario21.tv\/noticias\/#\/schema\/person\/dfb778f73814d8f09f302618446a526b\",\"name\":\"Juan P\u00e9rez\",\"image\":{\"@type\":\"ImageObject\",\"inLanguage\":\"es-AR\",\"@id\":\"https:\/\/www.diario21.tv\/noticias\/#\/schema\/person\/image\/\",\"url\":\"https:\/\/secure.gravatar.com\/avatar\/c478a405bd10621167f4c3167cc770f5?s=96&d=mm&r=g\",\"contentUrl\":\"https:\/\/secure.gravatar.com\/avatar\/c478a405bd10621167f4c3167cc770f5?s=96&d=mm&r=g\",\"caption\":\"Juan P\u00e9rez\"},\"description\":\"Juan P\u00e9rez es el redactor en jefe de Diario 21. Con m\u00e1s de 10 a\u00f1os de experiencia en el periodismo, se especializa en pol\u00edtica nacional y an\u00e1lisis socioecon\u00f3mico. Su enfoque cr\u00edtico y riguroso aporta una perspectiva \u00fanica a cada art\u00edculo.\",\"sameAs\":[\"https:\/\/www.diario21.tv\/noticias\/\"],\"url\":\"https:\/\/www.diario21.tv\/noticias\/author\/juan-perez\/\"}]}<\/script>\n<!-- \/ Yoast SEO plugin. -->","yoast_head_json":{"title":"\u00a1Escalofriante! Polic\u00eda investiga doble homicidio en casa de Las Palmas - Diario 21","robots":{"index":"index","follow":"follow","max-snippet":"max-snippet:-1","max-image-preview":"max-image-preview:large","max-video-preview":"max-video-preview:-1"},"canonical":"https:\/\/www.diario21.tv\/noticias\/escalofriante-policia-investiga-doble-homicidio-en-casa-de-las-palmas\/","og_locale":"es_ES","og_type":"article","og_title":"\u00a1Escalofriante! Polic\u00eda investiga doble homicidio en casa de Las Palmas - Diario 21","og_description":"Investigaci\u00f3n en Curso por el Homicidio de una Pareja en Las Palmas La Polic\u00eda se encuentra actualmente indagando sobre un caso perturbador tras el hallazgo de ... Seguir leyendo &rarr;","og_url":"https:\/\/www.diario21.tv\/noticias\/escalofriante-policia-investiga-doble-homicidio-en-casa-de-las-palmas\/","og_site_name":"Diario 21","article_published_time":"2026-01-10T06:22:10+00:00","article_modified_time":"2026-01-10T06:22:12+00:00","og_image":[{"width":1200,"height":840,"url":"https:\/\/www.diario21.tv\/noticias\/wp-content\/uploads\/2026\/01\/\u00a1Escalofriante-Policia-investiga-doble-homicidio-en-casa-de-Las-Palmas.jpg","type":"image\/jpeg"}],"author":"Juan P\u00e9rez","twitter_card":"summary_large_image","twitter_misc":{"Escrito por":"Juan P\u00e9rez","Tiempo de lectura":"2 minutos"},"schema":{"@context":"https:\/\/schema.org","@graph":[{"@type":"WebPage","@id":"https:\/\/www.diario21.tv\/noticias\/escalofriante-policia-investiga-doble-homicidio-en-casa-de-las-palmas\/","url":"https:\/\/www.diario21.tv\/noticias\/escalofriante-policia-investiga-doble-homicidio-en-casa-de-las-palmas\/","name":"\u00a1Escalofriante! Polic\u00eda investiga doble homicidio en casa de Las Palmas - Diario 21","isPartOf":{"@id":"https:\/\/www.diario21.tv\/noticias\/#website"},"primaryImageOfPage":{"@id":"https:\/\/www.diario21.tv\/noticias\/escalofriante-policia-investiga-doble-homicidio-en-casa-de-las-palmas\/#primaryimage"},"image":{"@id":"https:\/\/www.diario21.tv\/noticias\/escalofriante-policia-investiga-doble-homicidio-en-casa-de-las-palmas\/#primaryimage"},"thumbnailUrl":"https:\/\/www.diario21.tv\/noticias\/wp-content\/uploads\/2026\/01\/\u00a1Escalofriante-Policia-investiga-doble-homicidio-en-casa-de-Las-Palmas.jpg","datePublished":"2026-01-10T06:22:10+00:00","dateModified":"2026-01-10T06:22:12+00:00","author":{"@id":"https:\/\/www.diario21.tv\/noticias\/#\/schema\/person\/dfb778f73814d8f09f302618446a526b"},"breadcrumb":{"@id":"https:\/\/www.diario21.tv\/noticias\/escalofriante-policia-investiga-doble-homicidio-en-casa-de-las-palmas\/#breadcrumb"},"inLanguage":"es-AR","potentialAction":[{"@type":"ReadAction","target":["https:\/\/www.diario21.tv\/noticias\/escalofriante-policia-investiga-doble-homicidio-en-casa-de-las-palmas\/"]}]},{"@type":"ImageObject","inLanguage":"es-AR","@id":"https:\/\/www.diario21.tv\/noticias\/escalofriante-policia-investiga-doble-homicidio-en-casa-de-las-palmas\/#primaryimage","url":"https:\/\/www.diario21.tv\/noticias\/wp-content\/uploads\/2026\/01\/\u00a1Escalofriante-Policia-investiga-doble-homicidio-en-casa-de-Las-Palmas.jpg","contentUrl":"https:\/\/www.diario21.tv\/noticias\/wp-content\/uploads\/2026\/01\/\u00a1Escalofriante-Policia-investiga-doble-homicidio-en-casa-de-Las-Palmas.jpg","width":1200,"height":840,"caption":"La Polic\u00eda investiga la muerte violenta de un matrimonio en su casa de Las Palmas"},{"@type":"BreadcrumbList","@id":"https:\/\/www.diario21.tv\/noticias\/escalofriante-policia-investiga-doble-homicidio-en-casa-de-las-palmas\/#breadcrumb","itemListElement":[{"@type":"ListItem","position":1,"name":"Accueil","item":"https:\/\/www.diario21.tv\/noticias\/"},{"@type":"ListItem","position":2,"name":"\u00a1Escalofriante! Polic\u00eda investiga doble homicidio en casa de Las Palmas"}]},{"@type":"WebSite","@id":"https:\/\/www.diario21.tv\/noticias\/#website","url":"https:\/\/www.diario21.tv\/noticias\/","name":"Diario 21","description":"","potentialAction":[{"@type":"SearchAction","target":{"@type":"EntryPoint","urlTemplate":"https:\/\/www.diario21.tv\/noticias\/?s={search_term_string}"},"query-input":{"@type":"PropertyValueSpecification","valueRequired":true,"valueName":"search_term_string"}}],"inLanguage":"es-AR"},{"@type":"Person","@id":"https:\/\/www.diario21.tv\/noticias\/#\/schema\/person\/dfb778f73814d8f09f302618446a526b","name":"Juan P\u00e9rez","image":{"@type":"ImageObject","inLanguage":"es-AR","@id":"https:\/\/www.diario21.tv\/noticias\/#\/schema\/person\/image\/","url":"https:\/\/secure.gravatar.com\/avatar\/c478a405bd10621167f4c3167cc770f5?s=96&d=mm&r=g","contentUrl":"https:\/\/secure.gravatar.com\/avatar\/c478a405bd10621167f4c3167cc770f5?s=96&d=mm&r=g","caption":"Juan P\u00e9rez"},"description":"Juan P\u00e9rez es el redactor en jefe de Diario 21. Con m\u00e1s de 10 a\u00f1os de experiencia en el periodismo, se especializa en pol\u00edtica nacional y an\u00e1lisis socioecon\u00f3mico. Su enfoque cr\u00edtico y riguroso aporta una perspectiva \u00fanica a cada art\u00edculo.","sameAs":["https:\/\/www.diario21.tv\/noticias\/"],"url":"https:\/\/www.diario21.tv\/noticias\/author\/juan-perez\/"}]}},"_links":{"self":[{"href":"https:\/\/www.diario21.tv\/noticias\/wp-json\/wp\/v2\/posts\/5829"}],"collection":[{"href":"https:\/\/www.diario21.tv\/noticias\/wp-json\/wp\/v2\/posts"}],"about":[{"href":"https:\/\/www.diario21.tv\/noticias\/wp-json\/wp\/v2\/types\/post"}],"author":[{"embeddable":true,"href":"https:\/\/www.diario21.tv\/noticias\/wp-json\/wp\/v2\/users\/20"}],"replies":[{"embeddable":true,"href":"https:\/\/www.diario21.tv\/noticias\/wp-json\/wp\/v2\/comments?post=5829"}],"version-history":[{"count":1,"href":"https:\/\/www.diario21.tv\/noticias\/wp-json\/wp\/v2\/posts\/5829\/revisions"}],"predecessor-version":[{"id":5831,"href":"https:\/\/www.diario21.tv\/noticias\/wp-json\/wp\/v2\/posts\/5829\/revisions\/5831"}],"wp:featuredmedia":[{"embeddable":true,"href":"https:\/\/www.diario21.tv\/noticias\/wp-json\/wp\/v2\/media\/5830"}],"wp:attachment":[{"href":"https:\/\/www.diario21.tv\/noticias\/wp-json\/wp\/v2\/media?parent=5829"}],"wp:term":[{"taxonomy":"category","embeddable":true,"href":"https:\/\/www.diario21.tv\/noticias\/wp-json\/wp\/v2\/categories?post=5829"},{"taxonomy":"post_tag","embeddable":true,"href":"https:\/\/www.diario21.tv\/noticias\/wp-json\/wp\/v2\/tags?post=5829"}],"curies":[{"name":"wp","href":"https:\/\/api.w.org\/{rel}","templated":true}]}}