{"id":5823,"date":"2026-01-09T18:20:52","date_gmt":"2026-01-09T18:20:52","guid":{"rendered":"https:\/\/www.diario21.tv\/noticias\/alerta-roja-en-molina-de-aragon-por-frio-extremo-temperaturas-hasta-14oc\/"},"modified":"2026-01-09T18:20:53","modified_gmt":"2026-01-09T18:20:53","slug":"alerta-roja-en-molina-de-aragon-por-frio-extremo-temperaturas-hasta-14oc","status":"publish","type":"post","link":"https:\/\/www.diario21.tv\/noticias\/alerta-roja-en-molina-de-aragon-por-frio-extremo-temperaturas-hasta-14oc\/","title":{"rendered":"\u00a1Alerta roja en Molina de Arag\u00f3n por fr\u00edo extremo! Temperaturas hasta -14\u00baC"},"content":{"rendered":"<h2>Alerta roja en Molina de Arag\u00f3n por la Aemet: temperaturas de hasta -14\u00baC<\/h2>\n<p>La Agencia Estatal de Meteorolog\u00eda (Aemet) ha emitido una alerta roja para Molina de Arag\u00f3n debido a las extremas condiciones clim\u00e1ticas que se esperan. Se prev\u00e9 que las temperaturas caigan hasta los -14\u00baC, lo que representa un serio riesgo para la poblaci\u00f3n local y el entorno.<\/p>\n<h3>Previsiones meteorol\u00f3gicas severas<\/h3>\n<p>Seg\u00fan los \u00faltimos informes de la Aemet, esta zona de la provincia de Guadalajara experimentar\u00e1 un fr\u00edo intenso durante las pr\u00f3ximas horas. Este descenso dr\u00e1stico en las temperaturas es poco com\u00fan en la regi\u00f3n y ha motivado la declaraci\u00f3n de una alerta roja, el nivel m\u00e1s alto de advertencia que implica situaciones meteorol\u00f3gicas de gran peligro.<\/p>\n<p>Los expertos aconsejan a los residentes que tomen medidas de precauci\u00f3n extremas. Se recomienda evitar salir de casa a menos que sea absolutamente necesario, y en caso de tener que hacerlo, es crucial vestirse con ropa adecuada que proteja del fr\u00edo severo.<\/p>\n<h3>Impacto en la vida diaria y recomendaciones<\/h3>\n<p>La ca\u00edda de las temperaturas podr\u00eda tener efectos significativos en la vida diaria de los habitantes de Molina de Arag\u00f3n. Problemas como la congelaci\u00f3n de tuber\u00edas y la posible interrupci\u00f3n de servicios esenciales est\u00e1n entre las principales preocupaciones. Adem\u00e1s, el fr\u00edo extremo puede ser peligroso para la salud, especialmente para personas mayores, ni\u00f1os y aquellos con condiciones m\u00e9dicas preexistentes.<\/p>\n<p>Desde la Aemet, se insiste en la importancia de seguir todas las recomendaciones de las autoridades locales y de los servicios de emergencia. Mantenerse informado a trav\u00e9s de canales oficiales y prepararse para condiciones adversas es vital en situaciones como esta.<\/p>\n<p>Los servicios de emergencia est\u00e1n en alerta m\u00e1xima y han sido reforzados para responder de manera eficiente ante cualquier incidente que pueda surgir debido a esta ola de fr\u00edo. Se ha establecido un plan de acci\u00f3n que incluye patrullas frecuentes para verificar el estado de las carreteras y ofrecer asistencia a quienes la necesiten.<\/p>\n<h3>Conclusi\u00f3n<\/h3>\n<p>La situaci\u00f3n en Molina de Arag\u00f3n es cr\u00edtica, y se espera que las temperaturas extremadamente bajas persistan durante alg\u00fan tiempo. La cooperaci\u00f3n de todos los ciudadanos es esencial para manejar esta emergencia de la mejor manera posible. Seguir las pautas de seguridad y mantenerse al tanto de las actualizaciones de la situaci\u00f3n ser\u00e1 clave para superar este periodo de fr\u00edo extremo sin mayores contratiempos.<\/p>\n\n\n<div class=\"kk-star-ratings kksr-auto kksr-align-left kksr-valign-bottom\"\n    data-payload='{&quot;align&quot;:&quot;left&quot;,&quot;id&quot;:&quot;5823&quot;,&quot;slug&quot;:&quot;default&quot;,&quot;valign&quot;:&quot;bottom&quot;,&quot;ignore&quot;:&quot;&quot;,&quot;reference&quot;:&quot;auto&quot;,&quot;class&quot;:&quot;&quot;,&quot;count&quot;:&quot;0&quot;,&quot;legendonly&quot;:&quot;&quot;,&quot;readonly&quot;:&quot;&quot;,&quot;score&quot;:&quot;0&quot;,&quot;starsonly&quot;:&quot;&quot;,&quot;best&quot;:&quot;5&quot;,&quot;gap&quot;:&quot;5&quot;,&quot;greet&quot;:&quot;Valora este post&quot;,&quot;legend&quot;:&quot;0\\\/5 - (0 votes)&quot;,&quot;size&quot;:&quot;22&quot;,&quot;title&quot;:&quot;\u00a1Alerta roja en Molina de Arag\u00f3n por fr\u00edo extremo! Temperaturas hasta -14\u00baC&quot;,&quot;width&quot;:&quot;0&quot;,&quot;_legend&quot;:&quot;{score}\\\/{best} - ({count} {votes})&quot;,&quot;font_factor&quot;:&quot;1.25&quot;}'>\n            \n<div class=\"kksr-stars\">\n    \n<div class=\"kksr-stars-inactive\">\n            <div class=\"kksr-star\" data-star=\"1\" style=\"padding-right: 5px\">\n            \n\n<div class=\"kksr-icon\" style=\"width: 22px; height: 22px;\"><\/div>\n        <\/div>\n            <div class=\"kksr-star\" data-star=\"2\" style=\"padding-right: 5px\">\n            \n\n<div class=\"kksr-icon\" style=\"width: 22px; height: 22px;\"><\/div>\n        <\/div>\n            <div class=\"kksr-star\" data-star=\"3\" style=\"padding-right: 5px\">\n            \n\n<div class=\"kksr-icon\" style=\"width: 22px; height: 22px;\"><\/div>\n        <\/div>\n            <div class=\"kksr-star\" data-star=\"4\" style=\"padding-right: 5px\">\n            \n\n<div class=\"kksr-icon\" style=\"width: 22px; height: 22px;\"><\/div>\n        <\/div>\n            <div class=\"kksr-star\" data-star=\"5\" style=\"padding-right: 5px\">\n            \n\n<div class=\"kksr-icon\" style=\"width: 22px; height: 22px;\"><\/div>\n        <\/div>\n    <\/div>\n    \n<div class=\"kksr-stars-active\" style=\"width: 0px;\">\n            <div class=\"kksr-star\" style=\"padding-right: 5px\">\n            \n\n<div class=\"kksr-icon\" style=\"width: 22px; height: 22px;\"><\/div>\n        <\/div>\n            <div class=\"kksr-star\" style=\"padding-right: 5px\">\n            \n\n<div class=\"kksr-icon\" style=\"width: 22px; height: 22px;\"><\/div>\n        <\/div>\n            <div class=\"kksr-star\" style=\"padding-right: 5px\">\n            \n\n<div class=\"kksr-icon\" style=\"width: 22px; height: 22px;\"><\/div>\n        <\/div>\n            <div class=\"kksr-star\" style=\"padding-right: 5px\">\n            \n\n<div class=\"kksr-icon\" style=\"width: 22px; height: 22px;\"><\/div>\n        <\/div>\n            <div class=\"kksr-star\" style=\"padding-right: 5px\">\n            \n\n<div class=\"kksr-icon\" style=\"width: 22px; height: 22px;\"><\/div>\n        <\/div>\n    <\/div>\n<\/div>\n                \n\n<div class=\"kksr-legend\" style=\"font-size: 17.6px;\">\n            <span class=\"kksr-muted\">Valora este post<\/span>\n    <\/div>\n    <\/div>\n","protected":false},"excerpt":{"rendered":"<p>Alerta roja en Molina de Arag\u00f3n por la Aemet: temperaturas de hasta -14\u00baC La Agencia Estatal de Meteorolog\u00eda (Aemet) ha emitido una alerta roja para Molina &#8230; <a title=\"\u00a1Alerta roja en Molina de Arag\u00f3n por fr\u00edo extremo! Temperaturas hasta -14\u00baC\" class=\"read-more\" href=\"https:\/\/www.diario21.tv\/noticias\/alerta-roja-en-molina-de-aragon-por-frio-extremo-temperaturas-hasta-14oc\/\" aria-label=\"Leer m\u00e1s sobre \u00a1Alerta roja en Molina de Arag\u00f3n por fr\u00edo extremo! Temperaturas hasta -14\u00baC\">Seguir leyendo &rarr;<\/a><\/p>\n","protected":false},"author":20,"featured_media":5824,"comment_status":"open","ping_status":"open","sticky":false,"template":"","format":"standard","meta":{"footnotes":""},"categories":[13],"tags":[],"class_list":["post-5823","post","type-post","status-publish","format-standard","has-post-thumbnail","hentry","category-portada"],"yoast_head":"<!-- This site is optimized with the Yoast SEO plugin v25.6 - https:\/\/yoast.com\/wordpress\/plugins\/seo\/ -->\n<title>\u00a1Alerta roja en Molina de Arag\u00f3n por fr\u00edo extremo! Temperaturas hasta -14\u00baC - Diario 21<\/title>\n<meta name=\"robots\" content=\"index, follow, max-snippet:-1, max-image-preview:large, max-video-preview:-1\" \/>\n<link rel=\"canonical\" href=\"https:\/\/www.diario21.tv\/noticias\/alerta-roja-en-molina-de-aragon-por-frio-extremo-temperaturas-hasta-14oc\/\" \/>\n<meta property=\"og:locale\" content=\"es_ES\" \/>\n<meta property=\"og:type\" content=\"article\" \/>\n<meta property=\"og:title\" content=\"\u00a1Alerta roja en Molina de Arag\u00f3n por fr\u00edo extremo! Temperaturas hasta -14\u00baC - Diario 21\" \/>\n<meta property=\"og:description\" content=\"Alerta roja en Molina de Arag\u00f3n por la Aemet: temperaturas de hasta -14\u00baC La Agencia Estatal de Meteorolog\u00eda (Aemet) ha emitido una alerta roja para Molina ... Seguir leyendo &rarr;\" \/>\n<meta property=\"og:url\" content=\"https:\/\/www.diario21.tv\/noticias\/alerta-roja-en-molina-de-aragon-por-frio-extremo-temperaturas-hasta-14oc\/\" \/>\n<meta property=\"og:site_name\" content=\"Diario 21\" \/>\n<meta property=\"article:published_time\" content=\"2026-01-09T18:20:52+00:00\" \/>\n<meta property=\"article:modified_time\" content=\"2026-01-09T18:20:53+00:00\" \/>\n<meta property=\"og:image\" content=\"https:\/\/www.diario21.tv\/noticias\/wp-content\/uploads\/2026\/01\/\u00a1Alerta-roja-en-Molina-de-Aragon-por-frio-extremo-Temperaturas.JPG\" \/>\n\t<meta property=\"og:image:width\" content=\"1200\" \/>\n\t<meta property=\"og:image:height\" content=\"840\" \/>\n\t<meta property=\"og:image:type\" content=\"image\/jpeg\" \/>\n<meta name=\"author\" content=\"Juan P\u00e9rez\" \/>\n<meta name=\"twitter:card\" content=\"summary_large_image\" \/>\n<meta name=\"twitter:label1\" content=\"Escrito por\" \/>\n\t<meta name=\"twitter:data1\" content=\"Juan P\u00e9rez\" \/>\n\t<meta name=\"twitter:label2\" content=\"Tiempo de lectura\" \/>\n\t<meta name=\"twitter:data2\" content=\"2 minutos\" \/>\n<script type=\"application\/ld+json\" class=\"yoast-schema-graph\">{\"@context\":\"https:\/\/schema.org\",\"@graph\":[{\"@type\":\"WebPage\",\"@id\":\"https:\/\/www.diario21.tv\/noticias\/alerta-roja-en-molina-de-aragon-por-frio-extremo-temperaturas-hasta-14oc\/\",\"url\":\"https:\/\/www.diario21.tv\/noticias\/alerta-roja-en-molina-de-aragon-por-frio-extremo-temperaturas-hasta-14oc\/\",\"name\":\"\u00a1Alerta roja en Molina de Arag\u00f3n por fr\u00edo extremo! Temperaturas hasta -14\u00baC - Diario 21\",\"isPartOf\":{\"@id\":\"https:\/\/www.diario21.tv\/noticias\/#website\"},\"primaryImageOfPage\":{\"@id\":\"https:\/\/www.diario21.tv\/noticias\/alerta-roja-en-molina-de-aragon-por-frio-extremo-temperaturas-hasta-14oc\/#primaryimage\"},\"image\":{\"@id\":\"https:\/\/www.diario21.tv\/noticias\/alerta-roja-en-molina-de-aragon-por-frio-extremo-temperaturas-hasta-14oc\/#primaryimage\"},\"thumbnailUrl\":\"https:\/\/www.diario21.tv\/noticias\/wp-content\/uploads\/2026\/01\/\u00a1Alerta-roja-en-Molina-de-Aragon-por-frio-extremo-Temperaturas.JPG\",\"datePublished\":\"2026-01-09T18:20:52+00:00\",\"dateModified\":\"2026-01-09T18:20:53+00:00\",\"author\":{\"@id\":\"https:\/\/www.diario21.tv\/noticias\/#\/schema\/person\/dfb778f73814d8f09f302618446a526b\"},\"breadcrumb\":{\"@id\":\"https:\/\/www.diario21.tv\/noticias\/alerta-roja-en-molina-de-aragon-por-frio-extremo-temperaturas-hasta-14oc\/#breadcrumb\"},\"inLanguage\":\"es-AR\",\"potentialAction\":[{\"@type\":\"ReadAction\",\"target\":[\"https:\/\/www.diario21.tv\/noticias\/alerta-roja-en-molina-de-aragon-por-frio-extremo-temperaturas-hasta-14oc\/\"]}]},{\"@type\":\"ImageObject\",\"inLanguage\":\"es-AR\",\"@id\":\"https:\/\/www.diario21.tv\/noticias\/alerta-roja-en-molina-de-aragon-por-frio-extremo-temperaturas-hasta-14oc\/#primaryimage\",\"url\":\"https:\/\/www.diario21.tv\/noticias\/wp-content\/uploads\/2026\/01\/\u00a1Alerta-roja-en-Molina-de-Aragon-por-frio-extremo-Temperaturas.JPG\",\"contentUrl\":\"https:\/\/www.diario21.tv\/noticias\/wp-content\/uploads\/2026\/01\/\u00a1Alerta-roja-en-Molina-de-Aragon-por-frio-extremo-Temperaturas.JPG\",\"width\":1200,\"height\":840,\"caption\":\"La Aemet pone en aviso rojo a Molina de Arag\u00f3n: -14\u00baC\"},{\"@type\":\"BreadcrumbList\",\"@id\":\"https:\/\/www.diario21.tv\/noticias\/alerta-roja-en-molina-de-aragon-por-frio-extremo-temperaturas-hasta-14oc\/#breadcrumb\",\"itemListElement\":[{\"@type\":\"ListItem\",\"position\":1,\"name\":\"Accueil\",\"item\":\"https:\/\/www.diario21.tv\/noticias\/\"},{\"@type\":\"ListItem\",\"position\":2,\"name\":\"\u00a1Alerta roja en Molina de Arag\u00f3n por fr\u00edo extremo! Temperaturas hasta -14\u00baC\"}]},{\"@type\":\"WebSite\",\"@id\":\"https:\/\/www.diario21.tv\/noticias\/#website\",\"url\":\"https:\/\/www.diario21.tv\/noticias\/\",\"name\":\"Diario 21\",\"description\":\"\",\"potentialAction\":[{\"@type\":\"SearchAction\",\"target\":{\"@type\":\"EntryPoint\",\"urlTemplate\":\"https:\/\/www.diario21.tv\/noticias\/?s={search_term_string}\"},\"query-input\":{\"@type\":\"PropertyValueSpecification\",\"valueRequired\":true,\"valueName\":\"search_term_string\"}}],\"inLanguage\":\"es-AR\"},{\"@type\":\"Person\",\"@id\":\"https:\/\/www.diario21.tv\/noticias\/#\/schema\/person\/dfb778f73814d8f09f302618446a526b\",\"name\":\"Juan P\u00e9rez\",\"image\":{\"@type\":\"ImageObject\",\"inLanguage\":\"es-AR\",\"@id\":\"https:\/\/www.diario21.tv\/noticias\/#\/schema\/person\/image\/\",\"url\":\"https:\/\/secure.gravatar.com\/avatar\/c478a405bd10621167f4c3167cc770f5?s=96&d=mm&r=g\",\"contentUrl\":\"https:\/\/secure.gravatar.com\/avatar\/c478a405bd10621167f4c3167cc770f5?s=96&d=mm&r=g\",\"caption\":\"Juan P\u00e9rez\"},\"description\":\"Juan P\u00e9rez es el redactor en jefe de Diario 21. Con m\u00e1s de 10 a\u00f1os de experiencia en el periodismo, se especializa en pol\u00edtica nacional y an\u00e1lisis socioecon\u00f3mico. Su enfoque cr\u00edtico y riguroso aporta una perspectiva \u00fanica a cada art\u00edculo.\",\"sameAs\":[\"https:\/\/www.diario21.tv\/noticias\/\"],\"url\":\"https:\/\/www.diario21.tv\/noticias\/author\/juan-perez\/\"}]}<\/script>\n<!-- \/ Yoast SEO plugin. -->","yoast_head_json":{"title":"\u00a1Alerta roja en Molina de Arag\u00f3n por fr\u00edo extremo! Temperaturas hasta -14\u00baC - Diario 21","robots":{"index":"index","follow":"follow","max-snippet":"max-snippet:-1","max-image-preview":"max-image-preview:large","max-video-preview":"max-video-preview:-1"},"canonical":"https:\/\/www.diario21.tv\/noticias\/alerta-roja-en-molina-de-aragon-por-frio-extremo-temperaturas-hasta-14oc\/","og_locale":"es_ES","og_type":"article","og_title":"\u00a1Alerta roja en Molina de Arag\u00f3n por fr\u00edo extremo! Temperaturas hasta -14\u00baC - Diario 21","og_description":"Alerta roja en Molina de Arag\u00f3n por la Aemet: temperaturas de hasta -14\u00baC La Agencia Estatal de Meteorolog\u00eda (Aemet) ha emitido una alerta roja para Molina ... Seguir leyendo &rarr;","og_url":"https:\/\/www.diario21.tv\/noticias\/alerta-roja-en-molina-de-aragon-por-frio-extremo-temperaturas-hasta-14oc\/","og_site_name":"Diario 21","article_published_time":"2026-01-09T18:20:52+00:00","article_modified_time":"2026-01-09T18:20:53+00:00","og_image":[{"width":1200,"height":840,"url":"https:\/\/www.diario21.tv\/noticias\/wp-content\/uploads\/2026\/01\/\u00a1Alerta-roja-en-Molina-de-Aragon-por-frio-extremo-Temperaturas.JPG","type":"image\/jpeg"}],"author":"Juan P\u00e9rez","twitter_card":"summary_large_image","twitter_misc":{"Escrito por":"Juan P\u00e9rez","Tiempo de lectura":"2 minutos"},"schema":{"@context":"https:\/\/schema.org","@graph":[{"@type":"WebPage","@id":"https:\/\/www.diario21.tv\/noticias\/alerta-roja-en-molina-de-aragon-por-frio-extremo-temperaturas-hasta-14oc\/","url":"https:\/\/www.diario21.tv\/noticias\/alerta-roja-en-molina-de-aragon-por-frio-extremo-temperaturas-hasta-14oc\/","name":"\u00a1Alerta roja en Molina de Arag\u00f3n por fr\u00edo extremo! Temperaturas hasta -14\u00baC - Diario 21","isPartOf":{"@id":"https:\/\/www.diario21.tv\/noticias\/#website"},"primaryImageOfPage":{"@id":"https:\/\/www.diario21.tv\/noticias\/alerta-roja-en-molina-de-aragon-por-frio-extremo-temperaturas-hasta-14oc\/#primaryimage"},"image":{"@id":"https:\/\/www.diario21.tv\/noticias\/alerta-roja-en-molina-de-aragon-por-frio-extremo-temperaturas-hasta-14oc\/#primaryimage"},"thumbnailUrl":"https:\/\/www.diario21.tv\/noticias\/wp-content\/uploads\/2026\/01\/\u00a1Alerta-roja-en-Molina-de-Aragon-por-frio-extremo-Temperaturas.JPG","datePublished":"2026-01-09T18:20:52+00:00","dateModified":"2026-01-09T18:20:53+00:00","author":{"@id":"https:\/\/www.diario21.tv\/noticias\/#\/schema\/person\/dfb778f73814d8f09f302618446a526b"},"breadcrumb":{"@id":"https:\/\/www.diario21.tv\/noticias\/alerta-roja-en-molina-de-aragon-por-frio-extremo-temperaturas-hasta-14oc\/#breadcrumb"},"inLanguage":"es-AR","potentialAction":[{"@type":"ReadAction","target":["https:\/\/www.diario21.tv\/noticias\/alerta-roja-en-molina-de-aragon-por-frio-extremo-temperaturas-hasta-14oc\/"]}]},{"@type":"ImageObject","inLanguage":"es-AR","@id":"https:\/\/www.diario21.tv\/noticias\/alerta-roja-en-molina-de-aragon-por-frio-extremo-temperaturas-hasta-14oc\/#primaryimage","url":"https:\/\/www.diario21.tv\/noticias\/wp-content\/uploads\/2026\/01\/\u00a1Alerta-roja-en-Molina-de-Aragon-por-frio-extremo-Temperaturas.JPG","contentUrl":"https:\/\/www.diario21.tv\/noticias\/wp-content\/uploads\/2026\/01\/\u00a1Alerta-roja-en-Molina-de-Aragon-por-frio-extremo-Temperaturas.JPG","width":1200,"height":840,"caption":"La Aemet pone en aviso rojo a Molina de Arag\u00f3n: -14\u00baC"},{"@type":"BreadcrumbList","@id":"https:\/\/www.diario21.tv\/noticias\/alerta-roja-en-molina-de-aragon-por-frio-extremo-temperaturas-hasta-14oc\/#breadcrumb","itemListElement":[{"@type":"ListItem","position":1,"name":"Accueil","item":"https:\/\/www.diario21.tv\/noticias\/"},{"@type":"ListItem","position":2,"name":"\u00a1Alerta roja en Molina de Arag\u00f3n por fr\u00edo extremo! Temperaturas hasta -14\u00baC"}]},{"@type":"WebSite","@id":"https:\/\/www.diario21.tv\/noticias\/#website","url":"https:\/\/www.diario21.tv\/noticias\/","name":"Diario 21","description":"","potentialAction":[{"@type":"SearchAction","target":{"@type":"EntryPoint","urlTemplate":"https:\/\/www.diario21.tv\/noticias\/?s={search_term_string}"},"query-input":{"@type":"PropertyValueSpecification","valueRequired":true,"valueName":"search_term_string"}}],"inLanguage":"es-AR"},{"@type":"Person","@id":"https:\/\/www.diario21.tv\/noticias\/#\/schema\/person\/dfb778f73814d8f09f302618446a526b","name":"Juan P\u00e9rez","image":{"@type":"ImageObject","inLanguage":"es-AR","@id":"https:\/\/www.diario21.tv\/noticias\/#\/schema\/person\/image\/","url":"https:\/\/secure.gravatar.com\/avatar\/c478a405bd10621167f4c3167cc770f5?s=96&d=mm&r=g","contentUrl":"https:\/\/secure.gravatar.com\/avatar\/c478a405bd10621167f4c3167cc770f5?s=96&d=mm&r=g","caption":"Juan P\u00e9rez"},"description":"Juan P\u00e9rez es el redactor en jefe de Diario 21. Con m\u00e1s de 10 a\u00f1os de experiencia en el periodismo, se especializa en pol\u00edtica nacional y an\u00e1lisis socioecon\u00f3mico. Su enfoque cr\u00edtico y riguroso aporta una perspectiva \u00fanica a cada art\u00edculo.","sameAs":["https:\/\/www.diario21.tv\/noticias\/"],"url":"https:\/\/www.diario21.tv\/noticias\/author\/juan-perez\/"}]}},"_links":{"self":[{"href":"https:\/\/www.diario21.tv\/noticias\/wp-json\/wp\/v2\/posts\/5823"}],"collection":[{"href":"https:\/\/www.diario21.tv\/noticias\/wp-json\/wp\/v2\/posts"}],"about":[{"href":"https:\/\/www.diario21.tv\/noticias\/wp-json\/wp\/v2\/types\/post"}],"author":[{"embeddable":true,"href":"https:\/\/www.diario21.tv\/noticias\/wp-json\/wp\/v2\/users\/20"}],"replies":[{"embeddable":true,"href":"https:\/\/www.diario21.tv\/noticias\/wp-json\/wp\/v2\/comments?post=5823"}],"version-history":[{"count":1,"href":"https:\/\/www.diario21.tv\/noticias\/wp-json\/wp\/v2\/posts\/5823\/revisions"}],"predecessor-version":[{"id":5825,"href":"https:\/\/www.diario21.tv\/noticias\/wp-json\/wp\/v2\/posts\/5823\/revisions\/5825"}],"wp:featuredmedia":[{"embeddable":true,"href":"https:\/\/www.diario21.tv\/noticias\/wp-json\/wp\/v2\/media\/5824"}],"wp:attachment":[{"href":"https:\/\/www.diario21.tv\/noticias\/wp-json\/wp\/v2\/media?parent=5823"}],"wp:term":[{"taxonomy":"category","embeddable":true,"href":"https:\/\/www.diario21.tv\/noticias\/wp-json\/wp\/v2\/categories?post=5823"},{"taxonomy":"post_tag","embeddable":true,"href":"https:\/\/www.diario21.tv\/noticias\/wp-json\/wp\/v2\/tags?post=5823"}],"curies":[{"name":"wp","href":"https:\/\/api.w.org\/{rel}","templated":true}]}}