{"id":5820,"date":"2026-01-09T12:19:49","date_gmt":"2026-01-09T12:19:49","guid":{"rendered":"https:\/\/www.diario21.tv\/noticias\/increible-mujer-arrestada-en-ciudad-real-por-agredir-a-pediatra-tras-diagnostico-discordante\/"},"modified":"2026-01-09T12:19:50","modified_gmt":"2026-01-09T12:19:50","slug":"increible-mujer-arrestada-en-ciudad-real-por-agredir-a-pediatra-tras-diagnostico-discordante","status":"publish","type":"post","link":"https:\/\/www.diario21.tv\/noticias\/increible-mujer-arrestada-en-ciudad-real-por-agredir-a-pediatra-tras-diagnostico-discordante\/","title":{"rendered":"\u00a1Incre\u00edble! Mujer arrestada en Ciudad Real por agredir a pediatra tras diagn\u00f3stico discordante"},"content":{"rendered":"<h2>Arresto en Ciudad Real: Mujer acusada de agredir a una pediatra<\/h2>\n<p>En un incidente preocupante en Ciudad Real, una mujer ha sido detenida tras haber agredido f\u00edsicamente a una pediatra. El motivo del ataque, seg\u00fan reportes de las autoridades locales, fue un desacuerdo con el diagn\u00f3stico m\u00e9dico emitido por la profesional de la salud.<\/p>\n<h3>Detalles del Conflicto<\/h3>\n<p>El suceso ocurri\u00f3 en un centro m\u00e9dico de la localidad, donde la pediatra estaba realizando su labor habitual. La madre de un paciente, claramente insatisfecha con la evaluaci\u00f3n m\u00e9dica proporcionada para su hijo, confront\u00f3 a la doctora. La discusi\u00f3n escal\u00f3 r\u00e1pidamente, culminando en un acto de violencia f\u00edsica por parte de la mujer hacia la pediatra.<\/p>\n<p>La agresi\u00f3n fue presenciada por varios testigos en el centro m\u00e9dico, quienes r\u00e1pidamente intervinieron. A pesar de sus esfuerzos, la pediatra sufri\u00f3 lesiones debido al incidente. Las autoridades fueron alertadas de inmediato, y la polic\u00eda lleg\u00f3 al lugar para manejar la situaci\u00f3n.<\/p>\n<h3>Respuesta Legal y Consecuencias<\/h3>\n<p>La mujer fue detenida en el acto por la polic\u00eda y enfrenta cargos por agresi\u00f3n. La pediatra, por su parte, recibi\u00f3 atenci\u00f3n m\u00e9dica y se reporta que est\u00e1 recuper\u00e1ndose de las lesiones sufridas, que afortunadamente no fueron graves.<\/p>\n<p>Este incidente ha levantado preocupaciones sobre la seguridad en los centros de salud y el respeto hacia los profesionales m\u00e9dicos. Las autoridades han reiterado la importancia de manejar las discrepancias y desacuerdos a trav\u00e9s de canales apropiados y pac\u00edficos, especialmente en entornos m\u00e9dicos donde el bienestar de los pacientes debe ser la prioridad.<\/p>\n<p>Este caso sigue bajo investigaci\u00f3n, y la comunidad m\u00e9dica junto con las autoridades locales est\u00e1n evaluando medidas para prevenir que incidentes similares ocurran en el futuro. La seguridad de los trabajadores de la salud ha sido puesta en el foco, buscando garantizar que puedan realizar su trabajo sin temor a la violencia.<\/p>\n\n\n<div class=\"kk-star-ratings kksr-auto kksr-align-left kksr-valign-bottom\"\n    data-payload='{&quot;align&quot;:&quot;left&quot;,&quot;id&quot;:&quot;5820&quot;,&quot;slug&quot;:&quot;default&quot;,&quot;valign&quot;:&quot;bottom&quot;,&quot;ignore&quot;:&quot;&quot;,&quot;reference&quot;:&quot;auto&quot;,&quot;class&quot;:&quot;&quot;,&quot;count&quot;:&quot;0&quot;,&quot;legendonly&quot;:&quot;&quot;,&quot;readonly&quot;:&quot;&quot;,&quot;score&quot;:&quot;0&quot;,&quot;starsonly&quot;:&quot;&quot;,&quot;best&quot;:&quot;5&quot;,&quot;gap&quot;:&quot;5&quot;,&quot;greet&quot;:&quot;Valora este post&quot;,&quot;legend&quot;:&quot;0\\\/5 - (0 votes)&quot;,&quot;size&quot;:&quot;22&quot;,&quot;title&quot;:&quot;\u00a1Incre\u00edble! Mujer arrestada en Ciudad Real por agredir a pediatra tras diagn\u00f3stico discordante&quot;,&quot;width&quot;:&quot;0&quot;,&quot;_legend&quot;:&quot;{score}\\\/{best} - ({count} {votes})&quot;,&quot;font_factor&quot;:&quot;1.25&quot;}'>\n            \n<div class=\"kksr-stars\">\n    \n<div class=\"kksr-stars-inactive\">\n            <div class=\"kksr-star\" data-star=\"1\" style=\"padding-right: 5px\">\n            \n\n<div class=\"kksr-icon\" style=\"width: 22px; height: 22px;\"><\/div>\n        <\/div>\n            <div class=\"kksr-star\" data-star=\"2\" style=\"padding-right: 5px\">\n            \n\n<div class=\"kksr-icon\" style=\"width: 22px; height: 22px;\"><\/div>\n        <\/div>\n            <div class=\"kksr-star\" data-star=\"3\" style=\"padding-right: 5px\">\n            \n\n<div class=\"kksr-icon\" style=\"width: 22px; height: 22px;\"><\/div>\n        <\/div>\n            <div class=\"kksr-star\" data-star=\"4\" style=\"padding-right: 5px\">\n            \n\n<div class=\"kksr-icon\" style=\"width: 22px; height: 22px;\"><\/div>\n        <\/div>\n            <div class=\"kksr-star\" data-star=\"5\" style=\"padding-right: 5px\">\n            \n\n<div class=\"kksr-icon\" style=\"width: 22px; height: 22px;\"><\/div>\n        <\/div>\n    <\/div>\n    \n<div class=\"kksr-stars-active\" style=\"width: 0px;\">\n            <div class=\"kksr-star\" style=\"padding-right: 5px\">\n            \n\n<div class=\"kksr-icon\" style=\"width: 22px; height: 22px;\"><\/div>\n        <\/div>\n            <div class=\"kksr-star\" style=\"padding-right: 5px\">\n            \n\n<div class=\"kksr-icon\" style=\"width: 22px; height: 22px;\"><\/div>\n        <\/div>\n            <div class=\"kksr-star\" style=\"padding-right: 5px\">\n            \n\n<div class=\"kksr-icon\" style=\"width: 22px; height: 22px;\"><\/div>\n        <\/div>\n            <div class=\"kksr-star\" style=\"padding-right: 5px\">\n            \n\n<div class=\"kksr-icon\" style=\"width: 22px; height: 22px;\"><\/div>\n        <\/div>\n            <div class=\"kksr-star\" style=\"padding-right: 5px\">\n            \n\n<div class=\"kksr-icon\" style=\"width: 22px; height: 22px;\"><\/div>\n        <\/div>\n    <\/div>\n<\/div>\n                \n\n<div class=\"kksr-legend\" style=\"font-size: 17.6px;\">\n            <span class=\"kksr-muted\">Valora este post<\/span>\n    <\/div>\n    <\/div>\n","protected":false},"excerpt":{"rendered":"<p>Arresto en Ciudad Real: Mujer acusada de agredir a una pediatra En un incidente preocupante en Ciudad Real, una mujer ha sido detenida tras haber agredido &#8230; <a title=\"\u00a1Incre\u00edble! Mujer arrestada en Ciudad Real por agredir a pediatra tras diagn\u00f3stico discordante\" class=\"read-more\" href=\"https:\/\/www.diario21.tv\/noticias\/increible-mujer-arrestada-en-ciudad-real-por-agredir-a-pediatra-tras-diagnostico-discordante\/\" aria-label=\"Leer m\u00e1s sobre \u00a1Incre\u00edble! Mujer arrestada en Ciudad Real por agredir a pediatra tras diagn\u00f3stico discordante\">Seguir leyendo &rarr;<\/a><\/p>\n","protected":false},"author":20,"featured_media":5821,"comment_status":"open","ping_status":"open","sticky":false,"template":"","format":"standard","meta":{"footnotes":""},"categories":[13],"tags":[],"class_list":["post-5820","post","type-post","status-publish","format-standard","has-post-thumbnail","hentry","category-portada"],"yoast_head":"<!-- This site is optimized with the Yoast SEO plugin v25.6 - https:\/\/yoast.com\/wordpress\/plugins\/seo\/ -->\n<title>\u00a1Incre\u00edble! Mujer arrestada en Ciudad Real por agredir a pediatra tras diagn\u00f3stico discordante - Diario 21<\/title>\n<meta name=\"robots\" content=\"index, follow, max-snippet:-1, max-image-preview:large, max-video-preview:-1\" \/>\n<link rel=\"canonical\" href=\"https:\/\/www.diario21.tv\/noticias\/increible-mujer-arrestada-en-ciudad-real-por-agredir-a-pediatra-tras-diagnostico-discordante\/\" \/>\n<meta property=\"og:locale\" content=\"es_ES\" \/>\n<meta property=\"og:type\" content=\"article\" \/>\n<meta property=\"og:title\" content=\"\u00a1Incre\u00edble! Mujer arrestada en Ciudad Real por agredir a pediatra tras diagn\u00f3stico discordante - Diario 21\" \/>\n<meta property=\"og:description\" content=\"Arresto en Ciudad Real: Mujer acusada de agredir a una pediatra En un incidente preocupante en Ciudad Real, una mujer ha sido detenida tras haber agredido ... Seguir leyendo &rarr;\" \/>\n<meta property=\"og:url\" content=\"https:\/\/www.diario21.tv\/noticias\/increible-mujer-arrestada-en-ciudad-real-por-agredir-a-pediatra-tras-diagnostico-discordante\/\" \/>\n<meta property=\"og:site_name\" content=\"Diario 21\" \/>\n<meta property=\"article:published_time\" content=\"2026-01-09T12:19:49+00:00\" \/>\n<meta property=\"article:modified_time\" content=\"2026-01-09T12:19:50+00:00\" \/>\n<meta property=\"og:image\" content=\"https:\/\/www.diario21.tv\/noticias\/wp-content\/uploads\/2026\/01\/\u00a1Increible-Mujer-arrestada-en-Ciudad-Real-por-agredir-a-pediatra.jpg\" \/>\n\t<meta property=\"og:image:width\" content=\"1200\" \/>\n\t<meta property=\"og:image:height\" content=\"840\" \/>\n\t<meta property=\"og:image:type\" content=\"image\/jpeg\" \/>\n<meta name=\"author\" content=\"Juan P\u00e9rez\" \/>\n<meta name=\"twitter:card\" content=\"summary_large_image\" \/>\n<meta name=\"twitter:label1\" content=\"Escrito por\" \/>\n\t<meta name=\"twitter:data1\" content=\"Juan P\u00e9rez\" \/>\n\t<meta name=\"twitter:label2\" content=\"Tiempo de lectura\" \/>\n\t<meta name=\"twitter:data2\" content=\"2 minutos\" \/>\n<script type=\"application\/ld+json\" class=\"yoast-schema-graph\">{\"@context\":\"https:\/\/schema.org\",\"@graph\":[{\"@type\":\"WebPage\",\"@id\":\"https:\/\/www.diario21.tv\/noticias\/increible-mujer-arrestada-en-ciudad-real-por-agredir-a-pediatra-tras-diagnostico-discordante\/\",\"url\":\"https:\/\/www.diario21.tv\/noticias\/increible-mujer-arrestada-en-ciudad-real-por-agredir-a-pediatra-tras-diagnostico-discordante\/\",\"name\":\"\u00a1Incre\u00edble! Mujer arrestada en Ciudad Real por agredir a pediatra tras diagn\u00f3stico discordante - Diario 21\",\"isPartOf\":{\"@id\":\"https:\/\/www.diario21.tv\/noticias\/#website\"},\"primaryImageOfPage\":{\"@id\":\"https:\/\/www.diario21.tv\/noticias\/increible-mujer-arrestada-en-ciudad-real-por-agredir-a-pediatra-tras-diagnostico-discordante\/#primaryimage\"},\"image\":{\"@id\":\"https:\/\/www.diario21.tv\/noticias\/increible-mujer-arrestada-en-ciudad-real-por-agredir-a-pediatra-tras-diagnostico-discordante\/#primaryimage\"},\"thumbnailUrl\":\"https:\/\/www.diario21.tv\/noticias\/wp-content\/uploads\/2026\/01\/\u00a1Increible-Mujer-arrestada-en-Ciudad-Real-por-agredir-a-pediatra.jpg\",\"datePublished\":\"2026-01-09T12:19:49+00:00\",\"dateModified\":\"2026-01-09T12:19:50+00:00\",\"author\":{\"@id\":\"https:\/\/www.diario21.tv\/noticias\/#\/schema\/person\/dfb778f73814d8f09f302618446a526b\"},\"breadcrumb\":{\"@id\":\"https:\/\/www.diario21.tv\/noticias\/increible-mujer-arrestada-en-ciudad-real-por-agredir-a-pediatra-tras-diagnostico-discordante\/#breadcrumb\"},\"inLanguage\":\"es-AR\",\"potentialAction\":[{\"@type\":\"ReadAction\",\"target\":[\"https:\/\/www.diario21.tv\/noticias\/increible-mujer-arrestada-en-ciudad-real-por-agredir-a-pediatra-tras-diagnostico-discordante\/\"]}]},{\"@type\":\"ImageObject\",\"inLanguage\":\"es-AR\",\"@id\":\"https:\/\/www.diario21.tv\/noticias\/increible-mujer-arrestada-en-ciudad-real-por-agredir-a-pediatra-tras-diagnostico-discordante\/#primaryimage\",\"url\":\"https:\/\/www.diario21.tv\/noticias\/wp-content\/uploads\/2026\/01\/\u00a1Increible-Mujer-arrestada-en-Ciudad-Real-por-agredir-a-pediatra.jpg\",\"contentUrl\":\"https:\/\/www.diario21.tv\/noticias\/wp-content\/uploads\/2026\/01\/\u00a1Increible-Mujer-arrestada-en-Ciudad-Real-por-agredir-a-pediatra.jpg\",\"width\":1200,\"height\":840,\"caption\":\"Detenida una mujer en Ciudad Real por pegar a una pediatra al no estar de acuerdo con un diagn\u00f3stico\"},{\"@type\":\"BreadcrumbList\",\"@id\":\"https:\/\/www.diario21.tv\/noticias\/increible-mujer-arrestada-en-ciudad-real-por-agredir-a-pediatra-tras-diagnostico-discordante\/#breadcrumb\",\"itemListElement\":[{\"@type\":\"ListItem\",\"position\":1,\"name\":\"Accueil\",\"item\":\"https:\/\/www.diario21.tv\/noticias\/\"},{\"@type\":\"ListItem\",\"position\":2,\"name\":\"\u00a1Incre\u00edble! Mujer arrestada en Ciudad Real por agredir a pediatra tras diagn\u00f3stico discordante\"}]},{\"@type\":\"WebSite\",\"@id\":\"https:\/\/www.diario21.tv\/noticias\/#website\",\"url\":\"https:\/\/www.diario21.tv\/noticias\/\",\"name\":\"Diario 21\",\"description\":\"\",\"potentialAction\":[{\"@type\":\"SearchAction\",\"target\":{\"@type\":\"EntryPoint\",\"urlTemplate\":\"https:\/\/www.diario21.tv\/noticias\/?s={search_term_string}\"},\"query-input\":{\"@type\":\"PropertyValueSpecification\",\"valueRequired\":true,\"valueName\":\"search_term_string\"}}],\"inLanguage\":\"es-AR\"},{\"@type\":\"Person\",\"@id\":\"https:\/\/www.diario21.tv\/noticias\/#\/schema\/person\/dfb778f73814d8f09f302618446a526b\",\"name\":\"Juan P\u00e9rez\",\"image\":{\"@type\":\"ImageObject\",\"inLanguage\":\"es-AR\",\"@id\":\"https:\/\/www.diario21.tv\/noticias\/#\/schema\/person\/image\/\",\"url\":\"https:\/\/secure.gravatar.com\/avatar\/c478a405bd10621167f4c3167cc770f5?s=96&d=mm&r=g\",\"contentUrl\":\"https:\/\/secure.gravatar.com\/avatar\/c478a405bd10621167f4c3167cc770f5?s=96&d=mm&r=g\",\"caption\":\"Juan P\u00e9rez\"},\"description\":\"Juan P\u00e9rez es el redactor en jefe de Diario 21. Con m\u00e1s de 10 a\u00f1os de experiencia en el periodismo, se especializa en pol\u00edtica nacional y an\u00e1lisis socioecon\u00f3mico. Su enfoque cr\u00edtico y riguroso aporta una perspectiva \u00fanica a cada art\u00edculo.\",\"sameAs\":[\"https:\/\/www.diario21.tv\/noticias\/\"],\"url\":\"https:\/\/www.diario21.tv\/noticias\/author\/juan-perez\/\"}]}<\/script>\n<!-- \/ Yoast SEO plugin. -->","yoast_head_json":{"title":"\u00a1Incre\u00edble! Mujer arrestada en Ciudad Real por agredir a pediatra tras diagn\u00f3stico discordante - Diario 21","robots":{"index":"index","follow":"follow","max-snippet":"max-snippet:-1","max-image-preview":"max-image-preview:large","max-video-preview":"max-video-preview:-1"},"canonical":"https:\/\/www.diario21.tv\/noticias\/increible-mujer-arrestada-en-ciudad-real-por-agredir-a-pediatra-tras-diagnostico-discordante\/","og_locale":"es_ES","og_type":"article","og_title":"\u00a1Incre\u00edble! Mujer arrestada en Ciudad Real por agredir a pediatra tras diagn\u00f3stico discordante - Diario 21","og_description":"Arresto en Ciudad Real: Mujer acusada de agredir a una pediatra En un incidente preocupante en Ciudad Real, una mujer ha sido detenida tras haber agredido ... Seguir leyendo &rarr;","og_url":"https:\/\/www.diario21.tv\/noticias\/increible-mujer-arrestada-en-ciudad-real-por-agredir-a-pediatra-tras-diagnostico-discordante\/","og_site_name":"Diario 21","article_published_time":"2026-01-09T12:19:49+00:00","article_modified_time":"2026-01-09T12:19:50+00:00","og_image":[{"width":1200,"height":840,"url":"https:\/\/www.diario21.tv\/noticias\/wp-content\/uploads\/2026\/01\/\u00a1Increible-Mujer-arrestada-en-Ciudad-Real-por-agredir-a-pediatra.jpg","type":"image\/jpeg"}],"author":"Juan P\u00e9rez","twitter_card":"summary_large_image","twitter_misc":{"Escrito por":"Juan P\u00e9rez","Tiempo de lectura":"2 minutos"},"schema":{"@context":"https:\/\/schema.org","@graph":[{"@type":"WebPage","@id":"https:\/\/www.diario21.tv\/noticias\/increible-mujer-arrestada-en-ciudad-real-por-agredir-a-pediatra-tras-diagnostico-discordante\/","url":"https:\/\/www.diario21.tv\/noticias\/increible-mujer-arrestada-en-ciudad-real-por-agredir-a-pediatra-tras-diagnostico-discordante\/","name":"\u00a1Incre\u00edble! Mujer arrestada en Ciudad Real por agredir a pediatra tras diagn\u00f3stico discordante - Diario 21","isPartOf":{"@id":"https:\/\/www.diario21.tv\/noticias\/#website"},"primaryImageOfPage":{"@id":"https:\/\/www.diario21.tv\/noticias\/increible-mujer-arrestada-en-ciudad-real-por-agredir-a-pediatra-tras-diagnostico-discordante\/#primaryimage"},"image":{"@id":"https:\/\/www.diario21.tv\/noticias\/increible-mujer-arrestada-en-ciudad-real-por-agredir-a-pediatra-tras-diagnostico-discordante\/#primaryimage"},"thumbnailUrl":"https:\/\/www.diario21.tv\/noticias\/wp-content\/uploads\/2026\/01\/\u00a1Increible-Mujer-arrestada-en-Ciudad-Real-por-agredir-a-pediatra.jpg","datePublished":"2026-01-09T12:19:49+00:00","dateModified":"2026-01-09T12:19:50+00:00","author":{"@id":"https:\/\/www.diario21.tv\/noticias\/#\/schema\/person\/dfb778f73814d8f09f302618446a526b"},"breadcrumb":{"@id":"https:\/\/www.diario21.tv\/noticias\/increible-mujer-arrestada-en-ciudad-real-por-agredir-a-pediatra-tras-diagnostico-discordante\/#breadcrumb"},"inLanguage":"es-AR","potentialAction":[{"@type":"ReadAction","target":["https:\/\/www.diario21.tv\/noticias\/increible-mujer-arrestada-en-ciudad-real-por-agredir-a-pediatra-tras-diagnostico-discordante\/"]}]},{"@type":"ImageObject","inLanguage":"es-AR","@id":"https:\/\/www.diario21.tv\/noticias\/increible-mujer-arrestada-en-ciudad-real-por-agredir-a-pediatra-tras-diagnostico-discordante\/#primaryimage","url":"https:\/\/www.diario21.tv\/noticias\/wp-content\/uploads\/2026\/01\/\u00a1Increible-Mujer-arrestada-en-Ciudad-Real-por-agredir-a-pediatra.jpg","contentUrl":"https:\/\/www.diario21.tv\/noticias\/wp-content\/uploads\/2026\/01\/\u00a1Increible-Mujer-arrestada-en-Ciudad-Real-por-agredir-a-pediatra.jpg","width":1200,"height":840,"caption":"Detenida una mujer en Ciudad Real por pegar a una pediatra al no estar de acuerdo con un diagn\u00f3stico"},{"@type":"BreadcrumbList","@id":"https:\/\/www.diario21.tv\/noticias\/increible-mujer-arrestada-en-ciudad-real-por-agredir-a-pediatra-tras-diagnostico-discordante\/#breadcrumb","itemListElement":[{"@type":"ListItem","position":1,"name":"Accueil","item":"https:\/\/www.diario21.tv\/noticias\/"},{"@type":"ListItem","position":2,"name":"\u00a1Incre\u00edble! Mujer arrestada en Ciudad Real por agredir a pediatra tras diagn\u00f3stico discordante"}]},{"@type":"WebSite","@id":"https:\/\/www.diario21.tv\/noticias\/#website","url":"https:\/\/www.diario21.tv\/noticias\/","name":"Diario 21","description":"","potentialAction":[{"@type":"SearchAction","target":{"@type":"EntryPoint","urlTemplate":"https:\/\/www.diario21.tv\/noticias\/?s={search_term_string}"},"query-input":{"@type":"PropertyValueSpecification","valueRequired":true,"valueName":"search_term_string"}}],"inLanguage":"es-AR"},{"@type":"Person","@id":"https:\/\/www.diario21.tv\/noticias\/#\/schema\/person\/dfb778f73814d8f09f302618446a526b","name":"Juan P\u00e9rez","image":{"@type":"ImageObject","inLanguage":"es-AR","@id":"https:\/\/www.diario21.tv\/noticias\/#\/schema\/person\/image\/","url":"https:\/\/secure.gravatar.com\/avatar\/c478a405bd10621167f4c3167cc770f5?s=96&d=mm&r=g","contentUrl":"https:\/\/secure.gravatar.com\/avatar\/c478a405bd10621167f4c3167cc770f5?s=96&d=mm&r=g","caption":"Juan P\u00e9rez"},"description":"Juan P\u00e9rez es el redactor en jefe de Diario 21. Con m\u00e1s de 10 a\u00f1os de experiencia en el periodismo, se especializa en pol\u00edtica nacional y an\u00e1lisis socioecon\u00f3mico. Su enfoque cr\u00edtico y riguroso aporta una perspectiva \u00fanica a cada art\u00edculo.","sameAs":["https:\/\/www.diario21.tv\/noticias\/"],"url":"https:\/\/www.diario21.tv\/noticias\/author\/juan-perez\/"}]}},"_links":{"self":[{"href":"https:\/\/www.diario21.tv\/noticias\/wp-json\/wp\/v2\/posts\/5820"}],"collection":[{"href":"https:\/\/www.diario21.tv\/noticias\/wp-json\/wp\/v2\/posts"}],"about":[{"href":"https:\/\/www.diario21.tv\/noticias\/wp-json\/wp\/v2\/types\/post"}],"author":[{"embeddable":true,"href":"https:\/\/www.diario21.tv\/noticias\/wp-json\/wp\/v2\/users\/20"}],"replies":[{"embeddable":true,"href":"https:\/\/www.diario21.tv\/noticias\/wp-json\/wp\/v2\/comments?post=5820"}],"version-history":[{"count":1,"href":"https:\/\/www.diario21.tv\/noticias\/wp-json\/wp\/v2\/posts\/5820\/revisions"}],"predecessor-version":[{"id":5822,"href":"https:\/\/www.diario21.tv\/noticias\/wp-json\/wp\/v2\/posts\/5820\/revisions\/5822"}],"wp:featuredmedia":[{"embeddable":true,"href":"https:\/\/www.diario21.tv\/noticias\/wp-json\/wp\/v2\/media\/5821"}],"wp:attachment":[{"href":"https:\/\/www.diario21.tv\/noticias\/wp-json\/wp\/v2\/media?parent=5820"}],"wp:term":[{"taxonomy":"category","embeddable":true,"href":"https:\/\/www.diario21.tv\/noticias\/wp-json\/wp\/v2\/categories?post=5820"},{"taxonomy":"post_tag","embeddable":true,"href":"https:\/\/www.diario21.tv\/noticias\/wp-json\/wp\/v2\/tags?post=5820"}],"curies":[{"name":"wp","href":"https:\/\/api.w.org\/{rel}","templated":true}]}}