{"id":5817,"date":"2026-01-09T06:19:00","date_gmt":"2026-01-09T06:19:00","guid":{"rendered":"https:\/\/www.diario21.tv\/noticias\/final-epico-de-la-rave-en-albacete-tras-una-semana-de-fiesta-sin-parar\/"},"modified":"2026-01-09T06:19:01","modified_gmt":"2026-01-09T06:19:01","slug":"final-epico-de-la-rave-en-albacete-tras-una-semana-de-fiesta-sin-parar","status":"publish","type":"post","link":"https:\/\/www.diario21.tv\/noticias\/final-epico-de-la-rave-en-albacete-tras-una-semana-de-fiesta-sin-parar\/","title":{"rendered":"\u00a1Final \u00e9pico de la &#8220;rave&#8221; en Albacete tras una semana de fiesta sin parar!"},"content":{"rendered":"<h2>La celebraci\u00f3n &#8216;rave&#8217; en Albacete concluye tras siete d\u00edas de festividad al aire libre<\/h2>\n<p>Despu\u00e9s de una semana completa de m\u00fasica electr\u00f3nica y baile continuo, la fiesta estilo &#8216;rave&#8217; que ha tenido lugar en las afueras de Albacete finalmente ha llegado a su fin. Este evento, que comenz\u00f3 como una reuni\u00f3n espont\u00e1nea, logr\u00f3 atraer a cientos de asistentes de diversas partes de la regi\u00f3n y m\u00e1s all\u00e1, convirti\u00e9ndose en el centro de atenci\u00f3n de la localidad y sus alrededores.<\/p>\n<h3>Or\u00edgenes y desarrollo del evento<\/h3>\n<p>El inicio de esta rave puede rastrearse hasta un grupo peque\u00f1o de DJs locales que buscaban un espacio abierto donde compartir su amor por la m\u00fasica electr\u00f3nica. Lo que empez\u00f3 como un encuentro modesto, r\u00e1pidamente se expandi\u00f3 gracias a las redes sociales, atrayendo a un n\u00famero mayor de entusiastas de la m\u00fasica y la danza. La ubicaci\u00f3n elegida, un amplio campo en las afueras de Albacete, proporcion\u00f3 el ambiente perfecto para que este evento al aire libre se desarrollara libremente, lejos de las restricciones habituales de los espacios urbanos cerrados.<\/p>\n<h3>Impacto en la comunidad local y respuesta de las autoridades<\/h3>\n<p>La rave no solo captur\u00f3 la atenci\u00f3n de los j\u00f3venes y aficionados a la m\u00fasica electr\u00f3nica, sino que tambi\u00e9n puso a la comunidad local en una situaci\u00f3n inesperada. Mientras algunos residentes locales expresaron su preocupaci\u00f3n por el ruido y la interrupci\u00f3n, otros vieron un aumento en el comercio local, especialmente en \u00e1reas como la venta de alimentos y bebidas.<\/p>\n<p>Desde el punto de vista de las autoridades, la reuni\u00f3n plante\u00f3 desaf\u00edos significativos. La polic\u00eda local y los servicios de emergencia estuvieron en alerta durante toda la semana, supervisando el evento para asegurar que se mantuviera dentro de los l\u00edmites de la seguridad y la legalidad. Aunque hubo momentos de tensi\u00f3n, especialmente en lo que respecta al control de la multitud y el consumo de sustancias, los organizadores colaboraron estrechamente con las autoridades para mitigar cualquier problema serio.<\/p>\n<h3>Conclusi\u00f3n y futuro de eventos similares<\/h3>\n<p>A medida que la rave en Albacete lleg\u00f3 a su fin, tanto participantes como organizadores comenzaron a reflexionar sobre el impacto del evento. Muchos asistentes describieron la experiencia como \u00fanica y liberadora, una oportunidad para escapar de las preocupaciones diarias y sumergirse en la m\u00fasica y la comunidad.<\/p>\n<p>Por su parte, los organizadores y las autoridades locales ya est\u00e1n evaluando el evento para determinar qu\u00e9 se puede mejorar en futuras ediciones. La posibilidad de establecer un festival anual similar est\u00e1 sobre la mesa, siempre y cuando se puedan garantizar medidas adecuadas de seguridad y organizaci\u00f3n.<\/p>\n<p>As\u00ed, la rave de Albacete no solo marca el cierre de una semana llena de festividades, sino que tambi\u00e9n abre la puerta a futuras discusiones sobre el rol de eventos culturales masivos en espacios abiertos y su relaci\u00f3n con las comunidades locales.<\/p>\n\n\n<div class=\"kk-star-ratings kksr-auto kksr-align-left kksr-valign-bottom\"\n    data-payload='{&quot;align&quot;:&quot;left&quot;,&quot;id&quot;:&quot;5817&quot;,&quot;slug&quot;:&quot;default&quot;,&quot;valign&quot;:&quot;bottom&quot;,&quot;ignore&quot;:&quot;&quot;,&quot;reference&quot;:&quot;auto&quot;,&quot;class&quot;:&quot;&quot;,&quot;count&quot;:&quot;0&quot;,&quot;legendonly&quot;:&quot;&quot;,&quot;readonly&quot;:&quot;&quot;,&quot;score&quot;:&quot;0&quot;,&quot;starsonly&quot;:&quot;&quot;,&quot;best&quot;:&quot;5&quot;,&quot;gap&quot;:&quot;5&quot;,&quot;greet&quot;:&quot;Valora este post&quot;,&quot;legend&quot;:&quot;0\\\/5 - (0 votes)&quot;,&quot;size&quot;:&quot;22&quot;,&quot;title&quot;:&quot;\u00a1Final \u00e9pico de la \\u0026quot;rave\\u0026quot; en Albacete tras una semana de fiesta sin parar!&quot;,&quot;width&quot;:&quot;0&quot;,&quot;_legend&quot;:&quot;{score}\\\/{best} - ({count} {votes})&quot;,&quot;font_factor&quot;:&quot;1.25&quot;}'>\n            \n<div class=\"kksr-stars\">\n    \n<div class=\"kksr-stars-inactive\">\n            <div class=\"kksr-star\" data-star=\"1\" style=\"padding-right: 5px\">\n            \n\n<div class=\"kksr-icon\" style=\"width: 22px; height: 22px;\"><\/div>\n        <\/div>\n            <div class=\"kksr-star\" data-star=\"2\" style=\"padding-right: 5px\">\n            \n\n<div class=\"kksr-icon\" style=\"width: 22px; height: 22px;\"><\/div>\n        <\/div>\n            <div class=\"kksr-star\" data-star=\"3\" style=\"padding-right: 5px\">\n            \n\n<div class=\"kksr-icon\" style=\"width: 22px; height: 22px;\"><\/div>\n        <\/div>\n            <div class=\"kksr-star\" data-star=\"4\" style=\"padding-right: 5px\">\n            \n\n<div class=\"kksr-icon\" style=\"width: 22px; height: 22px;\"><\/div>\n        <\/div>\n            <div class=\"kksr-star\" data-star=\"5\" style=\"padding-right: 5px\">\n            \n\n<div class=\"kksr-icon\" style=\"width: 22px; height: 22px;\"><\/div>\n        <\/div>\n    <\/div>\n    \n<div class=\"kksr-stars-active\" style=\"width: 0px;\">\n            <div class=\"kksr-star\" style=\"padding-right: 5px\">\n            \n\n<div class=\"kksr-icon\" style=\"width: 22px; height: 22px;\"><\/div>\n        <\/div>\n            <div class=\"kksr-star\" style=\"padding-right: 5px\">\n            \n\n<div class=\"kksr-icon\" style=\"width: 22px; height: 22px;\"><\/div>\n        <\/div>\n            <div class=\"kksr-star\" style=\"padding-right: 5px\">\n            \n\n<div class=\"kksr-icon\" style=\"width: 22px; height: 22px;\"><\/div>\n        <\/div>\n            <div class=\"kksr-star\" style=\"padding-right: 5px\">\n            \n\n<div class=\"kksr-icon\" style=\"width: 22px; height: 22px;\"><\/div>\n        <\/div>\n            <div class=\"kksr-star\" style=\"padding-right: 5px\">\n            \n\n<div class=\"kksr-icon\" style=\"width: 22px; height: 22px;\"><\/div>\n        <\/div>\n    <\/div>\n<\/div>\n                \n\n<div class=\"kksr-legend\" style=\"font-size: 17.6px;\">\n            <span class=\"kksr-muted\">Valora este post<\/span>\n    <\/div>\n    <\/div>\n","protected":false},"excerpt":{"rendered":"<p>La celebraci\u00f3n &#8216;rave&#8217; en Albacete concluye tras siete d\u00edas de festividad al aire libre Despu\u00e9s de una semana completa de m\u00fasica electr\u00f3nica y baile continuo, la &#8230; <a title=\"\u00a1Final \u00e9pico de la &#8220;rave&#8221; en Albacete tras una semana de fiesta sin parar!\" class=\"read-more\" href=\"https:\/\/www.diario21.tv\/noticias\/final-epico-de-la-rave-en-albacete-tras-una-semana-de-fiesta-sin-parar\/\" aria-label=\"Leer m\u00e1s sobre \u00a1Final \u00e9pico de la &#8220;rave&#8221; en Albacete tras una semana de fiesta sin parar!\">Seguir leyendo &rarr;<\/a><\/p>\n","protected":false},"author":20,"featured_media":5818,"comment_status":"open","ping_status":"open","sticky":false,"template":"","format":"standard","meta":{"footnotes":""},"categories":[13],"tags":[],"class_list":["post-5817","post","type-post","status-publish","format-standard","has-post-thumbnail","hentry","category-portada"],"yoast_head":"<!-- This site is optimized with the Yoast SEO plugin v25.6 - https:\/\/yoast.com\/wordpress\/plugins\/seo\/ -->\n<title>\u00a1Final \u00e9pico de la &quot;rave&quot; en Albacete tras una semana de fiesta sin parar! - Diario 21<\/title>\n<meta name=\"robots\" content=\"index, follow, max-snippet:-1, max-image-preview:large, max-video-preview:-1\" \/>\n<link rel=\"canonical\" href=\"https:\/\/www.diario21.tv\/noticias\/final-epico-de-la-rave-en-albacete-tras-una-semana-de-fiesta-sin-parar\/\" \/>\n<meta property=\"og:locale\" content=\"es_ES\" \/>\n<meta property=\"og:type\" content=\"article\" \/>\n<meta property=\"og:title\" content=\"\u00a1Final \u00e9pico de la &quot;rave&quot; en Albacete tras una semana de fiesta sin parar! - Diario 21\" \/>\n<meta property=\"og:description\" content=\"La celebraci\u00f3n &#8216;rave&#8217; en Albacete concluye tras siete d\u00edas de festividad al aire libre Despu\u00e9s de una semana completa de m\u00fasica electr\u00f3nica y baile continuo, la ... Seguir leyendo &rarr;\" \/>\n<meta property=\"og:url\" content=\"https:\/\/www.diario21.tv\/noticias\/final-epico-de-la-rave-en-albacete-tras-una-semana-de-fiesta-sin-parar\/\" \/>\n<meta property=\"og:site_name\" content=\"Diario 21\" \/>\n<meta property=\"article:published_time\" content=\"2026-01-09T06:19:00+00:00\" \/>\n<meta property=\"article:modified_time\" content=\"2026-01-09T06:19:01+00:00\" \/>\n<meta property=\"og:image\" content=\"https:\/\/www.diario21.tv\/noticias\/wp-content\/uploads\/2026\/01\/\u00a1Final-epico-de-la-rave-en-Albacete-tras-una-semana.jpg\" \/>\n\t<meta property=\"og:image:width\" content=\"1200\" \/>\n\t<meta property=\"og:image:height\" content=\"840\" \/>\n\t<meta property=\"og:image:type\" content=\"image\/jpeg\" \/>\n<meta name=\"author\" content=\"Juan P\u00e9rez\" \/>\n<meta name=\"twitter:card\" content=\"summary_large_image\" \/>\n<meta name=\"twitter:label1\" content=\"Escrito por\" \/>\n\t<meta name=\"twitter:data1\" content=\"Juan P\u00e9rez\" \/>\n\t<meta name=\"twitter:label2\" content=\"Tiempo de lectura\" \/>\n\t<meta name=\"twitter:data2\" content=\"3 minutos\" \/>\n<script type=\"application\/ld+json\" class=\"yoast-schema-graph\">{\"@context\":\"https:\/\/schema.org\",\"@graph\":[{\"@type\":\"WebPage\",\"@id\":\"https:\/\/www.diario21.tv\/noticias\/final-epico-de-la-rave-en-albacete-tras-una-semana-de-fiesta-sin-parar\/\",\"url\":\"https:\/\/www.diario21.tv\/noticias\/final-epico-de-la-rave-en-albacete-tras-una-semana-de-fiesta-sin-parar\/\",\"name\":\"\u00a1Final \u00e9pico de la \\\"rave\\\" en Albacete tras una semana de fiesta sin parar! - Diario 21\",\"isPartOf\":{\"@id\":\"https:\/\/www.diario21.tv\/noticias\/#website\"},\"primaryImageOfPage\":{\"@id\":\"https:\/\/www.diario21.tv\/noticias\/final-epico-de-la-rave-en-albacete-tras-una-semana-de-fiesta-sin-parar\/#primaryimage\"},\"image\":{\"@id\":\"https:\/\/www.diario21.tv\/noticias\/final-epico-de-la-rave-en-albacete-tras-una-semana-de-fiesta-sin-parar\/#primaryimage\"},\"thumbnailUrl\":\"https:\/\/www.diario21.tv\/noticias\/wp-content\/uploads\/2026\/01\/\u00a1Final-epico-de-la-rave-en-Albacete-tras-una-semana.jpg\",\"datePublished\":\"2026-01-09T06:19:00+00:00\",\"dateModified\":\"2026-01-09T06:19:01+00:00\",\"author\":{\"@id\":\"https:\/\/www.diario21.tv\/noticias\/#\/schema\/person\/dfb778f73814d8f09f302618446a526b\"},\"breadcrumb\":{\"@id\":\"https:\/\/www.diario21.tv\/noticias\/final-epico-de-la-rave-en-albacete-tras-una-semana-de-fiesta-sin-parar\/#breadcrumb\"},\"inLanguage\":\"es-AR\",\"potentialAction\":[{\"@type\":\"ReadAction\",\"target\":[\"https:\/\/www.diario21.tv\/noticias\/final-epico-de-la-rave-en-albacete-tras-una-semana-de-fiesta-sin-parar\/\"]}]},{\"@type\":\"ImageObject\",\"inLanguage\":\"es-AR\",\"@id\":\"https:\/\/www.diario21.tv\/noticias\/final-epico-de-la-rave-en-albacete-tras-una-semana-de-fiesta-sin-parar\/#primaryimage\",\"url\":\"https:\/\/www.diario21.tv\/noticias\/wp-content\/uploads\/2026\/01\/\u00a1Final-epico-de-la-rave-en-Albacete-tras-una-semana.jpg\",\"contentUrl\":\"https:\/\/www.diario21.tv\/noticias\/wp-content\/uploads\/2026\/01\/\u00a1Final-epico-de-la-rave-en-Albacete-tras-una-semana.jpg\",\"width\":1200,\"height\":840,\"caption\":\"La \u00abrave\u00bb de Albacete llega a su final despu\u00e9s de una semana de fiesta al aire libre\"},{\"@type\":\"BreadcrumbList\",\"@id\":\"https:\/\/www.diario21.tv\/noticias\/final-epico-de-la-rave-en-albacete-tras-una-semana-de-fiesta-sin-parar\/#breadcrumb\",\"itemListElement\":[{\"@type\":\"ListItem\",\"position\":1,\"name\":\"Accueil\",\"item\":\"https:\/\/www.diario21.tv\/noticias\/\"},{\"@type\":\"ListItem\",\"position\":2,\"name\":\"\u00a1Final \u00e9pico de la &#8220;rave&#8221; en Albacete tras una semana de fiesta sin parar!\"}]},{\"@type\":\"WebSite\",\"@id\":\"https:\/\/www.diario21.tv\/noticias\/#website\",\"url\":\"https:\/\/www.diario21.tv\/noticias\/\",\"name\":\"Diario 21\",\"description\":\"\",\"potentialAction\":[{\"@type\":\"SearchAction\",\"target\":{\"@type\":\"EntryPoint\",\"urlTemplate\":\"https:\/\/www.diario21.tv\/noticias\/?s={search_term_string}\"},\"query-input\":{\"@type\":\"PropertyValueSpecification\",\"valueRequired\":true,\"valueName\":\"search_term_string\"}}],\"inLanguage\":\"es-AR\"},{\"@type\":\"Person\",\"@id\":\"https:\/\/www.diario21.tv\/noticias\/#\/schema\/person\/dfb778f73814d8f09f302618446a526b\",\"name\":\"Juan P\u00e9rez\",\"image\":{\"@type\":\"ImageObject\",\"inLanguage\":\"es-AR\",\"@id\":\"https:\/\/www.diario21.tv\/noticias\/#\/schema\/person\/image\/\",\"url\":\"https:\/\/secure.gravatar.com\/avatar\/c478a405bd10621167f4c3167cc770f5?s=96&d=mm&r=g\",\"contentUrl\":\"https:\/\/secure.gravatar.com\/avatar\/c478a405bd10621167f4c3167cc770f5?s=96&d=mm&r=g\",\"caption\":\"Juan P\u00e9rez\"},\"description\":\"Juan P\u00e9rez es el redactor en jefe de Diario 21. Con m\u00e1s de 10 a\u00f1os de experiencia en el periodismo, se especializa en pol\u00edtica nacional y an\u00e1lisis socioecon\u00f3mico. Su enfoque cr\u00edtico y riguroso aporta una perspectiva \u00fanica a cada art\u00edculo.\",\"sameAs\":[\"https:\/\/www.diario21.tv\/noticias\/\"],\"url\":\"https:\/\/www.diario21.tv\/noticias\/author\/juan-perez\/\"}]}<\/script>\n<!-- \/ Yoast SEO plugin. -->","yoast_head_json":{"title":"\u00a1Final \u00e9pico de la \"rave\" en Albacete tras una semana de fiesta sin parar! - Diario 21","robots":{"index":"index","follow":"follow","max-snippet":"max-snippet:-1","max-image-preview":"max-image-preview:large","max-video-preview":"max-video-preview:-1"},"canonical":"https:\/\/www.diario21.tv\/noticias\/final-epico-de-la-rave-en-albacete-tras-una-semana-de-fiesta-sin-parar\/","og_locale":"es_ES","og_type":"article","og_title":"\u00a1Final \u00e9pico de la \"rave\" en Albacete tras una semana de fiesta sin parar! - Diario 21","og_description":"La celebraci\u00f3n &#8216;rave&#8217; en Albacete concluye tras siete d\u00edas de festividad al aire libre Despu\u00e9s de una semana completa de m\u00fasica electr\u00f3nica y baile continuo, la ... Seguir leyendo &rarr;","og_url":"https:\/\/www.diario21.tv\/noticias\/final-epico-de-la-rave-en-albacete-tras-una-semana-de-fiesta-sin-parar\/","og_site_name":"Diario 21","article_published_time":"2026-01-09T06:19:00+00:00","article_modified_time":"2026-01-09T06:19:01+00:00","og_image":[{"width":1200,"height":840,"url":"https:\/\/www.diario21.tv\/noticias\/wp-content\/uploads\/2026\/01\/\u00a1Final-epico-de-la-rave-en-Albacete-tras-una-semana.jpg","type":"image\/jpeg"}],"author":"Juan P\u00e9rez","twitter_card":"summary_large_image","twitter_misc":{"Escrito por":"Juan P\u00e9rez","Tiempo de lectura":"3 minutos"},"schema":{"@context":"https:\/\/schema.org","@graph":[{"@type":"WebPage","@id":"https:\/\/www.diario21.tv\/noticias\/final-epico-de-la-rave-en-albacete-tras-una-semana-de-fiesta-sin-parar\/","url":"https:\/\/www.diario21.tv\/noticias\/final-epico-de-la-rave-en-albacete-tras-una-semana-de-fiesta-sin-parar\/","name":"\u00a1Final \u00e9pico de la \"rave\" en Albacete tras una semana de fiesta sin parar! - Diario 21","isPartOf":{"@id":"https:\/\/www.diario21.tv\/noticias\/#website"},"primaryImageOfPage":{"@id":"https:\/\/www.diario21.tv\/noticias\/final-epico-de-la-rave-en-albacete-tras-una-semana-de-fiesta-sin-parar\/#primaryimage"},"image":{"@id":"https:\/\/www.diario21.tv\/noticias\/final-epico-de-la-rave-en-albacete-tras-una-semana-de-fiesta-sin-parar\/#primaryimage"},"thumbnailUrl":"https:\/\/www.diario21.tv\/noticias\/wp-content\/uploads\/2026\/01\/\u00a1Final-epico-de-la-rave-en-Albacete-tras-una-semana.jpg","datePublished":"2026-01-09T06:19:00+00:00","dateModified":"2026-01-09T06:19:01+00:00","author":{"@id":"https:\/\/www.diario21.tv\/noticias\/#\/schema\/person\/dfb778f73814d8f09f302618446a526b"},"breadcrumb":{"@id":"https:\/\/www.diario21.tv\/noticias\/final-epico-de-la-rave-en-albacete-tras-una-semana-de-fiesta-sin-parar\/#breadcrumb"},"inLanguage":"es-AR","potentialAction":[{"@type":"ReadAction","target":["https:\/\/www.diario21.tv\/noticias\/final-epico-de-la-rave-en-albacete-tras-una-semana-de-fiesta-sin-parar\/"]}]},{"@type":"ImageObject","inLanguage":"es-AR","@id":"https:\/\/www.diario21.tv\/noticias\/final-epico-de-la-rave-en-albacete-tras-una-semana-de-fiesta-sin-parar\/#primaryimage","url":"https:\/\/www.diario21.tv\/noticias\/wp-content\/uploads\/2026\/01\/\u00a1Final-epico-de-la-rave-en-Albacete-tras-una-semana.jpg","contentUrl":"https:\/\/www.diario21.tv\/noticias\/wp-content\/uploads\/2026\/01\/\u00a1Final-epico-de-la-rave-en-Albacete-tras-una-semana.jpg","width":1200,"height":840,"caption":"La \u00abrave\u00bb de Albacete llega a su final despu\u00e9s de una semana de fiesta al aire libre"},{"@type":"BreadcrumbList","@id":"https:\/\/www.diario21.tv\/noticias\/final-epico-de-la-rave-en-albacete-tras-una-semana-de-fiesta-sin-parar\/#breadcrumb","itemListElement":[{"@type":"ListItem","position":1,"name":"Accueil","item":"https:\/\/www.diario21.tv\/noticias\/"},{"@type":"ListItem","position":2,"name":"\u00a1Final \u00e9pico de la &#8220;rave&#8221; en Albacete tras una semana de fiesta sin parar!"}]},{"@type":"WebSite","@id":"https:\/\/www.diario21.tv\/noticias\/#website","url":"https:\/\/www.diario21.tv\/noticias\/","name":"Diario 21","description":"","potentialAction":[{"@type":"SearchAction","target":{"@type":"EntryPoint","urlTemplate":"https:\/\/www.diario21.tv\/noticias\/?s={search_term_string}"},"query-input":{"@type":"PropertyValueSpecification","valueRequired":true,"valueName":"search_term_string"}}],"inLanguage":"es-AR"},{"@type":"Person","@id":"https:\/\/www.diario21.tv\/noticias\/#\/schema\/person\/dfb778f73814d8f09f302618446a526b","name":"Juan P\u00e9rez","image":{"@type":"ImageObject","inLanguage":"es-AR","@id":"https:\/\/www.diario21.tv\/noticias\/#\/schema\/person\/image\/","url":"https:\/\/secure.gravatar.com\/avatar\/c478a405bd10621167f4c3167cc770f5?s=96&d=mm&r=g","contentUrl":"https:\/\/secure.gravatar.com\/avatar\/c478a405bd10621167f4c3167cc770f5?s=96&d=mm&r=g","caption":"Juan P\u00e9rez"},"description":"Juan P\u00e9rez es el redactor en jefe de Diario 21. Con m\u00e1s de 10 a\u00f1os de experiencia en el periodismo, se especializa en pol\u00edtica nacional y an\u00e1lisis socioecon\u00f3mico. Su enfoque cr\u00edtico y riguroso aporta una perspectiva \u00fanica a cada art\u00edculo.","sameAs":["https:\/\/www.diario21.tv\/noticias\/"],"url":"https:\/\/www.diario21.tv\/noticias\/author\/juan-perez\/"}]}},"_links":{"self":[{"href":"https:\/\/www.diario21.tv\/noticias\/wp-json\/wp\/v2\/posts\/5817"}],"collection":[{"href":"https:\/\/www.diario21.tv\/noticias\/wp-json\/wp\/v2\/posts"}],"about":[{"href":"https:\/\/www.diario21.tv\/noticias\/wp-json\/wp\/v2\/types\/post"}],"author":[{"embeddable":true,"href":"https:\/\/www.diario21.tv\/noticias\/wp-json\/wp\/v2\/users\/20"}],"replies":[{"embeddable":true,"href":"https:\/\/www.diario21.tv\/noticias\/wp-json\/wp\/v2\/comments?post=5817"}],"version-history":[{"count":1,"href":"https:\/\/www.diario21.tv\/noticias\/wp-json\/wp\/v2\/posts\/5817\/revisions"}],"predecessor-version":[{"id":5819,"href":"https:\/\/www.diario21.tv\/noticias\/wp-json\/wp\/v2\/posts\/5817\/revisions\/5819"}],"wp:featuredmedia":[{"embeddable":true,"href":"https:\/\/www.diario21.tv\/noticias\/wp-json\/wp\/v2\/media\/5818"}],"wp:attachment":[{"href":"https:\/\/www.diario21.tv\/noticias\/wp-json\/wp\/v2\/media?parent=5817"}],"wp:term":[{"taxonomy":"category","embeddable":true,"href":"https:\/\/www.diario21.tv\/noticias\/wp-json\/wp\/v2\/categories?post=5817"},{"taxonomy":"post_tag","embeddable":true,"href":"https:\/\/www.diario21.tv\/noticias\/wp-json\/wp\/v2\/tags?post=5817"}],"curies":[{"name":"wp","href":"https:\/\/api.w.org\/{rel}","templated":true}]}}