{"id":5814,"date":"2026-01-09T00:18:36","date_gmt":"2026-01-09T00:18:36","guid":{"rendered":"https:\/\/www.diario21.tv\/noticias\/descubren-cuerpo-de-nino-valenciano-desaparecido-en-indonesia-justo-antes-de-acabar-la-busqueda\/"},"modified":"2026-01-09T00:18:37","modified_gmt":"2026-01-09T00:18:37","slug":"descubren-cuerpo-de-nino-valenciano-desaparecido-en-indonesia-justo-antes-de-acabar-la-busqueda","status":"publish","type":"post","link":"https:\/\/www.diario21.tv\/noticias\/descubren-cuerpo-de-nino-valenciano-desaparecido-en-indonesia-justo-antes-de-acabar-la-busqueda\/","title":{"rendered":"Descubren cuerpo de ni\u00f1o valenciano desaparecido en Indonesia justo antes de acabar la b\u00fasqueda"},"content":{"rendered":"<h2>Encuentran el Cuerpo de un Ni\u00f1o Valenciano Desaparecido en Indonesia<\/h2>\n<p>En un giro desgarrador durante la pen\u00faltima jornada de b\u00fasqueda, las autoridades indonesias han encontrado el cuerpo de uno de los dos hermanos valencianos que se reportaron como desaparecidos hace semanas en Indonesia. El hallazgo se produjo en una zona remota donde los ni\u00f1os fueron vistos por \u00faltima vez.<\/p>\n<h3>Intensas B\u00fasquedas Llegan a un Tr\u00e1gico Final<\/h3>\n<p>Las operaciones de b\u00fasqueda, que se hab\u00edan estado llevando a cabo intensamente desde la desaparici\u00f3n, estaban programadas para concluir al d\u00eda siguiente del hallazgo. El equipo de rescate, compuesto por personal local junto con colaboradores internacionales, se hab\u00eda dedicado a peinar la vasta y compleja geograf\u00eda de la regi\u00f3n, enfrent\u00e1ndose a numerosos retos naturales.<\/p>\n<p>La comunidad valenciana y los familiares de los ni\u00f1os hab\u00edan seguido las operaciones con esperanza y angustia, manteniendo la esperanza de un desenlace favorable. Sin embargo, el descubrimiento del cuerpo ha sumido a la familia en el luto, mientras contin\u00faa la b\u00fasqueda del segundo ni\u00f1o con renovada urgencia y profundidad en el sentimiento de la misi\u00f3n.<\/p>\n<h3>Las Circunstancias de la Desaparici\u00f3n<\/h3>\n<p>Los hermanos, de corta edad, se encontraban de vacaciones con su familia en Indonesia cuando desaparecieron. Seg\u00fan informes, se alejaron de la zona de seguridad establecida por sus padres en un momento de descuido. Las autoridades creen que los desafiantes terrenos y las densas selvas de la regi\u00f3n dificultaron enormemente la supervivencia y b\u00fasqueda de los menores.<\/p>\n<p>Desde el momento de la notificaci\u00f3n de su desaparici\u00f3n, se activaron todos los protocolos de b\u00fasqueda y rescate. Equipos de rescate terrestres y a\u00e9reos fueron desplegados, y se hizo uso de tecnolog\u00eda avanzada para intentar localizar a los ni\u00f1os. A pesar de estos esfuerzos, solo se ha encontrado a uno de los ni\u00f1os hasta ahora.<\/p>\n<h3>Reacciones y Continuaci\u00f3n de la B\u00fasqueda<\/h3>\n<p>La noticia del hallazgo ha resonado a trav\u00e9s de la comunidad global, especialmente en Valencia, donde las familias y amigos de los ni\u00f1os han estado esperando ansiosamente noticias desde su desaparici\u00f3n. La embajada de Espa\u00f1a en Indonesia ha estado proporcionando apoyo a la familia afectada y coordinando con las autoridades locales para asegurar que la b\u00fasqueda del otro ni\u00f1o contin\u00fae con todos los recursos necesarios.<\/p>\n<p>La b\u00fasqueda del segundo ni\u00f1o se intensificar\u00e1 en los pr\u00f3ximos d\u00edas, con esperanzas de encontrarlo con vida y poder llevar algo de consuelo a la familia devastada por la p\u00e9rdida de uno de sus miembros. La comunidad internacional se mantiene al tanto de los desarrollos y ofrece su apoyo en estos momentos dif\u00edciles.<\/p>\n<p>Este tr\u00e1gico evento ha puesto de relieve los peligros potenciales asociados con viajar a regiones remotas y ha instado a las autoridades locales e internacionales a revisar las medidas de seguridad para proteger a los turistas, especialmente a los ni\u00f1os, en tales entornos.<\/p>\n\n\n<div class=\"kk-star-ratings kksr-auto kksr-align-left kksr-valign-bottom\"\n    data-payload='{&quot;align&quot;:&quot;left&quot;,&quot;id&quot;:&quot;5814&quot;,&quot;slug&quot;:&quot;default&quot;,&quot;valign&quot;:&quot;bottom&quot;,&quot;ignore&quot;:&quot;&quot;,&quot;reference&quot;:&quot;auto&quot;,&quot;class&quot;:&quot;&quot;,&quot;count&quot;:&quot;0&quot;,&quot;legendonly&quot;:&quot;&quot;,&quot;readonly&quot;:&quot;&quot;,&quot;score&quot;:&quot;0&quot;,&quot;starsonly&quot;:&quot;&quot;,&quot;best&quot;:&quot;5&quot;,&quot;gap&quot;:&quot;5&quot;,&quot;greet&quot;:&quot;Valora este post&quot;,&quot;legend&quot;:&quot;0\\\/5 - (0 votes)&quot;,&quot;size&quot;:&quot;22&quot;,&quot;title&quot;:&quot;Descubren cuerpo de ni\u00f1o valenciano desaparecido en Indonesia justo antes de acabar la b\u00fasqueda&quot;,&quot;width&quot;:&quot;0&quot;,&quot;_legend&quot;:&quot;{score}\\\/{best} - ({count} {votes})&quot;,&quot;font_factor&quot;:&quot;1.25&quot;}'>\n            \n<div class=\"kksr-stars\">\n    \n<div class=\"kksr-stars-inactive\">\n            <div class=\"kksr-star\" data-star=\"1\" style=\"padding-right: 5px\">\n            \n\n<div class=\"kksr-icon\" style=\"width: 22px; height: 22px;\"><\/div>\n        <\/div>\n            <div class=\"kksr-star\" data-star=\"2\" style=\"padding-right: 5px\">\n            \n\n<div class=\"kksr-icon\" style=\"width: 22px; height: 22px;\"><\/div>\n        <\/div>\n            <div class=\"kksr-star\" data-star=\"3\" style=\"padding-right: 5px\">\n            \n\n<div class=\"kksr-icon\" style=\"width: 22px; height: 22px;\"><\/div>\n        <\/div>\n            <div class=\"kksr-star\" data-star=\"4\" style=\"padding-right: 5px\">\n            \n\n<div class=\"kksr-icon\" style=\"width: 22px; height: 22px;\"><\/div>\n        <\/div>\n            <div class=\"kksr-star\" data-star=\"5\" style=\"padding-right: 5px\">\n            \n\n<div class=\"kksr-icon\" style=\"width: 22px; height: 22px;\"><\/div>\n        <\/div>\n    <\/div>\n    \n<div class=\"kksr-stars-active\" style=\"width: 0px;\">\n            <div class=\"kksr-star\" style=\"padding-right: 5px\">\n            \n\n<div class=\"kksr-icon\" style=\"width: 22px; height: 22px;\"><\/div>\n        <\/div>\n            <div class=\"kksr-star\" style=\"padding-right: 5px\">\n            \n\n<div class=\"kksr-icon\" style=\"width: 22px; height: 22px;\"><\/div>\n        <\/div>\n            <div class=\"kksr-star\" style=\"padding-right: 5px\">\n            \n\n<div class=\"kksr-icon\" style=\"width: 22px; height: 22px;\"><\/div>\n        <\/div>\n            <div class=\"kksr-star\" style=\"padding-right: 5px\">\n            \n\n<div class=\"kksr-icon\" style=\"width: 22px; height: 22px;\"><\/div>\n        <\/div>\n            <div class=\"kksr-star\" style=\"padding-right: 5px\">\n            \n\n<div class=\"kksr-icon\" style=\"width: 22px; height: 22px;\"><\/div>\n        <\/div>\n    <\/div>\n<\/div>\n                \n\n<div class=\"kksr-legend\" style=\"font-size: 17.6px;\">\n            <span class=\"kksr-muted\">Valora este post<\/span>\n    <\/div>\n    <\/div>\n","protected":false},"excerpt":{"rendered":"<p>Encuentran el Cuerpo de un Ni\u00f1o Valenciano Desaparecido en Indonesia En un giro desgarrador durante la pen\u00faltima jornada de b\u00fasqueda, las autoridades indonesias han encontrado el &#8230; <a title=\"Descubren cuerpo de ni\u00f1o valenciano desaparecido en Indonesia justo antes de acabar la b\u00fasqueda\" class=\"read-more\" href=\"https:\/\/www.diario21.tv\/noticias\/descubren-cuerpo-de-nino-valenciano-desaparecido-en-indonesia-justo-antes-de-acabar-la-busqueda\/\" aria-label=\"Leer m\u00e1s sobre Descubren cuerpo de ni\u00f1o valenciano desaparecido en Indonesia justo antes de acabar la b\u00fasqueda\">Seguir leyendo &rarr;<\/a><\/p>\n","protected":false},"author":20,"featured_media":5815,"comment_status":"open","ping_status":"open","sticky":false,"template":"","format":"standard","meta":{"footnotes":""},"categories":[13],"tags":[],"class_list":["post-5814","post","type-post","status-publish","format-standard","has-post-thumbnail","hentry","category-portada"],"yoast_head":"<!-- This site is optimized with the Yoast SEO plugin v25.6 - https:\/\/yoast.com\/wordpress\/plugins\/seo\/ -->\n<title>Descubren cuerpo de ni\u00f1o valenciano desaparecido en Indonesia justo antes de acabar la b\u00fasqueda - Diario 21<\/title>\n<meta name=\"robots\" content=\"index, follow, max-snippet:-1, max-image-preview:large, max-video-preview:-1\" \/>\n<link rel=\"canonical\" href=\"https:\/\/www.diario21.tv\/noticias\/descubren-cuerpo-de-nino-valenciano-desaparecido-en-indonesia-justo-antes-de-acabar-la-busqueda\/\" \/>\n<meta property=\"og:locale\" content=\"es_ES\" \/>\n<meta property=\"og:type\" content=\"article\" \/>\n<meta property=\"og:title\" content=\"Descubren cuerpo de ni\u00f1o valenciano desaparecido en Indonesia justo antes de acabar la b\u00fasqueda - Diario 21\" \/>\n<meta property=\"og:description\" content=\"Encuentran el Cuerpo de un Ni\u00f1o Valenciano Desaparecido en Indonesia En un giro desgarrador durante la pen\u00faltima jornada de b\u00fasqueda, las autoridades indonesias han encontrado el ... Seguir leyendo &rarr;\" \/>\n<meta property=\"og:url\" content=\"https:\/\/www.diario21.tv\/noticias\/descubren-cuerpo-de-nino-valenciano-desaparecido-en-indonesia-justo-antes-de-acabar-la-busqueda\/\" \/>\n<meta property=\"og:site_name\" content=\"Diario 21\" \/>\n<meta property=\"article:published_time\" content=\"2026-01-09T00:18:36+00:00\" \/>\n<meta property=\"article:modified_time\" content=\"2026-01-09T00:18:37+00:00\" \/>\n<meta property=\"og:image\" content=\"https:\/\/www.diario21.tv\/noticias\/wp-content\/uploads\/2026\/01\/Descubren-cuerpo-de-nino-valenciano-desaparecido-en-Indonesia-justo-antes.jpg\" \/>\n\t<meta property=\"og:image:width\" content=\"1200\" \/>\n\t<meta property=\"og:image:height\" content=\"840\" \/>\n\t<meta property=\"og:image:type\" content=\"image\/jpeg\" \/>\n<meta name=\"author\" content=\"Juan P\u00e9rez\" \/>\n<meta name=\"twitter:card\" content=\"summary_large_image\" \/>\n<meta name=\"twitter:label1\" content=\"Escrito por\" \/>\n\t<meta name=\"twitter:data1\" content=\"Juan P\u00e9rez\" \/>\n\t<meta name=\"twitter:label2\" content=\"Tiempo de lectura\" \/>\n\t<meta name=\"twitter:data2\" content=\"3 minutos\" \/>\n<script type=\"application\/ld+json\" class=\"yoast-schema-graph\">{\"@context\":\"https:\/\/schema.org\",\"@graph\":[{\"@type\":\"WebPage\",\"@id\":\"https:\/\/www.diario21.tv\/noticias\/descubren-cuerpo-de-nino-valenciano-desaparecido-en-indonesia-justo-antes-de-acabar-la-busqueda\/\",\"url\":\"https:\/\/www.diario21.tv\/noticias\/descubren-cuerpo-de-nino-valenciano-desaparecido-en-indonesia-justo-antes-de-acabar-la-busqueda\/\",\"name\":\"Descubren cuerpo de ni\u00f1o valenciano desaparecido en Indonesia justo antes de acabar la b\u00fasqueda - Diario 21\",\"isPartOf\":{\"@id\":\"https:\/\/www.diario21.tv\/noticias\/#website\"},\"primaryImageOfPage\":{\"@id\":\"https:\/\/www.diario21.tv\/noticias\/descubren-cuerpo-de-nino-valenciano-desaparecido-en-indonesia-justo-antes-de-acabar-la-busqueda\/#primaryimage\"},\"image\":{\"@id\":\"https:\/\/www.diario21.tv\/noticias\/descubren-cuerpo-de-nino-valenciano-desaparecido-en-indonesia-justo-antes-de-acabar-la-busqueda\/#primaryimage\"},\"thumbnailUrl\":\"https:\/\/www.diario21.tv\/noticias\/wp-content\/uploads\/2026\/01\/Descubren-cuerpo-de-nino-valenciano-desaparecido-en-Indonesia-justo-antes.jpg\",\"datePublished\":\"2026-01-09T00:18:36+00:00\",\"dateModified\":\"2026-01-09T00:18:37+00:00\",\"author\":{\"@id\":\"https:\/\/www.diario21.tv\/noticias\/#\/schema\/person\/dfb778f73814d8f09f302618446a526b\"},\"breadcrumb\":{\"@id\":\"https:\/\/www.diario21.tv\/noticias\/descubren-cuerpo-de-nino-valenciano-desaparecido-en-indonesia-justo-antes-de-acabar-la-busqueda\/#breadcrumb\"},\"inLanguage\":\"es-AR\",\"potentialAction\":[{\"@type\":\"ReadAction\",\"target\":[\"https:\/\/www.diario21.tv\/noticias\/descubren-cuerpo-de-nino-valenciano-desaparecido-en-indonesia-justo-antes-de-acabar-la-busqueda\/\"]}]},{\"@type\":\"ImageObject\",\"inLanguage\":\"es-AR\",\"@id\":\"https:\/\/www.diario21.tv\/noticias\/descubren-cuerpo-de-nino-valenciano-desaparecido-en-indonesia-justo-antes-de-acabar-la-busqueda\/#primaryimage\",\"url\":\"https:\/\/www.diario21.tv\/noticias\/wp-content\/uploads\/2026\/01\/Descubren-cuerpo-de-nino-valenciano-desaparecido-en-Indonesia-justo-antes.jpg\",\"contentUrl\":\"https:\/\/www.diario21.tv\/noticias\/wp-content\/uploads\/2026\/01\/Descubren-cuerpo-de-nino-valenciano-desaparecido-en-Indonesia-justo-antes.jpg\",\"width\":1200,\"height\":840,\"caption\":\"Hallan el cuerpo de uno de los dos ni\u00f1os valencianos desaparecidos en Indonesia en el pen\u00faltimo d\u00eda de b\u00fasqueda\"},{\"@type\":\"BreadcrumbList\",\"@id\":\"https:\/\/www.diario21.tv\/noticias\/descubren-cuerpo-de-nino-valenciano-desaparecido-en-indonesia-justo-antes-de-acabar-la-busqueda\/#breadcrumb\",\"itemListElement\":[{\"@type\":\"ListItem\",\"position\":1,\"name\":\"Accueil\",\"item\":\"https:\/\/www.diario21.tv\/noticias\/\"},{\"@type\":\"ListItem\",\"position\":2,\"name\":\"Descubren cuerpo de ni\u00f1o valenciano desaparecido en Indonesia justo antes de acabar la b\u00fasqueda\"}]},{\"@type\":\"WebSite\",\"@id\":\"https:\/\/www.diario21.tv\/noticias\/#website\",\"url\":\"https:\/\/www.diario21.tv\/noticias\/\",\"name\":\"Diario 21\",\"description\":\"\",\"potentialAction\":[{\"@type\":\"SearchAction\",\"target\":{\"@type\":\"EntryPoint\",\"urlTemplate\":\"https:\/\/www.diario21.tv\/noticias\/?s={search_term_string}\"},\"query-input\":{\"@type\":\"PropertyValueSpecification\",\"valueRequired\":true,\"valueName\":\"search_term_string\"}}],\"inLanguage\":\"es-AR\"},{\"@type\":\"Person\",\"@id\":\"https:\/\/www.diario21.tv\/noticias\/#\/schema\/person\/dfb778f73814d8f09f302618446a526b\",\"name\":\"Juan P\u00e9rez\",\"image\":{\"@type\":\"ImageObject\",\"inLanguage\":\"es-AR\",\"@id\":\"https:\/\/www.diario21.tv\/noticias\/#\/schema\/person\/image\/\",\"url\":\"https:\/\/secure.gravatar.com\/avatar\/c478a405bd10621167f4c3167cc770f5?s=96&d=mm&r=g\",\"contentUrl\":\"https:\/\/secure.gravatar.com\/avatar\/c478a405bd10621167f4c3167cc770f5?s=96&d=mm&r=g\",\"caption\":\"Juan P\u00e9rez\"},\"description\":\"Juan P\u00e9rez es el redactor en jefe de Diario 21. Con m\u00e1s de 10 a\u00f1os de experiencia en el periodismo, se especializa en pol\u00edtica nacional y an\u00e1lisis socioecon\u00f3mico. Su enfoque cr\u00edtico y riguroso aporta una perspectiva \u00fanica a cada art\u00edculo.\",\"sameAs\":[\"https:\/\/www.diario21.tv\/noticias\/\"],\"url\":\"https:\/\/www.diario21.tv\/noticias\/author\/juan-perez\/\"}]}<\/script>\n<!-- \/ Yoast SEO plugin. -->","yoast_head_json":{"title":"Descubren cuerpo de ni\u00f1o valenciano desaparecido en Indonesia justo antes de acabar la b\u00fasqueda - Diario 21","robots":{"index":"index","follow":"follow","max-snippet":"max-snippet:-1","max-image-preview":"max-image-preview:large","max-video-preview":"max-video-preview:-1"},"canonical":"https:\/\/www.diario21.tv\/noticias\/descubren-cuerpo-de-nino-valenciano-desaparecido-en-indonesia-justo-antes-de-acabar-la-busqueda\/","og_locale":"es_ES","og_type":"article","og_title":"Descubren cuerpo de ni\u00f1o valenciano desaparecido en Indonesia justo antes de acabar la b\u00fasqueda - Diario 21","og_description":"Encuentran el Cuerpo de un Ni\u00f1o Valenciano Desaparecido en Indonesia En un giro desgarrador durante la pen\u00faltima jornada de b\u00fasqueda, las autoridades indonesias han encontrado el ... Seguir leyendo &rarr;","og_url":"https:\/\/www.diario21.tv\/noticias\/descubren-cuerpo-de-nino-valenciano-desaparecido-en-indonesia-justo-antes-de-acabar-la-busqueda\/","og_site_name":"Diario 21","article_published_time":"2026-01-09T00:18:36+00:00","article_modified_time":"2026-01-09T00:18:37+00:00","og_image":[{"width":1200,"height":840,"url":"https:\/\/www.diario21.tv\/noticias\/wp-content\/uploads\/2026\/01\/Descubren-cuerpo-de-nino-valenciano-desaparecido-en-Indonesia-justo-antes.jpg","type":"image\/jpeg"}],"author":"Juan P\u00e9rez","twitter_card":"summary_large_image","twitter_misc":{"Escrito por":"Juan P\u00e9rez","Tiempo de lectura":"3 minutos"},"schema":{"@context":"https:\/\/schema.org","@graph":[{"@type":"WebPage","@id":"https:\/\/www.diario21.tv\/noticias\/descubren-cuerpo-de-nino-valenciano-desaparecido-en-indonesia-justo-antes-de-acabar-la-busqueda\/","url":"https:\/\/www.diario21.tv\/noticias\/descubren-cuerpo-de-nino-valenciano-desaparecido-en-indonesia-justo-antes-de-acabar-la-busqueda\/","name":"Descubren cuerpo de ni\u00f1o valenciano desaparecido en Indonesia justo antes de acabar la b\u00fasqueda - Diario 21","isPartOf":{"@id":"https:\/\/www.diario21.tv\/noticias\/#website"},"primaryImageOfPage":{"@id":"https:\/\/www.diario21.tv\/noticias\/descubren-cuerpo-de-nino-valenciano-desaparecido-en-indonesia-justo-antes-de-acabar-la-busqueda\/#primaryimage"},"image":{"@id":"https:\/\/www.diario21.tv\/noticias\/descubren-cuerpo-de-nino-valenciano-desaparecido-en-indonesia-justo-antes-de-acabar-la-busqueda\/#primaryimage"},"thumbnailUrl":"https:\/\/www.diario21.tv\/noticias\/wp-content\/uploads\/2026\/01\/Descubren-cuerpo-de-nino-valenciano-desaparecido-en-Indonesia-justo-antes.jpg","datePublished":"2026-01-09T00:18:36+00:00","dateModified":"2026-01-09T00:18:37+00:00","author":{"@id":"https:\/\/www.diario21.tv\/noticias\/#\/schema\/person\/dfb778f73814d8f09f302618446a526b"},"breadcrumb":{"@id":"https:\/\/www.diario21.tv\/noticias\/descubren-cuerpo-de-nino-valenciano-desaparecido-en-indonesia-justo-antes-de-acabar-la-busqueda\/#breadcrumb"},"inLanguage":"es-AR","potentialAction":[{"@type":"ReadAction","target":["https:\/\/www.diario21.tv\/noticias\/descubren-cuerpo-de-nino-valenciano-desaparecido-en-indonesia-justo-antes-de-acabar-la-busqueda\/"]}]},{"@type":"ImageObject","inLanguage":"es-AR","@id":"https:\/\/www.diario21.tv\/noticias\/descubren-cuerpo-de-nino-valenciano-desaparecido-en-indonesia-justo-antes-de-acabar-la-busqueda\/#primaryimage","url":"https:\/\/www.diario21.tv\/noticias\/wp-content\/uploads\/2026\/01\/Descubren-cuerpo-de-nino-valenciano-desaparecido-en-Indonesia-justo-antes.jpg","contentUrl":"https:\/\/www.diario21.tv\/noticias\/wp-content\/uploads\/2026\/01\/Descubren-cuerpo-de-nino-valenciano-desaparecido-en-Indonesia-justo-antes.jpg","width":1200,"height":840,"caption":"Hallan el cuerpo de uno de los dos ni\u00f1os valencianos desaparecidos en Indonesia en el pen\u00faltimo d\u00eda de b\u00fasqueda"},{"@type":"BreadcrumbList","@id":"https:\/\/www.diario21.tv\/noticias\/descubren-cuerpo-de-nino-valenciano-desaparecido-en-indonesia-justo-antes-de-acabar-la-busqueda\/#breadcrumb","itemListElement":[{"@type":"ListItem","position":1,"name":"Accueil","item":"https:\/\/www.diario21.tv\/noticias\/"},{"@type":"ListItem","position":2,"name":"Descubren cuerpo de ni\u00f1o valenciano desaparecido en Indonesia justo antes de acabar la b\u00fasqueda"}]},{"@type":"WebSite","@id":"https:\/\/www.diario21.tv\/noticias\/#website","url":"https:\/\/www.diario21.tv\/noticias\/","name":"Diario 21","description":"","potentialAction":[{"@type":"SearchAction","target":{"@type":"EntryPoint","urlTemplate":"https:\/\/www.diario21.tv\/noticias\/?s={search_term_string}"},"query-input":{"@type":"PropertyValueSpecification","valueRequired":true,"valueName":"search_term_string"}}],"inLanguage":"es-AR"},{"@type":"Person","@id":"https:\/\/www.diario21.tv\/noticias\/#\/schema\/person\/dfb778f73814d8f09f302618446a526b","name":"Juan P\u00e9rez","image":{"@type":"ImageObject","inLanguage":"es-AR","@id":"https:\/\/www.diario21.tv\/noticias\/#\/schema\/person\/image\/","url":"https:\/\/secure.gravatar.com\/avatar\/c478a405bd10621167f4c3167cc770f5?s=96&d=mm&r=g","contentUrl":"https:\/\/secure.gravatar.com\/avatar\/c478a405bd10621167f4c3167cc770f5?s=96&d=mm&r=g","caption":"Juan P\u00e9rez"},"description":"Juan P\u00e9rez es el redactor en jefe de Diario 21. Con m\u00e1s de 10 a\u00f1os de experiencia en el periodismo, se especializa en pol\u00edtica nacional y an\u00e1lisis socioecon\u00f3mico. Su enfoque cr\u00edtico y riguroso aporta una perspectiva \u00fanica a cada art\u00edculo.","sameAs":["https:\/\/www.diario21.tv\/noticias\/"],"url":"https:\/\/www.diario21.tv\/noticias\/author\/juan-perez\/"}]}},"_links":{"self":[{"href":"https:\/\/www.diario21.tv\/noticias\/wp-json\/wp\/v2\/posts\/5814"}],"collection":[{"href":"https:\/\/www.diario21.tv\/noticias\/wp-json\/wp\/v2\/posts"}],"about":[{"href":"https:\/\/www.diario21.tv\/noticias\/wp-json\/wp\/v2\/types\/post"}],"author":[{"embeddable":true,"href":"https:\/\/www.diario21.tv\/noticias\/wp-json\/wp\/v2\/users\/20"}],"replies":[{"embeddable":true,"href":"https:\/\/www.diario21.tv\/noticias\/wp-json\/wp\/v2\/comments?post=5814"}],"version-history":[{"count":1,"href":"https:\/\/www.diario21.tv\/noticias\/wp-json\/wp\/v2\/posts\/5814\/revisions"}],"predecessor-version":[{"id":5816,"href":"https:\/\/www.diario21.tv\/noticias\/wp-json\/wp\/v2\/posts\/5814\/revisions\/5816"}],"wp:featuredmedia":[{"embeddable":true,"href":"https:\/\/www.diario21.tv\/noticias\/wp-json\/wp\/v2\/media\/5815"}],"wp:attachment":[{"href":"https:\/\/www.diario21.tv\/noticias\/wp-json\/wp\/v2\/media?parent=5814"}],"wp:term":[{"taxonomy":"category","embeddable":true,"href":"https:\/\/www.diario21.tv\/noticias\/wp-json\/wp\/v2\/categories?post=5814"},{"taxonomy":"post_tag","embeddable":true,"href":"https:\/\/www.diario21.tv\/noticias\/wp-json\/wp\/v2\/tags?post=5814"}],"curies":[{"name":"wp","href":"https:\/\/api.w.org\/{rel}","templated":true}]}}