{"id":5805,"date":"2026-01-08T06:15:46","date_gmt":"2026-01-08T06:15:46","guid":{"rendered":"https:\/\/www.diario21.tv\/noticias\/alerta-en-barcelona-18-nuevos-casos-de-peste-porcina-confirmados-en-area-restringida\/"},"modified":"2026-01-08T06:15:48","modified_gmt":"2026-01-08T06:15:48","slug":"alerta-en-barcelona-18-nuevos-casos-de-peste-porcina-confirmados-en-area-restringida","status":"publish","type":"post","link":"https:\/\/www.diario21.tv\/noticias\/alerta-en-barcelona-18-nuevos-casos-de-peste-porcina-confirmados-en-area-restringida\/","title":{"rendered":"\u00a1Alerta en Barcelona! 18 nuevos casos de peste porcina confirmados en \u00e1rea restringida"},"content":{"rendered":"<h2>Se reportan 18 nuevos casos de peste porcina en Barcelona<\/h2>\n<p>En la regi\u00f3n demarcada de Barcelona, las autoridades sanitarias han confirmado la detecci\u00f3n de 18 nuevos casos de peste porcina. Este reciente brote sigue preocupando a los expertos en salud animal y a los productores locales, dada la rapidez con la que la enfermedad puede propagarse entre las poblaciones de cerdos.<\/p>\n<h3>Medidas de contenci\u00f3n en vigor<\/h3>\n<p>Ante el aumento de casos, las autoridades han intensificado las medidas de control y prevenci\u00f3n en la zona afectada. Esto incluye restricciones m\u00e1s estrictas en el movimiento de animales, la implementaci\u00f3n de zonas de seguridad y la desinfecci\u00f3n de veh\u00edculos y equipos que entran y salen de las \u00e1reas de riesgo.<\/p>\n<p>Adem\u00e1s, se est\u00e1 promoviendo una campa\u00f1a de concienciaci\u00f3n entre los granjeros y personas relacionadas con la industria porcina. El objetivo es educar sobre las formas de prevenir la expansi\u00f3n de la enfermedad, enfatizando la importancia de reportar cualquier s\u00edntoma sospechoso de inmediato.<\/p>\n<h3>Impacto en la industria porcina<\/h3>\n<p>La peste porcina no afecta a los humanos, pero tiene un impacto devastador en la industria porcina debido a la alta mortalidad que causa en los cerdos infectados. Las p\u00e9rdidas econ\u00f3micas para los productores pueden ser significativas, no solo debido a la muerte de los animales, sino tambi\u00e9n por las restricciones comerciales que se imponen para contener la enfermedad.<\/p>\n<p>A nivel local, se est\u00e1 trabajando para asegurar que la enfermedad no se propague fuera de la zona ya afectada. Las autoridades est\u00e1n en constante comunicaci\u00f3n con los granjeros y con otros sectores implicados para monitorear la situaci\u00f3n y ajustar las medidas seg\u00fan sea necesario.<\/p>\n<p>En resumen, la confirmaci\u00f3n de estos 18 nuevos casos de peste porcina en Barcelona subraya la necesidad continua de vigilancia y acci\u00f3n coordinada entre las autoridades sanitarias y la industria porcina para controlar el brote y minimizar su impacto en la regi\u00f3n.<\/p>\n\n\n<div class=\"kk-star-ratings kksr-auto kksr-align-left kksr-valign-bottom\"\n    data-payload='{&quot;align&quot;:&quot;left&quot;,&quot;id&quot;:&quot;5805&quot;,&quot;slug&quot;:&quot;default&quot;,&quot;valign&quot;:&quot;bottom&quot;,&quot;ignore&quot;:&quot;&quot;,&quot;reference&quot;:&quot;auto&quot;,&quot;class&quot;:&quot;&quot;,&quot;count&quot;:&quot;0&quot;,&quot;legendonly&quot;:&quot;&quot;,&quot;readonly&quot;:&quot;&quot;,&quot;score&quot;:&quot;0&quot;,&quot;starsonly&quot;:&quot;&quot;,&quot;best&quot;:&quot;5&quot;,&quot;gap&quot;:&quot;5&quot;,&quot;greet&quot;:&quot;Valora este post&quot;,&quot;legend&quot;:&quot;0\\\/5 - (0 votes)&quot;,&quot;size&quot;:&quot;22&quot;,&quot;title&quot;:&quot;\u00a1Alerta en Barcelona! 18 nuevos casos de peste porcina confirmados en \u00e1rea restringida&quot;,&quot;width&quot;:&quot;0&quot;,&quot;_legend&quot;:&quot;{score}\\\/{best} - ({count} {votes})&quot;,&quot;font_factor&quot;:&quot;1.25&quot;}'>\n            \n<div class=\"kksr-stars\">\n    \n<div class=\"kksr-stars-inactive\">\n            <div class=\"kksr-star\" data-star=\"1\" style=\"padding-right: 5px\">\n            \n\n<div class=\"kksr-icon\" style=\"width: 22px; height: 22px;\"><\/div>\n        <\/div>\n            <div class=\"kksr-star\" data-star=\"2\" style=\"padding-right: 5px\">\n            \n\n<div class=\"kksr-icon\" style=\"width: 22px; height: 22px;\"><\/div>\n        <\/div>\n            <div class=\"kksr-star\" data-star=\"3\" style=\"padding-right: 5px\">\n            \n\n<div class=\"kksr-icon\" style=\"width: 22px; height: 22px;\"><\/div>\n        <\/div>\n            <div class=\"kksr-star\" data-star=\"4\" style=\"padding-right: 5px\">\n            \n\n<div class=\"kksr-icon\" style=\"width: 22px; height: 22px;\"><\/div>\n        <\/div>\n            <div class=\"kksr-star\" data-star=\"5\" style=\"padding-right: 5px\">\n            \n\n<div class=\"kksr-icon\" style=\"width: 22px; height: 22px;\"><\/div>\n        <\/div>\n    <\/div>\n    \n<div class=\"kksr-stars-active\" style=\"width: 0px;\">\n            <div class=\"kksr-star\" style=\"padding-right: 5px\">\n            \n\n<div class=\"kksr-icon\" style=\"width: 22px; height: 22px;\"><\/div>\n        <\/div>\n            <div class=\"kksr-star\" style=\"padding-right: 5px\">\n            \n\n<div class=\"kksr-icon\" style=\"width: 22px; height: 22px;\"><\/div>\n        <\/div>\n            <div class=\"kksr-star\" style=\"padding-right: 5px\">\n            \n\n<div class=\"kksr-icon\" style=\"width: 22px; height: 22px;\"><\/div>\n        <\/div>\n            <div class=\"kksr-star\" style=\"padding-right: 5px\">\n            \n\n<div class=\"kksr-icon\" style=\"width: 22px; height: 22px;\"><\/div>\n        <\/div>\n            <div class=\"kksr-star\" style=\"padding-right: 5px\">\n            \n\n<div class=\"kksr-icon\" style=\"width: 22px; height: 22px;\"><\/div>\n        <\/div>\n    <\/div>\n<\/div>\n                \n\n<div class=\"kksr-legend\" style=\"font-size: 17.6px;\">\n            <span class=\"kksr-muted\">Valora este post<\/span>\n    <\/div>\n    <\/div>\n","protected":false},"excerpt":{"rendered":"<p>Se reportan 18 nuevos casos de peste porcina en Barcelona En la regi\u00f3n demarcada de Barcelona, las autoridades sanitarias han confirmado la detecci\u00f3n de 18 nuevos &#8230; <a title=\"\u00a1Alerta en Barcelona! 18 nuevos casos de peste porcina confirmados en \u00e1rea restringida\" class=\"read-more\" href=\"https:\/\/www.diario21.tv\/noticias\/alerta-en-barcelona-18-nuevos-casos-de-peste-porcina-confirmados-en-area-restringida\/\" aria-label=\"Leer m\u00e1s sobre \u00a1Alerta en Barcelona! 18 nuevos casos de peste porcina confirmados en \u00e1rea restringida\">Seguir leyendo &rarr;<\/a><\/p>\n","protected":false},"author":20,"featured_media":5806,"comment_status":"open","ping_status":"open","sticky":false,"template":"","format":"standard","meta":{"footnotes":""},"categories":[13],"tags":[],"class_list":["post-5805","post","type-post","status-publish","format-standard","has-post-thumbnail","hentry","category-portada"],"yoast_head":"<!-- This site is optimized with the Yoast SEO plugin v25.6 - https:\/\/yoast.com\/wordpress\/plugins\/seo\/ -->\n<title>\u00a1Alerta en Barcelona! 18 nuevos casos de peste porcina confirmados en \u00e1rea restringida - Diario 21<\/title>\n<meta name=\"robots\" content=\"index, follow, max-snippet:-1, max-image-preview:large, max-video-preview:-1\" \/>\n<link rel=\"canonical\" href=\"https:\/\/www.diario21.tv\/noticias\/alerta-en-barcelona-18-nuevos-casos-de-peste-porcina-confirmados-en-area-restringida\/\" \/>\n<meta property=\"og:locale\" content=\"es_ES\" \/>\n<meta property=\"og:type\" content=\"article\" \/>\n<meta property=\"og:title\" content=\"\u00a1Alerta en Barcelona! 18 nuevos casos de peste porcina confirmados en \u00e1rea restringida - Diario 21\" \/>\n<meta property=\"og:description\" content=\"Se reportan 18 nuevos casos de peste porcina en Barcelona En la regi\u00f3n demarcada de Barcelona, las autoridades sanitarias han confirmado la detecci\u00f3n de 18 nuevos ... Seguir leyendo &rarr;\" \/>\n<meta property=\"og:url\" content=\"https:\/\/www.diario21.tv\/noticias\/alerta-en-barcelona-18-nuevos-casos-de-peste-porcina-confirmados-en-area-restringida\/\" \/>\n<meta property=\"og:site_name\" content=\"Diario 21\" \/>\n<meta property=\"article:published_time\" content=\"2026-01-08T06:15:46+00:00\" \/>\n<meta property=\"article:modified_time\" content=\"2026-01-08T06:15:48+00:00\" \/>\n<meta property=\"og:image\" content=\"https:\/\/www.diario21.tv\/noticias\/wp-content\/uploads\/2026\/01\/\u00a1Alerta-en-Barcelona-18-nuevos-casos-de-peste-porcina-confirmados.jpg\" \/>\n\t<meta property=\"og:image:width\" content=\"1200\" \/>\n\t<meta property=\"og:image:height\" content=\"840\" \/>\n\t<meta property=\"og:image:type\" content=\"image\/jpeg\" \/>\n<meta name=\"author\" content=\"Juan P\u00e9rez\" \/>\n<meta name=\"twitter:card\" content=\"summary_large_image\" \/>\n<meta name=\"twitter:label1\" content=\"Escrito por\" \/>\n\t<meta name=\"twitter:data1\" content=\"Juan P\u00e9rez\" \/>\n\t<meta name=\"twitter:label2\" content=\"Tiempo de lectura\" \/>\n\t<meta name=\"twitter:data2\" content=\"2 minutos\" \/>\n<script type=\"application\/ld+json\" class=\"yoast-schema-graph\">{\"@context\":\"https:\/\/schema.org\",\"@graph\":[{\"@type\":\"WebPage\",\"@id\":\"https:\/\/www.diario21.tv\/noticias\/alerta-en-barcelona-18-nuevos-casos-de-peste-porcina-confirmados-en-area-restringida\/\",\"url\":\"https:\/\/www.diario21.tv\/noticias\/alerta-en-barcelona-18-nuevos-casos-de-peste-porcina-confirmados-en-area-restringida\/\",\"name\":\"\u00a1Alerta en Barcelona! 18 nuevos casos de peste porcina confirmados en \u00e1rea restringida - Diario 21\",\"isPartOf\":{\"@id\":\"https:\/\/www.diario21.tv\/noticias\/#website\"},\"primaryImageOfPage\":{\"@id\":\"https:\/\/www.diario21.tv\/noticias\/alerta-en-barcelona-18-nuevos-casos-de-peste-porcina-confirmados-en-area-restringida\/#primaryimage\"},\"image\":{\"@id\":\"https:\/\/www.diario21.tv\/noticias\/alerta-en-barcelona-18-nuevos-casos-de-peste-porcina-confirmados-en-area-restringida\/#primaryimage\"},\"thumbnailUrl\":\"https:\/\/www.diario21.tv\/noticias\/wp-content\/uploads\/2026\/01\/\u00a1Alerta-en-Barcelona-18-nuevos-casos-de-peste-porcina-confirmados.jpg\",\"datePublished\":\"2026-01-08T06:15:46+00:00\",\"dateModified\":\"2026-01-08T06:15:48+00:00\",\"author\":{\"@id\":\"https:\/\/www.diario21.tv\/noticias\/#\/schema\/person\/dfb778f73814d8f09f302618446a526b\"},\"breadcrumb\":{\"@id\":\"https:\/\/www.diario21.tv\/noticias\/alerta-en-barcelona-18-nuevos-casos-de-peste-porcina-confirmados-en-area-restringida\/#breadcrumb\"},\"inLanguage\":\"es-AR\",\"potentialAction\":[{\"@type\":\"ReadAction\",\"target\":[\"https:\/\/www.diario21.tv\/noticias\/alerta-en-barcelona-18-nuevos-casos-de-peste-porcina-confirmados-en-area-restringida\/\"]}]},{\"@type\":\"ImageObject\",\"inLanguage\":\"es-AR\",\"@id\":\"https:\/\/www.diario21.tv\/noticias\/alerta-en-barcelona-18-nuevos-casos-de-peste-porcina-confirmados-en-area-restringida\/#primaryimage\",\"url\":\"https:\/\/www.diario21.tv\/noticias\/wp-content\/uploads\/2026\/01\/\u00a1Alerta-en-Barcelona-18-nuevos-casos-de-peste-porcina-confirmados.jpg\",\"contentUrl\":\"https:\/\/www.diario21.tv\/noticias\/wp-content\/uploads\/2026\/01\/\u00a1Alerta-en-Barcelona-18-nuevos-casos-de-peste-porcina-confirmados.jpg\",\"width\":1200,\"height\":840,\"caption\":\"Confirmados otros 18 positivos de peste porcina en la zona delimitada en Barcelona\"},{\"@type\":\"BreadcrumbList\",\"@id\":\"https:\/\/www.diario21.tv\/noticias\/alerta-en-barcelona-18-nuevos-casos-de-peste-porcina-confirmados-en-area-restringida\/#breadcrumb\",\"itemListElement\":[{\"@type\":\"ListItem\",\"position\":1,\"name\":\"Accueil\",\"item\":\"https:\/\/www.diario21.tv\/noticias\/\"},{\"@type\":\"ListItem\",\"position\":2,\"name\":\"\u00a1Alerta en Barcelona! 18 nuevos casos de peste porcina confirmados en \u00e1rea restringida\"}]},{\"@type\":\"WebSite\",\"@id\":\"https:\/\/www.diario21.tv\/noticias\/#website\",\"url\":\"https:\/\/www.diario21.tv\/noticias\/\",\"name\":\"Diario 21\",\"description\":\"\",\"potentialAction\":[{\"@type\":\"SearchAction\",\"target\":{\"@type\":\"EntryPoint\",\"urlTemplate\":\"https:\/\/www.diario21.tv\/noticias\/?s={search_term_string}\"},\"query-input\":{\"@type\":\"PropertyValueSpecification\",\"valueRequired\":true,\"valueName\":\"search_term_string\"}}],\"inLanguage\":\"es-AR\"},{\"@type\":\"Person\",\"@id\":\"https:\/\/www.diario21.tv\/noticias\/#\/schema\/person\/dfb778f73814d8f09f302618446a526b\",\"name\":\"Juan P\u00e9rez\",\"image\":{\"@type\":\"ImageObject\",\"inLanguage\":\"es-AR\",\"@id\":\"https:\/\/www.diario21.tv\/noticias\/#\/schema\/person\/image\/\",\"url\":\"https:\/\/secure.gravatar.com\/avatar\/c478a405bd10621167f4c3167cc770f5?s=96&d=mm&r=g\",\"contentUrl\":\"https:\/\/secure.gravatar.com\/avatar\/c478a405bd10621167f4c3167cc770f5?s=96&d=mm&r=g\",\"caption\":\"Juan P\u00e9rez\"},\"description\":\"Juan P\u00e9rez es el redactor en jefe de Diario 21. Con m\u00e1s de 10 a\u00f1os de experiencia en el periodismo, se especializa en pol\u00edtica nacional y an\u00e1lisis socioecon\u00f3mico. Su enfoque cr\u00edtico y riguroso aporta una perspectiva \u00fanica a cada art\u00edculo.\",\"sameAs\":[\"https:\/\/www.diario21.tv\/noticias\/\"],\"url\":\"https:\/\/www.diario21.tv\/noticias\/author\/juan-perez\/\"}]}<\/script>\n<!-- \/ Yoast SEO plugin. -->","yoast_head_json":{"title":"\u00a1Alerta en Barcelona! 18 nuevos casos de peste porcina confirmados en \u00e1rea restringida - Diario 21","robots":{"index":"index","follow":"follow","max-snippet":"max-snippet:-1","max-image-preview":"max-image-preview:large","max-video-preview":"max-video-preview:-1"},"canonical":"https:\/\/www.diario21.tv\/noticias\/alerta-en-barcelona-18-nuevos-casos-de-peste-porcina-confirmados-en-area-restringida\/","og_locale":"es_ES","og_type":"article","og_title":"\u00a1Alerta en Barcelona! 18 nuevos casos de peste porcina confirmados en \u00e1rea restringida - Diario 21","og_description":"Se reportan 18 nuevos casos de peste porcina en Barcelona En la regi\u00f3n demarcada de Barcelona, las autoridades sanitarias han confirmado la detecci\u00f3n de 18 nuevos ... Seguir leyendo &rarr;","og_url":"https:\/\/www.diario21.tv\/noticias\/alerta-en-barcelona-18-nuevos-casos-de-peste-porcina-confirmados-en-area-restringida\/","og_site_name":"Diario 21","article_published_time":"2026-01-08T06:15:46+00:00","article_modified_time":"2026-01-08T06:15:48+00:00","og_image":[{"width":1200,"height":840,"url":"https:\/\/www.diario21.tv\/noticias\/wp-content\/uploads\/2026\/01\/\u00a1Alerta-en-Barcelona-18-nuevos-casos-de-peste-porcina-confirmados.jpg","type":"image\/jpeg"}],"author":"Juan P\u00e9rez","twitter_card":"summary_large_image","twitter_misc":{"Escrito por":"Juan P\u00e9rez","Tiempo de lectura":"2 minutos"},"schema":{"@context":"https:\/\/schema.org","@graph":[{"@type":"WebPage","@id":"https:\/\/www.diario21.tv\/noticias\/alerta-en-barcelona-18-nuevos-casos-de-peste-porcina-confirmados-en-area-restringida\/","url":"https:\/\/www.diario21.tv\/noticias\/alerta-en-barcelona-18-nuevos-casos-de-peste-porcina-confirmados-en-area-restringida\/","name":"\u00a1Alerta en Barcelona! 18 nuevos casos de peste porcina confirmados en \u00e1rea restringida - Diario 21","isPartOf":{"@id":"https:\/\/www.diario21.tv\/noticias\/#website"},"primaryImageOfPage":{"@id":"https:\/\/www.diario21.tv\/noticias\/alerta-en-barcelona-18-nuevos-casos-de-peste-porcina-confirmados-en-area-restringida\/#primaryimage"},"image":{"@id":"https:\/\/www.diario21.tv\/noticias\/alerta-en-barcelona-18-nuevos-casos-de-peste-porcina-confirmados-en-area-restringida\/#primaryimage"},"thumbnailUrl":"https:\/\/www.diario21.tv\/noticias\/wp-content\/uploads\/2026\/01\/\u00a1Alerta-en-Barcelona-18-nuevos-casos-de-peste-porcina-confirmados.jpg","datePublished":"2026-01-08T06:15:46+00:00","dateModified":"2026-01-08T06:15:48+00:00","author":{"@id":"https:\/\/www.diario21.tv\/noticias\/#\/schema\/person\/dfb778f73814d8f09f302618446a526b"},"breadcrumb":{"@id":"https:\/\/www.diario21.tv\/noticias\/alerta-en-barcelona-18-nuevos-casos-de-peste-porcina-confirmados-en-area-restringida\/#breadcrumb"},"inLanguage":"es-AR","potentialAction":[{"@type":"ReadAction","target":["https:\/\/www.diario21.tv\/noticias\/alerta-en-barcelona-18-nuevos-casos-de-peste-porcina-confirmados-en-area-restringida\/"]}]},{"@type":"ImageObject","inLanguage":"es-AR","@id":"https:\/\/www.diario21.tv\/noticias\/alerta-en-barcelona-18-nuevos-casos-de-peste-porcina-confirmados-en-area-restringida\/#primaryimage","url":"https:\/\/www.diario21.tv\/noticias\/wp-content\/uploads\/2026\/01\/\u00a1Alerta-en-Barcelona-18-nuevos-casos-de-peste-porcina-confirmados.jpg","contentUrl":"https:\/\/www.diario21.tv\/noticias\/wp-content\/uploads\/2026\/01\/\u00a1Alerta-en-Barcelona-18-nuevos-casos-de-peste-porcina-confirmados.jpg","width":1200,"height":840,"caption":"Confirmados otros 18 positivos de peste porcina en la zona delimitada en Barcelona"},{"@type":"BreadcrumbList","@id":"https:\/\/www.diario21.tv\/noticias\/alerta-en-barcelona-18-nuevos-casos-de-peste-porcina-confirmados-en-area-restringida\/#breadcrumb","itemListElement":[{"@type":"ListItem","position":1,"name":"Accueil","item":"https:\/\/www.diario21.tv\/noticias\/"},{"@type":"ListItem","position":2,"name":"\u00a1Alerta en Barcelona! 18 nuevos casos de peste porcina confirmados en \u00e1rea restringida"}]},{"@type":"WebSite","@id":"https:\/\/www.diario21.tv\/noticias\/#website","url":"https:\/\/www.diario21.tv\/noticias\/","name":"Diario 21","description":"","potentialAction":[{"@type":"SearchAction","target":{"@type":"EntryPoint","urlTemplate":"https:\/\/www.diario21.tv\/noticias\/?s={search_term_string}"},"query-input":{"@type":"PropertyValueSpecification","valueRequired":true,"valueName":"search_term_string"}}],"inLanguage":"es-AR"},{"@type":"Person","@id":"https:\/\/www.diario21.tv\/noticias\/#\/schema\/person\/dfb778f73814d8f09f302618446a526b","name":"Juan P\u00e9rez","image":{"@type":"ImageObject","inLanguage":"es-AR","@id":"https:\/\/www.diario21.tv\/noticias\/#\/schema\/person\/image\/","url":"https:\/\/secure.gravatar.com\/avatar\/c478a405bd10621167f4c3167cc770f5?s=96&d=mm&r=g","contentUrl":"https:\/\/secure.gravatar.com\/avatar\/c478a405bd10621167f4c3167cc770f5?s=96&d=mm&r=g","caption":"Juan P\u00e9rez"},"description":"Juan P\u00e9rez es el redactor en jefe de Diario 21. Con m\u00e1s de 10 a\u00f1os de experiencia en el periodismo, se especializa en pol\u00edtica nacional y an\u00e1lisis socioecon\u00f3mico. Su enfoque cr\u00edtico y riguroso aporta una perspectiva \u00fanica a cada art\u00edculo.","sameAs":["https:\/\/www.diario21.tv\/noticias\/"],"url":"https:\/\/www.diario21.tv\/noticias\/author\/juan-perez\/"}]}},"_links":{"self":[{"href":"https:\/\/www.diario21.tv\/noticias\/wp-json\/wp\/v2\/posts\/5805"}],"collection":[{"href":"https:\/\/www.diario21.tv\/noticias\/wp-json\/wp\/v2\/posts"}],"about":[{"href":"https:\/\/www.diario21.tv\/noticias\/wp-json\/wp\/v2\/types\/post"}],"author":[{"embeddable":true,"href":"https:\/\/www.diario21.tv\/noticias\/wp-json\/wp\/v2\/users\/20"}],"replies":[{"embeddable":true,"href":"https:\/\/www.diario21.tv\/noticias\/wp-json\/wp\/v2\/comments?post=5805"}],"version-history":[{"count":1,"href":"https:\/\/www.diario21.tv\/noticias\/wp-json\/wp\/v2\/posts\/5805\/revisions"}],"predecessor-version":[{"id":5807,"href":"https:\/\/www.diario21.tv\/noticias\/wp-json\/wp\/v2\/posts\/5805\/revisions\/5807"}],"wp:featuredmedia":[{"embeddable":true,"href":"https:\/\/www.diario21.tv\/noticias\/wp-json\/wp\/v2\/media\/5806"}],"wp:attachment":[{"href":"https:\/\/www.diario21.tv\/noticias\/wp-json\/wp\/v2\/media?parent=5805"}],"wp:term":[{"taxonomy":"category","embeddable":true,"href":"https:\/\/www.diario21.tv\/noticias\/wp-json\/wp\/v2\/categories?post=5805"},{"taxonomy":"post_tag","embeddable":true,"href":"https:\/\/www.diario21.tv\/noticias\/wp-json\/wp\/v2\/tags?post=5805"}],"curies":[{"name":"wp","href":"https:\/\/api.w.org\/{rel}","templated":true}]}}