{"id":5802,"date":"2026-01-08T00:15:05","date_gmt":"2026-01-08T00:15:05","guid":{"rendered":"https:\/\/www.diario21.tv\/noticias\/escandalo-en-francia-ciberacosadores-condenados-por-falso-rumor-sobre-brigitte-macron\/"},"modified":"2026-01-08T00:15:07","modified_gmt":"2026-01-08T00:15:07","slug":"escandalo-en-francia-ciberacosadores-condenados-por-falso-rumor-sobre-brigitte-macron","status":"publish","type":"post","link":"https:\/\/www.diario21.tv\/noticias\/escandalo-en-francia-ciberacosadores-condenados-por-falso-rumor-sobre-brigitte-macron\/","title":{"rendered":"\u00a1Esc\u00e1ndalo en Francia! Ciberacosadores condenados por falso rumor sobre Brigitte Macron"},"content":{"rendered":"<h2>Francia Sanciona a Diez Individuos por Difundir Falsos Rumores Sobre Brigitte Macron<\/h2>\n<p>En un reciente fallo judicial en Francia, diez personas han sido condenadas por participar en una campa\u00f1a de ciberacoso contra Brigitte Macron, la esposa del presidente franc\u00e9s Emmanuel Macron. Los acusados difundieron el infundado rumor de que ella es un hombre, lo cual ha sido desmentido completamente.<\/p>\n<h3>Detalles del Caso y las Acusaciones<\/h3>\n<p>El caso se centr\u00f3 en las acciones de estos individuos que, utilizando las redes sociales y otras plataformas digitales, propagaron la falsa informaci\u00f3n de que Brigitte Macron hab\u00eda nacido como hombre y que su verdadero nombre era Jean-Michel Trogneux. Estos rumores no solo carec\u00edan de cualquier fundamento, sino que tambi\u00e9n constitu\u00edan una clara violaci\u00f3n de la intimidad y honor de la primera dama de Francia.<\/p>\n<p>El tribunal encargado del caso sentenci\u00f3 a los acusados a diversas penas, que incluyeron desde multas hasta sentencias de prisi\u00f3n, dependiendo del grado de involucramiento y el impacto de sus acciones. Adem\u00e1s, se les orden\u00f3 pagar una compensaci\u00f3n por da\u00f1os y perjuicios a Brigitte Macron, quien ha sufrido considerablemente debido a estos ataques.<\/p>\n<h3>Reacciones y Consecuencias<\/h3>\n<p>Este caso ha resaltado la creciente preocupaci\u00f3n por el ciberacoso y la difusi\u00f3n de informaci\u00f3n falsa en internet, especialmente aquella dirigida a figuras p\u00fablicas. La decisi\u00f3n del tribunal no solo busca castigar a los responsables sino tambi\u00e9n enviar un mensaje claro sobre la seriedad de tales acciones y la necesidad de mantener un espacio digital respetuoso y ver\u00eddico.<\/p>\n<p>La familia Macron, por su parte, ha expresado su satisfacci\u00f3n con el veredicto, esperando que este sirva de precedente para futuros casos similares. La defensa de los derechos de las personas en el \u00e1mbito digital se est\u00e1 convirtiendo en un tema de gran relevancia en Francia y en todo el mundo, enfrentando el desaf\u00edo de equilibrar la libertad de expresi\u00f3n con la protecci\u00f3n contra el abuso y la difamaci\u00f3n en l\u00ednea.<\/p>\n<h3>Implicaciones para el Futuro<\/h3>\n<p>Este fallo podr\u00eda tener amplias implicaciones para la regulaci\u00f3n de las redes sociales y la gesti\u00f3n de la informaci\u00f3n en la era digital. Podr\u00eda incentivar a m\u00e1s pa\u00edses a tomar medidas en\u00e9rgicas contra el ciberacoso y la propagaci\u00f3n de noticias falsas, especialmente cuando estas afectan a individuos en posiciones de visibilidad p\u00fablica.<\/p>\n<p>En conclusi\u00f3n, el caso de Brigitte Macron subraya la importancia de combatir el ciberacoso y asegurar que la internet sea un espacio seguro para todos. La justicia francesa ha dado un paso importante en este sentido, estableciendo un precedente que podr\u00eda influir en c\u00f3mo se manejan tales casos en el futuro.<\/p>\n\n\n<div class=\"kk-star-ratings kksr-auto kksr-align-left kksr-valign-bottom\"\n    data-payload='{&quot;align&quot;:&quot;left&quot;,&quot;id&quot;:&quot;5802&quot;,&quot;slug&quot;:&quot;default&quot;,&quot;valign&quot;:&quot;bottom&quot;,&quot;ignore&quot;:&quot;&quot;,&quot;reference&quot;:&quot;auto&quot;,&quot;class&quot;:&quot;&quot;,&quot;count&quot;:&quot;0&quot;,&quot;legendonly&quot;:&quot;&quot;,&quot;readonly&quot;:&quot;&quot;,&quot;score&quot;:&quot;0&quot;,&quot;starsonly&quot;:&quot;&quot;,&quot;best&quot;:&quot;5&quot;,&quot;gap&quot;:&quot;5&quot;,&quot;greet&quot;:&quot;Valora este post&quot;,&quot;legend&quot;:&quot;0\\\/5 - (0 votes)&quot;,&quot;size&quot;:&quot;22&quot;,&quot;title&quot;:&quot;\u00a1Esc\u00e1ndalo en Francia! Ciberacosadores condenados por falso rumor sobre Brigitte Macron&quot;,&quot;width&quot;:&quot;0&quot;,&quot;_legend&quot;:&quot;{score}\\\/{best} - ({count} {votes})&quot;,&quot;font_factor&quot;:&quot;1.25&quot;}'>\n            \n<div class=\"kksr-stars\">\n    \n<div class=\"kksr-stars-inactive\">\n            <div class=\"kksr-star\" data-star=\"1\" style=\"padding-right: 5px\">\n            \n\n<div class=\"kksr-icon\" style=\"width: 22px; height: 22px;\"><\/div>\n        <\/div>\n            <div class=\"kksr-star\" data-star=\"2\" style=\"padding-right: 5px\">\n            \n\n<div class=\"kksr-icon\" style=\"width: 22px; height: 22px;\"><\/div>\n        <\/div>\n            <div class=\"kksr-star\" data-star=\"3\" style=\"padding-right: 5px\">\n            \n\n<div class=\"kksr-icon\" style=\"width: 22px; height: 22px;\"><\/div>\n        <\/div>\n            <div class=\"kksr-star\" data-star=\"4\" style=\"padding-right: 5px\">\n            \n\n<div class=\"kksr-icon\" style=\"width: 22px; height: 22px;\"><\/div>\n        <\/div>\n            <div class=\"kksr-star\" data-star=\"5\" style=\"padding-right: 5px\">\n            \n\n<div class=\"kksr-icon\" style=\"width: 22px; height: 22px;\"><\/div>\n        <\/div>\n    <\/div>\n    \n<div class=\"kksr-stars-active\" style=\"width: 0px;\">\n            <div class=\"kksr-star\" style=\"padding-right: 5px\">\n            \n\n<div class=\"kksr-icon\" style=\"width: 22px; height: 22px;\"><\/div>\n        <\/div>\n            <div class=\"kksr-star\" style=\"padding-right: 5px\">\n            \n\n<div class=\"kksr-icon\" style=\"width: 22px; height: 22px;\"><\/div>\n        <\/div>\n            <div class=\"kksr-star\" style=\"padding-right: 5px\">\n            \n\n<div class=\"kksr-icon\" style=\"width: 22px; height: 22px;\"><\/div>\n        <\/div>\n            <div class=\"kksr-star\" style=\"padding-right: 5px\">\n            \n\n<div class=\"kksr-icon\" style=\"width: 22px; height: 22px;\"><\/div>\n        <\/div>\n            <div class=\"kksr-star\" style=\"padding-right: 5px\">\n            \n\n<div class=\"kksr-icon\" style=\"width: 22px; height: 22px;\"><\/div>\n        <\/div>\n    <\/div>\n<\/div>\n                \n\n<div class=\"kksr-legend\" style=\"font-size: 17.6px;\">\n            <span class=\"kksr-muted\">Valora este post<\/span>\n    <\/div>\n    <\/div>\n","protected":false},"excerpt":{"rendered":"<p>Francia Sanciona a Diez Individuos por Difundir Falsos Rumores Sobre Brigitte Macron En un reciente fallo judicial en Francia, diez personas han sido condenadas por participar &#8230; <a title=\"\u00a1Esc\u00e1ndalo en Francia! Ciberacosadores condenados por falso rumor sobre Brigitte Macron\" class=\"read-more\" href=\"https:\/\/www.diario21.tv\/noticias\/escandalo-en-francia-ciberacosadores-condenados-por-falso-rumor-sobre-brigitte-macron\/\" aria-label=\"Leer m\u00e1s sobre \u00a1Esc\u00e1ndalo en Francia! Ciberacosadores condenados por falso rumor sobre Brigitte Macron\">Seguir leyendo &rarr;<\/a><\/p>\n","protected":false},"author":20,"featured_media":5803,"comment_status":"open","ping_status":"open","sticky":false,"template":"","format":"standard","meta":{"footnotes":""},"categories":[13],"tags":[],"class_list":["post-5802","post","type-post","status-publish","format-standard","has-post-thumbnail","hentry","category-portada"],"yoast_head":"<!-- This site is optimized with the Yoast SEO plugin v25.6 - https:\/\/yoast.com\/wordpress\/plugins\/seo\/ -->\n<title>\u00a1Esc\u00e1ndalo en Francia! Ciberacosadores condenados por falso rumor sobre Brigitte Macron - Diario 21<\/title>\n<meta name=\"robots\" content=\"index, follow, max-snippet:-1, max-image-preview:large, max-video-preview:-1\" \/>\n<link rel=\"canonical\" href=\"https:\/\/www.diario21.tv\/noticias\/escandalo-en-francia-ciberacosadores-condenados-por-falso-rumor-sobre-brigitte-macron\/\" \/>\n<meta property=\"og:locale\" content=\"es_ES\" \/>\n<meta property=\"og:type\" content=\"article\" \/>\n<meta property=\"og:title\" content=\"\u00a1Esc\u00e1ndalo en Francia! Ciberacosadores condenados por falso rumor sobre Brigitte Macron - Diario 21\" \/>\n<meta property=\"og:description\" content=\"Francia Sanciona a Diez Individuos por Difundir Falsos Rumores Sobre Brigitte Macron En un reciente fallo judicial en Francia, diez personas han sido condenadas por participar ... Seguir leyendo &rarr;\" \/>\n<meta property=\"og:url\" content=\"https:\/\/www.diario21.tv\/noticias\/escandalo-en-francia-ciberacosadores-condenados-por-falso-rumor-sobre-brigitte-macron\/\" \/>\n<meta property=\"og:site_name\" content=\"Diario 21\" \/>\n<meta property=\"article:published_time\" content=\"2026-01-08T00:15:05+00:00\" \/>\n<meta property=\"article:modified_time\" content=\"2026-01-08T00:15:07+00:00\" \/>\n<meta property=\"og:image\" content=\"https:\/\/www.diario21.tv\/noticias\/wp-content\/uploads\/2026\/01\/\u00a1Escandalo-en-Francia-Ciberacosadores-condenados-por-falso-rumor-sobre-Brigitte.jpg\" \/>\n\t<meta property=\"og:image:width\" content=\"1200\" \/>\n\t<meta property=\"og:image:height\" content=\"840\" \/>\n\t<meta property=\"og:image:type\" content=\"image\/jpeg\" \/>\n<meta name=\"author\" content=\"Juan P\u00e9rez\" \/>\n<meta name=\"twitter:card\" content=\"summary_large_image\" \/>\n<meta name=\"twitter:label1\" content=\"Escrito por\" \/>\n\t<meta name=\"twitter:data1\" content=\"Juan P\u00e9rez\" \/>\n\t<meta name=\"twitter:label2\" content=\"Tiempo de lectura\" \/>\n\t<meta name=\"twitter:data2\" content=\"2 minutos\" \/>\n<script type=\"application\/ld+json\" class=\"yoast-schema-graph\">{\"@context\":\"https:\/\/schema.org\",\"@graph\":[{\"@type\":\"WebPage\",\"@id\":\"https:\/\/www.diario21.tv\/noticias\/escandalo-en-francia-ciberacosadores-condenados-por-falso-rumor-sobre-brigitte-macron\/\",\"url\":\"https:\/\/www.diario21.tv\/noticias\/escandalo-en-francia-ciberacosadores-condenados-por-falso-rumor-sobre-brigitte-macron\/\",\"name\":\"\u00a1Esc\u00e1ndalo en Francia! Ciberacosadores condenados por falso rumor sobre Brigitte Macron - Diario 21\",\"isPartOf\":{\"@id\":\"https:\/\/www.diario21.tv\/noticias\/#website\"},\"primaryImageOfPage\":{\"@id\":\"https:\/\/www.diario21.tv\/noticias\/escandalo-en-francia-ciberacosadores-condenados-por-falso-rumor-sobre-brigitte-macron\/#primaryimage\"},\"image\":{\"@id\":\"https:\/\/www.diario21.tv\/noticias\/escandalo-en-francia-ciberacosadores-condenados-por-falso-rumor-sobre-brigitte-macron\/#primaryimage\"},\"thumbnailUrl\":\"https:\/\/www.diario21.tv\/noticias\/wp-content\/uploads\/2026\/01\/\u00a1Escandalo-en-Francia-Ciberacosadores-condenados-por-falso-rumor-sobre-Brigitte.jpg\",\"datePublished\":\"2026-01-08T00:15:05+00:00\",\"dateModified\":\"2026-01-08T00:15:07+00:00\",\"author\":{\"@id\":\"https:\/\/www.diario21.tv\/noticias\/#\/schema\/person\/dfb778f73814d8f09f302618446a526b\"},\"breadcrumb\":{\"@id\":\"https:\/\/www.diario21.tv\/noticias\/escandalo-en-francia-ciberacosadores-condenados-por-falso-rumor-sobre-brigitte-macron\/#breadcrumb\"},\"inLanguage\":\"es-AR\",\"potentialAction\":[{\"@type\":\"ReadAction\",\"target\":[\"https:\/\/www.diario21.tv\/noticias\/escandalo-en-francia-ciberacosadores-condenados-por-falso-rumor-sobre-brigitte-macron\/\"]}]},{\"@type\":\"ImageObject\",\"inLanguage\":\"es-AR\",\"@id\":\"https:\/\/www.diario21.tv\/noticias\/escandalo-en-francia-ciberacosadores-condenados-por-falso-rumor-sobre-brigitte-macron\/#primaryimage\",\"url\":\"https:\/\/www.diario21.tv\/noticias\/wp-content\/uploads\/2026\/01\/\u00a1Escandalo-en-Francia-Ciberacosadores-condenados-por-falso-rumor-sobre-Brigitte.jpg\",\"contentUrl\":\"https:\/\/www.diario21.tv\/noticias\/wp-content\/uploads\/2026\/01\/\u00a1Escandalo-en-Francia-Ciberacosadores-condenados-por-falso-rumor-sobre-Brigitte.jpg\",\"width\":1200,\"height\":840,\"caption\":\"Condenan en Francia a diez ciberacosadores que difundieron el bulo de que Brigitte Macron es un hombre\"},{\"@type\":\"BreadcrumbList\",\"@id\":\"https:\/\/www.diario21.tv\/noticias\/escandalo-en-francia-ciberacosadores-condenados-por-falso-rumor-sobre-brigitte-macron\/#breadcrumb\",\"itemListElement\":[{\"@type\":\"ListItem\",\"position\":1,\"name\":\"Accueil\",\"item\":\"https:\/\/www.diario21.tv\/noticias\/\"},{\"@type\":\"ListItem\",\"position\":2,\"name\":\"\u00a1Esc\u00e1ndalo en Francia! Ciberacosadores condenados por falso rumor sobre Brigitte Macron\"}]},{\"@type\":\"WebSite\",\"@id\":\"https:\/\/www.diario21.tv\/noticias\/#website\",\"url\":\"https:\/\/www.diario21.tv\/noticias\/\",\"name\":\"Diario 21\",\"description\":\"\",\"potentialAction\":[{\"@type\":\"SearchAction\",\"target\":{\"@type\":\"EntryPoint\",\"urlTemplate\":\"https:\/\/www.diario21.tv\/noticias\/?s={search_term_string}\"},\"query-input\":{\"@type\":\"PropertyValueSpecification\",\"valueRequired\":true,\"valueName\":\"search_term_string\"}}],\"inLanguage\":\"es-AR\"},{\"@type\":\"Person\",\"@id\":\"https:\/\/www.diario21.tv\/noticias\/#\/schema\/person\/dfb778f73814d8f09f302618446a526b\",\"name\":\"Juan P\u00e9rez\",\"image\":{\"@type\":\"ImageObject\",\"inLanguage\":\"es-AR\",\"@id\":\"https:\/\/www.diario21.tv\/noticias\/#\/schema\/person\/image\/\",\"url\":\"https:\/\/secure.gravatar.com\/avatar\/c478a405bd10621167f4c3167cc770f5?s=96&d=mm&r=g\",\"contentUrl\":\"https:\/\/secure.gravatar.com\/avatar\/c478a405bd10621167f4c3167cc770f5?s=96&d=mm&r=g\",\"caption\":\"Juan P\u00e9rez\"},\"description\":\"Juan P\u00e9rez es el redactor en jefe de Diario 21. Con m\u00e1s de 10 a\u00f1os de experiencia en el periodismo, se especializa en pol\u00edtica nacional y an\u00e1lisis socioecon\u00f3mico. Su enfoque cr\u00edtico y riguroso aporta una perspectiva \u00fanica a cada art\u00edculo.\",\"sameAs\":[\"https:\/\/www.diario21.tv\/noticias\/\"],\"url\":\"https:\/\/www.diario21.tv\/noticias\/author\/juan-perez\/\"}]}<\/script>\n<!-- \/ Yoast SEO plugin. -->","yoast_head_json":{"title":"\u00a1Esc\u00e1ndalo en Francia! Ciberacosadores condenados por falso rumor sobre Brigitte Macron - Diario 21","robots":{"index":"index","follow":"follow","max-snippet":"max-snippet:-1","max-image-preview":"max-image-preview:large","max-video-preview":"max-video-preview:-1"},"canonical":"https:\/\/www.diario21.tv\/noticias\/escandalo-en-francia-ciberacosadores-condenados-por-falso-rumor-sobre-brigitte-macron\/","og_locale":"es_ES","og_type":"article","og_title":"\u00a1Esc\u00e1ndalo en Francia! Ciberacosadores condenados por falso rumor sobre Brigitte Macron - Diario 21","og_description":"Francia Sanciona a Diez Individuos por Difundir Falsos Rumores Sobre Brigitte Macron En un reciente fallo judicial en Francia, diez personas han sido condenadas por participar ... Seguir leyendo &rarr;","og_url":"https:\/\/www.diario21.tv\/noticias\/escandalo-en-francia-ciberacosadores-condenados-por-falso-rumor-sobre-brigitte-macron\/","og_site_name":"Diario 21","article_published_time":"2026-01-08T00:15:05+00:00","article_modified_time":"2026-01-08T00:15:07+00:00","og_image":[{"width":1200,"height":840,"url":"https:\/\/www.diario21.tv\/noticias\/wp-content\/uploads\/2026\/01\/\u00a1Escandalo-en-Francia-Ciberacosadores-condenados-por-falso-rumor-sobre-Brigitte.jpg","type":"image\/jpeg"}],"author":"Juan P\u00e9rez","twitter_card":"summary_large_image","twitter_misc":{"Escrito por":"Juan P\u00e9rez","Tiempo de lectura":"2 minutos"},"schema":{"@context":"https:\/\/schema.org","@graph":[{"@type":"WebPage","@id":"https:\/\/www.diario21.tv\/noticias\/escandalo-en-francia-ciberacosadores-condenados-por-falso-rumor-sobre-brigitte-macron\/","url":"https:\/\/www.diario21.tv\/noticias\/escandalo-en-francia-ciberacosadores-condenados-por-falso-rumor-sobre-brigitte-macron\/","name":"\u00a1Esc\u00e1ndalo en Francia! Ciberacosadores condenados por falso rumor sobre Brigitte Macron - Diario 21","isPartOf":{"@id":"https:\/\/www.diario21.tv\/noticias\/#website"},"primaryImageOfPage":{"@id":"https:\/\/www.diario21.tv\/noticias\/escandalo-en-francia-ciberacosadores-condenados-por-falso-rumor-sobre-brigitte-macron\/#primaryimage"},"image":{"@id":"https:\/\/www.diario21.tv\/noticias\/escandalo-en-francia-ciberacosadores-condenados-por-falso-rumor-sobre-brigitte-macron\/#primaryimage"},"thumbnailUrl":"https:\/\/www.diario21.tv\/noticias\/wp-content\/uploads\/2026\/01\/\u00a1Escandalo-en-Francia-Ciberacosadores-condenados-por-falso-rumor-sobre-Brigitte.jpg","datePublished":"2026-01-08T00:15:05+00:00","dateModified":"2026-01-08T00:15:07+00:00","author":{"@id":"https:\/\/www.diario21.tv\/noticias\/#\/schema\/person\/dfb778f73814d8f09f302618446a526b"},"breadcrumb":{"@id":"https:\/\/www.diario21.tv\/noticias\/escandalo-en-francia-ciberacosadores-condenados-por-falso-rumor-sobre-brigitte-macron\/#breadcrumb"},"inLanguage":"es-AR","potentialAction":[{"@type":"ReadAction","target":["https:\/\/www.diario21.tv\/noticias\/escandalo-en-francia-ciberacosadores-condenados-por-falso-rumor-sobre-brigitte-macron\/"]}]},{"@type":"ImageObject","inLanguage":"es-AR","@id":"https:\/\/www.diario21.tv\/noticias\/escandalo-en-francia-ciberacosadores-condenados-por-falso-rumor-sobre-brigitte-macron\/#primaryimage","url":"https:\/\/www.diario21.tv\/noticias\/wp-content\/uploads\/2026\/01\/\u00a1Escandalo-en-Francia-Ciberacosadores-condenados-por-falso-rumor-sobre-Brigitte.jpg","contentUrl":"https:\/\/www.diario21.tv\/noticias\/wp-content\/uploads\/2026\/01\/\u00a1Escandalo-en-Francia-Ciberacosadores-condenados-por-falso-rumor-sobre-Brigitte.jpg","width":1200,"height":840,"caption":"Condenan en Francia a diez ciberacosadores que difundieron el bulo de que Brigitte Macron es un hombre"},{"@type":"BreadcrumbList","@id":"https:\/\/www.diario21.tv\/noticias\/escandalo-en-francia-ciberacosadores-condenados-por-falso-rumor-sobre-brigitte-macron\/#breadcrumb","itemListElement":[{"@type":"ListItem","position":1,"name":"Accueil","item":"https:\/\/www.diario21.tv\/noticias\/"},{"@type":"ListItem","position":2,"name":"\u00a1Esc\u00e1ndalo en Francia! Ciberacosadores condenados por falso rumor sobre Brigitte Macron"}]},{"@type":"WebSite","@id":"https:\/\/www.diario21.tv\/noticias\/#website","url":"https:\/\/www.diario21.tv\/noticias\/","name":"Diario 21","description":"","potentialAction":[{"@type":"SearchAction","target":{"@type":"EntryPoint","urlTemplate":"https:\/\/www.diario21.tv\/noticias\/?s={search_term_string}"},"query-input":{"@type":"PropertyValueSpecification","valueRequired":true,"valueName":"search_term_string"}}],"inLanguage":"es-AR"},{"@type":"Person","@id":"https:\/\/www.diario21.tv\/noticias\/#\/schema\/person\/dfb778f73814d8f09f302618446a526b","name":"Juan P\u00e9rez","image":{"@type":"ImageObject","inLanguage":"es-AR","@id":"https:\/\/www.diario21.tv\/noticias\/#\/schema\/person\/image\/","url":"https:\/\/secure.gravatar.com\/avatar\/c478a405bd10621167f4c3167cc770f5?s=96&d=mm&r=g","contentUrl":"https:\/\/secure.gravatar.com\/avatar\/c478a405bd10621167f4c3167cc770f5?s=96&d=mm&r=g","caption":"Juan P\u00e9rez"},"description":"Juan P\u00e9rez es el redactor en jefe de Diario 21. Con m\u00e1s de 10 a\u00f1os de experiencia en el periodismo, se especializa en pol\u00edtica nacional y an\u00e1lisis socioecon\u00f3mico. Su enfoque cr\u00edtico y riguroso aporta una perspectiva \u00fanica a cada art\u00edculo.","sameAs":["https:\/\/www.diario21.tv\/noticias\/"],"url":"https:\/\/www.diario21.tv\/noticias\/author\/juan-perez\/"}]}},"_links":{"self":[{"href":"https:\/\/www.diario21.tv\/noticias\/wp-json\/wp\/v2\/posts\/5802"}],"collection":[{"href":"https:\/\/www.diario21.tv\/noticias\/wp-json\/wp\/v2\/posts"}],"about":[{"href":"https:\/\/www.diario21.tv\/noticias\/wp-json\/wp\/v2\/types\/post"}],"author":[{"embeddable":true,"href":"https:\/\/www.diario21.tv\/noticias\/wp-json\/wp\/v2\/users\/20"}],"replies":[{"embeddable":true,"href":"https:\/\/www.diario21.tv\/noticias\/wp-json\/wp\/v2\/comments?post=5802"}],"version-history":[{"count":1,"href":"https:\/\/www.diario21.tv\/noticias\/wp-json\/wp\/v2\/posts\/5802\/revisions"}],"predecessor-version":[{"id":5804,"href":"https:\/\/www.diario21.tv\/noticias\/wp-json\/wp\/v2\/posts\/5802\/revisions\/5804"}],"wp:featuredmedia":[{"embeddable":true,"href":"https:\/\/www.diario21.tv\/noticias\/wp-json\/wp\/v2\/media\/5803"}],"wp:attachment":[{"href":"https:\/\/www.diario21.tv\/noticias\/wp-json\/wp\/v2\/media?parent=5802"}],"wp:term":[{"taxonomy":"category","embeddable":true,"href":"https:\/\/www.diario21.tv\/noticias\/wp-json\/wp\/v2\/categories?post=5802"},{"taxonomy":"post_tag","embeddable":true,"href":"https:\/\/www.diario21.tv\/noticias\/wp-json\/wp\/v2\/tags?post=5802"}],"curies":[{"name":"wp","href":"https:\/\/api.w.org\/{rel}","templated":true}]}}