{"id":5799,"date":"2026-01-07T18:14:35","date_gmt":"2026-01-07T18:14:35","guid":{"rendered":"https:\/\/www.diario21.tv\/noticias\/exetarra-ivan-apaolaza-montanero-de-54-anos-fallece-en-guipuzcoa\/"},"modified":"2026-01-07T18:14:36","modified_gmt":"2026-01-07T18:14:36","slug":"exetarra-ivan-apaolaza-montanero-de-54-anos-fallece-en-guipuzcoa","status":"publish","type":"post","link":"https:\/\/www.diario21.tv\/noticias\/exetarra-ivan-apaolaza-montanero-de-54-anos-fallece-en-guipuzcoa\/","title":{"rendered":"Exetarra Iv\u00e1n Apaolaza, Monta\u00f1ero de 54 A\u00f1os, Fallece en Guip\u00fazcoa"},"content":{"rendered":"<h2>Fallece exmiembro de ETA en Accidente de Monta\u00f1a en Guip\u00fazcoa<\/h2>\n<p>El pasado s\u00e1bado, una tragedia en las monta\u00f1as de Guip\u00fazcoa se cobr\u00f3 la vida de Iv\u00e1n Apaolaza, un antiguo miembro de ETA, a la edad de 54 a\u00f1os. El suceso ocurri\u00f3 mientras practicaba senderismo, una actividad que hab\u00eda adoptado como parte de su vida tras alejarse de la organizaci\u00f3n terrorista.<\/p>\n<h3>Detalles del Incidente<\/h3>\n<p>Iv\u00e1n Apaolaza, quien en su juventud fue parte de ETA, encontr\u00f3 su fin en un accidente mientras escalaba en una de las rutas monta\u00f1osas de Guip\u00fazcoa. Aunque los detalles exactos del incidente a\u00fan est\u00e1n siendo investigados por las autoridades locales, se sabe que Apaolaza estaba acompa\u00f1ado por otros monta\u00f1eros al momento del fatal accidente.<\/p>\n<h3>Antecedentes de Apaolaza<\/h3>\n<p>Durante los a\u00f1os 80 y 90, Iv\u00e1n Apaolaza fue un activo participante en las actividades de ETA, la organizaci\u00f3n separatista vasca. Posteriormente, y despu\u00e9s de varios a\u00f1os de actividad, Apaolaza decidi\u00f3 retirarse de la organizaci\u00f3n y dedicarse a una vida m\u00e1s tranquila y alejada del conflicto.<\/p>\n<h3>Reacciones y Consecuencias<\/h3>\n<p>La noticia de su muerte ha resonado en la comunidad, despertando una mezcla de reacciones entre aquellos que conocieron su pasado y los que solo lo conocieron en su faceta m\u00e1s reciente y pac\u00edfica. Las autoridades, por su parte, han reiterado su compromiso con la seguridad en actividades al aire libre, recordando a todos la importancia de la precauci\u00f3n en la monta\u00f1a.<\/p>\n<h3>Legado y Recordatorio<\/h3>\n<p>El legado de Iv\u00e1n Apaolaza es complejo, marcado por su pasado en ETA y su posterior reinvenci\u00f3n como un ciudadano comprometido con una vida tranquila. Su muerte sirve como un sombr\u00edo recordatorio de los peligros inherentes a las actividades de monta\u00f1a, as\u00ed como de los caminos de redenci\u00f3n y cambio que son posibles para individuos de todos los \u00e1mbitos de la vida.<\/p>\n\n\n<div class=\"kk-star-ratings kksr-auto kksr-align-left kksr-valign-bottom\"\n    data-payload='{&quot;align&quot;:&quot;left&quot;,&quot;id&quot;:&quot;5799&quot;,&quot;slug&quot;:&quot;default&quot;,&quot;valign&quot;:&quot;bottom&quot;,&quot;ignore&quot;:&quot;&quot;,&quot;reference&quot;:&quot;auto&quot;,&quot;class&quot;:&quot;&quot;,&quot;count&quot;:&quot;0&quot;,&quot;legendonly&quot;:&quot;&quot;,&quot;readonly&quot;:&quot;&quot;,&quot;score&quot;:&quot;0&quot;,&quot;starsonly&quot;:&quot;&quot;,&quot;best&quot;:&quot;5&quot;,&quot;gap&quot;:&quot;5&quot;,&quot;greet&quot;:&quot;Valora este post&quot;,&quot;legend&quot;:&quot;0\\\/5 - (0 votes)&quot;,&quot;size&quot;:&quot;22&quot;,&quot;title&quot;:&quot;Exetarra Iv\u00e1n Apaolaza, Monta\u00f1ero de 54 A\u00f1os, Fallece en Guip\u00fazcoa&quot;,&quot;width&quot;:&quot;0&quot;,&quot;_legend&quot;:&quot;{score}\\\/{best} - ({count} {votes})&quot;,&quot;font_factor&quot;:&quot;1.25&quot;}'>\n            \n<div class=\"kksr-stars\">\n    \n<div class=\"kksr-stars-inactive\">\n            <div class=\"kksr-star\" data-star=\"1\" style=\"padding-right: 5px\">\n            \n\n<div class=\"kksr-icon\" style=\"width: 22px; height: 22px;\"><\/div>\n        <\/div>\n            <div class=\"kksr-star\" data-star=\"2\" style=\"padding-right: 5px\">\n            \n\n<div class=\"kksr-icon\" style=\"width: 22px; height: 22px;\"><\/div>\n        <\/div>\n            <div class=\"kksr-star\" data-star=\"3\" style=\"padding-right: 5px\">\n            \n\n<div class=\"kksr-icon\" style=\"width: 22px; height: 22px;\"><\/div>\n        <\/div>\n            <div class=\"kksr-star\" data-star=\"4\" style=\"padding-right: 5px\">\n            \n\n<div class=\"kksr-icon\" style=\"width: 22px; height: 22px;\"><\/div>\n        <\/div>\n            <div class=\"kksr-star\" data-star=\"5\" style=\"padding-right: 5px\">\n            \n\n<div class=\"kksr-icon\" style=\"width: 22px; height: 22px;\"><\/div>\n        <\/div>\n    <\/div>\n    \n<div class=\"kksr-stars-active\" style=\"width: 0px;\">\n            <div class=\"kksr-star\" style=\"padding-right: 5px\">\n            \n\n<div class=\"kksr-icon\" style=\"width: 22px; height: 22px;\"><\/div>\n        <\/div>\n            <div class=\"kksr-star\" style=\"padding-right: 5px\">\n            \n\n<div class=\"kksr-icon\" style=\"width: 22px; height: 22px;\"><\/div>\n        <\/div>\n            <div class=\"kksr-star\" style=\"padding-right: 5px\">\n            \n\n<div class=\"kksr-icon\" style=\"width: 22px; height: 22px;\"><\/div>\n        <\/div>\n            <div class=\"kksr-star\" style=\"padding-right: 5px\">\n            \n\n<div class=\"kksr-icon\" style=\"width: 22px; height: 22px;\"><\/div>\n        <\/div>\n            <div class=\"kksr-star\" style=\"padding-right: 5px\">\n            \n\n<div class=\"kksr-icon\" style=\"width: 22px; height: 22px;\"><\/div>\n        <\/div>\n    <\/div>\n<\/div>\n                \n\n<div class=\"kksr-legend\" style=\"font-size: 17.6px;\">\n            <span class=\"kksr-muted\">Valora este post<\/span>\n    <\/div>\n    <\/div>\n","protected":false},"excerpt":{"rendered":"<p>Fallece exmiembro de ETA en Accidente de Monta\u00f1a en Guip\u00fazcoa El pasado s\u00e1bado, una tragedia en las monta\u00f1as de Guip\u00fazcoa se cobr\u00f3 la vida de Iv\u00e1n &#8230; <a title=\"Exetarra Iv\u00e1n Apaolaza, Monta\u00f1ero de 54 A\u00f1os, Fallece en Guip\u00fazcoa\" class=\"read-more\" href=\"https:\/\/www.diario21.tv\/noticias\/exetarra-ivan-apaolaza-montanero-de-54-anos-fallece-en-guipuzcoa\/\" aria-label=\"Leer m\u00e1s sobre Exetarra Iv\u00e1n Apaolaza, Monta\u00f1ero de 54 A\u00f1os, Fallece en Guip\u00fazcoa\">Seguir leyendo &rarr;<\/a><\/p>\n","protected":false},"author":20,"featured_media":5800,"comment_status":"open","ping_status":"open","sticky":false,"template":"","format":"standard","meta":{"footnotes":""},"categories":[13],"tags":[],"class_list":["post-5799","post","type-post","status-publish","format-standard","has-post-thumbnail","hentry","category-portada"],"yoast_head":"<!-- This site is optimized with the Yoast SEO plugin v25.6 - https:\/\/yoast.com\/wordpress\/plugins\/seo\/ -->\n<title>Exetarra Iv\u00e1n Apaolaza, Monta\u00f1ero de 54 A\u00f1os, Fallece en Guip\u00fazcoa - Diario 21<\/title>\n<meta name=\"robots\" content=\"index, follow, max-snippet:-1, max-image-preview:large, max-video-preview:-1\" \/>\n<link rel=\"canonical\" href=\"https:\/\/www.diario21.tv\/noticias\/exetarra-ivan-apaolaza-montanero-de-54-anos-fallece-en-guipuzcoa\/\" \/>\n<meta property=\"og:locale\" content=\"es_ES\" \/>\n<meta property=\"og:type\" content=\"article\" \/>\n<meta property=\"og:title\" content=\"Exetarra Iv\u00e1n Apaolaza, Monta\u00f1ero de 54 A\u00f1os, Fallece en Guip\u00fazcoa - Diario 21\" \/>\n<meta property=\"og:description\" content=\"Fallece exmiembro de ETA en Accidente de Monta\u00f1a en Guip\u00fazcoa El pasado s\u00e1bado, una tragedia en las monta\u00f1as de Guip\u00fazcoa se cobr\u00f3 la vida de Iv\u00e1n ... Seguir leyendo &rarr;\" \/>\n<meta property=\"og:url\" content=\"https:\/\/www.diario21.tv\/noticias\/exetarra-ivan-apaolaza-montanero-de-54-anos-fallece-en-guipuzcoa\/\" \/>\n<meta property=\"og:site_name\" content=\"Diario 21\" \/>\n<meta property=\"article:published_time\" content=\"2026-01-07T18:14:35+00:00\" \/>\n<meta property=\"article:modified_time\" content=\"2026-01-07T18:14:36+00:00\" \/>\n<meta property=\"og:image\" content=\"https:\/\/www.diario21.tv\/noticias\/wp-content\/uploads\/2026\/01\/Exetarra-Ivan-Apaolaza-Montanero-de-54-Anos-Fallece-en-Guipuzcoa.jpg\" \/>\n\t<meta property=\"og:image:width\" content=\"1200\" \/>\n\t<meta property=\"og:image:height\" content=\"840\" \/>\n\t<meta property=\"og:image:type\" content=\"image\/jpeg\" \/>\n<meta name=\"author\" content=\"Juan P\u00e9rez\" \/>\n<meta name=\"twitter:card\" content=\"summary_large_image\" \/>\n<meta name=\"twitter:label1\" content=\"Escrito por\" \/>\n\t<meta name=\"twitter:data1\" content=\"Juan P\u00e9rez\" \/>\n\t<meta name=\"twitter:label2\" content=\"Tiempo de lectura\" \/>\n\t<meta name=\"twitter:data2\" content=\"2 minutos\" \/>\n<script type=\"application\/ld+json\" class=\"yoast-schema-graph\">{\"@context\":\"https:\/\/schema.org\",\"@graph\":[{\"@type\":\"WebPage\",\"@id\":\"https:\/\/www.diario21.tv\/noticias\/exetarra-ivan-apaolaza-montanero-de-54-anos-fallece-en-guipuzcoa\/\",\"url\":\"https:\/\/www.diario21.tv\/noticias\/exetarra-ivan-apaolaza-montanero-de-54-anos-fallece-en-guipuzcoa\/\",\"name\":\"Exetarra Iv\u00e1n Apaolaza, Monta\u00f1ero de 54 A\u00f1os, Fallece en Guip\u00fazcoa - Diario 21\",\"isPartOf\":{\"@id\":\"https:\/\/www.diario21.tv\/noticias\/#website\"},\"primaryImageOfPage\":{\"@id\":\"https:\/\/www.diario21.tv\/noticias\/exetarra-ivan-apaolaza-montanero-de-54-anos-fallece-en-guipuzcoa\/#primaryimage\"},\"image\":{\"@id\":\"https:\/\/www.diario21.tv\/noticias\/exetarra-ivan-apaolaza-montanero-de-54-anos-fallece-en-guipuzcoa\/#primaryimage\"},\"thumbnailUrl\":\"https:\/\/www.diario21.tv\/noticias\/wp-content\/uploads\/2026\/01\/Exetarra-Ivan-Apaolaza-Montanero-de-54-Anos-Fallece-en-Guipuzcoa.jpg\",\"datePublished\":\"2026-01-07T18:14:35+00:00\",\"dateModified\":\"2026-01-07T18:14:36+00:00\",\"author\":{\"@id\":\"https:\/\/www.diario21.tv\/noticias\/#\/schema\/person\/dfb778f73814d8f09f302618446a526b\"},\"breadcrumb\":{\"@id\":\"https:\/\/www.diario21.tv\/noticias\/exetarra-ivan-apaolaza-montanero-de-54-anos-fallece-en-guipuzcoa\/#breadcrumb\"},\"inLanguage\":\"es-AR\",\"potentialAction\":[{\"@type\":\"ReadAction\",\"target\":[\"https:\/\/www.diario21.tv\/noticias\/exetarra-ivan-apaolaza-montanero-de-54-anos-fallece-en-guipuzcoa\/\"]}]},{\"@type\":\"ImageObject\",\"inLanguage\":\"es-AR\",\"@id\":\"https:\/\/www.diario21.tv\/noticias\/exetarra-ivan-apaolaza-montanero-de-54-anos-fallece-en-guipuzcoa\/#primaryimage\",\"url\":\"https:\/\/www.diario21.tv\/noticias\/wp-content\/uploads\/2026\/01\/Exetarra-Ivan-Apaolaza-Montanero-de-54-Anos-Fallece-en-Guipuzcoa.jpg\",\"contentUrl\":\"https:\/\/www.diario21.tv\/noticias\/wp-content\/uploads\/2026\/01\/Exetarra-Ivan-Apaolaza-Montanero-de-54-Anos-Fallece-en-Guipuzcoa.jpg\",\"width\":1200,\"height\":840,\"caption\":\"El monta\u00f1ero de 54 a\u00f1os fallecido en Guip\u00fazcoa es el exetarra Iv\u00e1n Apaolaza\"},{\"@type\":\"BreadcrumbList\",\"@id\":\"https:\/\/www.diario21.tv\/noticias\/exetarra-ivan-apaolaza-montanero-de-54-anos-fallece-en-guipuzcoa\/#breadcrumb\",\"itemListElement\":[{\"@type\":\"ListItem\",\"position\":1,\"name\":\"Accueil\",\"item\":\"https:\/\/www.diario21.tv\/noticias\/\"},{\"@type\":\"ListItem\",\"position\":2,\"name\":\"Exetarra Iv\u00e1n Apaolaza, Monta\u00f1ero de 54 A\u00f1os, Fallece en Guip\u00fazcoa\"}]},{\"@type\":\"WebSite\",\"@id\":\"https:\/\/www.diario21.tv\/noticias\/#website\",\"url\":\"https:\/\/www.diario21.tv\/noticias\/\",\"name\":\"Diario 21\",\"description\":\"\",\"potentialAction\":[{\"@type\":\"SearchAction\",\"target\":{\"@type\":\"EntryPoint\",\"urlTemplate\":\"https:\/\/www.diario21.tv\/noticias\/?s={search_term_string}\"},\"query-input\":{\"@type\":\"PropertyValueSpecification\",\"valueRequired\":true,\"valueName\":\"search_term_string\"}}],\"inLanguage\":\"es-AR\"},{\"@type\":\"Person\",\"@id\":\"https:\/\/www.diario21.tv\/noticias\/#\/schema\/person\/dfb778f73814d8f09f302618446a526b\",\"name\":\"Juan P\u00e9rez\",\"image\":{\"@type\":\"ImageObject\",\"inLanguage\":\"es-AR\",\"@id\":\"https:\/\/www.diario21.tv\/noticias\/#\/schema\/person\/image\/\",\"url\":\"https:\/\/secure.gravatar.com\/avatar\/c478a405bd10621167f4c3167cc770f5?s=96&d=mm&r=g\",\"contentUrl\":\"https:\/\/secure.gravatar.com\/avatar\/c478a405bd10621167f4c3167cc770f5?s=96&d=mm&r=g\",\"caption\":\"Juan P\u00e9rez\"},\"description\":\"Juan P\u00e9rez es el redactor en jefe de Diario 21. Con m\u00e1s de 10 a\u00f1os de experiencia en el periodismo, se especializa en pol\u00edtica nacional y an\u00e1lisis socioecon\u00f3mico. Su enfoque cr\u00edtico y riguroso aporta una perspectiva \u00fanica a cada art\u00edculo.\",\"sameAs\":[\"https:\/\/www.diario21.tv\/noticias\/\"],\"url\":\"https:\/\/www.diario21.tv\/noticias\/author\/juan-perez\/\"}]}<\/script>\n<!-- \/ Yoast SEO plugin. -->","yoast_head_json":{"title":"Exetarra Iv\u00e1n Apaolaza, Monta\u00f1ero de 54 A\u00f1os, Fallece en Guip\u00fazcoa - Diario 21","robots":{"index":"index","follow":"follow","max-snippet":"max-snippet:-1","max-image-preview":"max-image-preview:large","max-video-preview":"max-video-preview:-1"},"canonical":"https:\/\/www.diario21.tv\/noticias\/exetarra-ivan-apaolaza-montanero-de-54-anos-fallece-en-guipuzcoa\/","og_locale":"es_ES","og_type":"article","og_title":"Exetarra Iv\u00e1n Apaolaza, Monta\u00f1ero de 54 A\u00f1os, Fallece en Guip\u00fazcoa - Diario 21","og_description":"Fallece exmiembro de ETA en Accidente de Monta\u00f1a en Guip\u00fazcoa El pasado s\u00e1bado, una tragedia en las monta\u00f1as de Guip\u00fazcoa se cobr\u00f3 la vida de Iv\u00e1n ... Seguir leyendo &rarr;","og_url":"https:\/\/www.diario21.tv\/noticias\/exetarra-ivan-apaolaza-montanero-de-54-anos-fallece-en-guipuzcoa\/","og_site_name":"Diario 21","article_published_time":"2026-01-07T18:14:35+00:00","article_modified_time":"2026-01-07T18:14:36+00:00","og_image":[{"width":1200,"height":840,"url":"https:\/\/www.diario21.tv\/noticias\/wp-content\/uploads\/2026\/01\/Exetarra-Ivan-Apaolaza-Montanero-de-54-Anos-Fallece-en-Guipuzcoa.jpg","type":"image\/jpeg"}],"author":"Juan P\u00e9rez","twitter_card":"summary_large_image","twitter_misc":{"Escrito por":"Juan P\u00e9rez","Tiempo de lectura":"2 minutos"},"schema":{"@context":"https:\/\/schema.org","@graph":[{"@type":"WebPage","@id":"https:\/\/www.diario21.tv\/noticias\/exetarra-ivan-apaolaza-montanero-de-54-anos-fallece-en-guipuzcoa\/","url":"https:\/\/www.diario21.tv\/noticias\/exetarra-ivan-apaolaza-montanero-de-54-anos-fallece-en-guipuzcoa\/","name":"Exetarra Iv\u00e1n Apaolaza, Monta\u00f1ero de 54 A\u00f1os, Fallece en Guip\u00fazcoa - Diario 21","isPartOf":{"@id":"https:\/\/www.diario21.tv\/noticias\/#website"},"primaryImageOfPage":{"@id":"https:\/\/www.diario21.tv\/noticias\/exetarra-ivan-apaolaza-montanero-de-54-anos-fallece-en-guipuzcoa\/#primaryimage"},"image":{"@id":"https:\/\/www.diario21.tv\/noticias\/exetarra-ivan-apaolaza-montanero-de-54-anos-fallece-en-guipuzcoa\/#primaryimage"},"thumbnailUrl":"https:\/\/www.diario21.tv\/noticias\/wp-content\/uploads\/2026\/01\/Exetarra-Ivan-Apaolaza-Montanero-de-54-Anos-Fallece-en-Guipuzcoa.jpg","datePublished":"2026-01-07T18:14:35+00:00","dateModified":"2026-01-07T18:14:36+00:00","author":{"@id":"https:\/\/www.diario21.tv\/noticias\/#\/schema\/person\/dfb778f73814d8f09f302618446a526b"},"breadcrumb":{"@id":"https:\/\/www.diario21.tv\/noticias\/exetarra-ivan-apaolaza-montanero-de-54-anos-fallece-en-guipuzcoa\/#breadcrumb"},"inLanguage":"es-AR","potentialAction":[{"@type":"ReadAction","target":["https:\/\/www.diario21.tv\/noticias\/exetarra-ivan-apaolaza-montanero-de-54-anos-fallece-en-guipuzcoa\/"]}]},{"@type":"ImageObject","inLanguage":"es-AR","@id":"https:\/\/www.diario21.tv\/noticias\/exetarra-ivan-apaolaza-montanero-de-54-anos-fallece-en-guipuzcoa\/#primaryimage","url":"https:\/\/www.diario21.tv\/noticias\/wp-content\/uploads\/2026\/01\/Exetarra-Ivan-Apaolaza-Montanero-de-54-Anos-Fallece-en-Guipuzcoa.jpg","contentUrl":"https:\/\/www.diario21.tv\/noticias\/wp-content\/uploads\/2026\/01\/Exetarra-Ivan-Apaolaza-Montanero-de-54-Anos-Fallece-en-Guipuzcoa.jpg","width":1200,"height":840,"caption":"El monta\u00f1ero de 54 a\u00f1os fallecido en Guip\u00fazcoa es el exetarra Iv\u00e1n Apaolaza"},{"@type":"BreadcrumbList","@id":"https:\/\/www.diario21.tv\/noticias\/exetarra-ivan-apaolaza-montanero-de-54-anos-fallece-en-guipuzcoa\/#breadcrumb","itemListElement":[{"@type":"ListItem","position":1,"name":"Accueil","item":"https:\/\/www.diario21.tv\/noticias\/"},{"@type":"ListItem","position":2,"name":"Exetarra Iv\u00e1n Apaolaza, Monta\u00f1ero de 54 A\u00f1os, Fallece en Guip\u00fazcoa"}]},{"@type":"WebSite","@id":"https:\/\/www.diario21.tv\/noticias\/#website","url":"https:\/\/www.diario21.tv\/noticias\/","name":"Diario 21","description":"","potentialAction":[{"@type":"SearchAction","target":{"@type":"EntryPoint","urlTemplate":"https:\/\/www.diario21.tv\/noticias\/?s={search_term_string}"},"query-input":{"@type":"PropertyValueSpecification","valueRequired":true,"valueName":"search_term_string"}}],"inLanguage":"es-AR"},{"@type":"Person","@id":"https:\/\/www.diario21.tv\/noticias\/#\/schema\/person\/dfb778f73814d8f09f302618446a526b","name":"Juan P\u00e9rez","image":{"@type":"ImageObject","inLanguage":"es-AR","@id":"https:\/\/www.diario21.tv\/noticias\/#\/schema\/person\/image\/","url":"https:\/\/secure.gravatar.com\/avatar\/c478a405bd10621167f4c3167cc770f5?s=96&d=mm&r=g","contentUrl":"https:\/\/secure.gravatar.com\/avatar\/c478a405bd10621167f4c3167cc770f5?s=96&d=mm&r=g","caption":"Juan P\u00e9rez"},"description":"Juan P\u00e9rez es el redactor en jefe de Diario 21. Con m\u00e1s de 10 a\u00f1os de experiencia en el periodismo, se especializa en pol\u00edtica nacional y an\u00e1lisis socioecon\u00f3mico. Su enfoque cr\u00edtico y riguroso aporta una perspectiva \u00fanica a cada art\u00edculo.","sameAs":["https:\/\/www.diario21.tv\/noticias\/"],"url":"https:\/\/www.diario21.tv\/noticias\/author\/juan-perez\/"}]}},"_links":{"self":[{"href":"https:\/\/www.diario21.tv\/noticias\/wp-json\/wp\/v2\/posts\/5799"}],"collection":[{"href":"https:\/\/www.diario21.tv\/noticias\/wp-json\/wp\/v2\/posts"}],"about":[{"href":"https:\/\/www.diario21.tv\/noticias\/wp-json\/wp\/v2\/types\/post"}],"author":[{"embeddable":true,"href":"https:\/\/www.diario21.tv\/noticias\/wp-json\/wp\/v2\/users\/20"}],"replies":[{"embeddable":true,"href":"https:\/\/www.diario21.tv\/noticias\/wp-json\/wp\/v2\/comments?post=5799"}],"version-history":[{"count":1,"href":"https:\/\/www.diario21.tv\/noticias\/wp-json\/wp\/v2\/posts\/5799\/revisions"}],"predecessor-version":[{"id":5801,"href":"https:\/\/www.diario21.tv\/noticias\/wp-json\/wp\/v2\/posts\/5799\/revisions\/5801"}],"wp:featuredmedia":[{"embeddable":true,"href":"https:\/\/www.diario21.tv\/noticias\/wp-json\/wp\/v2\/media\/5800"}],"wp:attachment":[{"href":"https:\/\/www.diario21.tv\/noticias\/wp-json\/wp\/v2\/media?parent=5799"}],"wp:term":[{"taxonomy":"category","embeddable":true,"href":"https:\/\/www.diario21.tv\/noticias\/wp-json\/wp\/v2\/categories?post=5799"},{"taxonomy":"post_tag","embeddable":true,"href":"https:\/\/www.diario21.tv\/noticias\/wp-json\/wp\/v2\/tags?post=5799"}],"curies":[{"name":"wp","href":"https:\/\/api.w.org\/{rel}","templated":true}]}}