{"id":5790,"date":"2026-01-06T18:07:40","date_gmt":"2026-01-06T18:07:40","guid":{"rendered":"https:\/\/www.diario21.tv\/noticias\/alerta-en-espana-reglas-ambiguas-sobre-incendios-amenazan-el-ocio-nocturno\/"},"modified":"2026-01-06T18:07:41","modified_gmt":"2026-01-06T18:07:41","slug":"alerta-en-espana-reglas-ambiguas-sobre-incendios-amenazan-el-ocio-nocturno","status":"publish","type":"post","link":"https:\/\/www.diario21.tv\/noticias\/alerta-en-espana-reglas-ambiguas-sobre-incendios-amenazan-el-ocio-nocturno\/","title":{"rendered":"\u00a1Alerta en Espa\u00f1a! Reglas ambiguas sobre incendios amenazan el ocio nocturno"},"content":{"rendered":"<h2>El Sector del Entretenimiento Nocturno Considera Confusas las Directrices sobre Incendios en Establecimientos en Espa\u00f1a<\/h2>\n<p>El \u00e1mbito del entretenimiento nocturno en Espa\u00f1a ha manifestado preocupaci\u00f3n por lo que consideran directrices poco claras y ambiguas en relaci\u00f3n con la prevenci\u00f3n y manejo de incendios en los locales. Los propietarios de bares, discotecas y otros establecimientos nocturnos enfrentan dificultades para interpretar y aplicar adecuadamente las normativas vigentes, lo que supone un desaf\u00edo significativo para garantizar la seguridad de los asistentes.<\/p>\n<h3>Normativas Intrincadas y su Impacto en el Sector<\/h3>\n<p>Las regulaciones actuales sobre seguridad contra incendios en Espa\u00f1a son extensas y complejas, abarcando una variedad de aspectos que van desde instalaciones el\u00e9ctricas hasta salidas de emergencia. Sin embargo, los empresarios del sector nocturno argumentan que estas normas no son solamente dif\u00edciles de comprender, sino que tambi\u00e9n var\u00edan considerablemente entre las diferentes comunidades aut\u00f3nomas, creando una capa adicional de complejidad para aquellos que operan en m\u00faltiples regiones.<\/p>\n<p>Esta variabilidad hace que sea especialmente complicado para los propietarios asegurarse de cumplir con todas las exigencias legales, lo que podr\u00eda resultar en sanciones, o incluso en el cierre temporal o permanente de los establecimientos en casos de infracciones graves.<\/p>\n<h3>La Demanda de Claridad y Apoyo<\/h3>\n<p>Ante esta situaci\u00f3n, representantes del sector del ocio nocturno han levantado la voz para solicitar a las autoridades una revisi\u00f3n y simplificaci\u00f3n de las normativas. Proponen la creaci\u00f3n de un conjunto de directrices m\u00e1s claro y uniforme que pueda ser f\u00e1cilmente interpretado y aplicado por todos los empresarios, independientemente de su ubicaci\u00f3n.<\/p>\n<p>Adem\u00e1s, han sugerido la implementaci\u00f3n de programas de formaci\u00f3n para los due\u00f1os y empleados de estos establecimientos sobre c\u00f3mo gestionar de manera efectiva las emergencias relacionadas con incendios. Esta formaci\u00f3n no solo ayudar\u00eda a mejorar la seguridad general, sino que tambi\u00e9n asegurar\u00eda que todos los involucrados est\u00e9n mejor preparados para actuar r\u00e1pidamente y de manera eficaz en caso de un incidente.<\/p>\n<h3>Conclusiones y Perspectivas Futuras<\/h3>\n<p>La seguridad en los locales nocturnos es un tema de vital importancia que afecta no solo a los propietarios y empleados, sino tambi\u00e9n a los miles de clientes que los frecuentan. Una normativa clara y sencilla no solo facilitar\u00eda la gesti\u00f3n de estos espacios sino que tambi\u00e9n contribuir\u00eda a una mayor seguridad para todos.<\/p>\n<p>El di\u00e1logo continuo entre las autoridades y los representantes del sector es crucial para desarrollar soluciones que beneficien a ambas partes y, lo m\u00e1s importante, para proteger la vida de las personas que disfrutan del ocio nocturno. La esperanza es que, con un esfuerzo colaborativo y un compromiso con la claridad y la educaci\u00f3n, se pueda alcanzar un entorno m\u00e1s seguro para todos en el vibrante mundo del entretenimiento nocturno en Espa\u00f1a.<\/p>\n\n\n<div class=\"kk-star-ratings kksr-auto kksr-align-left kksr-valign-bottom\"\n    data-payload='{&quot;align&quot;:&quot;left&quot;,&quot;id&quot;:&quot;5790&quot;,&quot;slug&quot;:&quot;default&quot;,&quot;valign&quot;:&quot;bottom&quot;,&quot;ignore&quot;:&quot;&quot;,&quot;reference&quot;:&quot;auto&quot;,&quot;class&quot;:&quot;&quot;,&quot;count&quot;:&quot;0&quot;,&quot;legendonly&quot;:&quot;&quot;,&quot;readonly&quot;:&quot;&quot;,&quot;score&quot;:&quot;0&quot;,&quot;starsonly&quot;:&quot;&quot;,&quot;best&quot;:&quot;5&quot;,&quot;gap&quot;:&quot;5&quot;,&quot;greet&quot;:&quot;Valora este post&quot;,&quot;legend&quot;:&quot;0\\\/5 - (0 votes)&quot;,&quot;size&quot;:&quot;22&quot;,&quot;title&quot;:&quot;\u00a1Alerta en Espa\u00f1a! Reglas ambiguas sobre incendios amenazan el ocio nocturno&quot;,&quot;width&quot;:&quot;0&quot;,&quot;_legend&quot;:&quot;{score}\\\/{best} - ({count} {votes})&quot;,&quot;font_factor&quot;:&quot;1.25&quot;}'>\n            \n<div class=\"kksr-stars\">\n    \n<div class=\"kksr-stars-inactive\">\n            <div class=\"kksr-star\" data-star=\"1\" style=\"padding-right: 5px\">\n            \n\n<div class=\"kksr-icon\" style=\"width: 22px; height: 22px;\"><\/div>\n        <\/div>\n            <div class=\"kksr-star\" data-star=\"2\" style=\"padding-right: 5px\">\n            \n\n<div class=\"kksr-icon\" style=\"width: 22px; height: 22px;\"><\/div>\n        <\/div>\n            <div class=\"kksr-star\" data-star=\"3\" style=\"padding-right: 5px\">\n            \n\n<div class=\"kksr-icon\" style=\"width: 22px; height: 22px;\"><\/div>\n        <\/div>\n            <div class=\"kksr-star\" data-star=\"4\" style=\"padding-right: 5px\">\n            \n\n<div class=\"kksr-icon\" style=\"width: 22px; height: 22px;\"><\/div>\n        <\/div>\n            <div class=\"kksr-star\" data-star=\"5\" style=\"padding-right: 5px\">\n            \n\n<div class=\"kksr-icon\" style=\"width: 22px; height: 22px;\"><\/div>\n        <\/div>\n    <\/div>\n    \n<div class=\"kksr-stars-active\" style=\"width: 0px;\">\n            <div class=\"kksr-star\" style=\"padding-right: 5px\">\n            \n\n<div class=\"kksr-icon\" style=\"width: 22px; height: 22px;\"><\/div>\n        <\/div>\n            <div class=\"kksr-star\" style=\"padding-right: 5px\">\n            \n\n<div class=\"kksr-icon\" style=\"width: 22px; height: 22px;\"><\/div>\n        <\/div>\n            <div class=\"kksr-star\" style=\"padding-right: 5px\">\n            \n\n<div class=\"kksr-icon\" style=\"width: 22px; height: 22px;\"><\/div>\n        <\/div>\n            <div class=\"kksr-star\" style=\"padding-right: 5px\">\n            \n\n<div class=\"kksr-icon\" style=\"width: 22px; height: 22px;\"><\/div>\n        <\/div>\n            <div class=\"kksr-star\" style=\"padding-right: 5px\">\n            \n\n<div class=\"kksr-icon\" style=\"width: 22px; height: 22px;\"><\/div>\n        <\/div>\n    <\/div>\n<\/div>\n                \n\n<div class=\"kksr-legend\" style=\"font-size: 17.6px;\">\n            <span class=\"kksr-muted\">Valora este post<\/span>\n    <\/div>\n    <\/div>\n","protected":false},"excerpt":{"rendered":"<p>El Sector del Entretenimiento Nocturno Considera Confusas las Directrices sobre Incendios en Establecimientos en Espa\u00f1a El \u00e1mbito del entretenimiento nocturno en Espa\u00f1a ha manifestado preocupaci\u00f3n por &#8230; <a title=\"\u00a1Alerta en Espa\u00f1a! Reglas ambiguas sobre incendios amenazan el ocio nocturno\" class=\"read-more\" href=\"https:\/\/www.diario21.tv\/noticias\/alerta-en-espana-reglas-ambiguas-sobre-incendios-amenazan-el-ocio-nocturno\/\" aria-label=\"Leer m\u00e1s sobre \u00a1Alerta en Espa\u00f1a! Reglas ambiguas sobre incendios amenazan el ocio nocturno\">Seguir leyendo &rarr;<\/a><\/p>\n","protected":false},"author":20,"featured_media":5791,"comment_status":"open","ping_status":"open","sticky":false,"template":"","format":"standard","meta":{"footnotes":""},"categories":[13],"tags":[],"class_list":["post-5790","post","type-post","status-publish","format-standard","has-post-thumbnail","hentry","category-portada"],"yoast_head":"<!-- This site is optimized with the Yoast SEO plugin v25.6 - https:\/\/yoast.com\/wordpress\/plugins\/seo\/ -->\n<title>\u00a1Alerta en Espa\u00f1a! Reglas ambiguas sobre incendios amenazan el ocio nocturno - Diario 21<\/title>\n<meta name=\"robots\" content=\"index, follow, max-snippet:-1, max-image-preview:large, max-video-preview:-1\" \/>\n<link rel=\"canonical\" href=\"https:\/\/www.diario21.tv\/noticias\/alerta-en-espana-reglas-ambiguas-sobre-incendios-amenazan-el-ocio-nocturno\/\" \/>\n<meta property=\"og:locale\" content=\"es_ES\" \/>\n<meta property=\"og:type\" content=\"article\" \/>\n<meta property=\"og:title\" content=\"\u00a1Alerta en Espa\u00f1a! Reglas ambiguas sobre incendios amenazan el ocio nocturno - Diario 21\" \/>\n<meta property=\"og:description\" content=\"El Sector del Entretenimiento Nocturno Considera Confusas las Directrices sobre Incendios en Establecimientos en Espa\u00f1a El \u00e1mbito del entretenimiento nocturno en Espa\u00f1a ha manifestado preocupaci\u00f3n por ... Seguir leyendo &rarr;\" \/>\n<meta property=\"og:url\" content=\"https:\/\/www.diario21.tv\/noticias\/alerta-en-espana-reglas-ambiguas-sobre-incendios-amenazan-el-ocio-nocturno\/\" \/>\n<meta property=\"og:site_name\" content=\"Diario 21\" \/>\n<meta property=\"article:published_time\" content=\"2026-01-06T18:07:40+00:00\" \/>\n<meta property=\"article:modified_time\" content=\"2026-01-06T18:07:41+00:00\" \/>\n<meta property=\"og:image\" content=\"https:\/\/www.diario21.tv\/noticias\/wp-content\/uploads\/2026\/01\/\u00a1Alerta-en-Espana-Reglas-ambiguas-sobre-incendios-amenazan-el-ocio.jpg\" \/>\n\t<meta property=\"og:image:width\" content=\"1200\" \/>\n\t<meta property=\"og:image:height\" content=\"840\" \/>\n\t<meta property=\"og:image:type\" content=\"image\/jpeg\" \/>\n<meta name=\"author\" content=\"Juan P\u00e9rez\" \/>\n<meta name=\"twitter:card\" content=\"summary_large_image\" \/>\n<meta name=\"twitter:label1\" content=\"Escrito por\" \/>\n\t<meta name=\"twitter:data1\" content=\"Juan P\u00e9rez\" \/>\n\t<meta name=\"twitter:label2\" content=\"Tiempo de lectura\" \/>\n\t<meta name=\"twitter:data2\" content=\"2 minutos\" \/>\n<script type=\"application\/ld+json\" class=\"yoast-schema-graph\">{\"@context\":\"https:\/\/schema.org\",\"@graph\":[{\"@type\":\"WebPage\",\"@id\":\"https:\/\/www.diario21.tv\/noticias\/alerta-en-espana-reglas-ambiguas-sobre-incendios-amenazan-el-ocio-nocturno\/\",\"url\":\"https:\/\/www.diario21.tv\/noticias\/alerta-en-espana-reglas-ambiguas-sobre-incendios-amenazan-el-ocio-nocturno\/\",\"name\":\"\u00a1Alerta en Espa\u00f1a! Reglas ambiguas sobre incendios amenazan el ocio nocturno - Diario 21\",\"isPartOf\":{\"@id\":\"https:\/\/www.diario21.tv\/noticias\/#website\"},\"primaryImageOfPage\":{\"@id\":\"https:\/\/www.diario21.tv\/noticias\/alerta-en-espana-reglas-ambiguas-sobre-incendios-amenazan-el-ocio-nocturno\/#primaryimage\"},\"image\":{\"@id\":\"https:\/\/www.diario21.tv\/noticias\/alerta-en-espana-reglas-ambiguas-sobre-incendios-amenazan-el-ocio-nocturno\/#primaryimage\"},\"thumbnailUrl\":\"https:\/\/www.diario21.tv\/noticias\/wp-content\/uploads\/2026\/01\/\u00a1Alerta-en-Espana-Reglas-ambiguas-sobre-incendios-amenazan-el-ocio.jpg\",\"datePublished\":\"2026-01-06T18:07:40+00:00\",\"dateModified\":\"2026-01-06T18:07:41+00:00\",\"author\":{\"@id\":\"https:\/\/www.diario21.tv\/noticias\/#\/schema\/person\/dfb778f73814d8f09f302618446a526b\"},\"breadcrumb\":{\"@id\":\"https:\/\/www.diario21.tv\/noticias\/alerta-en-espana-reglas-ambiguas-sobre-incendios-amenazan-el-ocio-nocturno\/#breadcrumb\"},\"inLanguage\":\"es-AR\",\"potentialAction\":[{\"@type\":\"ReadAction\",\"target\":[\"https:\/\/www.diario21.tv\/noticias\/alerta-en-espana-reglas-ambiguas-sobre-incendios-amenazan-el-ocio-nocturno\/\"]}]},{\"@type\":\"ImageObject\",\"inLanguage\":\"es-AR\",\"@id\":\"https:\/\/www.diario21.tv\/noticias\/alerta-en-espana-reglas-ambiguas-sobre-incendios-amenazan-el-ocio-nocturno\/#primaryimage\",\"url\":\"https:\/\/www.diario21.tv\/noticias\/wp-content\/uploads\/2026\/01\/\u00a1Alerta-en-Espana-Reglas-ambiguas-sobre-incendios-amenazan-el-ocio.jpg\",\"contentUrl\":\"https:\/\/www.diario21.tv\/noticias\/wp-content\/uploads\/2026\/01\/\u00a1Alerta-en-Espana-Reglas-ambiguas-sobre-incendios-amenazan-el-ocio.jpg\",\"width\":1200,\"height\":840,\"caption\":\"El ocio nocturno ve \u00abambiguas\u00bb las normas sobre incendios en locales en Espa\u00f1a\"},{\"@type\":\"BreadcrumbList\",\"@id\":\"https:\/\/www.diario21.tv\/noticias\/alerta-en-espana-reglas-ambiguas-sobre-incendios-amenazan-el-ocio-nocturno\/#breadcrumb\",\"itemListElement\":[{\"@type\":\"ListItem\",\"position\":1,\"name\":\"Accueil\",\"item\":\"https:\/\/www.diario21.tv\/noticias\/\"},{\"@type\":\"ListItem\",\"position\":2,\"name\":\"\u00a1Alerta en Espa\u00f1a! Reglas ambiguas sobre incendios amenazan el ocio nocturno\"}]},{\"@type\":\"WebSite\",\"@id\":\"https:\/\/www.diario21.tv\/noticias\/#website\",\"url\":\"https:\/\/www.diario21.tv\/noticias\/\",\"name\":\"Diario 21\",\"description\":\"\",\"potentialAction\":[{\"@type\":\"SearchAction\",\"target\":{\"@type\":\"EntryPoint\",\"urlTemplate\":\"https:\/\/www.diario21.tv\/noticias\/?s={search_term_string}\"},\"query-input\":{\"@type\":\"PropertyValueSpecification\",\"valueRequired\":true,\"valueName\":\"search_term_string\"}}],\"inLanguage\":\"es-AR\"},{\"@type\":\"Person\",\"@id\":\"https:\/\/www.diario21.tv\/noticias\/#\/schema\/person\/dfb778f73814d8f09f302618446a526b\",\"name\":\"Juan P\u00e9rez\",\"image\":{\"@type\":\"ImageObject\",\"inLanguage\":\"es-AR\",\"@id\":\"https:\/\/www.diario21.tv\/noticias\/#\/schema\/person\/image\/\",\"url\":\"https:\/\/secure.gravatar.com\/avatar\/c478a405bd10621167f4c3167cc770f5?s=96&d=mm&r=g\",\"contentUrl\":\"https:\/\/secure.gravatar.com\/avatar\/c478a405bd10621167f4c3167cc770f5?s=96&d=mm&r=g\",\"caption\":\"Juan P\u00e9rez\"},\"description\":\"Juan P\u00e9rez es el redactor en jefe de Diario 21. Con m\u00e1s de 10 a\u00f1os de experiencia en el periodismo, se especializa en pol\u00edtica nacional y an\u00e1lisis socioecon\u00f3mico. Su enfoque cr\u00edtico y riguroso aporta una perspectiva \u00fanica a cada art\u00edculo.\",\"sameAs\":[\"https:\/\/www.diario21.tv\/noticias\/\"],\"url\":\"https:\/\/www.diario21.tv\/noticias\/author\/juan-perez\/\"}]}<\/script>\n<!-- \/ Yoast SEO plugin. -->","yoast_head_json":{"title":"\u00a1Alerta en Espa\u00f1a! Reglas ambiguas sobre incendios amenazan el ocio nocturno - Diario 21","robots":{"index":"index","follow":"follow","max-snippet":"max-snippet:-1","max-image-preview":"max-image-preview:large","max-video-preview":"max-video-preview:-1"},"canonical":"https:\/\/www.diario21.tv\/noticias\/alerta-en-espana-reglas-ambiguas-sobre-incendios-amenazan-el-ocio-nocturno\/","og_locale":"es_ES","og_type":"article","og_title":"\u00a1Alerta en Espa\u00f1a! Reglas ambiguas sobre incendios amenazan el ocio nocturno - Diario 21","og_description":"El Sector del Entretenimiento Nocturno Considera Confusas las Directrices sobre Incendios en Establecimientos en Espa\u00f1a El \u00e1mbito del entretenimiento nocturno en Espa\u00f1a ha manifestado preocupaci\u00f3n por ... Seguir leyendo &rarr;","og_url":"https:\/\/www.diario21.tv\/noticias\/alerta-en-espana-reglas-ambiguas-sobre-incendios-amenazan-el-ocio-nocturno\/","og_site_name":"Diario 21","article_published_time":"2026-01-06T18:07:40+00:00","article_modified_time":"2026-01-06T18:07:41+00:00","og_image":[{"width":1200,"height":840,"url":"https:\/\/www.diario21.tv\/noticias\/wp-content\/uploads\/2026\/01\/\u00a1Alerta-en-Espana-Reglas-ambiguas-sobre-incendios-amenazan-el-ocio.jpg","type":"image\/jpeg"}],"author":"Juan P\u00e9rez","twitter_card":"summary_large_image","twitter_misc":{"Escrito por":"Juan P\u00e9rez","Tiempo de lectura":"2 minutos"},"schema":{"@context":"https:\/\/schema.org","@graph":[{"@type":"WebPage","@id":"https:\/\/www.diario21.tv\/noticias\/alerta-en-espana-reglas-ambiguas-sobre-incendios-amenazan-el-ocio-nocturno\/","url":"https:\/\/www.diario21.tv\/noticias\/alerta-en-espana-reglas-ambiguas-sobre-incendios-amenazan-el-ocio-nocturno\/","name":"\u00a1Alerta en Espa\u00f1a! Reglas ambiguas sobre incendios amenazan el ocio nocturno - Diario 21","isPartOf":{"@id":"https:\/\/www.diario21.tv\/noticias\/#website"},"primaryImageOfPage":{"@id":"https:\/\/www.diario21.tv\/noticias\/alerta-en-espana-reglas-ambiguas-sobre-incendios-amenazan-el-ocio-nocturno\/#primaryimage"},"image":{"@id":"https:\/\/www.diario21.tv\/noticias\/alerta-en-espana-reglas-ambiguas-sobre-incendios-amenazan-el-ocio-nocturno\/#primaryimage"},"thumbnailUrl":"https:\/\/www.diario21.tv\/noticias\/wp-content\/uploads\/2026\/01\/\u00a1Alerta-en-Espana-Reglas-ambiguas-sobre-incendios-amenazan-el-ocio.jpg","datePublished":"2026-01-06T18:07:40+00:00","dateModified":"2026-01-06T18:07:41+00:00","author":{"@id":"https:\/\/www.diario21.tv\/noticias\/#\/schema\/person\/dfb778f73814d8f09f302618446a526b"},"breadcrumb":{"@id":"https:\/\/www.diario21.tv\/noticias\/alerta-en-espana-reglas-ambiguas-sobre-incendios-amenazan-el-ocio-nocturno\/#breadcrumb"},"inLanguage":"es-AR","potentialAction":[{"@type":"ReadAction","target":["https:\/\/www.diario21.tv\/noticias\/alerta-en-espana-reglas-ambiguas-sobre-incendios-amenazan-el-ocio-nocturno\/"]}]},{"@type":"ImageObject","inLanguage":"es-AR","@id":"https:\/\/www.diario21.tv\/noticias\/alerta-en-espana-reglas-ambiguas-sobre-incendios-amenazan-el-ocio-nocturno\/#primaryimage","url":"https:\/\/www.diario21.tv\/noticias\/wp-content\/uploads\/2026\/01\/\u00a1Alerta-en-Espana-Reglas-ambiguas-sobre-incendios-amenazan-el-ocio.jpg","contentUrl":"https:\/\/www.diario21.tv\/noticias\/wp-content\/uploads\/2026\/01\/\u00a1Alerta-en-Espana-Reglas-ambiguas-sobre-incendios-amenazan-el-ocio.jpg","width":1200,"height":840,"caption":"El ocio nocturno ve \u00abambiguas\u00bb las normas sobre incendios en locales en Espa\u00f1a"},{"@type":"BreadcrumbList","@id":"https:\/\/www.diario21.tv\/noticias\/alerta-en-espana-reglas-ambiguas-sobre-incendios-amenazan-el-ocio-nocturno\/#breadcrumb","itemListElement":[{"@type":"ListItem","position":1,"name":"Accueil","item":"https:\/\/www.diario21.tv\/noticias\/"},{"@type":"ListItem","position":2,"name":"\u00a1Alerta en Espa\u00f1a! Reglas ambiguas sobre incendios amenazan el ocio nocturno"}]},{"@type":"WebSite","@id":"https:\/\/www.diario21.tv\/noticias\/#website","url":"https:\/\/www.diario21.tv\/noticias\/","name":"Diario 21","description":"","potentialAction":[{"@type":"SearchAction","target":{"@type":"EntryPoint","urlTemplate":"https:\/\/www.diario21.tv\/noticias\/?s={search_term_string}"},"query-input":{"@type":"PropertyValueSpecification","valueRequired":true,"valueName":"search_term_string"}}],"inLanguage":"es-AR"},{"@type":"Person","@id":"https:\/\/www.diario21.tv\/noticias\/#\/schema\/person\/dfb778f73814d8f09f302618446a526b","name":"Juan P\u00e9rez","image":{"@type":"ImageObject","inLanguage":"es-AR","@id":"https:\/\/www.diario21.tv\/noticias\/#\/schema\/person\/image\/","url":"https:\/\/secure.gravatar.com\/avatar\/c478a405bd10621167f4c3167cc770f5?s=96&d=mm&r=g","contentUrl":"https:\/\/secure.gravatar.com\/avatar\/c478a405bd10621167f4c3167cc770f5?s=96&d=mm&r=g","caption":"Juan P\u00e9rez"},"description":"Juan P\u00e9rez es el redactor en jefe de Diario 21. Con m\u00e1s de 10 a\u00f1os de experiencia en el periodismo, se especializa en pol\u00edtica nacional y an\u00e1lisis socioecon\u00f3mico. Su enfoque cr\u00edtico y riguroso aporta una perspectiva \u00fanica a cada art\u00edculo.","sameAs":["https:\/\/www.diario21.tv\/noticias\/"],"url":"https:\/\/www.diario21.tv\/noticias\/author\/juan-perez\/"}]}},"_links":{"self":[{"href":"https:\/\/www.diario21.tv\/noticias\/wp-json\/wp\/v2\/posts\/5790"}],"collection":[{"href":"https:\/\/www.diario21.tv\/noticias\/wp-json\/wp\/v2\/posts"}],"about":[{"href":"https:\/\/www.diario21.tv\/noticias\/wp-json\/wp\/v2\/types\/post"}],"author":[{"embeddable":true,"href":"https:\/\/www.diario21.tv\/noticias\/wp-json\/wp\/v2\/users\/20"}],"replies":[{"embeddable":true,"href":"https:\/\/www.diario21.tv\/noticias\/wp-json\/wp\/v2\/comments?post=5790"}],"version-history":[{"count":1,"href":"https:\/\/www.diario21.tv\/noticias\/wp-json\/wp\/v2\/posts\/5790\/revisions"}],"predecessor-version":[{"id":5792,"href":"https:\/\/www.diario21.tv\/noticias\/wp-json\/wp\/v2\/posts\/5790\/revisions\/5792"}],"wp:featuredmedia":[{"embeddable":true,"href":"https:\/\/www.diario21.tv\/noticias\/wp-json\/wp\/v2\/media\/5791"}],"wp:attachment":[{"href":"https:\/\/www.diario21.tv\/noticias\/wp-json\/wp\/v2\/media?parent=5790"}],"wp:term":[{"taxonomy":"category","embeddable":true,"href":"https:\/\/www.diario21.tv\/noticias\/wp-json\/wp\/v2\/categories?post=5790"},{"taxonomy":"post_tag","embeddable":true,"href":"https:\/\/www.diario21.tv\/noticias\/wp-json\/wp\/v2\/tags?post=5790"}],"curies":[{"name":"wp","href":"https:\/\/api.w.org\/{rel}","templated":true}]}}